{"id":22140,"date":"2026-05-01T07:38:58","date_gmt":"2026-05-01T04:38:58","guid":{"rendered":"https:\/\/rapid-interim.com\/index.php\/2026\/05\/01\/travailleur-detache-def\/"},"modified":"2026-05-01T07:38:58","modified_gmt":"2026-05-01T04:38:58","slug":"travailleur-detache-def","status":"publish","type":"post","link":"https:\/\/rapid-interim.com\/index.php\/2026\/05\/01\/travailleur-detache-def\/","title":{"rendered":"Travailleur d\u00e9tach\u00e9 def : d\u00e9finition, statut et fonctionnement"},"content":{"rendered":"<section>\n<h2>Sommaire<\/h2>\n<ul>\n<li> <a href=\"#travailleur-detache-definition-et-statut-juridique-en-france\" target=\"_self\">Travailleur d\u00e9tach\u00e9 : d\u00e9finition et statut juridique en France<\/a><\/li>\n<li> <a href=\"#conditions-de-travail-du-travailleur-detache-dans-l-union-europeenne\" target=\"_self\">Conditions de travail du travailleur d\u00e9tach\u00e9 dans l&rsquo;Union europ\u00e9enne<\/a><\/li>\n<li> <a href=\"#obligations-declaratives-et-detachement-en-pratique\" target=\"_self\">Obligations d\u00e9claratives et d\u00e9tachement en pratique<\/a><\/li>\n<li> <a href=\"#foire-aux-questions\" target=\"_self\">Foire aux questions<\/a><\/li>\n<\/ul>\n<\/section>\n<section>\n<p>Vous cherchez la d\u00e9finition du <strong>statut de <a href=\"https:\/\/rapid-interim.com\/index.php\/2024\/06\/20\/recruter-un-travailleur-detache\/\" data-internallinksmanager029f6b8e52c=\"35\" title=\"travailleur d\u00e9tach\u00e9\">travailleur d\u00e9tach\u00e9<\/a><\/strong> ? Ce texte d\u00e9taille son cadre juridique et son fonctionnement en Europe. Il aborde vos droits, vos obligations et les conditions principales pour appr\u00e9hender ce sujet.<\/p>\n<h2 id=\"travailleur-detache-definition-et-statut-juridique-en-france\">Travailleur d\u00e9tach\u00e9 : d\u00e9finition et statut juridique en France<\/h2>\n<p>Un <strong><a href=\"https:\/\/rapid-interim.com\/index.php\/2024\/06\/20\/recruter-un-travailleur-detache\/\" data-internallinksmanager029f6b8e52c=\"35\" title=\"travailleur d\u00e9tach\u00e9\">travailleur d\u00e9tach\u00e9<\/a><\/strong> est un salari\u00e9 envoy\u00e9 temporairement par son <strong>employeur<\/strong>, \u00e9tabli \u00e0 l\u2019\u00e9tranger, pour effectuer une mission sp\u00e9cifique dans un autre \u00e9tat membre de l&rsquo;union europ\u00e9enne. Il conserve son <strong>contrat de travail<\/strong> d\u2019origine et suit les consignes de l\u2019entreprise du <strong>pays d&rsquo;accueil<\/strong>.<\/p>\n<p><img fetchpriority=\"high\" decoding=\"async\" alt=\"Travailleur sur chantier portant gilet orange et casque blanc, visi\u00adblement en mission, tenant un carnet et un badge d\u2019identification. travailleur d\u00e9tach\u00e9 def int\u00e9gr\u00e9 naturellement.\" src=\"https:\/\/panel.sedestral.com\/community\/files\/74f25acc17ba4d93bba0cf3935ed5fbc.webp\" width=\"600\" height=\"400\" style=\"display: block; float: unset; margin: auto;\"><\/p>\n<h3>Qu&rsquo;est-ce que le statut d&rsquo;un travailleur d\u00e9tach\u00e9 en France ?<\/h3>\n<p>Le <strong>statut d&rsquo;un <a href=\"https:\/\/rapid-interim.com\/index.php\/2024\/06\/20\/recruter-un-travailleur-detache\/\" data-internallinksmanager029f6b8e52c=\"35\" title=\"travailleur d\u00e9tach\u00e9\">travailleur d\u00e9tach\u00e9<\/a> en France<\/strong> repose sur une relation tripartite. L&#8217;employeur d&rsquo;origine conserve le contrat et verse directement la <strong>r\u00e9mun\u00e9ration<\/strong>. La <strong>l\u00e9gislation<\/strong> d\u00e9finit ce <a href=\"https:\/\/www.legifrance.gouv.fr\/codes\/section_lc\/LEGITEXT000006072050\/LEGISCTA000006160713\/\" title=\"Salari\u00e9 d\u00e9tach\u00e9 : d\u00e9finition l\u00e9gale France\">salari\u00e9 d\u00e9tach\u00e9<\/a> comme un professionnel travaillant hors de son pays habituel.<\/p>\n<p>Contrairement \u00e0 un expatri\u00e9, le salari\u00e9 envoy\u00e9 temporairement reste en moyenne trois mois sur place. En 2017, l&rsquo;Europe comptait pr\u00e8s de 2,8 millions de ces profils, un chiffre illustrant l\u2019importance croissante de cette forme d\u2019emploi.<\/p>\n<h3>Quelle r\u00e9glementation encadre le travailleur d\u00e9tach\u00e9 ?<\/h3>\n<p>La <strong>r\u00e9glementation<\/strong> s\u2019appuie sur plusieurs directives europ\u00e9ennes. Le Code du travail fran\u00e7ais les int\u00e8gre pour tout <strong>salari\u00e9 envoy\u00e9<\/strong> sur le territoire. Ce cadre prot\u00e8ge chaque <a href=\"https:\/\/rapid-interim.com\/index.php\/2024\/06\/20\/recruter-un-travailleur-detache\/\" data-internallinksmanager029f6b8e52c=\"35\" title=\"travailleur d\u00e9tach\u00e9\">travailleur d\u00e9tach\u00e9<\/a> en France, quelle que soit sa nationalit\u00e9.<\/p>\n<p>La <a href=\"https:\/\/rapid-interim.com\/index.php\/2025\/02\/24\/reglementation-europeenne-et-detachement-des-travailleurs-roumains\/\" title=\"R\u00e9glementation europ\u00e9enne d\u00e9tachement travailleurs\">d\u00e9finition<\/a> inclut \u00e9galement un r\u00e8glement sp\u00e9cifique sur l\u2019affiliation \u00e0 la <strong>s\u00e9curit\u00e9 sociale<\/strong>. Ce syst\u00e8me facilite la libre circulation des salari\u00e9s en Europe. Ces lois garantissent constamment les droits fondamentaux des travailleurs.<\/p>\n<h3>Travailleur d\u00e9tach\u00e9 ou expatri\u00e9 : quelles diff\u00e9rences ?<\/h3>\n<p>Le <a href=\"https:\/\/rapid-interim.com\/index.php\/2026\/04\/22\/travailleur-detache-roumain-cadre-legal\/\" title=\"Travailleur d\u00e9tach\u00e9 roumain cadre l\u00e9gal\">travailleur d\u00e9tach\u00e9<\/a> et l\u2019expatri\u00e9 rel\u00e8vent de cadres juridiques distincts. La <strong>dur\u00e9e limit\u00e9e<\/strong> est un crit\u00e8re d\u00e9terminant. L\u2019expatri\u00e9 d\u00e9pend g\u00e9n\u00e9ralement du r\u00e9gime social de son pays d\u2019accueil.<\/p>\n<ul>\n<li> <strong>Dur\u00e9e limit\u00e9e<\/strong> : le <strong>d\u00e9tachement<\/strong> est temporaire, tandis que l\u2019expatriation s\u2019inscrit dans la dur\u00e9e.<\/li>\n<li> <strong>Contrat<\/strong> : le salari\u00e9 conserve son contrat avec son employeur d\u2019origine.<\/li>\n<li> <strong>Protection<\/strong> : le <strong>salari\u00e9 d\u00e9tach\u00e9<\/strong> garde sa couverture m\u00e9dicale d\u2019origine.<\/li>\n<li> <strong>Retour<\/strong> : le salari\u00e9 pr\u00e9voit son retour \u00e0 l\u2019issue de sa mission.<\/li>\n<\/ul>\n<p>Notre agence accompagne les structures fran\u00e7aises dans l\u2019int\u00e9gration de profils roumains qualifi\u00e9s. Nous veillons au strict respect de la r\u00e9glementation et traitons chaque \u00e9tape administrative selon les exigences l\u00e9gales, pour assurer le bon d\u00e9roulement des missions.<\/p>\n<\/section>\n<section>\n<h2 id=\"conditions-de-travail-du-travailleur-detache-dans-l-union-europeenne\">Conditions de travail du travailleur d\u00e9tach\u00e9 dans l&rsquo;Union europ\u00e9enne<\/h2>\n<p>Tout <strong><a href=\"https:\/\/rapid-interim.com\/index.php\/2024\/06\/20\/recruter-un-travailleur-detache\/\" data-internallinksmanager029f6b8e52c=\"35\" title=\"travailleur d\u00e9tach\u00e9\">travailleur d\u00e9tach\u00e9<\/a><\/strong> dans l&rsquo;Union europ\u00e9enne b\u00e9n\u00e9ficie d&rsquo;une protection juridique stricte. Ces <strong><a href=\"https:\/\/rapid-interim.com\/index.php\/2025\/01\/22\/les-conditions-de-travail-des-interimaires-roumains-dans-le-secteur-de-la-logistique\/\" data-internallinksmanager029f6b8e52c=\"46\" title=\"conditions de travail\">conditions de travail<\/a><\/strong> garantissent une \u00e9galit\u00e9 de traitement indispensable, peu importe son <strong>\u00e9tat membre de l&rsquo;union europ\u00e9enne<\/strong> d&rsquo;origine&nbsp;: salaire minimum, cong\u00e9s pay\u00e9s et r\u00e8gles de s\u00e9curit\u00e9 s&rsquo;appliquent.<\/p>\n<p><img decoding=\"async\" alt=\"Travailleur d\u00e9tach\u00e9 def : un salari\u00e9 en veste r\u00e9fl\u00e9chissante assis dans un dortoir de chantier, regardant son t\u00e9l\u00e9phone entre des lits superpos\u00e9s.\" src=\"https:\/\/panel.sedestral.com\/community\/files\/fa4236dcf5d145cfaf78caae008235ac.webp\" width=\"600\" height=\"403\" style=\"display: block; float: unset; margin: auto;\"><\/p>\n<h3>Le noyau dur des droits garantis au d\u00e9tachement en Europe<\/h3>\n<p>D\u00e8s le premier jour, le <strong>d\u00e9tachement<\/strong> garantit un socle de droits fondamentaux. On y trouve la <strong>r\u00e9mun\u00e9ration<\/strong> minimale, le temps de repos et l&rsquo;acc\u00e8s aux soins. Ces r\u00e8gles pr\u00e9valent imm\u00e9diatement, sans exiger d&rsquo;anciennet\u00e9.<\/p>\n<ul>\n<li> <strong>R\u00e9mun\u00e9ration minimale<\/strong>&nbsp;: le <strong>salari\u00e9 d\u00e9tach\u00e9<\/strong> per\u00e7oit au moins le <strong>salaire<\/strong> minimal en vigueur dans le <strong>pays d&rsquo;accueil<\/strong>, sans exception.<\/li>\n<li> <strong>Temps de travail<\/strong>&nbsp;: la <strong>l\u00e9gislation<\/strong> locale sur les horaires et les repos s&rsquo;applique d\u00e8s l&rsquo;arriv\u00e9e.<\/li>\n<li> <strong>Cong\u00e9s pay\u00e9s<\/strong>&nbsp;: le droit aux cong\u00e9s annuels est accord\u00e9 selon les r\u00e8gles en vigueur localement.<\/li>\n<li> <strong>Protection sociale<\/strong>&nbsp;: cette base couvre l&rsquo;assurance maladie, les accidents du travail et interdit toute discrimination.<\/li>\n<\/ul>\n<p>Le r\u00e8glement europ\u00e9en a nettement renforc\u00e9 ces protections. D\u00e9sormais, l&rsquo;<strong>employeur<\/strong> doit verser la <strong>r\u00e9mun\u00e9ration<\/strong> de base ainsi que les primes locales, afin d&rsquo;assurer une \u00e9galit\u00e9 de traitement pour un m\u00eame travail r\u00e9alis\u00e9 sur place.<\/p>\n<h3>R\u00e9mun\u00e9ration et avantages sociaux selon la dur\u00e9e du d\u00e9tachement<\/h3>\n<p>Si la dur\u00e9e du d\u00e9tachement exc\u00e8de douze mois, les <strong>conditions <a href=\"https:\/\/rapid-interim.com\/index.php\/2025\/02\/20\/travail-detache-en-france-impact-sur-leconomie-locale\/\" data-internallinksmanager029f6b8e52c=\"25\" title=\"Travail d\u00e9tach\u00e9\">travail d\u00e9tach\u00e9<\/a> europe<\/strong> changent significativement. Pour une mission courte, seuls les droits fondamentaux s&rsquo;appliquent. Au-del\u00e0 d&rsquo;un an, presque toutes les r\u00e8gles locales entrent en vigueur pour garantir des <strong>conditions<\/strong> d&#8217;emploi compl\u00e8tes.<\/p>\n<p>La question du <a href=\"https:\/\/rapid-interim.com\/index.php\/2024\/06\/20\/recruter-un-travailleur-detache\/\" data-internallinksmanager029f6b8e52c=\"35\" title=\"travailleur d\u00e9tach\u00e9\">travailleur d\u00e9tach\u00e9<\/a> salaire ob\u00e9it toujours au principe du traitement le plus favorable. Le <strong>salari\u00e9 d\u00e9tach\u00e9<\/strong> conserve la meilleure offre entre son <strong>contrat<\/strong> initial et les normes du <strong>pays d&rsquo;accueil<\/strong>. Les majorations pour heures suppl\u00e9mentaires sont elles aussi strictement encadr\u00e9es par le droit europ\u00e9en.<\/p>\n<table style=\"margin:15px 0;width:100%;border-collapse:collapse;border:1px solid;\">\n<tr>\n<td style=\"padding:10px;border-bottom:1px solid;border-right:1px solid;\">Dur\u00e9e du d\u00e9tachement<\/td>\n<td style=\"padding:10px;border-bottom:1px solid;border-right:1px solid;\">Droits applicables<\/td>\n<td style=\"padding:10px;border-bottom:1px solid;border-right:1px solid;\">R\u00e9mun\u00e9ration<\/td>\n<td style=\"padding:10px;border-bottom:1px solid;\">S\u00e9curit\u00e9 sociale<\/td>\n<\/tr>\n<tr>\n<td style=\"padding:10px;border-bottom:1px solid;border-right:1px solid;\">Jusqu&rsquo;\u00e0 12 mois<\/td>\n<td style=\"padding:10px;border-bottom:1px solid;border-right:1px solid;\">Noyau dur : salaire, temps de travail, cong\u00e9s, sant\u00e9-s\u00e9curit\u00e9<\/td>\n<td style=\"padding:10px;border-bottom:1px solid;border-right:1px solid;\">Salaire minimum + majorations heures supp.<\/td>\n<td style=\"padding:10px;border-bottom:1px solid;\">R\u00e9gime du pays d&rsquo;origine (certificat A1)<\/td>\n<\/tr>\n<tr>\n<td style=\"padding:10px;border-bottom:1px solid;border-right:1px solid;\">12 \u00e0 24 mois<\/td>\n<td style=\"padding:10px;border-bottom:1px solid;border-right:1px solid;\">Tous les droits du pays d&rsquo;accueil sauf proc\u00e9dures contrat<\/td>\n<td style=\"padding:10px;border-bottom:1px solid;border-right:1px solid;\">Salaire + primes + bonus + avantages locaux<\/td>\n<td style=\"padding:10px;border-bottom:1px solid;\">R\u00e9gime du pays d&rsquo;origine jusqu&rsquo;\u00e0 24 mois<\/td>\n<\/tr>\n<tr>\n<td style=\"padding:10px;border-right:1px solid;\">Au-del\u00e0 de 24 mois<\/td>\n<td style=\"padding:10px;border-right:1px solid;\">Statut de salari\u00e9 permanent fran\u00e7ais<\/td>\n<td style=\"padding:10px;border-right:1px solid;\">Conditions identiques aux salari\u00e9s locaux<\/td>\n<td style=\"padding:10px;\">Affiliation obligatoire s\u00e9curit\u00e9 sociale fran\u00e7aise<\/td>\n<\/tr>\n<\/table>\n<p>Par exemple, un salari\u00e9 en France per\u00e7oit le SMIC d\u00e8s son arriv\u00e9e. Ce montant inclut d\u00e9j\u00e0 les indemnit\u00e9s l\u00e9gales li\u00e9es au <a href=\"https:\/\/rapid-interim.com\/index.php\/2025\/02\/20\/travail-detache-en-france-impact-sur-leconomie-locale\/\" data-internallinksmanager029f6b8e52c=\"25\" title=\"Travail d\u00e9tach\u00e9\">travail d\u00e9tach\u00e9<\/a>. Apr\u00e8s douze mois, il obtient \u00e9galement droit aux primes habituelles des \u00e9quipes locales.<\/p>\n<h3>S\u00e9curit\u00e9 sociale et limite des 24 mois de d\u00e9tachement<\/h3>\n<p>La <strong>protection sociale<\/strong> est r\u00e9gie par un <strong>r\u00e8glement<\/strong> europ\u00e9en tr\u00e8s pr\u00e9cis. L&#8217;employ\u00e9 cotise dans son pays d&rsquo;origine, ce qui \u00e9vite toute double affiliation. Le formulaire A1, qui atteste de cette couverture, devient alors un document crucial en cas de contr\u00f4le.<\/p>\n<p>Une limite absolue intervient apr\u00e8s vingt-quatre mois de pr\u00e9sence. Le <a href=\"https:\/\/rapid-interim.com\/index.php\/2024\/06\/20\/recruter-un-travailleur-detache\/\" data-internallinksmanager029f6b8e52c=\"35\" title=\"travailleur d\u00e9tach\u00e9\">travailleur d\u00e9tach\u00e9<\/a> obtient alors un <strong>statut<\/strong> de salari\u00e9 permanent et bascule dans le r\u00e9gime de <strong>s\u00e9curit\u00e9 sociale<\/strong> de l&rsquo;\u00c9tat d&rsquo;accueil. Cette transition automatique place l&rsquo;int\u00e9gralit\u00e9 de la relation de travail sous l&rsquo;\u00e9gide du <strong>droit du travail<\/strong> national.<\/p>\n<\/section>\n<section>\n<h2 id=\"obligations-declaratives-et-detachement-en-pratique\">Obligations d\u00e9claratives et d\u00e9tachement en pratique<\/h2>\n<p>Avant d&rsquo;entamer la moindre mission, l&#8217;employeur \u00e9tabli \u00e0 l&rsquo;\u00e9tranger doit se plier \u00e0 des <strong>formalit\u00e9s administratives strictes<\/strong>. Il est n\u00e9cessaire de soumettre une d\u00e9claration SIPSI et de d\u00e9signer un repr\u00e9sentant sur le territoire fran\u00e7ais. Une bonne anticipation de ces d\u00e9marches garantit la l\u00e9galit\u00e9 du d\u00e9tachement et vous prot\u00e8ge d&rsquo;importantes p\u00e9nalit\u00e9s financi\u00e8res.<\/p>\n<p><img decoding=\"async\" alt=\"Agent administratif au travail sur ordinateur dans un bureau, saisissant des donn\u00e9es li\u00e9es au travailleur d\u00e9tach\u00e9 def.\" src=\"https:\/\/panel.sedestral.com\/community\/files\/2e0d2a6333914128af2c0d207c2d8fcf.webp\" width=\"600\" height=\"403\" style=\"display: block; float: unset; margin: auto;\"><\/p>\n<h3>La d\u00e9claration SIPSI et les documents obligatoires du d\u00e9tachement<\/h3>\n<p>Le statut du <a href=\"https:\/\/rapid-interim.com\/index.php\/2024\/06\/20\/recruter-un-travailleur-detache\/\" data-internallinksmanager029f6b8e52c=\"35\" title=\"travailleur d\u00e9tach\u00e9\">travailleur d\u00e9tach\u00e9<\/a> impose une d\u00e9claration pr\u00e9alable sur la plateforme SIPSI, avant le d\u00e9but de son activit\u00e9. Cette <a href=\"https:\/\/rapid-interim.com\/index.php\/2026\/04\/27\/comment-declarer-un-salarie-detache-en-france\/\" title=\"D\u00e9claration salari\u00e9 d\u00e9tach\u00e9 SIPSI\">d\u00e9claration salari\u00e9 d\u00e9tach\u00e9<\/a> pr\u00e9cise notamment son identit\u00e9, la nature de sa mission, la dur\u00e9e du contrat et le montant exact de sa r\u00e9mun\u00e9ration. Ces conditions imposent \u00e9galement de nommer un r\u00e9f\u00e9rent en France, capable de pr\u00e9senter les justificatifs en cas de contr\u00f4le.<\/p>\n<ul>\n<li> <strong>Contrat traduit en fran\u00e7ais<\/strong> : une traduction du contrat de travail original doit \u00eatre conserv\u00e9e.<\/li>\n<li> <strong>Certificat A1<\/strong> : ce document atteste de l&rsquo;affiliation du salari\u00e9 d\u00e9tach\u00e9 au syst\u00e8me de s\u00e9curit\u00e9 sociale de son pays d&rsquo;origine.<\/li>\n<li> <strong>Identit\u00e9 et SIRET<\/strong> : les coordonn\u00e9es compl\u00e8tes du <a href=\"https:\/\/rapid-interim.com\/index.php\/2024\/06\/20\/recruter-un-travailleur-detache\/\" data-internallinksmanager029f6b8e52c=\"35\" title=\"travailleur d\u00e9tach\u00e9\">travailleur d\u00e9tach\u00e9<\/a> et celles de l&rsquo;entreprise employeur sont indispensables.<\/li>\n<\/ul>\n<p>Tous les justificatifs relatifs au d\u00e9tachement de travailleurs doivent \u00eatre conserv\u00e9s <strong>pendant trois ann\u00e9es compl\u00e8tes<\/strong> apr\u00e8s l&rsquo;intervention. Pour le secteur du b\u00e2timent, l&rsquo;obtention d&rsquo;une carte d&rsquo;identification professionnelle est obligatoire. L&#8217;employeur doit aussi s&rsquo;affilier aux caisses de cong\u00e9s pay\u00e9s pour \u00eatre en r\u00e8gle.<\/p>\n<p>Rapid-Interim prend en charge l&rsquo;ensemble des d\u00e9marches pour accueillir vos professionnels roumains sur le territoire. Nous nous occupons de la d\u00e9claration SIPSI, de l&rsquo;obtention du certificat A1 et de l&rsquo;application de la r\u00e9glementation. Toutes vos obligations administratives sont ainsi remplies sereinement, sans risque juridique.<\/p>\n<h3>Sanctions encourues en cas de non-conformit\u00e9 au d\u00e9tachement<\/h3>\n<p>Ne pas respecter les obligations d\u00e9claratives expose l&#8217;employeur \u00e0 <strong>des amendes de plusieurs milliers d&rsquo;euros<\/strong>. Une suspension imm\u00e9diate des activit\u00e9s en France peut \u00e9galement \u00eatre ordonn\u00e9e par les autorit\u00e9s. En cas de litige, l&#8217;employeur doit r\u00e9gulariser la situation et payer le salaire r\u00e9ellement d\u00fb au <a href=\"https:\/\/rapid-interim.com\/index.php\/2024\/06\/20\/recruter-un-travailleur-detache\/\" data-internallinksmanager029f6b8e52c=\"35\" title=\"travailleur d\u00e9tach\u00e9\">travailleur d\u00e9tach\u00e9<\/a>.<\/p>\n<p>Un montage fictif visant \u00e0 contourner les r\u00e8gles du droit du travail constitue une <strong>infraction p\u00e9nale grave<\/strong>. Les structures \u00e9cran dissimulent souvent une activit\u00e9 permanente ill\u00e9gale. D\u00e9sormais, les services administratifs des \u00c9tats membres collaborent activement pour identifier et \u00e9liminer ces pratiques frauduleuses.<\/p>\n<\/section>\n<section itemscope itemtype=\"https:\/\/schema.org\/FAQPage\">\n<h2 id=\"foire-aux-questions\">Foire aux questions<\/h2>\n<div itemscope itemprop=\"mainEntity\" itemtype=\"https:\/\/schema.org\/Question\">\n<h3 itemprop=\"name\">Qu&rsquo;est-ce qu&rsquo;un travailleur d\u00e9tach\u00e9 exactement ?<\/h3>\n<div itemscope itemprop=\"acceptedAnswer\" itemtype=\"https:\/\/schema.org\/Answer\">\n<div itemprop=\"text\">\n<p>On parle de <a href=\"https:\/\/rapid-interim.com\/index.php\/2024\/06\/20\/recruter-un-travailleur-detache\/\" data-internallinksmanager029f6b8e52c=\"35\" title=\"travailleur d\u00e9tach\u00e9\">travailleur d\u00e9tach\u00e9<\/a> lorsqu\u2019un salari\u00e9 est envoy\u00e9 temporairement par son <strong>employeur<\/strong>, bas\u00e9 \u00e0 l\u2019\u00e9tranger, pour effectuer une mission sp\u00e9cifique dans un autre <strong>\u00e9tat membre de l&rsquo;union europ\u00e9enne<\/strong>.<\/p>\n<p>Il conserve son contrat de travail et sa <strong>s\u00e9curit\u00e9 sociale<\/strong> d\u2019origine pour une <strong>dur\u00e9e limit\u00e9e<\/strong>, qui ne peut g\u00e9n\u00e9ralement pas exc\u00e9der 24 mois.<\/p>\n<p>Ce salari\u00e9 d\u00e9tach\u00e9 b\u00e9n\u00e9ficie \u00e9galement des droits essentiels du <strong>pays d&rsquo;accueil<\/strong>, notamment le respect du <strong>salaime minimum<\/strong> et l\u2019acc\u00e8s aux cong\u00e9s pay\u00e9s.<\/p>\n<\/p><\/div><\/div><\/div>\n<div itemscope itemprop=\"mainEntity\" itemtype=\"https:\/\/schema.org\/Question\">\n<h3 itemprop=\"name\">Quels sont les droits garantis \u00e0 un travailleur d\u00e9tach\u00e9 en France ?<\/h3>\n<div itemscope itemprop=\"acceptedAnswer\" itemtype=\"https:\/\/schema.org\/Answer\">\n<div itemprop=\"text\">\n<p>D\u00e8s son arriv\u00e9e, un <a href=\"https:\/\/rapid-interim.com\/index.php\/2024\/06\/20\/recruter-un-travailleur-detache\/\" data-internallinksmanager029f6b8e52c=\"35\" title=\"travailleur d\u00e9tach\u00e9\">travailleur d\u00e9tach\u00e9<\/a> en France b\u00e9n\u00e9ficie de droits renforc\u00e9s. Apr\u00e8s douze mois de <strong>d\u00e9tachement<\/strong>, ses avantages salariaux, primes ou indemnit\u00e9s, doivent \u00eatre align\u00e9s sur ceux pratiqu\u00e9s localement.<\/p>\n<p>La <strong>loi applicable<\/strong> garantit aussi que le salari\u00e9 d\u00e9tach\u00e9 re\u00e7oit la meilleure r\u00e9mun\u00e9ration possible. Une comparaison pr\u00e9cise est r\u00e9alis\u00e9e entre son <strong>contrat<\/strong> initial et la l\u00e9gislation fran\u00e7aise.<\/p>\n<p>Aucune clause d\u00e9favorable ne peut r\u00e9duire son <strong>salaire<\/strong>. Enfin, il garde sa couverture sociale \u00e9trang\u00e8re avant une \u00e9ventuelle int\u00e9gration dans le syst\u00e8me fran\u00e7ais.<\/p>\n<\/p><\/div><\/div><\/div>\n<div itemscope itemprop=\"mainEntity\" itemtype=\"https:\/\/schema.org\/Question\">\n<h3 itemprop=\"name\">Quelles sont les cons\u00e9quences d&rsquo;un non-respect des r\u00e8gles de d\u00e9tachement ?<\/h3>\n<div itemscope itemprop=\"acceptedAnswer\" itemtype=\"https:\/\/schema.org\/Answer\">\n<div itemprop=\"text\">\n<p>Ne pas respecter ces r\u00e8gles expose l\u2019entreprise \u00e0 des amendes importantes. Une fraude peut par exemple dissimuler un emploi permanent qui n\u2019est pas exerc\u00e9 <strong>temporairement<\/strong>.<\/p>\n<p>Ce faux statut constitue une infraction p\u00e9nale et peut entra\u00eener de lourds redressements. Les autorit\u00e9s v\u00e9rifient rigoureusement chaque d\u00e9claration l\u00e9gale.<\/p>\n<p>Une proc\u00e9dure incompl\u00e8te ou manquante retire imm\u00e9diatement toute protection juridique \u00e0 l\u2019entreprise. Les clients peuvent \u00e9galement \u00eatre tenus responsables des salaires impay\u00e9s du <strong>salari\u00e9 envoy\u00e9<\/strong>.<\/p>\n<\/p><\/div><\/div><\/div>\n<\/section>\n","protected":false},"excerpt":{"rendered":"<p>Qu&rsquo;est-ce qu&rsquo;un travailleur d\u00e9tach\u00e9 ? D\u00e9finition compl\u00e8te : un salari\u00e9 envoy\u00e9 temporairement par son employeur dans un autre \u00c9tat pour y r\u00e9aliser une mission.<\/p>\n","protected":false},"author":1,"featured_media":0,"comment_status":"open","ping_status":"open","sticky":false,"template":"","format":"standard","meta":{"_crdt_document":"","_jetpack_memberships_contains_paid_content":false,"footnotes":""},"categories":[157],"tags":[],"class_list":["post-22140","post","type-post","status-publish","format-standard","hentry","category-emploi"],"yoast_head":"<!-- This site is optimized with the Yoast SEO plugin v27.5 - https:\/\/yoast.com\/product\/yoast-seo-wordpress\/ -->\n<title>Travailleur d\u00e9tach\u00e9 def : d\u00e9finition, statut et fonctionnement<\/title>\n<meta name=\"description\" content=\"Qu&#039;est-ce qu&#039;un travailleur d\u00e9tach\u00e9 ? D\u00e9finition compl\u00e8te : un salari\u00e9 envoy\u00e9 temporairement par son employeur dans un autre \u00c9tat pour y r\u00e9aliser une mission.\" \/>\n<meta name=\"robots\" content=\"index, follow, max-snippet:-1, max-image-preview:large, max-video-preview:-1\" \/>\n<link rel=\"canonical\" href=\"https:\/\/rapid-interim.com\/index.php\/2026\/05\/01\/travailleur-detache-def\/\" \/>\n<meta property=\"og:locale\" content=\"fr_FR\" \/>\n<meta property=\"og:type\" content=\"article\" \/>\n<meta property=\"og:title\" content=\"Travailleur d\u00e9tach\u00e9 def : d\u00e9finition, statut et fonctionnement\" \/>\n<meta property=\"og:description\" content=\"Qu&#039;est-ce qu&#039;un travailleur d\u00e9tach\u00e9 ? D\u00e9finition compl\u00e8te : un salari\u00e9 envoy\u00e9 temporairement par son employeur dans un autre \u00c9tat pour y r\u00e9aliser une mission.\" \/>\n<meta property=\"og:url\" content=\"https:\/\/rapid-interim.com\/index.php\/2026\/05\/01\/travailleur-detache-def\/\" \/>\n<meta property=\"og:site_name\" content=\"rapid-interim\" \/>\n<meta property=\"article:published_time\" content=\"2026-05-01T04:38:58+00:00\" \/>\n<meta property=\"og:image\" content=\"https:\/\/panel.sedestral.com\/community\/files\/74f25acc17ba4d93bba0cf3935ed5fbc.webp\" \/>\n<meta name=\"author\" content=\"Marie Dubois\" \/>\n<meta name=\"twitter:card\" content=\"summary_large_image\" \/>\n<meta name=\"twitter:label1\" content=\"\u00c9crit par\" \/>\n\t<meta name=\"twitter:data1\" content=\"Marie Dubois\" \/>\n\t<meta name=\"twitter:label2\" content=\"Dur\u00e9e de lecture estim\u00e9e\" \/>\n\t<meta name=\"twitter:data2\" content=\"9 minutes\" \/>\n<script type=\"application\/ld+json\" class=\"yoast-schema-graph\">{\"@context\":\"https:\\\/\\\/schema.org\",\"@graph\":[{\"@type\":\"Article\",\"@id\":\"https:\\\/\\\/rapid-interim.com\\\/index.php\\\/2026\\\/05\\\/01\\\/travailleur-detache-def\\\/#article\",\"isPartOf\":{\"@id\":\"https:\\\/\\\/rapid-interim.com\\\/index.php\\\/2026\\\/05\\\/01\\\/travailleur-detache-def\\\/\"},\"author\":{\"name\":\"Marie Dubois\",\"@id\":\"https:\\\/\\\/rapid-interim.com\\\/#\\\/schema\\\/person\\\/c80cf67768e43267c59b9c4095fac056\"},\"headline\":\"Travailleur d\u00e9tach\u00e9 def : d\u00e9finition, statut et fonctionnement\",\"datePublished\":\"2026-05-01T04:38:58+00:00\",\"mainEntityOfPage\":{\"@id\":\"https:\\\/\\\/rapid-interim.com\\\/index.php\\\/2026\\\/05\\\/01\\\/travailleur-detache-def\\\/\"},\"wordCount\":1831,\"commentCount\":0,\"publisher\":{\"@id\":\"https:\\\/\\\/rapid-interim.com\\\/#organization\"},\"image\":{\"@id\":\"https:\\\/\\\/rapid-interim.com\\\/index.php\\\/2026\\\/05\\\/01\\\/travailleur-detache-def\\\/#primaryimage\"},\"thumbnailUrl\":\"https:\\\/\\\/panel.sedestral.com\\\/community\\\/files\\\/74f25acc17ba4d93bba0cf3935ed5fbc.webp\",\"articleSection\":[\"Emploi\"],\"inLanguage\":\"fr-FR\",\"potentialAction\":[{\"@type\":\"CommentAction\",\"name\":\"Comment\",\"target\":[\"https:\\\/\\\/rapid-interim.com\\\/index.php\\\/2026\\\/05\\\/01\\\/travailleur-detache-def\\\/#respond\"]}]},{\"@type\":\"WebPage\",\"@id\":\"https:\\\/\\\/rapid-interim.com\\\/index.php\\\/2026\\\/05\\\/01\\\/travailleur-detache-def\\\/\",\"url\":\"https:\\\/\\\/rapid-interim.com\\\/index.php\\\/2026\\\/05\\\/01\\\/travailleur-detache-def\\\/\",\"name\":\"Travailleur d\u00e9tach\u00e9 def : d\u00e9finition, statut et fonctionnement\",\"isPartOf\":{\"@id\":\"https:\\\/\\\/rapid-interim.com\\\/#website\"},\"primaryImageOfPage\":{\"@id\":\"https:\\\/\\\/rapid-interim.com\\\/index.php\\\/2026\\\/05\\\/01\\\/travailleur-detache-def\\\/#primaryimage\"},\"image\":{\"@id\":\"https:\\\/\\\/rapid-interim.com\\\/index.php\\\/2026\\\/05\\\/01\\\/travailleur-detache-def\\\/#primaryimage\"},\"thumbnailUrl\":\"https:\\\/\\\/panel.sedestral.com\\\/community\\\/files\\\/74f25acc17ba4d93bba0cf3935ed5fbc.webp\",\"datePublished\":\"2026-05-01T04:38:58+00:00\",\"description\":\"Qu'est-ce qu'un travailleur d\u00e9tach\u00e9 ? D\u00e9finition compl\u00e8te : un salari\u00e9 envoy\u00e9 temporairement par son employeur dans un autre \u00c9tat pour y r\u00e9aliser une mission.\",\"breadcrumb\":{\"@id\":\"https:\\\/\\\/rapid-interim.com\\\/index.php\\\/2026\\\/05\\\/01\\\/travailleur-detache-def\\\/#breadcrumb\"},\"inLanguage\":\"fr-FR\",\"potentialAction\":[{\"@type\":\"ReadAction\",\"target\":[\"https:\\\/\\\/rapid-interim.com\\\/index.php\\\/2026\\\/05\\\/01\\\/travailleur-detache-def\\\/\"]}]},{\"@type\":\"ImageObject\",\"inLanguage\":\"fr-FR\",\"@id\":\"https:\\\/\\\/rapid-interim.com\\\/index.php\\\/2026\\\/05\\\/01\\\/travailleur-detache-def\\\/#primaryimage\",\"url\":\"https:\\\/\\\/panel.sedestral.com\\\/community\\\/files\\\/74f25acc17ba4d93bba0cf3935ed5fbc.webp\",\"contentUrl\":\"https:\\\/\\\/panel.sedestral.com\\\/community\\\/files\\\/74f25acc17ba4d93bba0cf3935ed5fbc.webp\"},{\"@type\":\"BreadcrumbList\",\"@id\":\"https:\\\/\\\/rapid-interim.com\\\/index.php\\\/2026\\\/05\\\/01\\\/travailleur-detache-def\\\/#breadcrumb\",\"itemListElement\":[{\"@type\":\"ListItem\",\"position\":1,\"name\":\"Accueil\",\"item\":\"https:\\\/\\\/rapid-interim.com\\\/\"},{\"@type\":\"ListItem\",\"position\":2,\"name\":\"Travailleur d\u00e9tach\u00e9 def : d\u00e9finition, statut et fonctionnement\"}]},{\"@type\":\"WebSite\",\"@id\":\"https:\\\/\\\/rapid-interim.com\\\/#website\",\"url\":\"https:\\\/\\\/rapid-interim.com\\\/\",\"name\":\"rapid-interim\",\"description\":\"Interim et travail temporaire\",\"publisher\":{\"@id\":\"https:\\\/\\\/rapid-interim.com\\\/#organization\"},\"potentialAction\":[{\"@type\":\"SearchAction\",\"target\":{\"@type\":\"EntryPoint\",\"urlTemplate\":\"https:\\\/\\\/rapid-interim.com\\\/?s={search_term_string}\"},\"query-input\":{\"@type\":\"PropertyValueSpecification\",\"valueRequired\":true,\"valueName\":\"search_term_string\"}}],\"inLanguage\":\"fr-FR\"},{\"@type\":\"Organization\",\"@id\":\"https:\\\/\\\/rapid-interim.com\\\/#organization\",\"name\":\"rapid-interim\",\"url\":\"https:\\\/\\\/rapid-interim.com\\\/\",\"logo\":{\"@type\":\"ImageObject\",\"inLanguage\":\"fr-FR\",\"@id\":\"https:\\\/\\\/rapid-interim.com\\\/#\\\/schema\\\/logo\\\/image\\\/\",\"url\":\"https:\\\/\\\/rapid-interim.com\\\/wp-content\\\/uploads\\\/2022\\\/06\\\/cropped-rapid-inetrim.png\",\"contentUrl\":\"https:\\\/\\\/rapid-interim.com\\\/wp-content\\\/uploads\\\/2022\\\/06\\\/cropped-rapid-inetrim.png\",\"width\":314,\"height\":137,\"caption\":\"rapid-interim\"},\"image\":{\"@id\":\"https:\\\/\\\/rapid-interim.com\\\/#\\\/schema\\\/logo\\\/image\\\/\"}},{\"@type\":\"Person\",\"@id\":\"https:\\\/\\\/rapid-interim.com\\\/#\\\/schema\\\/person\\\/c80cf67768e43267c59b9c4095fac056\",\"name\":\"Marie Dubois\",\"image\":{\"@type\":\"ImageObject\",\"inLanguage\":\"fr-FR\",\"@id\":\"https:\\\/\\\/secure.gravatar.com\\\/avatar\\\/c5d9a389371c49a3eb3d5c05c1bdb9d2124cabb2c990e1eb227c370b66139bfe?s=96&d=mm&r=g\",\"url\":\"https:\\\/\\\/secure.gravatar.com\\\/avatar\\\/c5d9a389371c49a3eb3d5c05c1bdb9d2124cabb2c990e1eb227c370b66139bfe?s=96&d=mm&r=g\",\"contentUrl\":\"https:\\\/\\\/secure.gravatar.com\\\/avatar\\\/c5d9a389371c49a3eb3d5c05c1bdb9d2124cabb2c990e1eb227c370b66139bfe?s=96&d=mm&r=g\",\"caption\":\"Marie Dubois\"},\"sameAs\":[\"http:\\\/\\\/rapid-interim.com\"],\"url\":\"https:\\\/\\\/rapid-interim.com\\\/index.php\\\/author\\\/rapid-interim-com\\\/\"}]}<\/script>\n<!-- \/ Yoast SEO plugin. -->","yoast_head_json":{"title":"Travailleur d\u00e9tach\u00e9 def : d\u00e9finition, statut et fonctionnement","description":"Qu'est-ce qu'un travailleur d\u00e9tach\u00e9 ? D\u00e9finition compl\u00e8te : un salari\u00e9 envoy\u00e9 temporairement par son employeur dans un autre \u00c9tat pour y r\u00e9aliser une mission.","robots":{"index":"index","follow":"follow","max-snippet":"max-snippet:-1","max-image-preview":"max-image-preview:large","max-video-preview":"max-video-preview:-1"},"canonical":"https:\/\/rapid-interim.com\/index.php\/2026\/05\/01\/travailleur-detache-def\/","og_locale":"fr_FR","og_type":"article","og_title":"Travailleur d\u00e9tach\u00e9 def : d\u00e9finition, statut et fonctionnement","og_description":"Qu'est-ce qu'un travailleur d\u00e9tach\u00e9 ? D\u00e9finition compl\u00e8te : un salari\u00e9 envoy\u00e9 temporairement par son employeur dans un autre \u00c9tat pour y r\u00e9aliser une mission.","og_url":"https:\/\/rapid-interim.com\/index.php\/2026\/05\/01\/travailleur-detache-def\/","og_site_name":"rapid-interim","article_published_time":"2026-05-01T04:38:58+00:00","og_image":[{"url":"https:\/\/panel.sedestral.com\/community\/files\/74f25acc17ba4d93bba0cf3935ed5fbc.webp","type":"","width":"","height":""}],"author":"Marie Dubois","twitter_card":"summary_large_image","twitter_misc":{"\u00c9crit par":"Marie Dubois","Dur\u00e9e de lecture estim\u00e9e":"9 minutes"},"schema":{"@context":"https:\/\/schema.org","@graph":[{"@type":"Article","@id":"https:\/\/rapid-interim.com\/index.php\/2026\/05\/01\/travailleur-detache-def\/#article","isPartOf":{"@id":"https:\/\/rapid-interim.com\/index.php\/2026\/05\/01\/travailleur-detache-def\/"},"author":{"name":"Marie Dubois","@id":"https:\/\/rapid-interim.com\/#\/schema\/person\/c80cf67768e43267c59b9c4095fac056"},"headline":"Travailleur d\u00e9tach\u00e9 def : d\u00e9finition, statut et fonctionnement","datePublished":"2026-05-01T04:38:58+00:00","mainEntityOfPage":{"@id":"https:\/\/rapid-interim.com\/index.php\/2026\/05\/01\/travailleur-detache-def\/"},"wordCount":1831,"commentCount":0,"publisher":{"@id":"https:\/\/rapid-interim.com\/#organization"},"image":{"@id":"https:\/\/rapid-interim.com\/index.php\/2026\/05\/01\/travailleur-detache-def\/#primaryimage"},"thumbnailUrl":"https:\/\/panel.sedestral.com\/community\/files\/74f25acc17ba4d93bba0cf3935ed5fbc.webp","articleSection":["Emploi"],"inLanguage":"fr-FR","potentialAction":[{"@type":"CommentAction","name":"Comment","target":["https:\/\/rapid-interim.com\/index.php\/2026\/05\/01\/travailleur-detache-def\/#respond"]}]},{"@type":"WebPage","@id":"https:\/\/rapid-interim.com\/index.php\/2026\/05\/01\/travailleur-detache-def\/","url":"https:\/\/rapid-interim.com\/index.php\/2026\/05\/01\/travailleur-detache-def\/","name":"Travailleur d\u00e9tach\u00e9 def : d\u00e9finition, statut et fonctionnement","isPartOf":{"@id":"https:\/\/rapid-interim.com\/#website"},"primaryImageOfPage":{"@id":"https:\/\/rapid-interim.com\/index.php\/2026\/05\/01\/travailleur-detache-def\/#primaryimage"},"image":{"@id":"https:\/\/rapid-interim.com\/index.php\/2026\/05\/01\/travailleur-detache-def\/#primaryimage"},"thumbnailUrl":"https:\/\/panel.sedestral.com\/community\/files\/74f25acc17ba4d93bba0cf3935ed5fbc.webp","datePublished":"2026-05-01T04:38:58+00:00","description":"Qu'est-ce qu'un travailleur d\u00e9tach\u00e9 ? D\u00e9finition compl\u00e8te : un salari\u00e9 envoy\u00e9 temporairement par son employeur dans un autre \u00c9tat pour y r\u00e9aliser une mission.","breadcrumb":{"@id":"https:\/\/rapid-interim.com\/index.php\/2026\/05\/01\/travailleur-detache-def\/#breadcrumb"},"inLanguage":"fr-FR","potentialAction":[{"@type":"ReadAction","target":["https:\/\/rapid-interim.com\/index.php\/2026\/05\/01\/travailleur-detache-def\/"]}]},{"@type":"ImageObject","inLanguage":"fr-FR","@id":"https:\/\/rapid-interim.com\/index.php\/2026\/05\/01\/travailleur-detache-def\/#primaryimage","url":"https:\/\/panel.sedestral.com\/community\/files\/74f25acc17ba4d93bba0cf3935ed5fbc.webp","contentUrl":"https:\/\/panel.sedestral.com\/community\/files\/74f25acc17ba4d93bba0cf3935ed5fbc.webp"},{"@type":"BreadcrumbList","@id":"https:\/\/rapid-interim.com\/index.php\/2026\/05\/01\/travailleur-detache-def\/#breadcrumb","itemListElement":[{"@type":"ListItem","position":1,"name":"Accueil","item":"https:\/\/rapid-interim.com\/"},{"@type":"ListItem","position":2,"name":"Travailleur d\u00e9tach\u00e9 def : d\u00e9finition, statut et fonctionnement"}]},{"@type":"WebSite","@id":"https:\/\/rapid-interim.com\/#website","url":"https:\/\/rapid-interim.com\/","name":"rapid-interim","description":"Interim et travail temporaire","publisher":{"@id":"https:\/\/rapid-interim.com\/#organization"},"potentialAction":[{"@type":"SearchAction","target":{"@type":"EntryPoint","urlTemplate":"https:\/\/rapid-interim.com\/?s={search_term_string}"},"query-input":{"@type":"PropertyValueSpecification","valueRequired":true,"valueName":"search_term_string"}}],"inLanguage":"fr-FR"},{"@type":"Organization","@id":"https:\/\/rapid-interim.com\/#organization","name":"rapid-interim","url":"https:\/\/rapid-interim.com\/","logo":{"@type":"ImageObject","inLanguage":"fr-FR","@id":"https:\/\/rapid-interim.com\/#\/schema\/logo\/image\/","url":"https:\/\/rapid-interim.com\/wp-content\/uploads\/2022\/06\/cropped-rapid-inetrim.png","contentUrl":"https:\/\/rapid-interim.com\/wp-content\/uploads\/2022\/06\/cropped-rapid-inetrim.png","width":314,"height":137,"caption":"rapid-interim"},"image":{"@id":"https:\/\/rapid-interim.com\/#\/schema\/logo\/image\/"}},{"@type":"Person","@id":"https:\/\/rapid-interim.com\/#\/schema\/person\/c80cf67768e43267c59b9c4095fac056","name":"Marie Dubois","image":{"@type":"ImageObject","inLanguage":"fr-FR","@id":"https:\/\/secure.gravatar.com\/avatar\/c5d9a389371c49a3eb3d5c05c1bdb9d2124cabb2c990e1eb227c370b66139bfe?s=96&d=mm&r=g","url":"https:\/\/secure.gravatar.com\/avatar\/c5d9a389371c49a3eb3d5c05c1bdb9d2124cabb2c990e1eb227c370b66139bfe?s=96&d=mm&r=g","contentUrl":"https:\/\/secure.gravatar.com\/avatar\/c5d9a389371c49a3eb3d5c05c1bdb9d2124cabb2c990e1eb227c370b66139bfe?s=96&d=mm&r=g","caption":"Marie Dubois"},"sameAs":["http:\/\/rapid-interim.com"],"url":"https:\/\/rapid-interim.com\/index.php\/author\/rapid-interim-com\/"}]}},"jetpack_featured_media_url":"","jetpack_sharing_enabled":true,"_links":{"self":[{"href":"https:\/\/rapid-interim.com\/index.php\/wp-json\/wp\/v2\/posts\/22140","targetHints":{"allow":["GET"]}}],"collection":[{"href":"https:\/\/rapid-interim.com\/index.php\/wp-json\/wp\/v2\/posts"}],"about":[{"href":"https:\/\/rapid-interim.com\/index.php\/wp-json\/wp\/v2\/types\/post"}],"author":[{"embeddable":true,"href":"https:\/\/rapid-interim.com\/index.php\/wp-json\/wp\/v2\/users\/1"}],"replies":[{"embeddable":true,"href":"https:\/\/rapid-interim.com\/index.php\/wp-json\/wp\/v2\/comments?post=22140"}],"version-history":[{"count":0,"href":"https:\/\/rapid-interim.com\/index.php\/wp-json\/wp\/v2\/posts\/22140\/revisions"}],"wp:attachment":[{"href":"https:\/\/rapid-interim.com\/index.php\/wp-json\/wp\/v2\/media?parent=22140"}],"wp:term":[{"taxonomy":"category","embeddable":true,"href":"https:\/\/rapid-interim.com\/index.php\/wp-json\/wp\/v2\/categories?post=22140"},{"taxonomy":"post_tag","embeddable":true,"href":"https:\/\/rapid-interim.com\/index.php\/wp-json\/wp\/v2\/tags?post=22140"}],"curies":[{"name":"wp","href":"https:\/\/api.w.org\/{rel}","templated":true}]}}