{"id":22124,"date":"2026-04-22T07:39:30","date_gmt":"2026-04-22T04:39:30","guid":{"rendered":"https:\/\/rapid-interim.com\/index.php\/2026\/04\/22\/travailleur-detache-roumain-cadre-legal\/"},"modified":"2026-04-22T07:39:30","modified_gmt":"2026-04-22T04:39:30","slug":"travailleur-detache-roumain-cadre-legal","status":"publish","type":"post","link":"https:\/\/rapid-interim.com\/index.php\/2026\/04\/22\/travailleur-detache-roumain-cadre-legal\/","title":{"rendered":"Travailleur d\u00e9tach\u00e9 roumain : cadre l\u00e9gal et r\u00e9glementation"},"content":{"rendered":"<section>\n<h2>Sommaire<\/h2>\n<ul>\n<li><a href=\"#directive-detachement-travailleurs-roumains-en-france\" target=\"_self\">Directive d\u00e9tachement travailleurs roumains en France<\/a><\/li>\n<li><a href=\"#obligations-legales-pour-detacher-un-travailleur-roumain\" target=\"_self\">Obligations l\u00e9gales pour d\u00e9tacher un travailleur roumain<\/a><\/li>\n<li><a href=\"#conditions-de-travail-du-salarie-roumain-detache-en-france\" target=\"_self\">Conditions de travail du salari\u00e9 roumain d\u00e9tach\u00e9 en France<\/a><\/li>\n<li><a href=\"#foire-aux-questions\" target=\"_self\">Foire aux questions<\/a><\/li>\n<\/ul>\n<\/section>\n<section>\n<p>Le cadre l\u00e9gal du <strong><a href=\"https:\/\/rapid-interim.com\/index.php\/2024\/06\/20\/recruter-un-travailleur-detache\/\" data-internallinksmanager029f6b8e52c=\"35\" title=\"travailleur d\u00e9tach\u00e9\">travailleur d\u00e9tach\u00e9<\/a> roumain<\/strong> en France repose sur les directives de l&rsquo;<strong>Union europ\u00e9enne<\/strong> et des obligations d\u00e9claratives sp\u00e9cifiques. Ce texte pr\u00e9sente les principales <strong><a href=\"https:\/\/rapid-interim.com\/index.php\/2025\/01\/22\/les-conditions-de-travail-des-interimaires-roumains-dans-le-secteur-de-la-logistique\/\" data-internallinksmanager029f6b8e52c=\"46\" title=\"conditions de travail\">conditions de travail<\/a><\/strong> applicables. Les <strong><a href=\"https:\/\/rapid-interim.com\/index.php\/2025\/02\/24\/reglementation-europeenne-et-detachement-des-travailleurs-roumains\/\" data-internallinksmanager029f6b8e52c=\"28\" title=\"Travailleurs roumains\">travailleurs roumains<\/a> en France<\/strong> b\u00e9n\u00e9ficient d&rsquo;une protection compl\u00e8te.<\/p>\n<h2 id=\"directive-detachement-travailleurs-roumains-en-france\">Directive d\u00e9tachement travailleurs roumains en France<\/h2>\n<p>Le <strong>d\u00e9tachement des salari\u00e9s<\/strong> vers l&rsquo;Hexagone s&rsquo;appuie sur une <strong>r\u00e9glementation<\/strong> europ\u00e9enne stricte. Ces textes garantissent des droits fondamentaux \u00e0 chaque <strong><a href=\"https:\/\/rapid-interim.com\/index.php\/2024\/06\/20\/recruter-un-travailleur-detache\/\" data-internallinksmanager029f6b8e52c=\"35\" title=\"travailleur d\u00e9tach\u00e9\">travailleur d\u00e9tach\u00e9<\/a><\/strong>, quelle que soit son origine. Les <strong><a href=\"https:\/\/rapid-interim.com\/index.php\/2025\/02\/24\/reglementation-europeenne-et-detachement-des-travailleurs-roumains\/\" data-internallinksmanager029f6b8e52c=\"28\" title=\"Travailleurs roumains\">travailleurs roumains<\/a><\/strong> b\u00e9n\u00e9ficient d&rsquo;une s\u00e9curit\u00e9 juridique.<\/p>\n<p><img fetchpriority=\"high\" decoding=\"async\" alt=\"Homme d\u2019affaires en costume signe des documents au bureau, ordinateur ouvert sur l\u2019\u00e9cran, ambiance de travail en open space. travailleur d\u00e9tach\u00e9 roumain cadre l\u00e9gal int\u00e9gr\u00e9.\" src=\"https:\/\/rapid-interim.com\/wp-content\/uploads\/2026\/04\/homme-daffaires-costume-signe-documents-bureau-ordinateur.webp\" width=\"600\" height=\"403\" style=\"display: block; float: unset; margin: auto;\"><\/p>\n<h3>Directives europ\u00e9ennes encadrant le d\u00e9tachement<\/h3>\n<p>Adopt\u00e9e en 1996, la <strong>directive d\u00e9tachement travailleurs<\/strong> 96\/71\/CE constitue le socle juridique du <strong>d\u00e9tachement<\/strong> en Europe. Elle assure le respect des normes sociales pour les salari\u00e9s en d\u00e9placement transfrontalier.<\/p>\n<ul>\n<li><strong>Directive 96\/71\/CE<\/strong> : pose les bases du syst\u00e8me en imposant le respect des normes du <strong>pays d&rsquo;accueil<\/strong>.<\/li>\n<li><strong>Directive 2018\/957\/UE<\/strong> : renforce les protections via le principe d&rsquo;\u00e9galit\u00e9 salariale et encadre la <strong>dur\u00e9e maximale<\/strong> des missions.<\/li>\n<li><strong>Directive 2014\/67\/UE<\/strong> : impose aux entreprises des <strong>obligations<\/strong> d\u00e9claratives aupr\u00e8s des autorit\u00e9s locales.<\/li>\n<\/ul>\n<p>L&rsquo;\u00e9volution du <strong>cadre l\u00e9gal<\/strong> europ\u00e9en a permis de moderniser le syst\u00e8me en consolidant l&rsquo;\u00e9quit\u00e9 salariale. L&rsquo;objectif principal vise \u00e0 \u00e9liminer la concurrence d\u00e9loyale n\u00e9e des \u00e9carts de r\u00e9mun\u00e9ration entre les \u00c9tats membres.<\/p>\n<h3>Transposition en droit roumain et fran\u00e7ais<\/h3>\n<p>En travaillant sur notre territoire, les <strong>Roumains en France<\/strong> jouissent d&rsquo;une double s\u00e9curit\u00e9 juridique qui prot\u00e8ge leur contrat et leurs missions. La France a int\u00e9gr\u00e9 l&rsquo;ensemble de ces directives dans son Code du travail en juillet 2020.<\/p>\n<p>De son c\u00f4t\u00e9, la Roumanie a transpos\u00e9 ces dispositions l\u00e9gislatives d\u00e8s 2017 pour r\u00e9guler le <strong>d\u00e9tachement des salari\u00e9s<\/strong> \u00e0 l&rsquo;international. Une ordonnance gouvernementale de 2024 a renforc\u00e9 les <strong>obligations<\/strong> administratives, notamment par la g\u00e9n\u00e9ralisation des transmissions \u00e9lectroniques obligatoires.<\/p>\n<h3>Dur\u00e9e maximale et conditions de renouvellement<\/h3>\n<p>Initialement, la mission d&rsquo;un <strong><a href=\"https:\/\/rapid-interim.com\/index.php\/2024\/06\/20\/recruter-un-travailleur-detache\/\" data-internallinksmanager029f6b8e52c=\"35\" title=\"travailleur d\u00e9tach\u00e9\">travailleur d\u00e9tach\u00e9<\/a> roumain<\/strong> ne peut d\u00e9passer douze mois selon la <strong>r\u00e9glementation<\/strong>. Une prolongation justifi\u00e9e de six mois reste possible avant l&rsquo;application pleine du droit fran\u00e7ais.<\/p>\n<p>\u00c0 l&rsquo;issue de cette p\u00e9riode, un d\u00e9lai de carence de deux mois devient obligatoire avant toute nouvelle affectation. Cette pause pr\u00e9vient les contournements et conserve le caract\u00e8re temporaire de ces contrats internationaux.<\/p>\n<\/section>\n<section>\n<h2 id=\"obligations-legales-pour-detacher-un-travailleur-roumain\">Obligations l\u00e9gales pour d\u00e9tacher un travailleur roumain<\/h2>\n<p>Pour envoyer son personnel en France, l&#8217;employeur roumain doit se conformer \u00e0 de strictes obligations. Ces d\u00e9marches assurent un d\u00e9tachement transparent et respectent les r\u00e8gles prot\u00e9geant chaque employ\u00e9.<\/p>\n<p><img decoding=\"async\" alt=\"Travailleur d\u00e9tach\u00e9 roumain cadre l\u00e9gal: un homme en chemise bleue discute avec un coll\u00e8gue autour de plans et d\u2019un ordinateur dans un bureau d\u2019ing\u00e9nierie.\" src=\"https:\/\/rapid-interim.com\/wp-content\/uploads\/2026\/04\/travailleur-detache-roumain-cadre-legal-homme-chemise-bleue.webp\" width=\"600\" height=\"403\" style=\"display: block; float: unset; margin: auto;\"><\/p>\n<h3>D\u00e9clarations pr\u00e9alables et formalit\u00e9s administratives<\/h3>\n<p>Le statut des travailleurs d\u00e9tach\u00e9s roumains l\u00e9gal exige une d\u00e9claration officielle avant toute mission. L&rsquo;entreprise transmet cette notification \u00e0 l&rsquo;inspection du travail roumaine la veille de l&rsquo;intervention.<\/p>\n<p>En France, toute mission de plus de trois mois requiert une d\u00e9marche via l&rsquo;Urssaf depuis 2022. De plus, une formalit\u00e9 d&#8217;embauche s&rsquo;impose syst\u00e9matiquement avant l&rsquo;arriv\u00e9e du salari\u00e9 d\u00e9tach\u00e9.<\/p>\n<ul>\n<li><strong>Notification roumaine<\/strong> : envoi \u00e0 l&rsquo;inspection du travail des informations identifiant le personnel concern\u00e9.<\/li>\n<li><strong>Plateforme Urssaf<\/strong> : proc\u00e9dure num\u00e9rique impos\u00e9e pour toute mission de plus de trois mois.<\/li>\n<li><strong>Repr\u00e9sentant local<\/strong> : nomination d&rsquo;un contact physique sur le sol fran\u00e7ais agissant l\u00e9galement.<\/li>\n<li><strong>Documents requis<\/strong> : traduction du contrat de travail, fiches de paie et preuves de versement.<\/li>\n<\/ul>\n<p>Ce repr\u00e9sentant local garde ces archives pour les pr\u00e9senter aux contr\u00f4leurs si n\u00e9cessaire. Toute modification des donn\u00e9es s&rsquo;annonce le jour m\u00eame aux autorit\u00e9s roumaines par divers moyens.<\/p>\n<h3>Certificat A1 et maintien de la protection sociale<\/h3>\n<p>La r\u00e9glementation <a href=\"https:\/\/rapid-interim.com\/index.php\/2025\/02\/20\/travail-detache-en-france-impact-sur-leconomie-locale\/\" data-internallinksmanager029f6b8e52c=\"25\" title=\"Travail d\u00e9tach\u00e9\">travail d\u00e9tach\u00e9<\/a> france exige un certificat A1 pour prot\u00e9ger chaque employ\u00e9 concern\u00e9. Ce document prouve que l&rsquo;agent reste bien rattach\u00e9 \u00e0 la s\u00e9curit\u00e9 sociale de son pays.<\/p>\n<p>L&rsquo;entreprise sollicite cette attestation en ligne aupr\u00e8s des organismes fran\u00e7ais comp\u00e9tents comme l&rsquo;Urssaf. Ainsi, le professionnel profite des soins m\u00e9dicaux en France, tout en \u00e9vitant de payer une double cotisation.<\/p>\n<h3>Sanctions en cas de non-conformit\u00e9 du d\u00e9tachement<\/h3>\n<p>Ignorer cette r\u00e9glementation expose la soci\u00e9t\u00e9 \u00e0 de lourdes amendes administratives ou financi\u00e8res. Le montant de la sanction d\u00e9pend toujours de l&rsquo;infraction constat\u00e9e et du pays concern\u00e9.<\/p>\n<ul>\n<li><strong>D\u00e9faut de d\u00e9claration<\/strong> : lourdes amendes en Roumanie si l&rsquo;on oublie de fournir les pi\u00e8ces justificatives.<\/li>\n<li><strong>Informations erron\u00e9es<\/strong> : p\u00e9nalit\u00e9s financi\u00e8res si les donn\u00e9es transmises s&rsquo;av\u00e8rent incompl\u00e8tes ou totalement fausses.<\/li>\n<li><strong>Infractions fran\u00e7aises<\/strong> : sanctions allant jusqu&rsquo;\u00e0 4 000 \u20ac par agent, doubl\u00e9es si l&rsquo;erreur se r\u00e9p\u00e8te.<\/li>\n<\/ul>\n<p>Une faute grave entra\u00eene souvent la fermeture imm\u00e9diate du chantier sur le territoire fran\u00e7ais. Le donneur d&rsquo;ordre devient alors pleinement solidaire et responsable des erreurs commises par ses prestataires.<\/p>\n<\/section>\n<section>\n<h2 id=\"conditions-de-travail-du-salarie-roumain-detache-en-france\">Conditions de travail du salari\u00e9 roumain d\u00e9tach\u00e9 en France<\/h2>\n<p>Le <a href=\"https:\/\/rapid-interim.com\/index.php\/2024\/06\/20\/recruter-un-travailleur-detache\/\" data-internallinksmanager029f6b8e52c=\"35\" title=\"travailleur d\u00e9tach\u00e9\">travailleur d\u00e9tach\u00e9<\/a> en France b\u00e9n\u00e9ficie d\u00e8s le d\u00e9but de sa mission d&rsquo;une protection juridique conforme au Code du travail fran\u00e7ais. Ses conditions d&#8217;emploi int\u00e8grent \u00e0 la fois les dispositions l\u00e9gales fran\u00e7aises et les garanties minimales europ\u00e9ennes.<\/p>\n<p><img decoding=\"async\" src=\"https:\/\/example.com\/conditions-chantier-detachement.jpg\" alt=\"Conditions de travail sur chantier pour salari\u00e9 d\u00e9tach\u00e9\" style=\"display: block; float: unset; margin: auto;\"><\/p>\n<h3>R\u00e9mun\u00e9ration et droits sociaux applicables<\/h3>\n<p>Le salari\u00e9 d\u00e9tach\u00e9 roumain b\u00e9n\u00e9ficie syst\u00e9matiquement du salaire le plus avantageux entre le salaire minimum roumain et le SMIC fran\u00e7ais. Le salaire minimum atteint 3 000 RON dans le BTP roumain, contre un salaire horaire brut d&rsquo;environ 11,65 \u20ac en France.<\/p>\n<p>La directive europ\u00e9enne impose au salari\u00e9 d\u00e9tach\u00e9 de percevoir une r\u00e9mun\u00e9ration \u00e9quivalente \u00e0 celle des salari\u00e9s locaux. Les indemnit\u00e9s sp\u00e9cifiques au d\u00e9tachement sont int\u00e9gr\u00e9es au salaire de base pour la dur\u00e9e de la mission. Les frais professionnels, tels que l&rsquo;h\u00e9bergement ou les repas, font l&rsquo;objet d&rsquo;un remboursement distinct.<\/p>\n<table style=\"margin:15px 0;width:100%;border-collapse:collapse;border:1px solid;\">\n<tbody>\n<tr>\n<td style=\"padding:10px;border-bottom:1px solid;border-right:1px solid;\">\u00c9l\u00e9ment de r\u00e9mun\u00e9ration<\/td>\n<td style=\"padding:10px;border-bottom:1px solid;\">R\u00e8gle applicable<\/td>\n<\/tr>\n<tr>\n<td style=\"padding:10px;border-bottom:1px solid;border-right:1px solid;\">Salaire de base<\/td>\n<td style=\"padding:10px;border-bottom:1px solid;\">Minimum du SMIC fran\u00e7ais ou salaire roumain le plus \u00e9lev\u00e9<\/td>\n<\/tr>\n<tr>\n<td style=\"padding:10px;border-bottom:1px solid;border-right:1px solid;\">Primes et bonus<\/td>\n<td style=\"padding:10px;border-bottom:1px solid;\">Identiques aux salari\u00e9s locaux fran\u00e7ais<\/td>\n<\/tr>\n<tr>\n<td style=\"padding:10px;border-bottom:1px solid;border-right:1px solid;\">Indemnit\u00e9s de d\u00e9tachement<\/td>\n<td style=\"padding:10px;border-bottom:1px solid;\">Consid\u00e9r\u00e9es comme partie int\u00e9grante du salaire minimal<\/td>\n<\/tr>\n<tr>\n<td style=\"padding:10px;border-bottom:1px solid;border-right:1px solid;\">Frais de d\u00e9placement<\/td>\n<td style=\"padding:10px;border-bottom:1px solid;\">Rembours\u00e9s s\u00e9par\u00e9ment en tant que frais professionnels<\/td>\n<\/tr>\n<tr>\n<td style=\"padding:10px;border-right:1px solid;\">Assurances sociales<\/td>\n<td style=\"padding:10px;\">Couvertes par la s\u00e9curit\u00e9 sociale fran\u00e7aise avec certificat A1<\/td>\n<\/tr>\n<\/tbody>\n<\/table>\n<p>Le salari\u00e9 d\u00e9tach\u00e9 b\u00e9n\u00e9ficie d&rsquo;une couverture compl\u00e8te par la s\u00e9curit\u00e9 sociale fran\u00e7aise pour les risques maladie et accidents. Les charges sociales applicables sont calcul\u00e9es selon les taux fran\u00e7ais en vigueur. Un certificat officiel atteste de la bonne application de ces droits protecteurs.<\/p>\n<h3>Statut contractuel du salari\u00e9 d\u00e9tach\u00e9 roumain<\/h3>\n<p>Le cadre l\u00e9gal des travailleurs d\u00e9tach\u00e9s en France implique une double relation hi\u00e9rarchique clairement d\u00e9finie. Le salari\u00e9 conserve son contrat de travail roumain tout en suivant les instructions de l&rsquo;entreprise fran\u00e7aise d&rsquo;accueil. Ainsi, la soci\u00e9t\u00e9 fran\u00e7aise encadre et supervise l&rsquo;ensemble de ses activit\u00e9s professionnelles quotidiennes.<\/p>\n<ul>\n<li><strong>Contrat d&rsquo;origine<\/strong> : Le contrat initial reste en vigueur et le salari\u00e9 d\u00e9tach\u00e9 doit s&rsquo;y conformer.<\/li>\n<li><strong>Avenant sp\u00e9cifique<\/strong> : Il pr\u00e9cise la r\u00e9glementation applicable, la r\u00e9mun\u00e9ration globale, les frais et les conditions de retour.<\/li>\n<li><strong>Lien hi\u00e9rarchique<\/strong> : Le <a href=\"https:\/\/rapid-interim.com\/index.php\/2024\/06\/20\/recruter-un-travailleur-detache\/\" data-internallinksmanager029f6b8e52c=\"35\" title=\"travailleur d\u00e9tach\u00e9\">travailleur d\u00e9tach\u00e9<\/a> rel\u00e8ve de la soci\u00e9t\u00e9 d&rsquo;accueil fran\u00e7aise pour ses missions journali\u00e8res.<\/li>\n<li><strong>Retour garanti<\/strong> : L&#8217;employeur s&rsquo;engage \u00e0 r\u00e9int\u00e9grer le salari\u00e9 roumain dans son poste initial en Roumanie.<\/li>\n<\/ul>\n<p>Un document informatif traduit doit \u00eatre remis au salari\u00e9 roumain avec sa carte professionnelle. Cette notice d\u00e9taille explicitement l&rsquo;ensemble des droits garantis en France et les modalit\u00e9s pratiques pour les exercer.<\/p>\n<h3>Protections sp\u00e9cifiques et \u00e9galit\u00e9 de traitement<\/h3>\n<p>Le salari\u00e9 d\u00e9tach\u00e9 b\u00e9n\u00e9ficie de l&rsquo;ensemble des protections du droit fran\u00e7ais, incluant le droit de gr\u00e8ve. Les libert\u00e9s syndicales et la pr\u00e9vention des discriminations s&rsquo;appliquent pleinement \u00e0 ces salari\u00e9s. Les r\u00e8gles relatives \u00e0 l&rsquo;\u00e9galit\u00e9 professionnelle et \u00e0 la maternit\u00e9 sont rigoureusement respect\u00e9es.<\/p>\n<p>Dans le secteur du b\u00e2timent, les normes de s\u00e9curit\u00e9 strictes prot\u00e8gent l&rsquo;ensemble des \u00e9quipes. L&#8217;employeur garantit un environnement de travail s\u00e9curis\u00e9, \u00e9quivalent \u00e0 celui des salari\u00e9s locaux, pour \u00e9viter toute forme de concurrence d\u00e9loyale. Les obligations conventionnelles de la construction demeurent incontournables.<\/p>\n<\/section>\n<section itemscope itemtype=\"https:\/\/schema.org\/FAQPage\">\n<h2 id=\"foire-aux-questions\">Foire aux questions<\/h2>\n<div itemscope itemprop=\"mainEntity\" itemtype=\"https:\/\/schema.org\/Question\">\n<h3 itemprop=\"name\">Quelles sont les obligations d\u00e9claratives principales pour d\u00e9tacher l\u00e9galement un travailleur roumain en France ?<\/h3>\n<div itemscope itemprop=\"acceptedAnswer\" itemtype=\"https:\/\/schema.org\/Answer\">\n<div itemprop=\"text\">\n<p>L&#8217;employeur doit notifier le <strong>d\u00e9tachement<\/strong> \u00e0 l&rsquo;inspection du travail roumaine avant le d\u00e9but de la mission. En France, une <strong>d\u00e9claration<\/strong> Urssaf est obligatoire pour toute mobilit\u00e9 d\u00e9passant trois mois. Parmi les <strong>obligations<\/strong> l\u00e9gales, il faut \u00e9galement d\u00e9signer formellement un repr\u00e9sentant local.<\/p>\n<p>L&rsquo;entreprise doit conserver tous les <strong>documents requis<\/strong>, d\u00fbment traduits en fran\u00e7ais, pendant trois ans. De plus, un <strong>certificat<\/strong> A1 garantit le maintien du <strong>salari\u00e9 roumain<\/strong> sous le r\u00e9gime de <strong>s\u00e9curit\u00e9 sociale<\/strong> roumaine. En cas de manquement, de lourdes amendes sont pr\u00e9vues pour chaque infraction constat\u00e9e.<\/p>\n<\/p><\/div><\/div><\/div>\n<div itemscope itemprop=\"mainEntity\" itemtype=\"https:\/\/schema.org\/Question\">\n<h3 itemprop=\"name\">Quel salaire minimum s&rsquo;applique aux travailleurs roumains d\u00e9tach\u00e9s en France ?<\/h3>\n<div itemscope itemprop=\"acceptedAnswer\" itemtype=\"https:\/\/chema.org\/Answer\">\n<div itemprop=\"text\">\n<p>En mission, un <strong><a href=\"https:\/\/rapid-interim.com\/index.php\/2024\/06\/20\/recruter-un-travailleur-detache\/\" data-internallinksmanager029f6b8e52c=\"35\" title=\"travailleur d\u00e9tach\u00e9\">travailleur d\u00e9tach\u00e9<\/a><\/strong> ou un <strong>salari\u00e9 roumain<\/strong> doit percevoir la r\u00e9mun\u00e9ration la plus avantageuse. Ainsi, le <strong>salaire minimum<\/strong> fran\u00e7ais s&rsquo;applique syst\u00e9matiquement s&rsquo;il est sup\u00e9rieur au salaire minimum l\u00e9gal en vigueur en Roumanie. \u00c0 titre indicatif, le taux horaire brut actuel en France est d&rsquo;environ 11,65 \u20ac.<\/p>\n<p>Le principe d&rsquo;\u00e9galit\u00e9 de traitement garantit aux <strong><a href=\"https:\/\/rapid-interim.com\/index.php\/2025\/02\/24\/reglementation-europeenne-et-detachement-des-travailleurs-roumains\/\" data-internallinksmanager029f6b8e52c=\"28\" title=\"Travailleurs roumains\">travailleurs roumains<\/a><\/strong> des primes et avantages identiques \u00e0 ceux des salari\u00e9s fran\u00e7ais. Les indemnit\u00e9s de mission font partie int\u00e9grante de la r\u00e9mun\u00e9ration, tandis que les frais de vie courante sont rembours\u00e9s s\u00e9par\u00e9ment. Aucune d\u00e9duction discriminatoire li\u00e9e \u00e0 la nationalit\u00e9 n&rsquo;est autoris\u00e9e par la loi.<\/p>\n<\/p><\/div><\/div><\/div>\n<div itemscope itemprop=\"mainEntity\" itemtype=\"https:\/\/schema.org\/Question\">\n<h3 itemprop=\"name\">Quelle est la dur\u00e9e maximale autoris\u00e9e pour un d\u00e9tachement de travailleur roumain et quelles sont les conditions de renouvellement ?<\/h3>\n<div itemscope itemprop=\"acceptedAnswer\" itemtype=\"https:\/\/schema.org\/Answer\">\n<div itemprop=\"text\">\n<p>Conform\u00e9ment \u00e0 la <strong>directive europ\u00e9enne<\/strong>, la <strong>dur\u00e9e maximale<\/strong> initiale d&rsquo;une mission de <strong>d\u00e9tachement<\/strong> est de douze mois. Une prolongation justifi\u00e9e de six mois est possible, portant la dur\u00e9e totale maximale \u00e0 dix-huit mois. Au-del\u00e0 de cette limite, la l\u00e9gislation fran\u00e7aise s&rsquo;applique int\u00e9gralement pour prot\u00e9ger le <strong><a href=\"https:\/\/rapid-interim.com\/index.php\/2024\/06\/20\/recruter-un-travailleur-detache\/\" data-internallinksmanager029f6b8e52c=\"35\" title=\"travailleur d\u00e9tach\u00e9\">travailleur d\u00e9tach\u00e9<\/a><\/strong>.<\/p>\n<p>Un d\u00e9lai de carence de deux mois est impos\u00e9 avant de d\u00e9buter une nouvelle mission pour le m\u00eame salari\u00e9. Apr\u00e8s vingt-quatre mois cumul\u00e9s de <strong>d\u00e9tachement<\/strong>, l&rsquo;affiliation \u00e0 la <strong>s\u00e9curit\u00e9 sociale<\/strong> fran\u00e7aise devient obligatoire. Chaque nouveau d\u00e9part n\u00e9cessite une <strong>d\u00e9claration<\/strong> officielle et compl\u00e8te aupr\u00e8s des autorit\u00e9s comp\u00e9tentes.<\/p>\n<\/p><\/div><\/div><\/div>\n<\/section>\n","protected":false},"excerpt":{"rendered":"<p>D\u00e9couvrez le cadre l\u00e9gal du travailleur d\u00e9tach\u00e9 roumain en France : directives europ\u00e9ennes sur le d\u00e9tachement des travailleurs, obligations d\u00e9claratives et conditions applicables.<\/p>\n","protected":false},"author":1,"featured_media":22123,"comment_status":"open","ping_status":"open","sticky":false,"template":"","format":"standard","meta":{"_crdt_document":"","_jetpack_memberships_contains_paid_content":false,"footnotes":""},"categories":[157],"tags":[],"class_list":["post-22124","post","type-post","status-publish","format-standard","has-post-thumbnail","hentry","category-emploi"],"yoast_head":"<!-- This site is optimized with the Yoast SEO plugin v27.5 - https:\/\/yoast.com\/product\/yoast-seo-wordpress\/ -->\n<title>Travailleur d\u00e9tach\u00e9 roumain : cadre l\u00e9gal et r\u00e9glementation<\/title>\n<meta name=\"description\" content=\"D\u00e9couvrez le cadre l\u00e9gal du travailleur d\u00e9tach\u00e9 roumain en France : directives europ\u00e9ennes sur le d\u00e9tachement des travailleurs, obligations d\u00e9claratives et conditions applicables.\" \/>\n<meta name=\"robots\" content=\"index, follow, max-snippet:-1, max-image-preview:large, max-video-preview:-1\" \/>\n<link rel=\"canonical\" href=\"https:\/\/rapid-interim.com\/index.php\/2026\/04\/22\/travailleur-detache-roumain-cadre-legal\/\" \/>\n<meta property=\"og:locale\" content=\"fr_FR\" \/>\n<meta property=\"og:type\" content=\"article\" \/>\n<meta property=\"og:title\" content=\"Travailleur d\u00e9tach\u00e9 roumain : cadre l\u00e9gal et r\u00e9glementation\" \/>\n<meta property=\"og:description\" content=\"D\u00e9couvrez le cadre l\u00e9gal du travailleur d\u00e9tach\u00e9 roumain en France : directives europ\u00e9ennes sur le d\u00e9tachement des travailleurs, obligations d\u00e9claratives et conditions applicables.\" \/>\n<meta property=\"og:url\" content=\"https:\/\/rapid-interim.com\/index.php\/2026\/04\/22\/travailleur-detache-roumain-cadre-legal\/\" \/>\n<meta property=\"og:site_name\" content=\"rapid-interim\" \/>\n<meta property=\"article:published_time\" content=\"2026-04-22T04:39:30+00:00\" \/>\n<meta property=\"og:image\" content=\"https:\/\/rapid-interim.com\/wp-content\/uploads\/2026\/04\/travailleur-detache-roumain-cadre-legal-homme-chemise-bleue.webp\" \/>\n\t<meta property=\"og:image:width\" content=\"1264\" \/>\n\t<meta property=\"og:image:height\" content=\"848\" \/>\n\t<meta property=\"og:image:type\" content=\"image\/webp\" \/>\n<meta name=\"author\" content=\"Marie Dubois\" \/>\n<meta name=\"twitter:card\" content=\"summary_large_image\" \/>\n<meta name=\"twitter:label1\" content=\"\u00c9crit par\" \/>\n\t<meta name=\"twitter:data1\" content=\"Marie Dubois\" \/>\n\t<meta name=\"twitter:label2\" content=\"Dur\u00e9e de lecture estim\u00e9e\" \/>\n\t<meta name=\"twitter:data2\" content=\"9 minutes\" \/>\n<script type=\"application\/ld+json\" class=\"yoast-schema-graph\">{\"@context\":\"https:\\\/\\\/schema.org\",\"@graph\":[{\"@type\":\"Article\",\"@id\":\"https:\\\/\\\/rapid-interim.com\\\/index.php\\\/2026\\\/04\\\/22\\\/travailleur-detache-roumain-cadre-legal\\\/#article\",\"isPartOf\":{\"@id\":\"https:\\\/\\\/rapid-interim.com\\\/index.php\\\/2026\\\/04\\\/22\\\/travailleur-detache-roumain-cadre-legal\\\/\"},\"author\":{\"name\":\"Marie Dubois\",\"@id\":\"https:\\\/\\\/rapid-interim.com\\\/#\\\/schema\\\/person\\\/c80cf67768e43267c59b9c4095fac056\"},\"headline\":\"Travailleur d\u00e9tach\u00e9 roumain : cadre l\u00e9gal et r\u00e9glementation\",\"datePublished\":\"2026-04-22T04:39:30+00:00\",\"mainEntityOfPage\":{\"@id\":\"https:\\\/\\\/rapid-interim.com\\\/index.php\\\/2026\\\/04\\\/22\\\/travailleur-detache-roumain-cadre-legal\\\/\"},\"wordCount\":1838,\"commentCount\":0,\"publisher\":{\"@id\":\"https:\\\/\\\/rapid-interim.com\\\/#organization\"},\"image\":{\"@id\":\"https:\\\/\\\/rapid-interim.com\\\/index.php\\\/2026\\\/04\\\/22\\\/travailleur-detache-roumain-cadre-legal\\\/#primaryimage\"},\"thumbnailUrl\":\"https:\\\/\\\/rapid-interim.com\\\/wp-content\\\/uploads\\\/2026\\\/04\\\/travailleur-detache-roumain-cadre-legal-homme-chemise-bleue.webp\",\"articleSection\":[\"Emploi\"],\"inLanguage\":\"fr-FR\",\"potentialAction\":[{\"@type\":\"CommentAction\",\"name\":\"Comment\",\"target\":[\"https:\\\/\\\/rapid-interim.com\\\/index.php\\\/2026\\\/04\\\/22\\\/travailleur-detache-roumain-cadre-legal\\\/#respond\"]}]},{\"@type\":\"WebPage\",\"@id\":\"https:\\\/\\\/rapid-interim.com\\\/index.php\\\/2026\\\/04\\\/22\\\/travailleur-detache-roumain-cadre-legal\\\/\",\"url\":\"https:\\\/\\\/rapid-interim.com\\\/index.php\\\/2026\\\/04\\\/22\\\/travailleur-detache-roumain-cadre-legal\\\/\",\"name\":\"Travailleur d\u00e9tach\u00e9 roumain : cadre l\u00e9gal et r\u00e9glementation\",\"isPartOf\":{\"@id\":\"https:\\\/\\\/rapid-interim.com\\\/#website\"},\"primaryImageOfPage\":{\"@id\":\"https:\\\/\\\/rapid-interim.com\\\/index.php\\\/2026\\\/04\\\/22\\\/travailleur-detache-roumain-cadre-legal\\\/#primaryimage\"},\"image\":{\"@id\":\"https:\\\/\\\/rapid-interim.com\\\/index.php\\\/2026\\\/04\\\/22\\\/travailleur-detache-roumain-cadre-legal\\\/#primaryimage\"},\"thumbnailUrl\":\"https:\\\/\\\/rapid-interim.com\\\/wp-content\\\/uploads\\\/2026\\\/04\\\/travailleur-detache-roumain-cadre-legal-homme-chemise-bleue.webp\",\"datePublished\":\"2026-04-22T04:39:30+00:00\",\"description\":\"D\u00e9couvrez le cadre l\u00e9gal du travailleur d\u00e9tach\u00e9 roumain en France : directives europ\u00e9ennes sur le d\u00e9tachement des travailleurs, obligations d\u00e9claratives et conditions applicables.\",\"breadcrumb\":{\"@id\":\"https:\\\/\\\/rapid-interim.com\\\/index.php\\\/2026\\\/04\\\/22\\\/travailleur-detache-roumain-cadre-legal\\\/#breadcrumb\"},\"inLanguage\":\"fr-FR\",\"potentialAction\":[{\"@type\":\"ReadAction\",\"target\":[\"https:\\\/\\\/rapid-interim.com\\\/index.php\\\/2026\\\/04\\\/22\\\/travailleur-detache-roumain-cadre-legal\\\/\"]}]},{\"@type\":\"ImageObject\",\"inLanguage\":\"fr-FR\",\"@id\":\"https:\\\/\\\/rapid-interim.com\\\/index.php\\\/2026\\\/04\\\/22\\\/travailleur-detache-roumain-cadre-legal\\\/#primaryimage\",\"url\":\"https:\\\/\\\/rapid-interim.com\\\/wp-content\\\/uploads\\\/2026\\\/04\\\/travailleur-detache-roumain-cadre-legal-homme-chemise-bleue.webp\",\"contentUrl\":\"https:\\\/\\\/rapid-interim.com\\\/wp-content\\\/uploads\\\/2026\\\/04\\\/travailleur-detache-roumain-cadre-legal-homme-chemise-bleue.webp\",\"width\":1264,\"height\":848,\"caption\":\"Travailleur d\u00e9tach\u00e9 roumain cadre l\u00e9gal: un homme en chemise bleue discute avec un coll\u00e8gue autour de plans et d\u2019un ordinateur dans un bureau d\u2019ing\u00e9nierie.\"},{\"@type\":\"BreadcrumbList\",\"@id\":\"https:\\\/\\\/rapid-interim.com\\\/index.php\\\/2026\\\/04\\\/22\\\/travailleur-detache-roumain-cadre-legal\\\/#breadcrumb\",\"itemListElement\":[{\"@type\":\"ListItem\",\"position\":1,\"name\":\"Accueil\",\"item\":\"https:\\\/\\\/rapid-interim.com\\\/\"},{\"@type\":\"ListItem\",\"position\":2,\"name\":\"Travailleur d\u00e9tach\u00e9 roumain : cadre l\u00e9gal et r\u00e9glementation\"}]},{\"@type\":\"WebSite\",\"@id\":\"https:\\\/\\\/rapid-interim.com\\\/#website\",\"url\":\"https:\\\/\\\/rapid-interim.com\\\/\",\"name\":\"rapid-interim\",\"description\":\"Interim et travail temporaire\",\"publisher\":{\"@id\":\"https:\\\/\\\/rapid-interim.com\\\/#organization\"},\"potentialAction\":[{\"@type\":\"SearchAction\",\"target\":{\"@type\":\"EntryPoint\",\"urlTemplate\":\"https:\\\/\\\/rapid-interim.com\\\/?s={search_term_string}\"},\"query-input\":{\"@type\":\"PropertyValueSpecification\",\"valueRequired\":true,\"valueName\":\"search_term_string\"}}],\"inLanguage\":\"fr-FR\"},{\"@type\":\"Organization\",\"@id\":\"https:\\\/\\\/rapid-interim.com\\\/#organization\",\"name\":\"rapid-interim\",\"url\":\"https:\\\/\\\/rapid-interim.com\\\/\",\"logo\":{\"@type\":\"ImageObject\",\"inLanguage\":\"fr-FR\",\"@id\":\"https:\\\/\\\/rapid-interim.com\\\/#\\\/schema\\\/logo\\\/image\\\/\",\"url\":\"https:\\\/\\\/rapid-interim.com\\\/wp-content\\\/uploads\\\/2022\\\/06\\\/cropped-rapid-inetrim.png\",\"contentUrl\":\"https:\\\/\\\/rapid-interim.com\\\/wp-content\\\/uploads\\\/2022\\\/06\\\/cropped-rapid-inetrim.png\",\"width\":314,\"height\":137,\"caption\":\"rapid-interim\"},\"image\":{\"@id\":\"https:\\\/\\\/rapid-interim.com\\\/#\\\/schema\\\/logo\\\/image\\\/\"}},{\"@type\":\"Person\",\"@id\":\"https:\\\/\\\/rapid-interim.com\\\/#\\\/schema\\\/person\\\/c80cf67768e43267c59b9c4095fac056\",\"name\":\"Marie Dubois\",\"image\":{\"@type\":\"ImageObject\",\"inLanguage\":\"fr-FR\",\"@id\":\"https:\\\/\\\/secure.gravatar.com\\\/avatar\\\/c5d9a389371c49a3eb3d5c05c1bdb9d2124cabb2c990e1eb227c370b66139bfe?s=96&d=mm&r=g\",\"url\":\"https:\\\/\\\/secure.gravatar.com\\\/avatar\\\/c5d9a389371c49a3eb3d5c05c1bdb9d2124cabb2c990e1eb227c370b66139bfe?s=96&d=mm&r=g\",\"contentUrl\":\"https:\\\/\\\/secure.gravatar.com\\\/avatar\\\/c5d9a389371c49a3eb3d5c05c1bdb9d2124cabb2c990e1eb227c370b66139bfe?s=96&d=mm&r=g\",\"caption\":\"Marie Dubois\"},\"sameAs\":[\"http:\\\/\\\/rapid-interim.com\"],\"url\":\"https:\\\/\\\/rapid-interim.com\\\/index.php\\\/author\\\/rapid-interim-com\\\/\"}]}<\/script>\n<!-- \/ Yoast SEO plugin. -->","yoast_head_json":{"title":"Travailleur d\u00e9tach\u00e9 roumain : cadre l\u00e9gal et r\u00e9glementation","description":"D\u00e9couvrez le cadre l\u00e9gal du travailleur d\u00e9tach\u00e9 roumain en France : directives europ\u00e9ennes sur le d\u00e9tachement des travailleurs, obligations d\u00e9claratives et conditions applicables.","robots":{"index":"index","follow":"follow","max-snippet":"max-snippet:-1","max-image-preview":"max-image-preview:large","max-video-preview":"max-video-preview:-1"},"canonical":"https:\/\/rapid-interim.com\/index.php\/2026\/04\/22\/travailleur-detache-roumain-cadre-legal\/","og_locale":"fr_FR","og_type":"article","og_title":"Travailleur d\u00e9tach\u00e9 roumain : cadre l\u00e9gal et r\u00e9glementation","og_description":"D\u00e9couvrez le cadre l\u00e9gal du travailleur d\u00e9tach\u00e9 roumain en France : directives europ\u00e9ennes sur le d\u00e9tachement des travailleurs, obligations d\u00e9claratives et conditions applicables.","og_url":"https:\/\/rapid-interim.com\/index.php\/2026\/04\/22\/travailleur-detache-roumain-cadre-legal\/","og_site_name":"rapid-interim","article_published_time":"2026-04-22T04:39:30+00:00","og_image":[{"width":1264,"height":848,"url":"https:\/\/rapid-interim.com\/wp-content\/uploads\/2026\/04\/travailleur-detache-roumain-cadre-legal-homme-chemise-bleue.webp","type":"image\/webp"}],"author":"Marie Dubois","twitter_card":"summary_large_image","twitter_misc":{"\u00c9crit par":"Marie Dubois","Dur\u00e9e de lecture estim\u00e9e":"9 minutes"},"schema":{"@context":"https:\/\/schema.org","@graph":[{"@type":"Article","@id":"https:\/\/rapid-interim.com\/index.php\/2026\/04\/22\/travailleur-detache-roumain-cadre-legal\/#article","isPartOf":{"@id":"https:\/\/rapid-interim.com\/index.php\/2026\/04\/22\/travailleur-detache-roumain-cadre-legal\/"},"author":{"name":"Marie Dubois","@id":"https:\/\/rapid-interim.com\/#\/schema\/person\/c80cf67768e43267c59b9c4095fac056"},"headline":"Travailleur d\u00e9tach\u00e9 roumain : cadre l\u00e9gal et r\u00e9glementation","datePublished":"2026-04-22T04:39:30+00:00","mainEntityOfPage":{"@id":"https:\/\/rapid-interim.com\/index.php\/2026\/04\/22\/travailleur-detache-roumain-cadre-legal\/"},"wordCount":1838,"commentCount":0,"publisher":{"@id":"https:\/\/rapid-interim.com\/#organization"},"image":{"@id":"https:\/\/rapid-interim.com\/index.php\/2026\/04\/22\/travailleur-detache-roumain-cadre-legal\/#primaryimage"},"thumbnailUrl":"https:\/\/rapid-interim.com\/wp-content\/uploads\/2026\/04\/travailleur-detache-roumain-cadre-legal-homme-chemise-bleue.webp","articleSection":["Emploi"],"inLanguage":"fr-FR","potentialAction":[{"@type":"CommentAction","name":"Comment","target":["https:\/\/rapid-interim.com\/index.php\/2026\/04\/22\/travailleur-detache-roumain-cadre-legal\/#respond"]}]},{"@type":"WebPage","@id":"https:\/\/rapid-interim.com\/index.php\/2026\/04\/22\/travailleur-detache-roumain-cadre-legal\/","url":"https:\/\/rapid-interim.com\/index.php\/2026\/04\/22\/travailleur-detache-roumain-cadre-legal\/","name":"Travailleur d\u00e9tach\u00e9 roumain : cadre l\u00e9gal et r\u00e9glementation","isPartOf":{"@id":"https:\/\/rapid-interim.com\/#website"},"primaryImageOfPage":{"@id":"https:\/\/rapid-interim.com\/index.php\/2026\/04\/22\/travailleur-detache-roumain-cadre-legal\/#primaryimage"},"image":{"@id":"https:\/\/rapid-interim.com\/index.php\/2026\/04\/22\/travailleur-detache-roumain-cadre-legal\/#primaryimage"},"thumbnailUrl":"https:\/\/rapid-interim.com\/wp-content\/uploads\/2026\/04\/travailleur-detache-roumain-cadre-legal-homme-chemise-bleue.webp","datePublished":"2026-04-22T04:39:30+00:00","description":"D\u00e9couvrez le cadre l\u00e9gal du travailleur d\u00e9tach\u00e9 roumain en France : directives europ\u00e9ennes sur le d\u00e9tachement des travailleurs, obligations d\u00e9claratives et conditions applicables.","breadcrumb":{"@id":"https:\/\/rapid-interim.com\/index.php\/2026\/04\/22\/travailleur-detache-roumain-cadre-legal\/#breadcrumb"},"inLanguage":"fr-FR","potentialAction":[{"@type":"ReadAction","target":["https:\/\/rapid-interim.com\/index.php\/2026\/04\/22\/travailleur-detache-roumain-cadre-legal\/"]}]},{"@type":"ImageObject","inLanguage":"fr-FR","@id":"https:\/\/rapid-interim.com\/index.php\/2026\/04\/22\/travailleur-detache-roumain-cadre-legal\/#primaryimage","url":"https:\/\/rapid-interim.com\/wp-content\/uploads\/2026\/04\/travailleur-detache-roumain-cadre-legal-homme-chemise-bleue.webp","contentUrl":"https:\/\/rapid-interim.com\/wp-content\/uploads\/2026\/04\/travailleur-detache-roumain-cadre-legal-homme-chemise-bleue.webp","width":1264,"height":848,"caption":"Travailleur d\u00e9tach\u00e9 roumain cadre l\u00e9gal: un homme en chemise bleue discute avec un coll\u00e8gue autour de plans et d\u2019un ordinateur dans un bureau d\u2019ing\u00e9nierie."},{"@type":"BreadcrumbList","@id":"https:\/\/rapid-interim.com\/index.php\/2026\/04\/22\/travailleur-detache-roumain-cadre-legal\/#breadcrumb","itemListElement":[{"@type":"ListItem","position":1,"name":"Accueil","item":"https:\/\/rapid-interim.com\/"},{"@type":"ListItem","position":2,"name":"Travailleur d\u00e9tach\u00e9 roumain : cadre l\u00e9gal et r\u00e9glementation"}]},{"@type":"WebSite","@id":"https:\/\/rapid-interim.com\/#website","url":"https:\/\/rapid-interim.com\/","name":"rapid-interim","description":"Interim et travail temporaire","publisher":{"@id":"https:\/\/rapid-interim.com\/#organization"},"potentialAction":[{"@type":"SearchAction","target":{"@type":"EntryPoint","urlTemplate":"https:\/\/rapid-interim.com\/?s={search_term_string}"},"query-input":{"@type":"PropertyValueSpecification","valueRequired":true,"valueName":"search_term_string"}}],"inLanguage":"fr-FR"},{"@type":"Organization","@id":"https:\/\/rapid-interim.com\/#organization","name":"rapid-interim","url":"https:\/\/rapid-interim.com\/","logo":{"@type":"ImageObject","inLanguage":"fr-FR","@id":"https:\/\/rapid-interim.com\/#\/schema\/logo\/image\/","url":"https:\/\/rapid-interim.com\/wp-content\/uploads\/2022\/06\/cropped-rapid-inetrim.png","contentUrl":"https:\/\/rapid-interim.com\/wp-content\/uploads\/2022\/06\/cropped-rapid-inetrim.png","width":314,"height":137,"caption":"rapid-interim"},"image":{"@id":"https:\/\/rapid-interim.com\/#\/schema\/logo\/image\/"}},{"@type":"Person","@id":"https:\/\/rapid-interim.com\/#\/schema\/person\/c80cf67768e43267c59b9c4095fac056","name":"Marie Dubois","image":{"@type":"ImageObject","inLanguage":"fr-FR","@id":"https:\/\/secure.gravatar.com\/avatar\/c5d9a389371c49a3eb3d5c05c1bdb9d2124cabb2c990e1eb227c370b66139bfe?s=96&d=mm&r=g","url":"https:\/\/secure.gravatar.com\/avatar\/c5d9a389371c49a3eb3d5c05c1bdb9d2124cabb2c990e1eb227c370b66139bfe?s=96&d=mm&r=g","contentUrl":"https:\/\/secure.gravatar.com\/avatar\/c5d9a389371c49a3eb3d5c05c1bdb9d2124cabb2c990e1eb227c370b66139bfe?s=96&d=mm&r=g","caption":"Marie Dubois"},"sameAs":["http:\/\/rapid-interim.com"],"url":"https:\/\/rapid-interim.com\/index.php\/author\/rapid-interim-com\/"}]}},"jetpack_featured_media_url":"https:\/\/rapid-interim.com\/wp-content\/uploads\/2026\/04\/travailleur-detache-roumain-cadre-legal-homme-chemise-bleue.webp","jetpack_sharing_enabled":true,"_links":{"self":[{"href":"https:\/\/rapid-interim.com\/index.php\/wp-json\/wp\/v2\/posts\/22124","targetHints":{"allow":["GET"]}}],"collection":[{"href":"https:\/\/rapid-interim.com\/index.php\/wp-json\/wp\/v2\/posts"}],"about":[{"href":"https:\/\/rapid-interim.com\/index.php\/wp-json\/wp\/v2\/types\/post"}],"author":[{"embeddable":true,"href":"https:\/\/rapid-interim.com\/index.php\/wp-json\/wp\/v2\/users\/1"}],"replies":[{"embeddable":true,"href":"https:\/\/rapid-interim.com\/index.php\/wp-json\/wp\/v2\/comments?post=22124"}],"version-history":[{"count":0,"href":"https:\/\/rapid-interim.com\/index.php\/wp-json\/wp\/v2\/posts\/22124\/revisions"}],"wp:featuredmedia":[{"embeddable":true,"href":"https:\/\/rapid-interim.com\/index.php\/wp-json\/wp\/v2\/media\/22123"}],"wp:attachment":[{"href":"https:\/\/rapid-interim.com\/index.php\/wp-json\/wp\/v2\/media?parent=22124"}],"wp:term":[{"taxonomy":"category","embeddable":true,"href":"https:\/\/rapid-interim.com\/index.php\/wp-json\/wp\/v2\/categories?post=22124"},{"taxonomy":"post_tag","embeddable":true,"href":"https:\/\/rapid-interim.com\/index.php\/wp-json\/wp\/v2\/tags?post=22124"}],"curies":[{"name":"wp","href":"https:\/\/api.w.org\/{rel}","templated":true}]}}