{"id":21975,"date":"2025-02-23T04:42:13","date_gmt":"2025-02-23T03:42:13","guid":{"rendered":"https:\/\/rapid-interim.com\/?p=21975"},"modified":"2025-03-03T16:59:42","modified_gmt":"2025-03-03T15:59:42","slug":"les-tendances-du-marche-de-linterim-roumain-en-hotellerie-et-restauration","status":"publish","type":"post","link":"https:\/\/rapid-interim.com\/index.php\/2025\/02\/23\/les-tendances-du-marche-de-linterim-roumain-en-hotellerie-et-restauration\/","title":{"rendered":"Tendances du march\u00e9 de l\u2019int\u00e9rim roumain en h\u00f4tellerie et restauration"},"content":{"rendered":"\r\n<h2 class=\"wp-block-heading\"><strong>Introduction<\/strong><\/h2>\r\n\r\n\r\n\r\n<p class=\"wp-block-paragraph\">L\u2019h\u00f4tellerie et la restauration en Europe connaissent une transformation profonde, marqu\u00e9e par <strong>une p\u00e9nurie de <a href=\"https:\/\/rapid-interim.com\/\" data-internallinksmanager029f6b8e52c=\"45\" title=\"Main-d\u2019\u0153uvre qualifi\u00e9e\">main-d\u2019\u0153uvre qualifi\u00e9e<\/a><\/strong>, des exigences accrues en mati\u00e8re de service et une demande saisonni\u00e8re fluctuante. Dans ce contexte, <strong>l\u2019int\u00e9rim roumain<\/strong> s\u2019impose comme une solution cl\u00e9 pour r\u00e9pondre aux besoins de ces secteurs en pleine mutation.<\/p>\r\n\r\n\r\n\r\n<p class=\"wp-block-paragraph\">Gr\u00e2ce \u00e0 <strong>la flexibilit\u00e9, aux comp\u00e9tences et \u00e0 l\u2019adaptabilit\u00e9<\/strong> des <a href=\"https:\/\/rapid-interim.com\/index.php\/2025\/02\/24\/reglementation-europeenne-et-detachement-des-travailleurs-roumains\/\" data-internallinksmanager029f6b8e52c=\"28\" title=\"Travailleurs roumains\">travailleurs roumains<\/a>, les entreprises h\u00f4teli\u00e8res et de restauration haut de gamme peuvent maintenir <strong>un haut niveau de service tout en s\u2019adaptant aux fluctuations du march\u00e9<\/strong>. Cet article explore <strong>les tendances actuelles et les perspectives d\u2019avenir du march\u00e9 de l\u2019int\u00e9rim roumain en h\u00f4tellerie et restauration<\/strong>.<\/p>\r\n\r\n\r\n<hr class=\"wp-block-separator has-alpha-channel-opacity\" \/>\r\n\r\n\r\n<h2 class=\"wp-block-heading\"><strong>1. L\u2019int\u00e9rim roumain dans l\u2019h\u00f4tellerie et la restauration : un march\u00e9 en expansion<\/strong><\/h2>\r\n\r\n\r\n\r\n<h3 class=\"wp-block-heading\"><strong>1.1. Une r\u00e9ponse aux p\u00e9nuries de main-d\u2019\u0153uvre en Europe<\/strong><\/h3>\r\n\r\n\r\n\r\n<p class=\"wp-block-paragraph\">Les h\u00f4tels et restaurants europ\u00e9ens rencontrent d\u2019importantes <strong>difficult\u00e9s de <a href=\"https:\/\/rapid-interim.com\/\" data-internallinksmanager029f6b8e52c=\"44\" title=\"Accueil - Agence d&#039;interim roumaine\">recrutement<\/a><\/strong>, exacerb\u00e9es par plusieurs facteurs :<\/p>\r\n\r\n\r\n\r\n<ul class=\"wp-block-list\">\r\n<li><strong>Le vieillissement de la population active<\/strong>, limitant le nombre de travailleurs disponibles.<\/li>\r\n\r\n\r\n\r\n<li><strong>Un d\u00e9sint\u00e9r\u00eat des travailleurs locaux pour les m\u00e9tiers exigeants de l\u2019h\u00f4tellerie et de la restauration<\/strong> (horaires d\u00e9cal\u00e9s, forte charge de travail).<\/li>\r\n\r\n\r\n\r\n<li><strong>Les effets du Brexit et des restrictions migratoires<\/strong> dans certains pays, r\u00e9duisant le nombre de travailleurs disponibles.<\/li>\r\n<\/ul>\r\n\r\n\r\n\r\n<p class=\"wp-block-paragraph\">Face \u00e0 ces d\u00e9fis, <strong>le <a href=\"https:\/\/rapid-interim.com\/index.php\/2025\/02\/20\/travail-detache-en-france-impact-sur-leconomie-locale\/\" data-internallinksmanager029f6b8e52c=\"25\" title=\"Travail d\u00e9tach\u00e9\">travail d\u00e9tach\u00e9<\/a> roumain en int\u00e9rim<\/strong> repr\u00e9sente une alternative efficace pour les employeurs cherchant \u00e0 combler les postes vacants.<\/p>\r\n\r\n\r\n\r\n<h3 class=\"wp-block-heading\"><strong>1.2. Une forte pr\u00e9sence des travailleurs roumains en Europe<\/strong><\/h3>\r\n\r\n\r\n\r\n<p class=\"wp-block-paragraph\">Les <a href=\"https:\/\/rapid-interim.com\/index.php\/2025\/02\/24\/reglementation-europeenne-et-detachement-des-travailleurs-roumains\/\" data-internallinksmanager029f6b8e52c=\"28\" title=\"Travailleurs roumains\">travailleurs roumains<\/a> en int\u00e9rim sont particuli\u00e8rement pr\u00e9sents dans :<\/p>\r\n\r\n\r\n\r\n<ul class=\"wp-block-list\">\r\n<li><strong>Les grandes capitales touristiques<\/strong> (Paris, Londres, Rome, Madrid, Berlin).<\/li>\r\n\r\n\r\n\r\n<li><strong>Les zones saisonni\u00e8res<\/strong> (stations baln\u00e9aires, stations de ski, \u00eeles touristiques).<\/li>\r\n\r\n\r\n\r\n<li><strong>Les \u00e9tablissements de luxe<\/strong>, o\u00f9 la demande de <a href=\"https:\/\/rapid-interim.com\/\" data-internallinksmanager029f6b8e52c=\"43\" title=\"personnel qualifi\u00e9\">personnel qualifi\u00e9<\/a> est \u00e9lev\u00e9e.<\/li>\r\n<\/ul>\r\n\r\n\r\n\r\n<p class=\"wp-block-paragraph\">Leur <strong>savoir-faire et leur professionnalisme<\/strong> sont particuli\u00e8rement appr\u00e9ci\u00e9s dans des postes tels que :<\/p>\r\n\r\n\r\n\r\n<ul class=\"wp-block-list\">\r\n<li>Serveurs, barmans, sommeliers.<\/li>\r\n\r\n\r\n\r\n<li>R\u00e9ceptionnistes et concierges.<\/li>\r\n\r\n\r\n\r\n<li>Cuisiniers, chefs p\u00e2tissiers, commis de cuisine.<\/li>\r\n\r\n\r\n\r\n<li>Gouvernantes et personnel d\u2019entretien.<\/li>\r\n<\/ul>\r\n\r\n\r\n<hr class=\"wp-block-separator has-alpha-channel-opacity\" \/>\r\n\r\n\r\n<h2 class=\"wp-block-heading\"><strong>2. Les nouvelles tendances du march\u00e9 de l\u2019int\u00e9rim en h\u00f4tellerie et restauration<\/strong><\/h2>\r\n\r\n\r\n\r\n<figure class=\"wp-block-image size-large\"><img fetchpriority=\"high\" decoding=\"async\" width=\"660\" height=\"441\" class=\"wp-image-21964\" src=\"https:\/\/rapid-interim.com\/wp-content\/uploads\/2025\/02\/boulanger-metier-difficile7885562703603446123.jpg\" alt=\"\" srcset=\"https:\/\/rapid-interim.com\/wp-content\/uploads\/2025\/02\/boulanger-metier-difficile7885562703603446123.jpg 660w, https:\/\/rapid-interim.com\/wp-content\/uploads\/2025\/02\/boulanger-metier-difficile7885562703603446123-300x200.jpg 300w, https:\/\/rapid-interim.com\/wp-content\/uploads\/2025\/02\/boulanger-metier-difficile7885562703603446123-600x401.jpg 600w\" sizes=\"(max-width: 660px) 100vw, 660px\" \/><\/figure>\r\n\r\n\r\n\r\n<h3 class=\"wp-block-heading\"><strong>2.1. La digitalisation du recrutement int\u00e9rimaire<\/strong><\/h3>\r\n\r\n\r\n\r\n<p class=\"wp-block-paragraph\">L\u2019essor des <strong>plateformes num\u00e9riques de <a href=\"https:\/\/rapid-interim.com\/\" data-internallinksmanager029f6b8e52c=\"44\" title=\"Accueil - Agence d&#039;interim roumaine\">recrutement<\/a><\/strong> et des <a href=\"https:\/\/rapid-interim.com\/\" data-internallinksmanager029f6b8e52c=\"47\" title=\"agences d\u2019int\u00e9rim\">agences d\u2019int\u00e9rim<\/a> en ligne facilite l\u2019embauche rapide de <a href=\"https:\/\/rapid-interim.com\/index.php\/2025\/02\/24\/reglementation-europeenne-et-detachement-des-travailleurs-roumains\/\" data-internallinksmanager029f6b8e52c=\"28\" title=\"Travailleurs roumains\">travailleurs roumains<\/a> qualifi\u00e9s.<\/p>\r\n\r\n\r\n\r\n<ul class=\"wp-block-list\">\r\n<li><strong>Applications mobiles et plateformes sp\u00e9cialis\u00e9es<\/strong> permettant aux entreprises de trouver rapidement des int\u00e9rimaires.<\/li>\r\n\r\n\r\n\r\n<li><strong>Processus de s\u00e9lection automatis\u00e9<\/strong> bas\u00e9 sur les comp\u00e9tences et l\u2019exp\u00e9rience des candidats.<\/li>\r\n\r\n\r\n\r\n<li><strong>Gestion simplifi\u00e9e des contrats et des paiements<\/strong>, r\u00e9duisant la charge administrative pour les employeurs et les travailleurs.<\/li>\r\n<\/ul>\r\n\r\n\r\n\r\n<p class=\"wp-block-paragraph\">Cette digitalisation permet aux <a href=\"https:\/\/rapid-interim.com\/index.php\/2025\/02\/18\/travailleurs-interimaires-roumains-dans-lindustrie-laitiere-une-reponse-aux-besoins-en-main-doeuvre-qualifiee\/\" data-internallinksmanager029f6b8e52c=\"26\" title=\"Interimaires Roumains\">int\u00e9rimaires roumains<\/a> de <strong>postuler facilement \u00e0 des missions en Europe<\/strong> et d\u2019acc\u00e9der \u00e0 des <strong>opportunit\u00e9s adapt\u00e9es \u00e0 leur profil<\/strong>.<\/p>\r\n\r\n\r\n\r\n<h3 class=\"wp-block-heading\"><strong>2.2. Une plus grande flexibilit\u00e9 pour les employeurs et les travailleurs<\/strong><\/h3>\r\n\r\n\r\n\r\n<p class=\"wp-block-paragraph\">L\u2019int\u00e9rim dans l\u2019h\u00f4tellerie et la restauration \u00e9volue vers des <strong>mod\u00e8les plus flexibles<\/strong>, permettant aux entreprises de g\u00e9rer plus efficacement leurs effectifs :<\/p>\r\n\r\n\r\n\r\n<ul class=\"wp-block-list\">\r\n<li><strong>Travail saisonnier optimis\u00e9<\/strong>, avec des contrats courts adapt\u00e9s aux pics d\u2019activit\u00e9.<\/li>\r\n\r\n\r\n\r\n<li><strong>Possibilit\u00e9 pour les employ\u00e9s de choisir leurs missions<\/strong>, favorisant un meilleur \u00e9quilibre entre vie professionnelle et personnelle.<\/li>\r\n\r\n\r\n\r\n<li><strong>D\u00e9veloppement du travail hybride<\/strong>, o\u00f9 certains travailleurs combinent des missions en int\u00e9rim avec des postes fixes.<\/li>\r\n<\/ul>\r\n\r\n\r\n\r\n<p class=\"wp-block-paragraph\">Cette flexibilit\u00e9 attire de <strong>plus en plus de professionnels roumains<\/strong> qui cherchent \u00e0 maximiser leurs opportunit\u00e9s en Europe tout en ayant une plus grande libert\u00e9 dans le choix de leurs missions.<\/p>\r\n\r\n\r\n\r\n<h3 class=\"wp-block-heading\"><strong>2.3. La mont\u00e9e en gamme des services et l\u2019exigence accrue de qualifications<\/strong><\/h3>\r\n\r\n\r\n\r\n<p class=\"wp-block-paragraph\">Les h\u00f4tels et restaurants \u00e9toil\u00e9s recherchent aujourd\u2019hui <strong>des int\u00e9rimaires hautement qualifi\u00e9s<\/strong> pour maintenir leur standing.<\/p>\r\n\r\n\r\n\r\n<ul class=\"wp-block-list\">\r\n<li><strong>Certifications professionnelles<\/strong> de plus en plus demand\u00e9es.<\/li>\r\n\r\n\r\n\r\n<li><strong>Formation continue pour les int\u00e9rimaires<\/strong> afin d\u2019am\u00e9liorer leurs comp\u00e9tences en service, cuisine et gestion client.<\/li>\r\n\r\n\r\n\r\n<li><strong>Ma\u00eetrise des langues \u00e9trang\u00e8res<\/strong> essentielle pour \u00e9voluer dans des \u00e9tablissements de prestige.<\/li>\r\n<\/ul>\r\n\r\n\r\n\r\n<p class=\"wp-block-paragraph\">Les <a href=\"https:\/\/rapid-interim.com\/\" data-internallinksmanager029f6b8e52c=\"47\" title=\"agences d\u2019int\u00e9rim\">agences d\u2019int\u00e9rim<\/a> sp\u00e9cialis\u00e9es dans le <a href=\"https:\/\/rapid-interim.com\/\" data-internallinksmanager029f6b8e52c=\"44\" title=\"Accueil - Agence d&#039;interim roumaine\">recrutement<\/a> de <strong>travailleurs qualifi\u00e9s<\/strong> se multiplient, offrant des <strong>formations et des mises \u00e0 niveau r\u00e9guli\u00e8res<\/strong> aux <a href=\"https:\/\/rapid-interim.com\/index.php\/2025\/02\/24\/reglementation-europeenne-et-detachement-des-travailleurs-roumains\/\" data-internallinksmanager029f6b8e52c=\"28\" title=\"Travailleurs roumains\">travailleurs roumains<\/a>.<\/p>\r\n\r\n\r\n<hr class=\"wp-block-separator has-alpha-channel-opacity\" \/>\r\n\r\n\r\n<h2 class=\"wp-block-heading\"><strong>3. Les d\u00e9fis et perspectives du march\u00e9 de l\u2019int\u00e9rim roumain en h\u00f4tellerie et restauration<\/strong><\/h2>\r\n\r\n\r\n\r\n<h3 class=\"wp-block-heading\"><strong>3.1. R\u00e9glementation et protection des travailleurs d\u00e9tach\u00e9s<\/strong><\/h3>\r\n\r\n\r\n\r\n<p class=\"wp-block-paragraph\">Le <a href=\"https:\/\/rapid-interim.com\/index.php\/2025\/02\/20\/travail-detache-en-france-impact-sur-leconomie-locale\/\" data-internallinksmanager029f6b8e52c=\"25\" title=\"Travail d\u00e9tach\u00e9\">travail d\u00e9tach\u00e9<\/a> roumain en h\u00f4tellerie et restauration est soumis \u00e0 une <strong>r\u00e9glementation stricte<\/strong> en Europe, notamment en mati\u00e8re de :<\/p>\r\n\r\n\r\n\r\n<ul class=\"wp-block-list\">\r\n<li><strong>Respect des droits des travailleurs<\/strong> (salaires, <a href=\"https:\/\/rapid-interim.com\/index.php\/2025\/01\/22\/les-conditions-de-travail-des-interimaires-roumains-dans-le-secteur-de-la-logistique\/\" data-internallinksmanager029f6b8e52c=\"46\" title=\"conditions de travail\">conditions de travail<\/a>, temps de repos).<\/li>\r\n\r\n\r\n\r\n<li><strong>Harmonisation des statuts<\/strong> entre les int\u00e9rimaires et les employ\u00e9s locaux.<\/li>\r\n\r\n\r\n\r\n<li><strong>Lutte contre le travail non d\u00e9clar\u00e9 et les abus<\/strong> de certains employeurs.<\/li>\r\n<\/ul>\r\n\r\n\r\n\r\n<p class=\"wp-block-paragraph\">Les gouvernements europ\u00e9ens travaillent \u00e0 <strong>renforcer les protections<\/strong> pour garantir des conditions \u00e9quitables aux travailleurs d\u00e9tach\u00e9s roumains.<\/p>\r\n\r\n\r\n\r\n<h3 class=\"wp-block-heading\"><strong>3.2. Vers une reconnaissance accrue des int\u00e9rimaires roumains<\/strong><\/h3>\r\n\r\n\r\n\r\n<p class=\"wp-block-paragraph\">Si les <a href=\"https:\/\/rapid-interim.com\/index.php\/2025\/02\/24\/reglementation-europeenne-et-detachement-des-travailleurs-roumains\/\" data-internallinksmanager029f6b8e52c=\"28\" title=\"Travailleurs roumains\">travailleurs roumains<\/a> en h\u00f4tellerie et restauration sont <strong>reconnus pour leur efficacit\u00e9 et leur savoir-faire<\/strong>, ils restent parfois confront\u00e9s \u00e0 <strong>des freins \u00e0 leur \u00e9volution<\/strong> :<\/p>\r\n\r\n\r\n\r\n<figure class=\"wp-block-image\"><img decoding=\"async\" width=\"1920\" height=\"1295\" class=\"wp-image-21865\" src=\"https:\/\/rapid-interim.com\/wp-content\/uploads\/2024\/12\/54120.jpg\" alt=\"\" srcset=\"https:\/\/rapid-interim.com\/wp-content\/uploads\/2024\/12\/54120.jpg 1920w, https:\/\/rapid-interim.com\/wp-content\/uploads\/2024\/12\/54120-300x202.jpg 300w, https:\/\/rapid-interim.com\/wp-content\/uploads\/2024\/12\/54120-1024x691.jpg 1024w, https:\/\/rapid-interim.com\/wp-content\/uploads\/2024\/12\/54120-768x518.jpg 768w, https:\/\/rapid-interim.com\/wp-content\/uploads\/2024\/12\/54120-1536x1036.jpg 1536w, https:\/\/rapid-interim.com\/wp-content\/uploads\/2024\/12\/54120-600x405.jpg 600w\" sizes=\"(max-width: 1920px) 100vw, 1920px\" \/><\/figure>\r\n\r\n\r\n\r\n<ul class=\"wp-block-list\">\r\n<li><strong>Acc\u00e8s limit\u00e9 aux postes \u00e0 responsabilit\u00e9<\/strong>.<\/li>\r\n\r\n\r\n\r\n<li><strong>Difficult\u00e9 d\u2019int\u00e9gration dans certaines \u00e9quipes locales<\/strong>.<\/li>\r\n\r\n\r\n\r\n<li><strong>Besoin d\u2019une meilleure reconnaissance des dipl\u00f4mes et formations roumaines<\/strong>.<\/li>\r\n<\/ul>\r\n\r\n\r\n\r\n<p class=\"wp-block-paragraph\">Pour r\u00e9pondre \u00e0 ces enjeux, de <strong>nouvelles initiatives sont mises en place<\/strong> :<\/p>\r\n\r\n\r\n\r\n<ul class=\"wp-block-list\">\r\n<li><strong>Valorisation des <a href=\"https:\/\/rapid-interim.com\/index.php\/2025\/02\/24\/reglementation-europeenne-et-detachement-des-travailleurs-roumains\/\" data-internallinksmanager029f6b8e52c=\"28\" title=\"Travailleurs roumains\">travailleurs roumains<\/a><\/strong> gr\u00e2ce \u00e0 des formations certifiantes en Europe.<\/li>\r\n\r\n\r\n\r\n<li><strong>Programmes d\u2019int\u00e9gration et d\u2019accompagnement<\/strong> pour faciliter leur \u00e9volution professionnelle.<\/li>\r\n\r\n\r\n\r\n<li><strong>Promotion de l\u2019\u00e9galit\u00e9 salariale<\/strong> pour garantir des <a href=\"https:\/\/rapid-interim.com\/index.php\/2025\/01\/22\/les-conditions-de-travail-des-interimaires-roumains-dans-le-secteur-de-la-logistique\/\" data-internallinksmanager029f6b8e52c=\"46\" title=\"conditions de travail\">conditions de travail<\/a> justes.<\/li>\r\n<\/ul>\r\n\r\n\r\n\r\n<h3 class=\"wp-block-heading\"><strong>3.3. L\u2019avenir du travail int\u00e9rimaire roumain en h\u00f4tellerie et restauration<\/strong><\/h3>\r\n\r\n\r\n\r\n<p class=\"wp-block-paragraph\">\u00c0 l\u2019avenir, le march\u00e9 de l\u2019int\u00e9rim roumain dans l\u2019h\u00f4tellerie et la restauration devrait continuer de cro\u00eetre, port\u00e9 par :<\/p>\r\n\r\n\r\n\r\n<ul class=\"wp-block-list\">\r\n<li><strong>Une demande accrue de <a href=\"https:\/\/rapid-interim.com\/\" data-internallinksmanager029f6b8e52c=\"43\" title=\"personnel qualifi\u00e9\">personnel qualifi\u00e9<\/a><\/strong>, notamment dans le secteur du luxe et des grands \u00e9tablissements touristiques.<\/li>\r\n\r\n\r\n\r\n<li><strong>L\u2019\u00e9volution vers des mod\u00e8les plus flexibles<\/strong>, r\u00e9pondant aux besoins des travailleurs et des employeurs.<\/li>\r\n\r\n\r\n\r\n<li><strong>Un renforcement des garanties et protections<\/strong>, assurant des <a href=\"https:\/\/rapid-interim.com\/index.php\/2025\/01\/22\/les-conditions-de-travail-des-interimaires-roumains-dans-le-secteur-de-la-logistique\/\" data-internallinksmanager029f6b8e52c=\"46\" title=\"conditions de travail\">conditions de travail<\/a> optimales.<\/li>\r\n<\/ul>\r\n\r\n\r\n\r\n<p class=\"wp-block-paragraph\">Les employeurs europ\u00e9ens devront <strong>miser sur l\u2019int\u00e9rim roumain<\/strong> pour maintenir un <strong>service d\u2019exception<\/strong>, tout en am\u00e9liorant les conditions d\u2019int\u00e9gration et de reconnaissance des travailleurs.<\/p>\r\n\r\n\r\n<hr class=\"wp-block-separator has-alpha-channel-opacity\" \/>\r\n\r\n\r\n<h2 class=\"wp-block-heading\"><strong>Conclusion<\/strong><\/h2>\r\n\r\n\r\n\r\n<p class=\"wp-block-paragraph\">Le march\u00e9 de l\u2019int\u00e9rim roumain en h\u00f4tellerie et restauration conna\u00eet une <strong>\u00e9volution dynamique<\/strong>, port\u00e9e par la demande croissante en <a href=\"https:\/\/rapid-interim.com\/\" data-internallinksmanager029f6b8e52c=\"45\" title=\"Main-d\u2019\u0153uvre qualifi\u00e9e\">main-d\u2019\u0153uvre qualifi\u00e9e<\/a> et par les nouvelles technologies de <a href=\"https:\/\/rapid-interim.com\/\" data-internallinksmanager029f6b8e52c=\"44\" title=\"Accueil - Agence d&#039;interim roumaine\">recrutement<\/a>.<\/p>\r\n\r\n\r\n\r\n<p class=\"wp-block-paragraph\">Toutefois, des d\u00e9fis subsistent, notamment en mati\u00e8re de <strong>r\u00e9glementation, de reconnaissance des comp\u00e9tences et d\u2019int\u00e9gration des <a href=\"https:\/\/rapid-interim.com\/index.php\/2025\/02\/24\/reglementation-europeenne-et-detachement-des-travailleurs-roumains\/\" data-internallinksmanager029f6b8e52c=\"28\" title=\"Travailleurs roumains\">travailleurs roumains<\/a><\/strong>. Pour assurer un avenir prometteur \u00e0 ce march\u00e9, il est essentiel que les employeurs, les <a href=\"https:\/\/rapid-interim.com\/\" data-internallinksmanager029f6b8e52c=\"47\" title=\"agences d\u2019int\u00e9rim\">agences d\u2019int\u00e9rim<\/a> et les gouvernements collaborent afin de garantir <strong>des <a href=\"https:\/\/rapid-interim.com\/index.php\/2025\/01\/22\/les-conditions-de-travail-des-interimaires-roumains-dans-le-secteur-de-la-logistique\/\" data-internallinksmanager029f6b8e52c=\"46\" title=\"conditions de travail\">conditions de travail<\/a> \u00e9quitables et attractives<\/strong>.<\/p>\r\n\r\n\r\n\r\n<p class=\"wp-block-paragraph\">Avec une meilleure <strong>valorisation de leur expertise<\/strong>, les <a href=\"https:\/\/rapid-interim.com\/index.php\/2025\/02\/24\/reglementation-europeenne-et-detachement-des-travailleurs-roumains\/\" data-internallinksmanager029f6b8e52c=\"28\" title=\"Travailleurs roumains\">travailleurs roumains<\/a> continueront \u00e0 jouer un r\u00f4le cl\u00e9 dans <strong>l\u2019excellence du secteur h\u00f4telier et gastronomique europ\u00e9en<\/strong>.<\/p>\r\n","protected":false},"excerpt":{"rendered":"<p>Introduction L\u2019h\u00f4tellerie et la restauration en Europe connaissent une transformation profonde, marqu\u00e9e par une p\u00e9nurie de main-d\u2019\u0153uvre qualifi\u00e9e, des exigences accrues en mati\u00e8re de service et une demande saisonni\u00e8re fluctuante. Dans ce contexte, l\u2019int\u00e9rim roumain s\u2019impose comme une solution cl\u00e9 pour r\u00e9pondre aux besoins de ces secteurs en pleine mutation. Gr\u00e2ce \u00e0 la flexibilit\u00e9, aux [&hellip;]<\/p>\n","protected":false},"author":1,"featured_media":21597,"comment_status":"open","ping_status":"open","sticky":false,"template":"","format":"standard","meta":{"_crdt_document":"","_jetpack_memberships_contains_paid_content":false,"footnotes":""},"categories":[1,102],"tags":[129,128,73,118,120],"class_list":["post-21975","post","type-post","status-publish","format-standard","has-post-thumbnail","hentry","category-blog","category-hotellerie-et-restauration","tag-agence-de-recrutement-roumanie","tag-agence-interim-europeene","tag-agence-interim-roumanie","tag-interim-detache","tag-interim-etranger"],"yoast_head":"<!-- This site is optimized with the Yoast SEO plugin v27.5 - https:\/\/yoast.com\/product\/yoast-seo-wordpress\/ -->\n<title>Tendances du march\u00e9 de l\u2019int\u00e9rim roumain en h\u00f4tellerie et restauration - rapid-interim<\/title>\n<meta name=\"description\" content=\"Les tendances du march\u00e9 de l\u2019int\u00e9rim roumain en h\u00f4tellerie et restauration : flexibilit\u00e9, recrutement saisonnier et adaptation\" \/>\n<meta name=\"robots\" content=\"index, follow, max-snippet:-1, max-image-preview:large, max-video-preview:-1\" \/>\n<link rel=\"canonical\" href=\"https:\/\/rapid-interim.com\/index.php\/2025\/02\/23\/les-tendances-du-marche-de-linterim-roumain-en-hotellerie-et-restauration\/\" \/>\n<meta property=\"og:locale\" content=\"fr_FR\" \/>\n<meta property=\"og:type\" content=\"article\" \/>\n<meta property=\"og:title\" content=\"Tendances du march\u00e9 de l\u2019int\u00e9rim roumain en h\u00f4tellerie et restauration - rapid-interim\" \/>\n<meta property=\"og:description\" content=\"Les tendances du march\u00e9 de l\u2019int\u00e9rim roumain en h\u00f4tellerie et restauration : flexibilit\u00e9, recrutement saisonnier et adaptation\" \/>\n<meta property=\"og:url\" content=\"https:\/\/rapid-interim.com\/index.php\/2025\/02\/23\/les-tendances-du-marche-de-linterim-roumain-en-hotellerie-et-restauration\/\" \/>\n<meta property=\"og:site_name\" content=\"rapid-interim\" \/>\n<meta property=\"article:published_time\" content=\"2025-02-23T03:42:13+00:00\" \/>\n<meta property=\"article:modified_time\" content=\"2025-03-03T15:59:42+00:00\" \/>\n<meta property=\"og:image\" content=\"https:\/\/rapid-interim.com\/wp-content\/uploads\/2024\/09\/AdobeStock_578495059.webp\" \/>\n\t<meta property=\"og:image:width\" content=\"1920\" \/>\n\t<meta property=\"og:image:height\" content=\"1280\" \/>\n\t<meta property=\"og:image:type\" content=\"image\/webp\" \/>\n<meta name=\"author\" content=\"Marie Dubois\" \/>\n<meta name=\"twitter:card\" content=\"summary_large_image\" \/>\n<meta name=\"twitter:label1\" content=\"\u00c9crit par\" \/>\n\t<meta name=\"twitter:data1\" content=\"Marie Dubois\" \/>\n\t<meta name=\"twitter:label2\" content=\"Dur\u00e9e de lecture estim\u00e9e\" \/>\n\t<meta name=\"twitter:data2\" content=\"6 minutes\" \/>\n<script type=\"application\/ld+json\" class=\"yoast-schema-graph\">{\"@context\":\"https:\\\/\\\/schema.org\",\"@graph\":[{\"@type\":\"Article\",\"@id\":\"https:\\\/\\\/rapid-interim.com\\\/index.php\\\/2025\\\/02\\\/23\\\/les-tendances-du-marche-de-linterim-roumain-en-hotellerie-et-restauration\\\/#article\",\"isPartOf\":{\"@id\":\"https:\\\/\\\/rapid-interim.com\\\/index.php\\\/2025\\\/02\\\/23\\\/les-tendances-du-marche-de-linterim-roumain-en-hotellerie-et-restauration\\\/\"},\"author\":{\"name\":\"Marie Dubois\",\"@id\":\"https:\\\/\\\/rapid-interim.com\\\/#\\\/schema\\\/person\\\/c80cf67768e43267c59b9c4095fac056\"},\"headline\":\"Tendances du march\u00e9 de l\u2019int\u00e9rim roumain en h\u00f4tellerie et restauration\",\"datePublished\":\"2025-02-23T03:42:13+00:00\",\"dateModified\":\"2025-03-03T15:59:42+00:00\",\"mainEntityOfPage\":{\"@id\":\"https:\\\/\\\/rapid-interim.com\\\/index.php\\\/2025\\\/02\\\/23\\\/les-tendances-du-marche-de-linterim-roumain-en-hotellerie-et-restauration\\\/\"},\"wordCount\":1140,\"commentCount\":0,\"publisher\":{\"@id\":\"https:\\\/\\\/rapid-interim.com\\\/#organization\"},\"image\":{\"@id\":\"https:\\\/\\\/rapid-interim.com\\\/index.php\\\/2025\\\/02\\\/23\\\/les-tendances-du-marche-de-linterim-roumain-en-hotellerie-et-restauration\\\/#primaryimage\"},\"thumbnailUrl\":\"https:\\\/\\\/rapid-interim.com\\\/wp-content\\\/uploads\\\/2024\\\/09\\\/AdobeStock_578495059.webp\",\"keywords\":[\"agence de recrutement roumanie\",\"agence interim europeene\",\"AGENCE INTERIM ROUMANIE\",\"interim d\u00e9tache\",\"interim etranger\"],\"articleSection\":[\"Blog\",\"H\u00f4tellerie et restauration\"],\"inLanguage\":\"fr-FR\",\"potentialAction\":[{\"@type\":\"CommentAction\",\"name\":\"Comment\",\"target\":[\"https:\\\/\\\/rapid-interim.com\\\/index.php\\\/2025\\\/02\\\/23\\\/les-tendances-du-marche-de-linterim-roumain-en-hotellerie-et-restauration\\\/#respond\"]}]},{\"@type\":\"WebPage\",\"@id\":\"https:\\\/\\\/rapid-interim.com\\\/index.php\\\/2025\\\/02\\\/23\\\/les-tendances-du-marche-de-linterim-roumain-en-hotellerie-et-restauration\\\/\",\"url\":\"https:\\\/\\\/rapid-interim.com\\\/index.php\\\/2025\\\/02\\\/23\\\/les-tendances-du-marche-de-linterim-roumain-en-hotellerie-et-restauration\\\/\",\"name\":\"Tendances du march\u00e9 de l\u2019int\u00e9rim roumain en h\u00f4tellerie et restauration - rapid-interim\",\"isPartOf\":{\"@id\":\"https:\\\/\\\/rapid-interim.com\\\/#website\"},\"primaryImageOfPage\":{\"@id\":\"https:\\\/\\\/rapid-interim.com\\\/index.php\\\/2025\\\/02\\\/23\\\/les-tendances-du-marche-de-linterim-roumain-en-hotellerie-et-restauration\\\/#primaryimage\"},\"image\":{\"@id\":\"https:\\\/\\\/rapid-interim.com\\\/index.php\\\/2025\\\/02\\\/23\\\/les-tendances-du-marche-de-linterim-roumain-en-hotellerie-et-restauration\\\/#primaryimage\"},\"thumbnailUrl\":\"https:\\\/\\\/rapid-interim.com\\\/wp-content\\\/uploads\\\/2024\\\/09\\\/AdobeStock_578495059.webp\",\"datePublished\":\"2025-02-23T03:42:13+00:00\",\"dateModified\":\"2025-03-03T15:59:42+00:00\",\"description\":\"Les tendances du march\u00e9 de l\u2019int\u00e9rim roumain en h\u00f4tellerie et restauration : flexibilit\u00e9, recrutement saisonnier et adaptation\",\"breadcrumb\":{\"@id\":\"https:\\\/\\\/rapid-interim.com\\\/index.php\\\/2025\\\/02\\\/23\\\/les-tendances-du-marche-de-linterim-roumain-en-hotellerie-et-restauration\\\/#breadcrumb\"},\"inLanguage\":\"fr-FR\",\"potentialAction\":[{\"@type\":\"ReadAction\",\"target\":[\"https:\\\/\\\/rapid-interim.com\\\/index.php\\\/2025\\\/02\\\/23\\\/les-tendances-du-marche-de-linterim-roumain-en-hotellerie-et-restauration\\\/\"]}]},{\"@type\":\"ImageObject\",\"inLanguage\":\"fr-FR\",\"@id\":\"https:\\\/\\\/rapid-interim.com\\\/index.php\\\/2025\\\/02\\\/23\\\/les-tendances-du-marche-de-linterim-roumain-en-hotellerie-et-restauration\\\/#primaryimage\",\"url\":\"https:\\\/\\\/rapid-interim.com\\\/wp-content\\\/uploads\\\/2024\\\/09\\\/AdobeStock_578495059.webp\",\"contentUrl\":\"https:\\\/\\\/rapid-interim.com\\\/wp-content\\\/uploads\\\/2024\\\/09\\\/AdobeStock_578495059.webp\",\"width\":1920,\"height\":1280},{\"@type\":\"BreadcrumbList\",\"@id\":\"https:\\\/\\\/rapid-interim.com\\\/index.php\\\/2025\\\/02\\\/23\\\/les-tendances-du-marche-de-linterim-roumain-en-hotellerie-et-restauration\\\/#breadcrumb\",\"itemListElement\":[{\"@type\":\"ListItem\",\"position\":1,\"name\":\"Accueil\",\"item\":\"https:\\\/\\\/rapid-interim.com\\\/\"},{\"@type\":\"ListItem\",\"position\":2,\"name\":\"Tendances du march\u00e9 de l\u2019int\u00e9rim roumain en h\u00f4tellerie et restauration\"}]},{\"@type\":\"WebSite\",\"@id\":\"https:\\\/\\\/rapid-interim.com\\\/#website\",\"url\":\"https:\\\/\\\/rapid-interim.com\\\/\",\"name\":\"rapid-interim\",\"description\":\"Interim et travail temporaire\",\"publisher\":{\"@id\":\"https:\\\/\\\/rapid-interim.com\\\/#organization\"},\"potentialAction\":[{\"@type\":\"SearchAction\",\"target\":{\"@type\":\"EntryPoint\",\"urlTemplate\":\"https:\\\/\\\/rapid-interim.com\\\/?s={search_term_string}\"},\"query-input\":{\"@type\":\"PropertyValueSpecification\",\"valueRequired\":true,\"valueName\":\"search_term_string\"}}],\"inLanguage\":\"fr-FR\"},{\"@type\":\"Organization\",\"@id\":\"https:\\\/\\\/rapid-interim.com\\\/#organization\",\"name\":\"rapid-interim\",\"url\":\"https:\\\/\\\/rapid-interim.com\\\/\",\"logo\":{\"@type\":\"ImageObject\",\"inLanguage\":\"fr-FR\",\"@id\":\"https:\\\/\\\/rapid-interim.com\\\/#\\\/schema\\\/logo\\\/image\\\/\",\"url\":\"https:\\\/\\\/rapid-interim.com\\\/wp-content\\\/uploads\\\/2022\\\/06\\\/cropped-rapid-inetrim.png\",\"contentUrl\":\"https:\\\/\\\/rapid-interim.com\\\/wp-content\\\/uploads\\\/2022\\\/06\\\/cropped-rapid-inetrim.png\",\"width\":314,\"height\":137,\"caption\":\"rapid-interim\"},\"image\":{\"@id\":\"https:\\\/\\\/rapid-interim.com\\\/#\\\/schema\\\/logo\\\/image\\\/\"}},{\"@type\":\"Person\",\"@id\":\"https:\\\/\\\/rapid-interim.com\\\/#\\\/schema\\\/person\\\/c80cf67768e43267c59b9c4095fac056\",\"name\":\"Marie Dubois\",\"image\":{\"@type\":\"ImageObject\",\"inLanguage\":\"fr-FR\",\"@id\":\"https:\\\/\\\/secure.gravatar.com\\\/avatar\\\/c5d9a389371c49a3eb3d5c05c1bdb9d2124cabb2c990e1eb227c370b66139bfe?s=96&d=mm&r=g\",\"url\":\"https:\\\/\\\/secure.gravatar.com\\\/avatar\\\/c5d9a389371c49a3eb3d5c05c1bdb9d2124cabb2c990e1eb227c370b66139bfe?s=96&d=mm&r=g\",\"contentUrl\":\"https:\\\/\\\/secure.gravatar.com\\\/avatar\\\/c5d9a389371c49a3eb3d5c05c1bdb9d2124cabb2c990e1eb227c370b66139bfe?s=96&d=mm&r=g\",\"caption\":\"Marie Dubois\"},\"sameAs\":[\"http:\\\/\\\/rapid-interim.com\"],\"url\":\"https:\\\/\\\/rapid-interim.com\\\/index.php\\\/author\\\/rapid-interim-com\\\/\"}]}<\/script>\n<!-- \/ Yoast SEO plugin. -->","yoast_head_json":{"title":"Tendances du march\u00e9 de l\u2019int\u00e9rim roumain en h\u00f4tellerie et restauration - rapid-interim","description":"Les tendances du march\u00e9 de l\u2019int\u00e9rim roumain en h\u00f4tellerie et restauration : flexibilit\u00e9, recrutement saisonnier et adaptation","robots":{"index":"index","follow":"follow","max-snippet":"max-snippet:-1","max-image-preview":"max-image-preview:large","max-video-preview":"max-video-preview:-1"},"canonical":"https:\/\/rapid-interim.com\/index.php\/2025\/02\/23\/les-tendances-du-marche-de-linterim-roumain-en-hotellerie-et-restauration\/","og_locale":"fr_FR","og_type":"article","og_title":"Tendances du march\u00e9 de l\u2019int\u00e9rim roumain en h\u00f4tellerie et restauration - rapid-interim","og_description":"Les tendances du march\u00e9 de l\u2019int\u00e9rim roumain en h\u00f4tellerie et restauration : flexibilit\u00e9, recrutement saisonnier et adaptation","og_url":"https:\/\/rapid-interim.com\/index.php\/2025\/02\/23\/les-tendances-du-marche-de-linterim-roumain-en-hotellerie-et-restauration\/","og_site_name":"rapid-interim","article_published_time":"2025-02-23T03:42:13+00:00","article_modified_time":"2025-03-03T15:59:42+00:00","og_image":[{"width":1920,"height":1280,"url":"https:\/\/rapid-interim.com\/wp-content\/uploads\/2024\/09\/AdobeStock_578495059.webp","type":"image\/webp"}],"author":"Marie Dubois","twitter_card":"summary_large_image","twitter_misc":{"\u00c9crit par":"Marie Dubois","Dur\u00e9e de lecture estim\u00e9e":"6 minutes"},"schema":{"@context":"https:\/\/schema.org","@graph":[{"@type":"Article","@id":"https:\/\/rapid-interim.com\/index.php\/2025\/02\/23\/les-tendances-du-marche-de-linterim-roumain-en-hotellerie-et-restauration\/#article","isPartOf":{"@id":"https:\/\/rapid-interim.com\/index.php\/2025\/02\/23\/les-tendances-du-marche-de-linterim-roumain-en-hotellerie-et-restauration\/"},"author":{"name":"Marie Dubois","@id":"https:\/\/rapid-interim.com\/#\/schema\/person\/c80cf67768e43267c59b9c4095fac056"},"headline":"Tendances du march\u00e9 de l\u2019int\u00e9rim roumain en h\u00f4tellerie et restauration","datePublished":"2025-02-23T03:42:13+00:00","dateModified":"2025-03-03T15:59:42+00:00","mainEntityOfPage":{"@id":"https:\/\/rapid-interim.com\/index.php\/2025\/02\/23\/les-tendances-du-marche-de-linterim-roumain-en-hotellerie-et-restauration\/"},"wordCount":1140,"commentCount":0,"publisher":{"@id":"https:\/\/rapid-interim.com\/#organization"},"image":{"@id":"https:\/\/rapid-interim.com\/index.php\/2025\/02\/23\/les-tendances-du-marche-de-linterim-roumain-en-hotellerie-et-restauration\/#primaryimage"},"thumbnailUrl":"https:\/\/rapid-interim.com\/wp-content\/uploads\/2024\/09\/AdobeStock_578495059.webp","keywords":["agence de recrutement roumanie","agence interim europeene","AGENCE INTERIM ROUMANIE","interim d\u00e9tache","interim etranger"],"articleSection":["Blog","H\u00f4tellerie et restauration"],"inLanguage":"fr-FR","potentialAction":[{"@type":"CommentAction","name":"Comment","target":["https:\/\/rapid-interim.com\/index.php\/2025\/02\/23\/les-tendances-du-marche-de-linterim-roumain-en-hotellerie-et-restauration\/#respond"]}]},{"@type":"WebPage","@id":"https:\/\/rapid-interim.com\/index.php\/2025\/02\/23\/les-tendances-du-marche-de-linterim-roumain-en-hotellerie-et-restauration\/","url":"https:\/\/rapid-interim.com\/index.php\/2025\/02\/23\/les-tendances-du-marche-de-linterim-roumain-en-hotellerie-et-restauration\/","name":"Tendances du march\u00e9 de l\u2019int\u00e9rim roumain en h\u00f4tellerie et restauration - rapid-interim","isPartOf":{"@id":"https:\/\/rapid-interim.com\/#website"},"primaryImageOfPage":{"@id":"https:\/\/rapid-interim.com\/index.php\/2025\/02\/23\/les-tendances-du-marche-de-linterim-roumain-en-hotellerie-et-restauration\/#primaryimage"},"image":{"@id":"https:\/\/rapid-interim.com\/index.php\/2025\/02\/23\/les-tendances-du-marche-de-linterim-roumain-en-hotellerie-et-restauration\/#primaryimage"},"thumbnailUrl":"https:\/\/rapid-interim.com\/wp-content\/uploads\/2024\/09\/AdobeStock_578495059.webp","datePublished":"2025-02-23T03:42:13+00:00","dateModified":"2025-03-03T15:59:42+00:00","description":"Les tendances du march\u00e9 de l\u2019int\u00e9rim roumain en h\u00f4tellerie et restauration : flexibilit\u00e9, recrutement saisonnier et adaptation","breadcrumb":{"@id":"https:\/\/rapid-interim.com\/index.php\/2025\/02\/23\/les-tendances-du-marche-de-linterim-roumain-en-hotellerie-et-restauration\/#breadcrumb"},"inLanguage":"fr-FR","potentialAction":[{"@type":"ReadAction","target":["https:\/\/rapid-interim.com\/index.php\/2025\/02\/23\/les-tendances-du-marche-de-linterim-roumain-en-hotellerie-et-restauration\/"]}]},{"@type":"ImageObject","inLanguage":"fr-FR","@id":"https:\/\/rapid-interim.com\/index.php\/2025\/02\/23\/les-tendances-du-marche-de-linterim-roumain-en-hotellerie-et-restauration\/#primaryimage","url":"https:\/\/rapid-interim.com\/wp-content\/uploads\/2024\/09\/AdobeStock_578495059.webp","contentUrl":"https:\/\/rapid-interim.com\/wp-content\/uploads\/2024\/09\/AdobeStock_578495059.webp","width":1920,"height":1280},{"@type":"BreadcrumbList","@id":"https:\/\/rapid-interim.com\/index.php\/2025\/02\/23\/les-tendances-du-marche-de-linterim-roumain-en-hotellerie-et-restauration\/#breadcrumb","itemListElement":[{"@type":"ListItem","position":1,"name":"Accueil","item":"https:\/\/rapid-interim.com\/"},{"@type":"ListItem","position":2,"name":"Tendances du march\u00e9 de l\u2019int\u00e9rim roumain en h\u00f4tellerie et restauration"}]},{"@type":"WebSite","@id":"https:\/\/rapid-interim.com\/#website","url":"https:\/\/rapid-interim.com\/","name":"rapid-interim","description":"Interim et travail temporaire","publisher":{"@id":"https:\/\/rapid-interim.com\/#organization"},"potentialAction":[{"@type":"SearchAction","target":{"@type":"EntryPoint","urlTemplate":"https:\/\/rapid-interim.com\/?s={search_term_string}"},"query-input":{"@type":"PropertyValueSpecification","valueRequired":true,"valueName":"search_term_string"}}],"inLanguage":"fr-FR"},{"@type":"Organization","@id":"https:\/\/rapid-interim.com\/#organization","name":"rapid-interim","url":"https:\/\/rapid-interim.com\/","logo":{"@type":"ImageObject","inLanguage":"fr-FR","@id":"https:\/\/rapid-interim.com\/#\/schema\/logo\/image\/","url":"https:\/\/rapid-interim.com\/wp-content\/uploads\/2022\/06\/cropped-rapid-inetrim.png","contentUrl":"https:\/\/rapid-interim.com\/wp-content\/uploads\/2022\/06\/cropped-rapid-inetrim.png","width":314,"height":137,"caption":"rapid-interim"},"image":{"@id":"https:\/\/rapid-interim.com\/#\/schema\/logo\/image\/"}},{"@type":"Person","@id":"https:\/\/rapid-interim.com\/#\/schema\/person\/c80cf67768e43267c59b9c4095fac056","name":"Marie Dubois","image":{"@type":"ImageObject","inLanguage":"fr-FR","@id":"https:\/\/secure.gravatar.com\/avatar\/c5d9a389371c49a3eb3d5c05c1bdb9d2124cabb2c990e1eb227c370b66139bfe?s=96&d=mm&r=g","url":"https:\/\/secure.gravatar.com\/avatar\/c5d9a389371c49a3eb3d5c05c1bdb9d2124cabb2c990e1eb227c370b66139bfe?s=96&d=mm&r=g","contentUrl":"https:\/\/secure.gravatar.com\/avatar\/c5d9a389371c49a3eb3d5c05c1bdb9d2124cabb2c990e1eb227c370b66139bfe?s=96&d=mm&r=g","caption":"Marie Dubois"},"sameAs":["http:\/\/rapid-interim.com"],"url":"https:\/\/rapid-interim.com\/index.php\/author\/rapid-interim-com\/"}]}},"jetpack_featured_media_url":"https:\/\/rapid-interim.com\/wp-content\/uploads\/2024\/09\/AdobeStock_578495059.webp","jetpack_sharing_enabled":true,"_links":{"self":[{"href":"https:\/\/rapid-interim.com\/index.php\/wp-json\/wp\/v2\/posts\/21975","targetHints":{"allow":["GET"]}}],"collection":[{"href":"https:\/\/rapid-interim.com\/index.php\/wp-json\/wp\/v2\/posts"}],"about":[{"href":"https:\/\/rapid-interim.com\/index.php\/wp-json\/wp\/v2\/types\/post"}],"author":[{"embeddable":true,"href":"https:\/\/rapid-interim.com\/index.php\/wp-json\/wp\/v2\/users\/1"}],"replies":[{"embeddable":true,"href":"https:\/\/rapid-interim.com\/index.php\/wp-json\/wp\/v2\/comments?post=21975"}],"version-history":[{"count":2,"href":"https:\/\/rapid-interim.com\/index.php\/wp-json\/wp\/v2\/posts\/21975\/revisions"}],"predecessor-version":[{"id":21984,"href":"https:\/\/rapid-interim.com\/index.php\/wp-json\/wp\/v2\/posts\/21975\/revisions\/21984"}],"wp:featuredmedia":[{"embeddable":true,"href":"https:\/\/rapid-interim.com\/index.php\/wp-json\/wp\/v2\/media\/21597"}],"wp:attachment":[{"href":"https:\/\/rapid-interim.com\/index.php\/wp-json\/wp\/v2\/media?parent=21975"}],"wp:term":[{"taxonomy":"category","embeddable":true,"href":"https:\/\/rapid-interim.com\/index.php\/wp-json\/wp\/v2\/categories?post=21975"},{"taxonomy":"post_tag","embeddable":true,"href":"https:\/\/rapid-interim.com\/index.php\/wp-json\/wp\/v2\/tags?post=21975"}],"curies":[{"name":"wp","href":"https:\/\/api.w.org\/{rel}","templated":true}]}}