{"id":21966,"date":"2025-02-21T22:07:21","date_gmt":"2025-02-21T21:07:21","guid":{"rendered":"https:\/\/rapid-interim.com\/?p=21966"},"modified":"2025-03-03T17:05:11","modified_gmt":"2025-03-03T16:05:11","slug":"limpact-des-boulangers-et-patissiers-roumains-sur-lartisanat-europeen","status":"publish","type":"post","link":"https:\/\/rapid-interim.com\/index.php\/2025\/02\/21\/limpact-des-boulangers-et-patissiers-roumains-sur-lartisanat-europeen\/","title":{"rendered":"Impact des Boulangers Roumains sur l\u2019Artisanat Europ\u00e9en"},"content":{"rendered":"\r\n<h2 class=\"wp-block-heading\">\u00a0<\/h2>\r\n\r\n\r\n\r\n<p class=\"wp-block-paragraph\">L\u2019artisanat de la boulangerie et de la p\u00e2tisserie occupe une place essentielle dans la culture gastronomique europ\u00e9enne. De la baguette fran\u00e7aise aux viennoiseries autrichiennes en passant par les desserts italiens, chaque pays a d\u00e9velopp\u00e9 un savoir-faire unique. Ces derni\u00e8res ann\u00e9es, une nouvelle vague de talents venus d\u2019Europe de l\u2019Est, et notamment de Roumanie, s\u2019impose dans ce secteur exigeant.<\/p>\r\n\r\n\r\n\r\n<p class=\"wp-block-paragraph\">Les boulangers et p\u00e2tissiers roumains, gr\u00e2ce \u00e0 leur rigueur, leur cr\u00e9ativit\u00e9 et leur formation de qualit\u00e9, contribuent \u00e0 red\u00e9finir les standards de l\u2019artisanat europ\u00e9en. Qu\u2019ils travaillent dans des boulangeries traditionnelles, des p\u00e2tisseries de luxe ou des cha\u00eenes industrielles, leur impact est ind\u00e9niable. Cet article explore comment ces professionnels enrichissent le paysage de la boulangerie et de la p\u00e2tisserie en Europe et pourquoi leur pr\u00e9sence est de plus en plus appr\u00e9ci\u00e9e.<\/p>\r\n\r\n\r\n<hr class=\"wp-block-separator has-alpha-channel-opacity\" \/>\r\n\r\n\r\n<h2 class=\"wp-block-heading\"><strong>1. Un M\u00e9tier de Passion et d\u2019Excellence<\/strong><\/h2>\r\n\r\n\r\n\r\n<h3 class=\"wp-block-heading\"><strong>1.1. Une Formation Solide et Polyvalente<\/strong><\/h3>\r\n\r\n\r\n\r\n<p class=\"wp-block-paragraph\">En Roumanie, la boulangerie et la p\u00e2tisserie sont des m\u00e9tiers respect\u00e9s, avec des \u00e9coles sp\u00e9cialis\u00e9es qui forment chaque ann\u00e9e des centaines de jeunes artisans. Les formations allient th\u00e9orie et pratique, avec un accent mis sur :<\/p>\r\n\r\n\r\n\r\n<ul class=\"wp-block-list\">\r\n<li>La ma\u00eetrise des techniques traditionnelles de panification et de p\u00e2tisserie.<\/li>\r\n\r\n\r\n\r\n<li>L\u2019utilisation de mati\u00e8res premi\u00e8res locales et import\u00e9es.<\/li>\r\n\r\n\r\n\r\n<li>La gestion d\u2019un laboratoire et le respect des normes d\u2019hygi\u00e8ne strictes.<\/li>\r\n<\/ul>\r\n\r\n\r\n\r\n<p class=\"wp-block-paragraph\">De nombreux professionnels roumains perfectionnent ensuite leur savoir-faire en int\u00e9grant des \u00e9coles europ\u00e9ennes renomm\u00e9es, comme l\u2019\u00c9cole Len\u00f4tre ou l\u2019Institut Paul Bocuse en France.<\/p>\r\n\r\n\r\n\r\n<h3 class=\"wp-block-heading\"><strong>1.2. Une Adaptabilit\u00e9 et un Go\u00fbt pour l\u2019Innovation<\/strong><\/h3>\r\n\r\n\r\n\r\n<figure class=\"wp-block-image size-large\"><img fetchpriority=\"high\" decoding=\"async\" width=\"660\" height=\"441\" class=\"wp-image-21964\" src=\"https:\/\/rapid-interim.com\/wp-content\/uploads\/2025\/02\/boulanger-metier-difficile7885562703603446123.jpg\" alt=\"\" srcset=\"https:\/\/rapid-interim.com\/wp-content\/uploads\/2025\/02\/boulanger-metier-difficile7885562703603446123.jpg 660w, https:\/\/rapid-interim.com\/wp-content\/uploads\/2025\/02\/boulanger-metier-difficile7885562703603446123-300x200.jpg 300w, https:\/\/rapid-interim.com\/wp-content\/uploads\/2025\/02\/boulanger-metier-difficile7885562703603446123-600x401.jpg 600w\" sizes=\"(max-width: 660px) 100vw, 660px\" \/><\/figure>\r\n\r\n\r\n\r\n<p class=\"wp-block-paragraph\">Les boulangers et p\u00e2tissiers roumains ont su s\u2019adapter aux tendances et aux exigences du march\u00e9 europ\u00e9en. Habitu\u00e9s \u00e0 travailler avec divers styles et techniques, ils sont capables d\u2019innover en int\u00e9grant des saveurs nouvelles, des m\u00e9thodes modernes et des produits bio ou sans gluten, r\u00e9pondant ainsi aux attentes des consommateurs d\u2019aujourd\u2019hui.<\/p>\r\n\r\n\r\n<hr class=\"wp-block-separator has-alpha-channel-opacity\" \/>\r\n\r\n\r\n<h2 class=\"wp-block-heading\"><strong>2. Une Pr\u00e9sence de Plus en Plus Marqu\u00e9e en Europe<\/strong><\/h2>\r\n\r\n\r\n\r\n<h3 class=\"wp-block-heading\"><strong>2.1. Un Atout pour la Boulangerie Artisanale et Industrielle<\/strong><\/h3>\r\n\r\n\r\n\r\n<p class=\"wp-block-paragraph\">Que ce soit dans des boulangeries artisanales ou des productions industrielles, les boulangers roumains sont de plus en plus sollicit\u00e9s pour leur s\u00e9rieux et leur technicit\u00e9. Leur pr\u00e9sence est particuli\u00e8rement visible en :<\/p>\r\n\r\n\r\n\r\n<ul class=\"wp-block-list\">\r\n<li><strong>France<\/strong> : o\u00f9 la demande pour des boulangers qualifi\u00e9s est forte, notamment pour la fabrication des baguettes et des pains sp\u00e9ciaux.<\/li>\r\n\r\n\r\n\r\n<li><strong>Allemagne et Autriche<\/strong> : o\u00f9 la diversit\u00e9 des pains et l\u2019exigence en mati\u00e8re de fermentation longue n\u00e9cessitent des artisans m\u00e9ticuleux.<\/li>\r\n\r\n\r\n\r\n<li><strong>Italie et Espagne<\/strong> : o\u00f9 les tendances autour du pain au levain et des viennoiseries se d\u00e9veloppent.<\/li>\r\n<\/ul>\r\n\r\n\r\n\r\n<p class=\"wp-block-paragraph\">Leur rapidit\u00e9 d\u2019adaptation aux normes et traditions locales leur permet d\u2019\u00eatre imm\u00e9diatement op\u00e9rationnels dans ces environnements exigeants.<\/p>\r\n\r\n\r\n\r\n<h3 class=\"wp-block-heading\"><strong>2.2. Une Contribution \u00e0 la Haute P\u00e2tisserie Europ\u00e9enne<\/strong><\/h3>\r\n\r\n\r\n\r\n<p class=\"wp-block-paragraph\">Dans le domaine de la p\u00e2tisserie, les Roumains se d\u00e9marquent \u00e9galement. Ils travaillent dans des p\u00e2tisseries de luxe et des h\u00f4tels \u00e9toil\u00e9s en France, en Belgique ou en Suisse, o\u00f9 leur pr\u00e9cision et leur cr\u00e9ativit\u00e9 sont tr\u00e8s appr\u00e9ci\u00e9es. Certains se sp\u00e9cialisent dans :<\/p>\r\n\r\n\r\n\r\n<ul class=\"wp-block-list\">\r\n<li>La confection de viennoiseries et entremets de haute qualit\u00e9.<\/li>\r\n\r\n\r\n\r\n<li>L\u2019innovation en mati\u00e8re de desserts modernes alliant textures et saveurs.<\/li>\r\n\r\n\r\n\r\n<li>L\u2019int\u00e9gration des influences roumaines dans les cr\u00e9ations europ\u00e9ennes (miel de Transylvanie, noix, prunes s\u00e9ch\u00e9es, etc.).<\/li>\r\n<\/ul>\r\n\r\n\r\n<hr class=\"wp-block-separator has-alpha-channel-opacity\" \/>\r\n\r\n\r\n<h2 class=\"wp-block-heading\"><strong>3. Les Boulangers et P\u00e2tissiers Roumains : Un Savoir-Faire qui Redessine l\u2019Artisanat Europ\u00e9en<\/strong><\/h2>\r\n\r\n\r\n\r\n<h3 class=\"wp-block-heading\"><strong>3.1. Une Red\u00e9couverte des Saveurs Roumaines en Europe<\/strong><\/h3>\r\n\r\n\r\n\r\n<p class=\"wp-block-paragraph\">L\u2019un des apports majeurs des artisans roumains est l\u2019introduction de produits et recettes traditionnels sur la sc\u00e8ne europ\u00e9enne. Parmi les sp\u00e9cialit\u00e9s roumaines qui s\u00e9duisent :<\/p>\r\n\r\n\r\n\r\n<ul class=\"wp-block-list\">\r\n<li><strong>Cozonac<\/strong> : une brioche aux noix et cacao qui rivalise avec le panettone italien.<\/li>\r\n\r\n\r\n\r\n<li><strong>Pl\u0103cint\u0103<\/strong> : une p\u00e2tisserie feuillet\u00e9e garnie de fromage, de pommes ou de cr\u00e8me.<\/li>\r\n\r\n\r\n\r\n<li><strong>P\u00e2tes et biscuits artisanaux<\/strong> inspir\u00e9s des recettes locales mais revisit\u00e9s avec des techniques modernes.<\/li>\r\n<\/ul>\r\n\r\n\r\n\r\n<h3 class=\"wp-block-heading\"><strong>3.2. Une Influence sur les Nouvelles Tendances<\/strong><\/h3>\r\n\r\n\r\n\r\n<p class=\"wp-block-paragraph\">Les boulangers et p\u00e2tissiers roumains contribuent aussi \u00e0 l\u2019\u00e9volution des tendances alimentaires en Europe, notamment \u00e0 travers :<\/p>\r\n\r\n\r\n\r\n<ul class=\"wp-block-list\">\r\n<li><strong>L\u2019essor des pains traditionnels et ferment\u00e9s<\/strong>, avec des m\u00e9thodes naturelles et ancestrales.<\/li>\r\n\r\n\r\n\r\n<li><strong>L\u2019utilisation de farines anciennes<\/strong>, comme le seigle et l\u2019\u00e9peautre, de plus en plus pris\u00e9es.<\/li>\r\n\r\n\r\n\r\n<li><strong>La mont\u00e9e en gamme de la p\u00e2tisserie artisanale<\/strong>, avec une attention particuli\u00e8re aux ingr\u00e9dients de qualit\u00e9 et aux produits locaux.<\/li>\r\n<\/ul>\r\n\r\n\r\n\r\n<p class=\"wp-block-paragraph\">Gr\u00e2ce \u00e0 leur polyvalence et \u00e0 leur capacit\u00e9 d\u2019innovation, ces professionnels participent \u00e0 la modernisation et \u00e0 la diversification de l\u2019offre artisanale.<\/p>\r\n\r\n\r\n\r\n<figure class=\"wp-block-image\"><img decoding=\"async\" width=\"1024\" height=\"681\" class=\"wp-image-21963\" src=\"https:\/\/rapid-interim.com\/wp-content\/uploads\/2025\/02\/fiche-metier-poste-boulanger-fonction-profil-definition-code-rome-test-orientation-orientaction-1443x9604938782898696623476-1-1024x681.jpg\" alt=\"\" srcset=\"https:\/\/rapid-interim.com\/wp-content\/uploads\/2025\/02\/fiche-metier-poste-boulanger-fonction-profil-definition-code-rome-test-orientation-orientaction-1443x9604938782898696623476-1-1024x681.jpg 1024w, https:\/\/rapid-interim.com\/wp-content\/uploads\/2025\/02\/fiche-metier-poste-boulanger-fonction-profil-definition-code-rome-test-orientation-orientaction-1443x9604938782898696623476-1-300x200.jpg 300w, https:\/\/rapid-interim.com\/wp-content\/uploads\/2025\/02\/fiche-metier-poste-boulanger-fonction-profil-definition-code-rome-test-orientation-orientaction-1443x9604938782898696623476-1-768x511.jpg 768w, https:\/\/rapid-interim.com\/wp-content\/uploads\/2025\/02\/fiche-metier-poste-boulanger-fonction-profil-definition-code-rome-test-orientation-orientaction-1443x9604938782898696623476-1-600x399.jpg 600w, https:\/\/rapid-interim.com\/wp-content\/uploads\/2025\/02\/fiche-metier-poste-boulanger-fonction-profil-definition-code-rome-test-orientation-orientaction-1443x9604938782898696623476-1.jpg 1443w\" sizes=\"(max-width: 1024px) 100vw, 1024px\" \/><\/figure>\r\n\r\n\r\n<hr class=\"wp-block-separator has-alpha-channel-opacity\" \/>\r\n\r\n\r\n<h2 class=\"wp-block-heading\"><strong>4. D\u00e9fis et Opportunit\u00e9s pour les Boulangers et P\u00e2tissiers Roumains en Europe<\/strong><\/h2>\r\n\r\n\r\n\r\n<h3 class=\"wp-block-heading\"><strong>4.1. Des Obstacles \u00e0 Surmonter<\/strong><\/h3>\r\n\r\n\r\n\r\n<p class=\"wp-block-paragraph\">Malgr\u00e9 leurs comp\u00e9tences, les artisans roumains doivent faire face \u00e0 plusieurs d\u00e9fis :<\/p>\r\n\r\n\r\n\r\n<ul class=\"wp-block-list\">\r\n<li><strong>L\u2019acc\u00e8s \u00e0 des postes qualifi\u00e9s<\/strong> : Certains \u00e9tablissements h\u00e9sitent encore \u00e0 embaucher des \u00e9trangers \u00e0 des postes de responsabilit\u00e9.<\/li>\r\n\r\n\r\n\r\n<li><strong>Les barri\u00e8res linguistiques<\/strong> : La ma\u00eetrise de la langue du pays d\u2019accueil est souvent n\u00e9cessaire pour \u00e9voluer rapidement.<\/li>\r\n\r\n\r\n\r\n<li><strong>Les exigences du march\u00e9<\/strong> : La concurrence est rude, notamment dans les grandes villes o\u00f9 l\u2019artisanat est en plein essor.<\/li>\r\n<\/ul>\r\n\r\n\r\n\r\n<h3 class=\"wp-block-heading\"><strong>4.2. De Nombreuses Opportunit\u00e9s \u00e0 Saisir<\/strong><\/h3>\r\n\r\n\r\n\r\n<p class=\"wp-block-paragraph\">Cependant, les opportunit\u00e9s sont nombreuses pour les professionnels motiv\u00e9s :<\/p>\r\n\r\n\r\n\r\n<ul class=\"wp-block-list\">\r\n<li><strong>Une forte demande en <a href=\"https:\/\/rapid-interim.com\/\" data-internallinksmanager029f6b8e52c=\"45\" title=\"Main-d\u2019\u0153uvre qualifi\u00e9e\">main-d\u2019\u0153uvre qualifi\u00e9e<\/a><\/strong>, notamment en France et en Allemagne.<\/li>\r\n\r\n\r\n\r\n<li><strong>La possibilit\u00e9 de cr\u00e9er des concepts hybrides<\/strong>, m\u00ealant tradition roumaine et p\u00e2tisserie europ\u00e9enne.<\/li>\r\n\r\n\r\n\r\n<li><strong>L\u2019essor du digital et des r\u00e9seaux sociaux<\/strong>, permettant de promouvoir leur savoir-faire et d\u2019attirer une client\u00e8le internationale.<\/li>\r\n<\/ul>\r\n\r\n\r\n\r\n<p class=\"wp-block-paragraph\">Gr\u00e2ce \u00e0 leur passion et \u00e0 leur d\u00e9termination, de plus en plus de boulangers et p\u00e2tissiers roumains acc\u00e8dent \u00e0 des postes prestigieux et marquent de leur empreinte l\u2019artisanat europ\u00e9en.<\/p>\r\n\r\n\r\n<hr class=\"wp-block-separator has-alpha-channel-opacity\" \/>\r\n\r\n\r\n<h2 class=\"wp-block-heading\"><strong>Conclusion<\/strong><\/h2>\r\n\r\n\r\n\r\n<p class=\"wp-block-paragraph\">Les boulangers et p\u00e2tissiers roumains jouent un r\u00f4le cl\u00e9 dans l\u2019\u00e9volution de l\u2019artisanat europ\u00e9en. \u00c0 travers leur expertise, leur cr\u00e9ativit\u00e9 et leur ouverture aux nouvelles tendances, ils enrichissent les traditions locales tout en apportant leur propre h\u00e9ritage gastronomique.<\/p>\r\n\r\n\r\n\r\n<p class=\"wp-block-paragraph\">Qu\u2019ils travaillent dans des boulangeries artisanales, des p\u00e2tisseries haut de gamme ou qu\u2019ils innovent avec des cr\u00e9ations originales, leur impact est visible et durable. Alors que la demande pour des artisans qualifi\u00e9s continue de cro\u00eetre, leur pr\u00e9sence en Europe ne fera que se renforcer, participant activement au rayonnement de la boulangerie et de la p\u00e2tisserie \u00e0 l\u2019\u00e9chelle internationale.<\/p>\r\n","protected":false},"excerpt":{"rendered":"<p>\u00a0 L\u2019artisanat de la boulangerie et de la p\u00e2tisserie occupe une place essentielle dans la culture gastronomique europ\u00e9enne. De la baguette fran\u00e7aise aux viennoiseries autrichiennes en passant par les desserts italiens, chaque pays a d\u00e9velopp\u00e9 un savoir-faire unique. Ces derni\u00e8res ann\u00e9es, une nouvelle vague de talents venus d\u2019Europe de l\u2019Est, et notamment de Roumanie, s\u2019impose [&hellip;]<\/p>\n","protected":false},"author":1,"featured_media":21965,"comment_status":"open","ping_status":"open","sticky":false,"template":"","format":"standard","meta":{"_crdt_document":"","_jetpack_memberships_contains_paid_content":false,"footnotes":""},"categories":[1,102],"tags":[129,128,73,127],"class_list":["post-21966","post","type-post","status-publish","format-standard","has-post-thumbnail","hentry","category-blog","category-hotellerie-et-restauration","tag-agence-de-recrutement-roumanie","tag-agence-interim-europeene","tag-agence-interim-roumanie","tag-agence-interim-travailleur-etranger"],"yoast_head":"<!-- This site is optimized with the Yoast SEO plugin v27.5 - https:\/\/yoast.com\/product\/yoast-seo-wordpress\/ -->\n<title>Impact des Boulangers Roumains sur l\u2019Artisanat Europ\u00e9en - rapid-interim<\/title>\n<meta name=\"description\" content=\"Impact des boulangers et p\u00e2tissiers roumains sur l\u2019artisanat europ\u00e9en : savoir-faire traditionnel, innovation et contribution\" \/>\n<meta name=\"robots\" content=\"index, follow, max-snippet:-1, max-image-preview:large, max-video-preview:-1\" \/>\n<link rel=\"canonical\" href=\"https:\/\/rapid-interim.com\/index.php\/2025\/02\/21\/limpact-des-boulangers-et-patissiers-roumains-sur-lartisanat-europeen\/\" \/>\n<meta property=\"og:locale\" content=\"fr_FR\" \/>\n<meta property=\"og:type\" content=\"article\" \/>\n<meta property=\"og:title\" content=\"Impact des Boulangers Roumains sur l\u2019Artisanat Europ\u00e9en - rapid-interim\" \/>\n<meta property=\"og:description\" content=\"Impact des boulangers et p\u00e2tissiers roumains sur l\u2019artisanat europ\u00e9en : savoir-faire traditionnel, innovation et contribution\" \/>\n<meta property=\"og:url\" content=\"https:\/\/rapid-interim.com\/index.php\/2025\/02\/21\/limpact-des-boulangers-et-patissiers-roumains-sur-lartisanat-europeen\/\" \/>\n<meta property=\"og:site_name\" content=\"rapid-interim\" \/>\n<meta property=\"article:published_time\" content=\"2025-02-21T21:07:21+00:00\" \/>\n<meta property=\"article:modified_time\" content=\"2025-03-03T16:05:11+00:00\" \/>\n<meta property=\"og:image\" content=\"https:\/\/rapid-interim.com\/wp-content\/uploads\/2025\/02\/boulanger-patissier.jpg\" \/>\n\t<meta property=\"og:image:width\" content=\"1000\" \/>\n\t<meta property=\"og:image:height\" content=\"667\" \/>\n\t<meta property=\"og:image:type\" content=\"image\/jpeg\" \/>\n<meta name=\"author\" content=\"Marie Dubois\" \/>\n<meta name=\"twitter:card\" content=\"summary_large_image\" \/>\n<meta name=\"twitter:label1\" content=\"\u00c9crit par\" \/>\n\t<meta name=\"twitter:data1\" content=\"Marie Dubois\" \/>\n\t<meta name=\"twitter:label2\" content=\"Dur\u00e9e de lecture estim\u00e9e\" \/>\n\t<meta name=\"twitter:data2\" content=\"6 minutes\" \/>\n<script type=\"application\/ld+json\" class=\"yoast-schema-graph\">{\"@context\":\"https:\\\/\\\/schema.org\",\"@graph\":[{\"@type\":\"Article\",\"@id\":\"https:\\\/\\\/rapid-interim.com\\\/index.php\\\/2025\\\/02\\\/21\\\/limpact-des-boulangers-et-patissiers-roumains-sur-lartisanat-europeen\\\/#article\",\"isPartOf\":{\"@id\":\"https:\\\/\\\/rapid-interim.com\\\/index.php\\\/2025\\\/02\\\/21\\\/limpact-des-boulangers-et-patissiers-roumains-sur-lartisanat-europeen\\\/\"},\"author\":{\"name\":\"Marie Dubois\",\"@id\":\"https:\\\/\\\/rapid-interim.com\\\/#\\\/schema\\\/person\\\/c80cf67768e43267c59b9c4095fac056\"},\"headline\":\"Impact des Boulangers Roumains sur l\u2019Artisanat Europ\u00e9en\",\"datePublished\":\"2025-02-21T21:07:21+00:00\",\"dateModified\":\"2025-03-03T16:05:11+00:00\",\"mainEntityOfPage\":{\"@id\":\"https:\\\/\\\/rapid-interim.com\\\/index.php\\\/2025\\\/02\\\/21\\\/limpact-des-boulangers-et-patissiers-roumains-sur-lartisanat-europeen\\\/\"},\"wordCount\":1089,\"commentCount\":0,\"publisher\":{\"@id\":\"https:\\\/\\\/rapid-interim.com\\\/#organization\"},\"image\":{\"@id\":\"https:\\\/\\\/rapid-interim.com\\\/index.php\\\/2025\\\/02\\\/21\\\/limpact-des-boulangers-et-patissiers-roumains-sur-lartisanat-europeen\\\/#primaryimage\"},\"thumbnailUrl\":\"https:\\\/\\\/rapid-interim.com\\\/wp-content\\\/uploads\\\/2025\\\/02\\\/boulanger-patissier.jpg\",\"keywords\":[\"agence de recrutement roumanie\",\"agence interim europeene\",\"AGENCE INTERIM ROUMANIE\",\"agence interim travailleur etranger\"],\"articleSection\":[\"Blog\",\"H\u00f4tellerie et restauration\"],\"inLanguage\":\"fr-FR\",\"potentialAction\":[{\"@type\":\"CommentAction\",\"name\":\"Comment\",\"target\":[\"https:\\\/\\\/rapid-interim.com\\\/index.php\\\/2025\\\/02\\\/21\\\/limpact-des-boulangers-et-patissiers-roumains-sur-lartisanat-europeen\\\/#respond\"]}]},{\"@type\":\"WebPage\",\"@id\":\"https:\\\/\\\/rapid-interim.com\\\/index.php\\\/2025\\\/02\\\/21\\\/limpact-des-boulangers-et-patissiers-roumains-sur-lartisanat-europeen\\\/\",\"url\":\"https:\\\/\\\/rapid-interim.com\\\/index.php\\\/2025\\\/02\\\/21\\\/limpact-des-boulangers-et-patissiers-roumains-sur-lartisanat-europeen\\\/\",\"name\":\"Impact des Boulangers Roumains sur l\u2019Artisanat Europ\u00e9en - rapid-interim\",\"isPartOf\":{\"@id\":\"https:\\\/\\\/rapid-interim.com\\\/#website\"},\"primaryImageOfPage\":{\"@id\":\"https:\\\/\\\/rapid-interim.com\\\/index.php\\\/2025\\\/02\\\/21\\\/limpact-des-boulangers-et-patissiers-roumains-sur-lartisanat-europeen\\\/#primaryimage\"},\"image\":{\"@id\":\"https:\\\/\\\/rapid-interim.com\\\/index.php\\\/2025\\\/02\\\/21\\\/limpact-des-boulangers-et-patissiers-roumains-sur-lartisanat-europeen\\\/#primaryimage\"},\"thumbnailUrl\":\"https:\\\/\\\/rapid-interim.com\\\/wp-content\\\/uploads\\\/2025\\\/02\\\/boulanger-patissier.jpg\",\"datePublished\":\"2025-02-21T21:07:21+00:00\",\"dateModified\":\"2025-03-03T16:05:11+00:00\",\"description\":\"Impact des boulangers et p\u00e2tissiers roumains sur l\u2019artisanat europ\u00e9en : savoir-faire traditionnel, innovation et contribution\",\"breadcrumb\":{\"@id\":\"https:\\\/\\\/rapid-interim.com\\\/index.php\\\/2025\\\/02\\\/21\\\/limpact-des-boulangers-et-patissiers-roumains-sur-lartisanat-europeen\\\/#breadcrumb\"},\"inLanguage\":\"fr-FR\",\"potentialAction\":[{\"@type\":\"ReadAction\",\"target\":[\"https:\\\/\\\/rapid-interim.com\\\/index.php\\\/2025\\\/02\\\/21\\\/limpact-des-boulangers-et-patissiers-roumains-sur-lartisanat-europeen\\\/\"]}]},{\"@type\":\"ImageObject\",\"inLanguage\":\"fr-FR\",\"@id\":\"https:\\\/\\\/rapid-interim.com\\\/index.php\\\/2025\\\/02\\\/21\\\/limpact-des-boulangers-et-patissiers-roumains-sur-lartisanat-europeen\\\/#primaryimage\",\"url\":\"https:\\\/\\\/rapid-interim.com\\\/wp-content\\\/uploads\\\/2025\\\/02\\\/boulanger-patissier.jpg\",\"contentUrl\":\"https:\\\/\\\/rapid-interim.com\\\/wp-content\\\/uploads\\\/2025\\\/02\\\/boulanger-patissier.jpg\",\"width\":1000,\"height\":667},{\"@type\":\"BreadcrumbList\",\"@id\":\"https:\\\/\\\/rapid-interim.com\\\/index.php\\\/2025\\\/02\\\/21\\\/limpact-des-boulangers-et-patissiers-roumains-sur-lartisanat-europeen\\\/#breadcrumb\",\"itemListElement\":[{\"@type\":\"ListItem\",\"position\":1,\"name\":\"Accueil\",\"item\":\"https:\\\/\\\/rapid-interim.com\\\/\"},{\"@type\":\"ListItem\",\"position\":2,\"name\":\"Impact des Boulangers Roumains sur l\u2019Artisanat Europ\u00e9en\"}]},{\"@type\":\"WebSite\",\"@id\":\"https:\\\/\\\/rapid-interim.com\\\/#website\",\"url\":\"https:\\\/\\\/rapid-interim.com\\\/\",\"name\":\"rapid-interim\",\"description\":\"Interim et travail temporaire\",\"publisher\":{\"@id\":\"https:\\\/\\\/rapid-interim.com\\\/#organization\"},\"potentialAction\":[{\"@type\":\"SearchAction\",\"target\":{\"@type\":\"EntryPoint\",\"urlTemplate\":\"https:\\\/\\\/rapid-interim.com\\\/?s={search_term_string}\"},\"query-input\":{\"@type\":\"PropertyValueSpecification\",\"valueRequired\":true,\"valueName\":\"search_term_string\"}}],\"inLanguage\":\"fr-FR\"},{\"@type\":\"Organization\",\"@id\":\"https:\\\/\\\/rapid-interim.com\\\/#organization\",\"name\":\"rapid-interim\",\"url\":\"https:\\\/\\\/rapid-interim.com\\\/\",\"logo\":{\"@type\":\"ImageObject\",\"inLanguage\":\"fr-FR\",\"@id\":\"https:\\\/\\\/rapid-interim.com\\\/#\\\/schema\\\/logo\\\/image\\\/\",\"url\":\"https:\\\/\\\/rapid-interim.com\\\/wp-content\\\/uploads\\\/2022\\\/06\\\/cropped-rapid-inetrim.png\",\"contentUrl\":\"https:\\\/\\\/rapid-interim.com\\\/wp-content\\\/uploads\\\/2022\\\/06\\\/cropped-rapid-inetrim.png\",\"width\":314,\"height\":137,\"caption\":\"rapid-interim\"},\"image\":{\"@id\":\"https:\\\/\\\/rapid-interim.com\\\/#\\\/schema\\\/logo\\\/image\\\/\"}},{\"@type\":\"Person\",\"@id\":\"https:\\\/\\\/rapid-interim.com\\\/#\\\/schema\\\/person\\\/c80cf67768e43267c59b9c4095fac056\",\"name\":\"Marie Dubois\",\"image\":{\"@type\":\"ImageObject\",\"inLanguage\":\"fr-FR\",\"@id\":\"https:\\\/\\\/secure.gravatar.com\\\/avatar\\\/c5d9a389371c49a3eb3d5c05c1bdb9d2124cabb2c990e1eb227c370b66139bfe?s=96&d=mm&r=g\",\"url\":\"https:\\\/\\\/secure.gravatar.com\\\/avatar\\\/c5d9a389371c49a3eb3d5c05c1bdb9d2124cabb2c990e1eb227c370b66139bfe?s=96&d=mm&r=g\",\"contentUrl\":\"https:\\\/\\\/secure.gravatar.com\\\/avatar\\\/c5d9a389371c49a3eb3d5c05c1bdb9d2124cabb2c990e1eb227c370b66139bfe?s=96&d=mm&r=g\",\"caption\":\"Marie Dubois\"},\"sameAs\":[\"http:\\\/\\\/rapid-interim.com\"],\"url\":\"https:\\\/\\\/rapid-interim.com\\\/index.php\\\/author\\\/rapid-interim-com\\\/\"}]}<\/script>\n<!-- \/ Yoast SEO plugin. -->","yoast_head_json":{"title":"Impact des Boulangers Roumains sur l\u2019Artisanat Europ\u00e9en - rapid-interim","description":"Impact des boulangers et p\u00e2tissiers roumains sur l\u2019artisanat europ\u00e9en : savoir-faire traditionnel, innovation et contribution","robots":{"index":"index","follow":"follow","max-snippet":"max-snippet:-1","max-image-preview":"max-image-preview:large","max-video-preview":"max-video-preview:-1"},"canonical":"https:\/\/rapid-interim.com\/index.php\/2025\/02\/21\/limpact-des-boulangers-et-patissiers-roumains-sur-lartisanat-europeen\/","og_locale":"fr_FR","og_type":"article","og_title":"Impact des Boulangers Roumains sur l\u2019Artisanat Europ\u00e9en - rapid-interim","og_description":"Impact des boulangers et p\u00e2tissiers roumains sur l\u2019artisanat europ\u00e9en : savoir-faire traditionnel, innovation et contribution","og_url":"https:\/\/rapid-interim.com\/index.php\/2025\/02\/21\/limpact-des-boulangers-et-patissiers-roumains-sur-lartisanat-europeen\/","og_site_name":"rapid-interim","article_published_time":"2025-02-21T21:07:21+00:00","article_modified_time":"2025-03-03T16:05:11+00:00","og_image":[{"width":1000,"height":667,"url":"https:\/\/rapid-interim.com\/wp-content\/uploads\/2025\/02\/boulanger-patissier.jpg","type":"image\/jpeg"}],"author":"Marie Dubois","twitter_card":"summary_large_image","twitter_misc":{"\u00c9crit par":"Marie Dubois","Dur\u00e9e de lecture estim\u00e9e":"6 minutes"},"schema":{"@context":"https:\/\/schema.org","@graph":[{"@type":"Article","@id":"https:\/\/rapid-interim.com\/index.php\/2025\/02\/21\/limpact-des-boulangers-et-patissiers-roumains-sur-lartisanat-europeen\/#article","isPartOf":{"@id":"https:\/\/rapid-interim.com\/index.php\/2025\/02\/21\/limpact-des-boulangers-et-patissiers-roumains-sur-lartisanat-europeen\/"},"author":{"name":"Marie Dubois","@id":"https:\/\/rapid-interim.com\/#\/schema\/person\/c80cf67768e43267c59b9c4095fac056"},"headline":"Impact des Boulangers Roumains sur l\u2019Artisanat Europ\u00e9en","datePublished":"2025-02-21T21:07:21+00:00","dateModified":"2025-03-03T16:05:11+00:00","mainEntityOfPage":{"@id":"https:\/\/rapid-interim.com\/index.php\/2025\/02\/21\/limpact-des-boulangers-et-patissiers-roumains-sur-lartisanat-europeen\/"},"wordCount":1089,"commentCount":0,"publisher":{"@id":"https:\/\/rapid-interim.com\/#organization"},"image":{"@id":"https:\/\/rapid-interim.com\/index.php\/2025\/02\/21\/limpact-des-boulangers-et-patissiers-roumains-sur-lartisanat-europeen\/#primaryimage"},"thumbnailUrl":"https:\/\/rapid-interim.com\/wp-content\/uploads\/2025\/02\/boulanger-patissier.jpg","keywords":["agence de recrutement roumanie","agence interim europeene","AGENCE INTERIM ROUMANIE","agence interim travailleur etranger"],"articleSection":["Blog","H\u00f4tellerie et restauration"],"inLanguage":"fr-FR","potentialAction":[{"@type":"CommentAction","name":"Comment","target":["https:\/\/rapid-interim.com\/index.php\/2025\/02\/21\/limpact-des-boulangers-et-patissiers-roumains-sur-lartisanat-europeen\/#respond"]}]},{"@type":"WebPage","@id":"https:\/\/rapid-interim.com\/index.php\/2025\/02\/21\/limpact-des-boulangers-et-patissiers-roumains-sur-lartisanat-europeen\/","url":"https:\/\/rapid-interim.com\/index.php\/2025\/02\/21\/limpact-des-boulangers-et-patissiers-roumains-sur-lartisanat-europeen\/","name":"Impact des Boulangers Roumains sur l\u2019Artisanat Europ\u00e9en - rapid-interim","isPartOf":{"@id":"https:\/\/rapid-interim.com\/#website"},"primaryImageOfPage":{"@id":"https:\/\/rapid-interim.com\/index.php\/2025\/02\/21\/limpact-des-boulangers-et-patissiers-roumains-sur-lartisanat-europeen\/#primaryimage"},"image":{"@id":"https:\/\/rapid-interim.com\/index.php\/2025\/02\/21\/limpact-des-boulangers-et-patissiers-roumains-sur-lartisanat-europeen\/#primaryimage"},"thumbnailUrl":"https:\/\/rapid-interim.com\/wp-content\/uploads\/2025\/02\/boulanger-patissier.jpg","datePublished":"2025-02-21T21:07:21+00:00","dateModified":"2025-03-03T16:05:11+00:00","description":"Impact des boulangers et p\u00e2tissiers roumains sur l\u2019artisanat europ\u00e9en : savoir-faire traditionnel, innovation et contribution","breadcrumb":{"@id":"https:\/\/rapid-interim.com\/index.php\/2025\/02\/21\/limpact-des-boulangers-et-patissiers-roumains-sur-lartisanat-europeen\/#breadcrumb"},"inLanguage":"fr-FR","potentialAction":[{"@type":"ReadAction","target":["https:\/\/rapid-interim.com\/index.php\/2025\/02\/21\/limpact-des-boulangers-et-patissiers-roumains-sur-lartisanat-europeen\/"]}]},{"@type":"ImageObject","inLanguage":"fr-FR","@id":"https:\/\/rapid-interim.com\/index.php\/2025\/02\/21\/limpact-des-boulangers-et-patissiers-roumains-sur-lartisanat-europeen\/#primaryimage","url":"https:\/\/rapid-interim.com\/wp-content\/uploads\/2025\/02\/boulanger-patissier.jpg","contentUrl":"https:\/\/rapid-interim.com\/wp-content\/uploads\/2025\/02\/boulanger-patissier.jpg","width":1000,"height":667},{"@type":"BreadcrumbList","@id":"https:\/\/rapid-interim.com\/index.php\/2025\/02\/21\/limpact-des-boulangers-et-patissiers-roumains-sur-lartisanat-europeen\/#breadcrumb","itemListElement":[{"@type":"ListItem","position":1,"name":"Accueil","item":"https:\/\/rapid-interim.com\/"},{"@type":"ListItem","position":2,"name":"Impact des Boulangers Roumains sur l\u2019Artisanat Europ\u00e9en"}]},{"@type":"WebSite","@id":"https:\/\/rapid-interim.com\/#website","url":"https:\/\/rapid-interim.com\/","name":"rapid-interim","description":"Interim et travail temporaire","publisher":{"@id":"https:\/\/rapid-interim.com\/#organization"},"potentialAction":[{"@type":"SearchAction","target":{"@type":"EntryPoint","urlTemplate":"https:\/\/rapid-interim.com\/?s={search_term_string}"},"query-input":{"@type":"PropertyValueSpecification","valueRequired":true,"valueName":"search_term_string"}}],"inLanguage":"fr-FR"},{"@type":"Organization","@id":"https:\/\/rapid-interim.com\/#organization","name":"rapid-interim","url":"https:\/\/rapid-interim.com\/","logo":{"@type":"ImageObject","inLanguage":"fr-FR","@id":"https:\/\/rapid-interim.com\/#\/schema\/logo\/image\/","url":"https:\/\/rapid-interim.com\/wp-content\/uploads\/2022\/06\/cropped-rapid-inetrim.png","contentUrl":"https:\/\/rapid-interim.com\/wp-content\/uploads\/2022\/06\/cropped-rapid-inetrim.png","width":314,"height":137,"caption":"rapid-interim"},"image":{"@id":"https:\/\/rapid-interim.com\/#\/schema\/logo\/image\/"}},{"@type":"Person","@id":"https:\/\/rapid-interim.com\/#\/schema\/person\/c80cf67768e43267c59b9c4095fac056","name":"Marie Dubois","image":{"@type":"ImageObject","inLanguage":"fr-FR","@id":"https:\/\/secure.gravatar.com\/avatar\/c5d9a389371c49a3eb3d5c05c1bdb9d2124cabb2c990e1eb227c370b66139bfe?s=96&d=mm&r=g","url":"https:\/\/secure.gravatar.com\/avatar\/c5d9a389371c49a3eb3d5c05c1bdb9d2124cabb2c990e1eb227c370b66139bfe?s=96&d=mm&r=g","contentUrl":"https:\/\/secure.gravatar.com\/avatar\/c5d9a389371c49a3eb3d5c05c1bdb9d2124cabb2c990e1eb227c370b66139bfe?s=96&d=mm&r=g","caption":"Marie Dubois"},"sameAs":["http:\/\/rapid-interim.com"],"url":"https:\/\/rapid-interim.com\/index.php\/author\/rapid-interim-com\/"}]}},"jetpack_featured_media_url":"https:\/\/rapid-interim.com\/wp-content\/uploads\/2025\/02\/boulanger-patissier.jpg","jetpack_sharing_enabled":true,"_links":{"self":[{"href":"https:\/\/rapid-interim.com\/index.php\/wp-json\/wp\/v2\/posts\/21966","targetHints":{"allow":["GET"]}}],"collection":[{"href":"https:\/\/rapid-interim.com\/index.php\/wp-json\/wp\/v2\/posts"}],"about":[{"href":"https:\/\/rapid-interim.com\/index.php\/wp-json\/wp\/v2\/types\/post"}],"author":[{"embeddable":true,"href":"https:\/\/rapid-interim.com\/index.php\/wp-json\/wp\/v2\/users\/1"}],"replies":[{"embeddable":true,"href":"https:\/\/rapid-interim.com\/index.php\/wp-json\/wp\/v2\/comments?post=21966"}],"version-history":[{"count":2,"href":"https:\/\/rapid-interim.com\/index.php\/wp-json\/wp\/v2\/posts\/21966\/revisions"}],"predecessor-version":[{"id":21986,"href":"https:\/\/rapid-interim.com\/index.php\/wp-json\/wp\/v2\/posts\/21966\/revisions\/21986"}],"wp:featuredmedia":[{"embeddable":true,"href":"https:\/\/rapid-interim.com\/index.php\/wp-json\/wp\/v2\/media\/21965"}],"wp:attachment":[{"href":"https:\/\/rapid-interim.com\/index.php\/wp-json\/wp\/v2\/media?parent=21966"}],"wp:term":[{"taxonomy":"category","embeddable":true,"href":"https:\/\/rapid-interim.com\/index.php\/wp-json\/wp\/v2\/categories?post=21966"},{"taxonomy":"post_tag","embeddable":true,"href":"https:\/\/rapid-interim.com\/index.php\/wp-json\/wp\/v2\/tags?post=21966"}],"curies":[{"name":"wp","href":"https:\/\/api.w.org\/{rel}","templated":true}]}}