{"id":21951,"date":"2025-02-17T14:14:42","date_gmt":"2025-02-17T13:14:42","guid":{"rendered":"https:\/\/rapid-interim.com\/?p=21951"},"modified":"2025-03-03T18:10:12","modified_gmt":"2025-03-03T17:10:12","slug":"linnovation-et-la-mecanisation-en-agriculture-quel-role-pour-les-travailleurs-interimaires-roumains","status":"publish","type":"post","link":"https:\/\/rapid-interim.com\/index.php\/2025\/02\/17\/linnovation-et-la-mecanisation-en-agriculture-quel-role-pour-les-travailleurs-interimaires-roumains\/","title":{"rendered":"Innovation et m\u00e9canisation : r\u00f4le des int\u00e9rimaires roumains en agriculture"},"content":{"rendered":"\r\n<p class=\"wp-block-paragraph\">L\u2019agriculture moderne conna\u00eet une transformation rapide gr\u00e2ce \u00e0 l\u2019innovation et \u00e0 la m\u00e9canisation. L\u2019automatisation des t\u00e2ches, l\u2019usage de machines de pointe et les nouvelles technologies am\u00e9liorent la productivit\u00e9 et r\u00e9duisent la p\u00e9nibilit\u00e9 du travail. Pourtant, malgr\u00e9 ces avanc\u00e9es, la pr\u00e9sence d\u2019une <a href=\"https:\/\/rapid-interim.com\/\" data-internallinksmanager029f6b8e52c=\"45\" title=\"Main-d\u2019\u0153uvre qualifi\u00e9e\">main-d\u2019\u0153uvre qualifi\u00e9e<\/a> reste indispensable pour accompagner ces \u00e9volutions.<\/p>\r\n\r\n\r\n\r\n<p class=\"wp-block-paragraph\">Les travailleurs <a href=\"https:\/\/rapid-interim.com\/index.php\/2025\/02\/18\/travailleurs-interimaires-roumains-dans-lindustrie-laitiere-une-reponse-aux-besoins-en-main-doeuvre-qualifiee\/\" data-internallinksmanager029f6b8e52c=\"26\" title=\"Interimaires Roumains\">int\u00e9rimaires roumains<\/a> jouent un r\u00f4le cl\u00e9 dans cette transition, apportant leur expertise et leur adaptabilit\u00e9 aux exploitations europ\u00e9ennes. Dans cet article, nous explorons l\u2019impact de l\u2019innovation et de la m\u00e9canisation sur l\u2019agriculture, ainsi que la place qu\u2019occupent les ouvriers roumains dans ce contexte.<\/p>\r\n\r\n\r\n<hr class=\"wp-block-separator has-alpha-channel-opacity\" \/>\r\n\r\n\r\n<h2 class=\"wp-block-heading\"><strong>1. L\u2019innovation et la m\u00e9canisation en agriculture : un secteur en pleine transformation<\/strong><\/h2>\r\n\r\n\r\n\r\n<h3 class=\"wp-block-heading\"><strong>1.1. Les nouvelles technologies au service de l\u2019agriculture<\/strong><\/h3>\r\n\r\n\r\n\r\n<p class=\"wp-block-paragraph\">L\u2019innovation agricole repose sur plusieurs avanc\u00e9es majeures :<\/p>\r\n\r\n\r\n\r\n<ul class=\"wp-block-list\">\r\n<li><strong>Machinisme agricole<\/strong> : tracteurs autonomes, moissonneuses-batteuses connect\u00e9es, robots de r\u00e9colte.<\/li>\r\n\r\n\r\n\r\n<li><strong>Agriculture de pr\u00e9cision<\/strong> : capteurs, drones et satellites pour optimiser l\u2019irrigation et la fertilisation.<\/li>\r\n\r\n\r\n\r\n<li><strong>Automatisation des t\u00e2ches<\/strong> : robots de traite en \u00e9levage, d\u00e9sherbage m\u00e9canique, syst\u00e8mes de tri des r\u00e9coltes.<\/li>\r\n\r\n\r\n\r\n<li><strong>Num\u00e9risation<\/strong> : logiciels de gestion des cultures, analyse de donn\u00e9es, suivi en temps r\u00e9el.<\/li>\r\n<\/ul>\r\n\r\n\r\n\r\n<p class=\"wp-block-paragraph\">Ces innovations permettent d\u2019am\u00e9liorer <strong>la productivit\u00e9, la rentabilit\u00e9 et la durabilit\u00e9 des exploitations<\/strong>.<\/p>\r\n\r\n\r\n\r\n<h3 class=\"wp-block-heading\"><strong>1.2. Une m\u00e9canisation qui ne remplace pas la main-d\u2019\u0153uvre<\/strong><\/h3>\r\n\r\n\r\n\r\n<figure class=\"wp-block-image size-large\"><img fetchpriority=\"high\" decoding=\"async\" width=\"630\" height=\"420\" class=\"wp-image-21718\" src=\"https:\/\/rapid-interim.com\/wp-content\/uploads\/2024\/10\/kirpy-NS-3-cultivateur-lourd.jpg\" alt=\"\" srcset=\"https:\/\/rapid-interim.com\/wp-content\/uploads\/2024\/10\/kirpy-NS-3-cultivateur-lourd.jpg 630w, https:\/\/rapid-interim.com\/wp-content\/uploads\/2024\/10\/kirpy-NS-3-cultivateur-lourd-300x200.jpg 300w, https:\/\/rapid-interim.com\/wp-content\/uploads\/2024\/10\/kirpy-NS-3-cultivateur-lourd-600x400.jpg 600w\" sizes=\"(max-width: 630px) 100vw, 630px\" \/><\/figure>\r\n\r\n\r\n\r\n<p class=\"wp-block-paragraph\">Bien que les machines r\u00e9duisent certaines t\u00e2ches p\u00e9nibles, elles ne remplacent pas totalement le travail humain. Plusieurs aspects n\u00e9cessitent toujours des comp\u00e9tences humaines :<\/p>\r\n\r\n\r\n\r\n<ul class=\"wp-block-list\">\r\n<li><strong>L\u2019installation, l\u2019entretien et la r\u00e9paration des machines agricoles<\/strong>.<\/li>\r\n\r\n\r\n\r\n<li><strong>Le pilotage et l\u2019ajustement des \u00e9quipements en fonction des cultures<\/strong>.<\/li>\r\n\r\n\r\n\r\n<li><strong>Les t\u00e2ches n\u00e9cessitant de la minutie, comme la taille des arbres fruitiers ou le greffage<\/strong>.<\/li>\r\n\r\n\r\n\r\n<li><strong>La supervision des r\u00e9coltes m\u00e9canis\u00e9es et le contr\u00f4le qualit\u00e9<\/strong>.<\/li>\r\n<\/ul>\r\n\r\n\r\n\r\n<p class=\"wp-block-paragraph\">L\u2019innovation transforme donc les m\u00e9tiers agricoles, mais elle cr\u00e9e aussi de nouveaux besoins en <a href=\"https:\/\/rapid-interim.com\/\" data-internallinksmanager029f6b8e52c=\"45\" title=\"Main-d\u2019\u0153uvre qualifi\u00e9e\">main-d\u2019\u0153uvre qualifi\u00e9e<\/a>.<\/p>\r\n\r\n\r\n<hr class=\"wp-block-separator has-alpha-channel-opacity\" \/>\r\n\r\n\r\n<h2 class=\"wp-block-heading\"><strong>2. Le r\u00f4le des travailleurs int\u00e9rimaires roumains dans l\u2019agriculture m\u00e9canis\u00e9e<\/strong><\/h2>\r\n\r\n\r\n\r\n<h3 class=\"wp-block-heading\"><strong>2.1. Une main-d\u2019\u0153uvre form\u00e9e \u00e0 l\u2019utilisation des machines agricoles<\/strong><\/h3>\r\n\r\n\r\n\r\n<p class=\"wp-block-paragraph\">Les travailleurs <a href=\"https:\/\/rapid-interim.com\/index.php\/2025\/02\/18\/travailleurs-interimaires-roumains-dans-lindustrie-laitiere-une-reponse-aux-besoins-en-main-doeuvre-qualifiee\/\" data-internallinksmanager029f6b8e52c=\"26\" title=\"Interimaires Roumains\">int\u00e9rimaires roumains<\/a> poss\u00e8dent une exp\u00e9rience pr\u00e9cieuse dans le machinisme agricole. Beaucoup d\u2019entre eux ma\u00eetrisent :<\/p>\r\n\r\n\r\n\r\n<ul class=\"wp-block-list\">\r\n<li><strong>La conduite de tracteurs, moissonneuses et autres machines agricoles modernes<\/strong>.<\/li>\r\n\r\n\r\n\r\n<li><strong>L\u2019entretien et la r\u00e9paration des \u00e9quipements<\/strong>.<\/li>\r\n\r\n\r\n\r\n<li><strong>Les nouvelles technologies, comme les capteurs et syst\u00e8mes GPS pour l\u2019agriculture de pr\u00e9cision<\/strong>.<\/li>\r\n<\/ul>\r\n\r\n\r\n\r\n<h3 class=\"wp-block-heading\"><strong>2.2. Une r\u00e9ponse aux besoins en personnel qualifi\u00e9<\/strong><\/h3>\r\n\r\n\r\n\r\n<p class=\"wp-block-paragraph\">Avec le vieillissement des agriculteurs et le manque de main-d\u2019\u0153uvre locale, les exploitations europ\u00e9ennes ont de plus en plus recours aux <a href=\"https:\/\/rapid-interim.com\/index.php\/2025\/02\/18\/travailleurs-interimaires-roumains-dans-lindustrie-laitiere-une-reponse-aux-besoins-en-main-doeuvre-qualifiee\/\" data-internallinksmanager029f6b8e52c=\"26\" title=\"Interimaires Roumains\">int\u00e9rimaires roumains<\/a>. Ceux-ci occupent des postes essentiels tels que :<\/p>\r\n\r\n\r\n\r\n<ul class=\"wp-block-list\">\r\n<li><strong>Conducteurs d\u2019engins agricoles<\/strong> (tracteurs, pulv\u00e9risateurs, semoirs).<\/li>\r\n\r\n\r\n\r\n<li><strong>Techniciens en maintenance des \u00e9quipements<\/strong>.<\/li>\r\n\r\n\r\n\r\n<li><strong>Ouvriers sp\u00e9cialis\u00e9s en r\u00e9colte m\u00e9canis\u00e9e<\/strong>.<\/li>\r\n\r\n\r\n\r\n<li><strong>Assistants en gestion agricole et suivi des cultures<\/strong>.<\/li>\r\n<\/ul>\r\n\r\n\r\n\r\n<h3 class=\"wp-block-heading\"><strong>2.3. Une flexibilit\u00e9 pr\u00e9cieuse pour les exploitations<\/strong><\/h3>\r\n\r\n\r\n\r\n<p class=\"wp-block-paragraph\">L\u2019int\u00e9rim permet aux exploitants d\u2019ajuster leur main-d\u2019\u0153uvre selon les besoins saisonniers et technologiques :<\/p>\r\n\r\n\r\n\r\n<ul class=\"wp-block-list\">\r\n<li><strong>P\u00e9riodes de semis et de r\u00e9colte<\/strong> n\u00e9cessitant des conducteurs de machines agricoles.<\/li>\r\n\r\n\r\n\r\n<li><strong>Entretien des cultures et interventions techniques tout au long de l\u2019ann\u00e9e<\/strong>.<\/li>\r\n\r\n\r\n\r\n<li><strong>Modernisation des exploitations, avec des travailleurs capables de s\u2019adapter aux nouveaux outils<\/strong>.<\/li>\r\n<\/ul>\r\n\r\n\r\n\r\n<p class=\"wp-block-paragraph\">Les <a href=\"https:\/\/rapid-interim.com\/index.php\/2025\/02\/24\/reglementation-europeenne-et-detachement-des-travailleurs-roumains\/\" data-internallinksmanager029f6b8e52c=\"28\" title=\"Travailleurs roumains\">travailleurs roumains<\/a> offrent ainsi une grande r\u00e9activit\u00e9 aux employeurs tout en b\u00e9n\u00e9ficiant d\u2019opportunit\u00e9s vari\u00e9es et bien r\u00e9mun\u00e9r\u00e9es.<\/p>\r\n\r\n\r\n<hr class=\"wp-block-separator has-alpha-channel-opacity\" \/>\r\n\r\n\r\n<h2 class=\"wp-block-heading\"><strong>3. Les avantages du travail int\u00e9rimaire roumain pour l\u2019agriculture modernis\u00e9e<\/strong><\/h2>\r\n\r\n\r\n\r\n<h3 class=\"wp-block-heading\"><strong>3.1. Pour les exploitations agricoles : un acc\u00e8s rapide \u00e0 des comp\u00e9tences cl\u00e9s<\/strong><\/h3>\r\n\r\n\r\n\r\n<p class=\"wp-block-paragraph\">Les entreprises agricoles tirent de nombreux b\u00e9n\u00e9fices du <a href=\"https:\/\/rapid-interim.com\/index.php\/2025\/01\/10\/le-detachement-de-travailleurs-et-la-lutte-contre-le-travail-illegal-dans-la-construction\/\" data-internallinksmanager029f6b8e52c=\"48\" title=\"travail int\u00e9rimaire roumain\">travail int\u00e9rimaire roumain<\/a> :<\/p>\r\n\r\n\r\n\r\n<ul class=\"wp-block-list\">\r\n<li><strong>Disponibilit\u00e9 imm\u00e9diate de travailleurs exp\u00e9riment\u00e9s<\/strong>.<\/li>\r\n\r\n\r\n\r\n<li><strong>R\u00e9duction des co\u00fbts de formation gr\u00e2ce \u00e0 une main-d\u2019\u0153uvre d\u00e9j\u00e0 qualifi\u00e9e<\/strong>.<\/li>\r\n\r\n\r\n\r\n<li><strong>Capacit\u00e9 d\u2019adaptation aux nouvelles technologies et aux <a href=\"https:\/\/rapid-interim.com\/index.php\/2025\/01\/22\/les-conditions-de-travail-des-interimaires-roumains-dans-le-secteur-de-la-logistique\/\" data-internallinksmanager029f6b8e52c=\"46\" title=\"conditions de travail\">conditions de travail<\/a> vari\u00e9es<\/strong>.<\/li>\r\n<\/ul>\r\n\r\n\r\n\r\n<h3 class=\"wp-block-heading\"><strong>3.2. Pour les travailleurs roumains : des opportunit\u00e9s de carri\u00e8re et de formation<\/strong><\/h3>\r\n\r\n\r\n\r\n<p class=\"wp-block-paragraph\">Le travail en agriculture m\u00e9canis\u00e9e permet aux ouvriers roumains de :<\/p>\r\n\r\n\r\n\r\n<figure class=\"wp-block-image\"><img decoding=\"async\" width=\"2560\" height=\"1591\" class=\"wp-image-21715\" src=\"https:\/\/rapid-interim.com\/wp-content\/uploads\/2024\/10\/5cd0d7d852ce01ad038b4658-scaled.jpeg\" alt=\"\" srcset=\"https:\/\/rapid-interim.com\/wp-content\/uploads\/2024\/10\/5cd0d7d852ce01ad038b4658-scaled.jpeg 2560w, https:\/\/rapid-interim.com\/wp-content\/uploads\/2024\/10\/5cd0d7d852ce01ad038b4658-300x186.jpeg 300w, https:\/\/rapid-interim.com\/wp-content\/uploads\/2024\/10\/5cd0d7d852ce01ad038b4658-1024x636.jpeg 1024w, https:\/\/rapid-interim.com\/wp-content\/uploads\/2024\/10\/5cd0d7d852ce01ad038b4658-768x477.jpeg 768w, https:\/\/rapid-interim.com\/wp-content\/uploads\/2024\/10\/5cd0d7d852ce01ad038b4658-1536x954.jpeg 1536w, https:\/\/rapid-interim.com\/wp-content\/uploads\/2024\/10\/5cd0d7d852ce01ad038b4658-2048x1272.jpeg 2048w, https:\/\/rapid-interim.com\/wp-content\/uploads\/2024\/10\/5cd0d7d852ce01ad038b4658-600x373.jpeg 600w\" sizes=\"(max-width: 2560px) 100vw, 2560px\" \/><\/figure>\r\n\r\n\r\n\r\n<ul class=\"wp-block-list\">\r\n<li><strong>Acc\u00e9der \u00e0 des emplois mieux r\u00e9mun\u00e9r\u00e9s<\/strong> gr\u00e2ce \u00e0 leurs comp\u00e9tences techniques.<\/li>\r\n\r\n\r\n\r\n<li><strong>D\u00e9velopper leur expertise dans des domaines sp\u00e9cialis\u00e9s<\/strong> (maintenance, gestion de cultures de pr\u00e9cision).<\/li>\r\n\r\n\r\n\r\n<li><strong>Se former aux nouvelles technologies agricoles<\/strong> et am\u00e9liorer leur employabilit\u00e9 \u00e0 long terme.<\/li>\r\n<\/ul>\r\n\r\n\r\n<hr class=\"wp-block-separator has-alpha-channel-opacity\" \/>\r\n\r\n\r\n<h2 class=\"wp-block-heading\"><strong>4. D\u00e9fis et perspectives d\u2019avenir<\/strong><\/h2>\r\n\r\n\r\n\r\n<h3 class=\"wp-block-heading\"><strong>4.1. Former davantage les travailleurs int\u00e9rimaires \u00e0 l\u2019innovation agricole<\/strong><\/h3>\r\n\r\n\r\n\r\n<p class=\"wp-block-paragraph\">L\u2019\u00e9volution rapide des technologies agricoles exige une formation continue pour les ouvriers int\u00e9rimaires. Des initiatives peuvent \u00eatre mises en place :<\/p>\r\n\r\n\r\n\r\n<ul class=\"wp-block-list\">\r\n<li><strong>Programmes de formation en machinisme agricole et en agriculture de pr\u00e9cision<\/strong>.<\/li>\r\n\r\n\r\n\r\n<li><strong>Stages et certifications pour am\u00e9liorer les comp\u00e9tences techniques<\/strong>.<\/li>\r\n\r\n\r\n\r\n<li><strong>Partenariats entre <a href=\"https:\/\/rapid-interim.com\/\" data-internallinksmanager029f6b8e52c=\"47\" title=\"agences d\u2019int\u00e9rim\">agences d\u2019int\u00e9rim<\/a> et centres de formation agricole<\/strong>.<\/li>\r\n<\/ul>\r\n\r\n\r\n\r\n<h3 class=\"wp-block-heading\"><strong>4.2. Am\u00e9liorer les conditions de travail et d\u2019int\u00e9gration<\/strong><\/h3>\r\n\r\n\r\n\r\n<p class=\"wp-block-paragraph\">Pour garantir un travail efficace et durable, il est important de :<\/p>\r\n\r\n\r\n\r\n<ul class=\"wp-block-list\">\r\n<li><strong>Proposer des contrats transparents et des <a href=\"https:\/\/rapid-interim.com\/index.php\/2025\/01\/22\/les-conditions-de-travail-des-interimaires-roumains-dans-le-secteur-de-la-logistique\/\" data-internallinksmanager029f6b8e52c=\"46\" title=\"conditions de travail\">conditions de travail<\/a> \u00e9quitables<\/strong>.<\/li>\r\n\r\n\r\n\r\n<li><strong>Offrir des logements adapt\u00e9s aux travailleurs saisonniers<\/strong>.<\/li>\r\n\r\n\r\n\r\n<li><strong>Encourager une int\u00e9gration sociale et professionnelle sur le long terme<\/strong>.<\/li>\r\n<\/ul>\r\n\r\n\r\n\r\n<h3 class=\"wp-block-heading\"><strong>4.3. Vers une agriculture intelligente et durable<\/strong><\/h3>\r\n\r\n\r\n\r\n<p class=\"wp-block-paragraph\">Avec l\u2019essor des <strong>fermes connect\u00e9es et de l\u2019agriculture 4.0<\/strong>, les ouvriers <a href=\"https:\/\/rapid-interim.com\/index.php\/2025\/02\/18\/travailleurs-interimaires-roumains-dans-lindustrie-laitiere-une-reponse-aux-besoins-en-main-doeuvre-qualifiee\/\" data-internallinksmanager029f6b8e52c=\"26\" title=\"Interimaires Roumains\">int\u00e9rimaires roumains<\/a> pourraient devenir des acteurs cl\u00e9s de la transition \u00e9cologique et num\u00e9rique du secteur agricole. En investissant dans <strong>leur formation et leur valorisation professionnelle<\/strong>, l\u2019Europe peut garantir une <a href=\"https:\/\/rapid-interim.com\/\" data-internallinksmanager029f6b8e52c=\"45\" title=\"Main-d\u2019\u0153uvre qualifi\u00e9e\">main-d\u2019\u0153uvre qualifi\u00e9e<\/a>, capable de r\u00e9pondre aux d\u00e9fis de l\u2019agriculture moderne.<\/p>\r\n\r\n\r\n<hr class=\"wp-block-separator has-alpha-channel-opacity\" \/>\r\n\r\n\r\n<h2 class=\"wp-block-heading\"><strong>Conclusion<\/strong><\/h2>\r\n\r\n\r\n\r\n<p class=\"wp-block-paragraph\">L\u2019innovation et la m\u00e9canisation transforment l\u2019agriculture, mais elles ne font pas dispara\u00eetre le besoin de travailleurs qualifi\u00e9s. Les <a href=\"https:\/\/rapid-interim.com\/index.php\/2025\/02\/18\/travailleurs-interimaires-roumains-dans-lindustrie-laitiere-une-reponse-aux-besoins-en-main-doeuvre-qualifiee\/\" data-internallinksmanager029f6b8e52c=\"26\" title=\"Interimaires Roumains\">int\u00e9rimaires roumains<\/a> apportent une expertise pr\u00e9cieuse en machinisme agricole et en technologies agricoles modernes, tout en assurant une flexibilit\u00e9 essentielle aux exploitations.<\/p>\r\n\r\n\r\n\r\n<p class=\"wp-block-paragraph\">Avec une meilleure reconnaissance et une formation adapt\u00e9e aux nouvelles exigences du secteur, ces travailleurs joueront un r\u00f4le central dans l\u2019avenir de l\u2019agriculture europ\u00e9enne.<\/p>\r\n\r\n\r\n\r\n<p class=\"wp-block-paragraph\"><strong>Vous cherchez des travailleurs qualifi\u00e9s en machinisme agricole ? Contactez-nous \u00e0<\/strong> <a href=\"mailto:info@rapid-interim.com\">info@rapid-interim.com<\/a> <strong>!<\/strong><\/p>\r\n","protected":false},"excerpt":{"rendered":"<p>L\u2019agriculture moderne conna\u00eet une transformation rapide gr\u00e2ce \u00e0 l\u2019innovation et \u00e0 la m\u00e9canisation. L\u2019automatisation des t\u00e2ches, l\u2019usage de machines de pointe et les nouvelles technologies am\u00e9liorent la productivit\u00e9 et r\u00e9duisent la p\u00e9nibilit\u00e9 du travail. Pourtant, malgr\u00e9 ces avanc\u00e9es, la pr\u00e9sence d\u2019une main-d\u2019\u0153uvre qualifi\u00e9e reste indispensable pour accompagner ces \u00e9volutions. Les travailleurs int\u00e9rimaires roumains jouent un [&hellip;]<\/p>\n","protected":false},"author":1,"featured_media":21713,"comment_status":"open","ping_status":"open","sticky":false,"template":"","format":"standard","meta":{"_crdt_document":"","_jetpack_memberships_contains_paid_content":false,"footnotes":""},"categories":[148,1],"tags":[129,128,127],"class_list":["post-21951","post","type-post","status-publish","format-standard","has-post-thumbnail","hentry","category-agriculture","category-blog","tag-agence-de-recrutement-roumanie","tag-agence-interim-europeene","tag-agence-interim-travailleur-etranger"],"yoast_head":"<!-- This site is optimized with the Yoast SEO plugin v27.5 - https:\/\/yoast.com\/product\/yoast-seo-wordpress\/ -->\n<title>Innovation et m\u00e9canisation : r\u00f4le des int\u00e9rimaires roumains en agriculture - rapid-interim<\/title>\n<meta name=\"description\" content=\"L\u2019innovation et la m\u00e9canisation en agriculture : quel r\u00f4le pour les travailleurs int\u00e9rimaires roumains ? Adaptabilit\u00e9, comp\u00e9tences et soutien\" \/>\n<meta name=\"robots\" content=\"index, follow, max-snippet:-1, max-image-preview:large, max-video-preview:-1\" \/>\n<link rel=\"canonical\" href=\"https:\/\/rapid-interim.com\/index.php\/2025\/02\/17\/linnovation-et-la-mecanisation-en-agriculture-quel-role-pour-les-travailleurs-interimaires-roumains\/\" \/>\n<meta property=\"og:locale\" content=\"fr_FR\" \/>\n<meta property=\"og:type\" content=\"article\" \/>\n<meta property=\"og:title\" content=\"Innovation et m\u00e9canisation : r\u00f4le des int\u00e9rimaires roumains en agriculture - rapid-interim\" \/>\n<meta property=\"og:description\" content=\"L\u2019innovation et la m\u00e9canisation en agriculture : quel r\u00f4le pour les travailleurs int\u00e9rimaires roumains ? Adaptabilit\u00e9, comp\u00e9tences et soutien\" \/>\n<meta property=\"og:url\" content=\"https:\/\/rapid-interim.com\/index.php\/2025\/02\/17\/linnovation-et-la-mecanisation-en-agriculture-quel-role-pour-les-travailleurs-interimaires-roumains\/\" \/>\n<meta property=\"og:site_name\" content=\"rapid-interim\" \/>\n<meta property=\"article:published_time\" content=\"2025-02-17T13:14:42+00:00\" \/>\n<meta property=\"article:modified_time\" content=\"2025-03-03T17:10:12+00:00\" \/>\n<meta property=\"og:image\" content=\"https:\/\/rapid-interim.com\/wp-content\/uploads\/2024\/10\/RVI290_ENJE_RECRUTEMENT_LEAD.jpg.webp\" \/>\n\t<meta property=\"og:image:width\" content=\"747\" \/>\n\t<meta property=\"og:image:height\" content=\"498\" \/>\n\t<meta property=\"og:image:type\" content=\"image\/webp\" \/>\n<meta name=\"author\" content=\"Marie Dubois\" \/>\n<meta name=\"twitter:card\" content=\"summary_large_image\" \/>\n<meta name=\"twitter:label1\" content=\"\u00c9crit par\" \/>\n\t<meta name=\"twitter:data1\" content=\"Marie Dubois\" \/>\n\t<meta name=\"twitter:label2\" content=\"Dur\u00e9e de lecture estim\u00e9e\" \/>\n\t<meta name=\"twitter:data2\" content=\"5 minutes\" \/>\n<script type=\"application\/ld+json\" class=\"yoast-schema-graph\">{\"@context\":\"https:\\\/\\\/schema.org\",\"@graph\":[{\"@type\":\"Article\",\"@id\":\"https:\\\/\\\/rapid-interim.com\\\/index.php\\\/2025\\\/02\\\/17\\\/linnovation-et-la-mecanisation-en-agriculture-quel-role-pour-les-travailleurs-interimaires-roumains\\\/#article\",\"isPartOf\":{\"@id\":\"https:\\\/\\\/rapid-interim.com\\\/index.php\\\/2025\\\/02\\\/17\\\/linnovation-et-la-mecanisation-en-agriculture-quel-role-pour-les-travailleurs-interimaires-roumains\\\/\"},\"author\":{\"name\":\"Marie Dubois\",\"@id\":\"https:\\\/\\\/rapid-interim.com\\\/#\\\/schema\\\/person\\\/c80cf67768e43267c59b9c4095fac056\"},\"headline\":\"Innovation et m\u00e9canisation : r\u00f4le des int\u00e9rimaires roumains en agriculture\",\"datePublished\":\"2025-02-17T13:14:42+00:00\",\"dateModified\":\"2025-03-03T17:10:12+00:00\",\"mainEntityOfPage\":{\"@id\":\"https:\\\/\\\/rapid-interim.com\\\/index.php\\\/2025\\\/02\\\/17\\\/linnovation-et-la-mecanisation-en-agriculture-quel-role-pour-les-travailleurs-interimaires-roumains\\\/\"},\"wordCount\":1013,\"commentCount\":0,\"publisher\":{\"@id\":\"https:\\\/\\\/rapid-interim.com\\\/#organization\"},\"image\":{\"@id\":\"https:\\\/\\\/rapid-interim.com\\\/index.php\\\/2025\\\/02\\\/17\\\/linnovation-et-la-mecanisation-en-agriculture-quel-role-pour-les-travailleurs-interimaires-roumains\\\/#primaryimage\"},\"thumbnailUrl\":\"https:\\\/\\\/rapid-interim.com\\\/wp-content\\\/uploads\\\/2024\\\/10\\\/RVI290_ENJE_RECRUTEMENT_LEAD.jpg.webp\",\"keywords\":[\"agence de recrutement roumanie\",\"agence interim europeene\",\"agence interim travailleur etranger\"],\"articleSection\":[\"Agriculture\",\"Blog\"],\"inLanguage\":\"fr-FR\",\"potentialAction\":[{\"@type\":\"CommentAction\",\"name\":\"Comment\",\"target\":[\"https:\\\/\\\/rapid-interim.com\\\/index.php\\\/2025\\\/02\\\/17\\\/linnovation-et-la-mecanisation-en-agriculture-quel-role-pour-les-travailleurs-interimaires-roumains\\\/#respond\"]}]},{\"@type\":\"WebPage\",\"@id\":\"https:\\\/\\\/rapid-interim.com\\\/index.php\\\/2025\\\/02\\\/17\\\/linnovation-et-la-mecanisation-en-agriculture-quel-role-pour-les-travailleurs-interimaires-roumains\\\/\",\"url\":\"https:\\\/\\\/rapid-interim.com\\\/index.php\\\/2025\\\/02\\\/17\\\/linnovation-et-la-mecanisation-en-agriculture-quel-role-pour-les-travailleurs-interimaires-roumains\\\/\",\"name\":\"Innovation et m\u00e9canisation : r\u00f4le des int\u00e9rimaires roumains en agriculture - rapid-interim\",\"isPartOf\":{\"@id\":\"https:\\\/\\\/rapid-interim.com\\\/#website\"},\"primaryImageOfPage\":{\"@id\":\"https:\\\/\\\/rapid-interim.com\\\/index.php\\\/2025\\\/02\\\/17\\\/linnovation-et-la-mecanisation-en-agriculture-quel-role-pour-les-travailleurs-interimaires-roumains\\\/#primaryimage\"},\"image\":{\"@id\":\"https:\\\/\\\/rapid-interim.com\\\/index.php\\\/2025\\\/02\\\/17\\\/linnovation-et-la-mecanisation-en-agriculture-quel-role-pour-les-travailleurs-interimaires-roumains\\\/#primaryimage\"},\"thumbnailUrl\":\"https:\\\/\\\/rapid-interim.com\\\/wp-content\\\/uploads\\\/2024\\\/10\\\/RVI290_ENJE_RECRUTEMENT_LEAD.jpg.webp\",\"datePublished\":\"2025-02-17T13:14:42+00:00\",\"dateModified\":\"2025-03-03T17:10:12+00:00\",\"description\":\"L\u2019innovation et la m\u00e9canisation en agriculture : quel r\u00f4le pour les travailleurs int\u00e9rimaires roumains ? Adaptabilit\u00e9, comp\u00e9tences et soutien\",\"breadcrumb\":{\"@id\":\"https:\\\/\\\/rapid-interim.com\\\/index.php\\\/2025\\\/02\\\/17\\\/linnovation-et-la-mecanisation-en-agriculture-quel-role-pour-les-travailleurs-interimaires-roumains\\\/#breadcrumb\"},\"inLanguage\":\"fr-FR\",\"potentialAction\":[{\"@type\":\"ReadAction\",\"target\":[\"https:\\\/\\\/rapid-interim.com\\\/index.php\\\/2025\\\/02\\\/17\\\/linnovation-et-la-mecanisation-en-agriculture-quel-role-pour-les-travailleurs-interimaires-roumains\\\/\"]}]},{\"@type\":\"ImageObject\",\"inLanguage\":\"fr-FR\",\"@id\":\"https:\\\/\\\/rapid-interim.com\\\/index.php\\\/2025\\\/02\\\/17\\\/linnovation-et-la-mecanisation-en-agriculture-quel-role-pour-les-travailleurs-interimaires-roumains\\\/#primaryimage\",\"url\":\"https:\\\/\\\/rapid-interim.com\\\/wp-content\\\/uploads\\\/2024\\\/10\\\/RVI290_ENJE_RECRUTEMENT_LEAD.jpg.webp\",\"contentUrl\":\"https:\\\/\\\/rapid-interim.com\\\/wp-content\\\/uploads\\\/2024\\\/10\\\/RVI290_ENJE_RECRUTEMENT_LEAD.jpg.webp\",\"width\":747,\"height\":498},{\"@type\":\"BreadcrumbList\",\"@id\":\"https:\\\/\\\/rapid-interim.com\\\/index.php\\\/2025\\\/02\\\/17\\\/linnovation-et-la-mecanisation-en-agriculture-quel-role-pour-les-travailleurs-interimaires-roumains\\\/#breadcrumb\",\"itemListElement\":[{\"@type\":\"ListItem\",\"position\":1,\"name\":\"Accueil\",\"item\":\"https:\\\/\\\/rapid-interim.com\\\/\"},{\"@type\":\"ListItem\",\"position\":2,\"name\":\"Innovation et m\u00e9canisation : r\u00f4le des int\u00e9rimaires roumains en agriculture\"}]},{\"@type\":\"WebSite\",\"@id\":\"https:\\\/\\\/rapid-interim.com\\\/#website\",\"url\":\"https:\\\/\\\/rapid-interim.com\\\/\",\"name\":\"rapid-interim\",\"description\":\"Interim et travail temporaire\",\"publisher\":{\"@id\":\"https:\\\/\\\/rapid-interim.com\\\/#organization\"},\"potentialAction\":[{\"@type\":\"SearchAction\",\"target\":{\"@type\":\"EntryPoint\",\"urlTemplate\":\"https:\\\/\\\/rapid-interim.com\\\/?s={search_term_string}\"},\"query-input\":{\"@type\":\"PropertyValueSpecification\",\"valueRequired\":true,\"valueName\":\"search_term_string\"}}],\"inLanguage\":\"fr-FR\"},{\"@type\":\"Organization\",\"@id\":\"https:\\\/\\\/rapid-interim.com\\\/#organization\",\"name\":\"rapid-interim\",\"url\":\"https:\\\/\\\/rapid-interim.com\\\/\",\"logo\":{\"@type\":\"ImageObject\",\"inLanguage\":\"fr-FR\",\"@id\":\"https:\\\/\\\/rapid-interim.com\\\/#\\\/schema\\\/logo\\\/image\\\/\",\"url\":\"https:\\\/\\\/rapid-interim.com\\\/wp-content\\\/uploads\\\/2022\\\/06\\\/cropped-rapid-inetrim.png\",\"contentUrl\":\"https:\\\/\\\/rapid-interim.com\\\/wp-content\\\/uploads\\\/2022\\\/06\\\/cropped-rapid-inetrim.png\",\"width\":314,\"height\":137,\"caption\":\"rapid-interim\"},\"image\":{\"@id\":\"https:\\\/\\\/rapid-interim.com\\\/#\\\/schema\\\/logo\\\/image\\\/\"}},{\"@type\":\"Person\",\"@id\":\"https:\\\/\\\/rapid-interim.com\\\/#\\\/schema\\\/person\\\/c80cf67768e43267c59b9c4095fac056\",\"name\":\"Marie Dubois\",\"image\":{\"@type\":\"ImageObject\",\"inLanguage\":\"fr-FR\",\"@id\":\"https:\\\/\\\/secure.gravatar.com\\\/avatar\\\/c5d9a389371c49a3eb3d5c05c1bdb9d2124cabb2c990e1eb227c370b66139bfe?s=96&d=mm&r=g\",\"url\":\"https:\\\/\\\/secure.gravatar.com\\\/avatar\\\/c5d9a389371c49a3eb3d5c05c1bdb9d2124cabb2c990e1eb227c370b66139bfe?s=96&d=mm&r=g\",\"contentUrl\":\"https:\\\/\\\/secure.gravatar.com\\\/avatar\\\/c5d9a389371c49a3eb3d5c05c1bdb9d2124cabb2c990e1eb227c370b66139bfe?s=96&d=mm&r=g\",\"caption\":\"Marie Dubois\"},\"sameAs\":[\"http:\\\/\\\/rapid-interim.com\"],\"url\":\"https:\\\/\\\/rapid-interim.com\\\/index.php\\\/author\\\/rapid-interim-com\\\/\"}]}<\/script>\n<!-- \/ Yoast SEO plugin. -->","yoast_head_json":{"title":"Innovation et m\u00e9canisation : r\u00f4le des int\u00e9rimaires roumains en agriculture - rapid-interim","description":"L\u2019innovation et la m\u00e9canisation en agriculture : quel r\u00f4le pour les travailleurs int\u00e9rimaires roumains ? Adaptabilit\u00e9, comp\u00e9tences et soutien","robots":{"index":"index","follow":"follow","max-snippet":"max-snippet:-1","max-image-preview":"max-image-preview:large","max-video-preview":"max-video-preview:-1"},"canonical":"https:\/\/rapid-interim.com\/index.php\/2025\/02\/17\/linnovation-et-la-mecanisation-en-agriculture-quel-role-pour-les-travailleurs-interimaires-roumains\/","og_locale":"fr_FR","og_type":"article","og_title":"Innovation et m\u00e9canisation : r\u00f4le des int\u00e9rimaires roumains en agriculture - rapid-interim","og_description":"L\u2019innovation et la m\u00e9canisation en agriculture : quel r\u00f4le pour les travailleurs int\u00e9rimaires roumains ? Adaptabilit\u00e9, comp\u00e9tences et soutien","og_url":"https:\/\/rapid-interim.com\/index.php\/2025\/02\/17\/linnovation-et-la-mecanisation-en-agriculture-quel-role-pour-les-travailleurs-interimaires-roumains\/","og_site_name":"rapid-interim","article_published_time":"2025-02-17T13:14:42+00:00","article_modified_time":"2025-03-03T17:10:12+00:00","og_image":[{"width":747,"height":498,"url":"https:\/\/rapid-interim.com\/wp-content\/uploads\/2024\/10\/RVI290_ENJE_RECRUTEMENT_LEAD.jpg.webp","type":"image\/webp"}],"author":"Marie Dubois","twitter_card":"summary_large_image","twitter_misc":{"\u00c9crit par":"Marie Dubois","Dur\u00e9e de lecture estim\u00e9e":"5 minutes"},"schema":{"@context":"https:\/\/schema.org","@graph":[{"@type":"Article","@id":"https:\/\/rapid-interim.com\/index.php\/2025\/02\/17\/linnovation-et-la-mecanisation-en-agriculture-quel-role-pour-les-travailleurs-interimaires-roumains\/#article","isPartOf":{"@id":"https:\/\/rapid-interim.com\/index.php\/2025\/02\/17\/linnovation-et-la-mecanisation-en-agriculture-quel-role-pour-les-travailleurs-interimaires-roumains\/"},"author":{"name":"Marie Dubois","@id":"https:\/\/rapid-interim.com\/#\/schema\/person\/c80cf67768e43267c59b9c4095fac056"},"headline":"Innovation et m\u00e9canisation : r\u00f4le des int\u00e9rimaires roumains en agriculture","datePublished":"2025-02-17T13:14:42+00:00","dateModified":"2025-03-03T17:10:12+00:00","mainEntityOfPage":{"@id":"https:\/\/rapid-interim.com\/index.php\/2025\/02\/17\/linnovation-et-la-mecanisation-en-agriculture-quel-role-pour-les-travailleurs-interimaires-roumains\/"},"wordCount":1013,"commentCount":0,"publisher":{"@id":"https:\/\/rapid-interim.com\/#organization"},"image":{"@id":"https:\/\/rapid-interim.com\/index.php\/2025\/02\/17\/linnovation-et-la-mecanisation-en-agriculture-quel-role-pour-les-travailleurs-interimaires-roumains\/#primaryimage"},"thumbnailUrl":"https:\/\/rapid-interim.com\/wp-content\/uploads\/2024\/10\/RVI290_ENJE_RECRUTEMENT_LEAD.jpg.webp","keywords":["agence de recrutement roumanie","agence interim europeene","agence interim travailleur etranger"],"articleSection":["Agriculture","Blog"],"inLanguage":"fr-FR","potentialAction":[{"@type":"CommentAction","name":"Comment","target":["https:\/\/rapid-interim.com\/index.php\/2025\/02\/17\/linnovation-et-la-mecanisation-en-agriculture-quel-role-pour-les-travailleurs-interimaires-roumains\/#respond"]}]},{"@type":"WebPage","@id":"https:\/\/rapid-interim.com\/index.php\/2025\/02\/17\/linnovation-et-la-mecanisation-en-agriculture-quel-role-pour-les-travailleurs-interimaires-roumains\/","url":"https:\/\/rapid-interim.com\/index.php\/2025\/02\/17\/linnovation-et-la-mecanisation-en-agriculture-quel-role-pour-les-travailleurs-interimaires-roumains\/","name":"Innovation et m\u00e9canisation : r\u00f4le des int\u00e9rimaires roumains en agriculture - rapid-interim","isPartOf":{"@id":"https:\/\/rapid-interim.com\/#website"},"primaryImageOfPage":{"@id":"https:\/\/rapid-interim.com\/index.php\/2025\/02\/17\/linnovation-et-la-mecanisation-en-agriculture-quel-role-pour-les-travailleurs-interimaires-roumains\/#primaryimage"},"image":{"@id":"https:\/\/rapid-interim.com\/index.php\/2025\/02\/17\/linnovation-et-la-mecanisation-en-agriculture-quel-role-pour-les-travailleurs-interimaires-roumains\/#primaryimage"},"thumbnailUrl":"https:\/\/rapid-interim.com\/wp-content\/uploads\/2024\/10\/RVI290_ENJE_RECRUTEMENT_LEAD.jpg.webp","datePublished":"2025-02-17T13:14:42+00:00","dateModified":"2025-03-03T17:10:12+00:00","description":"L\u2019innovation et la m\u00e9canisation en agriculture : quel r\u00f4le pour les travailleurs int\u00e9rimaires roumains ? Adaptabilit\u00e9, comp\u00e9tences et soutien","breadcrumb":{"@id":"https:\/\/rapid-interim.com\/index.php\/2025\/02\/17\/linnovation-et-la-mecanisation-en-agriculture-quel-role-pour-les-travailleurs-interimaires-roumains\/#breadcrumb"},"inLanguage":"fr-FR","potentialAction":[{"@type":"ReadAction","target":["https:\/\/rapid-interim.com\/index.php\/2025\/02\/17\/linnovation-et-la-mecanisation-en-agriculture-quel-role-pour-les-travailleurs-interimaires-roumains\/"]}]},{"@type":"ImageObject","inLanguage":"fr-FR","@id":"https:\/\/rapid-interim.com\/index.php\/2025\/02\/17\/linnovation-et-la-mecanisation-en-agriculture-quel-role-pour-les-travailleurs-interimaires-roumains\/#primaryimage","url":"https:\/\/rapid-interim.com\/wp-content\/uploads\/2024\/10\/RVI290_ENJE_RECRUTEMENT_LEAD.jpg.webp","contentUrl":"https:\/\/rapid-interim.com\/wp-content\/uploads\/2024\/10\/RVI290_ENJE_RECRUTEMENT_LEAD.jpg.webp","width":747,"height":498},{"@type":"BreadcrumbList","@id":"https:\/\/rapid-interim.com\/index.php\/2025\/02\/17\/linnovation-et-la-mecanisation-en-agriculture-quel-role-pour-les-travailleurs-interimaires-roumains\/#breadcrumb","itemListElement":[{"@type":"ListItem","position":1,"name":"Accueil","item":"https:\/\/rapid-interim.com\/"},{"@type":"ListItem","position":2,"name":"Innovation et m\u00e9canisation : r\u00f4le des int\u00e9rimaires roumains en agriculture"}]},{"@type":"WebSite","@id":"https:\/\/rapid-interim.com\/#website","url":"https:\/\/rapid-interim.com\/","name":"rapid-interim","description":"Interim et travail temporaire","publisher":{"@id":"https:\/\/rapid-interim.com\/#organization"},"potentialAction":[{"@type":"SearchAction","target":{"@type":"EntryPoint","urlTemplate":"https:\/\/rapid-interim.com\/?s={search_term_string}"},"query-input":{"@type":"PropertyValueSpecification","valueRequired":true,"valueName":"search_term_string"}}],"inLanguage":"fr-FR"},{"@type":"Organization","@id":"https:\/\/rapid-interim.com\/#organization","name":"rapid-interim","url":"https:\/\/rapid-interim.com\/","logo":{"@type":"ImageObject","inLanguage":"fr-FR","@id":"https:\/\/rapid-interim.com\/#\/schema\/logo\/image\/","url":"https:\/\/rapid-interim.com\/wp-content\/uploads\/2022\/06\/cropped-rapid-inetrim.png","contentUrl":"https:\/\/rapid-interim.com\/wp-content\/uploads\/2022\/06\/cropped-rapid-inetrim.png","width":314,"height":137,"caption":"rapid-interim"},"image":{"@id":"https:\/\/rapid-interim.com\/#\/schema\/logo\/image\/"}},{"@type":"Person","@id":"https:\/\/rapid-interim.com\/#\/schema\/person\/c80cf67768e43267c59b9c4095fac056","name":"Marie Dubois","image":{"@type":"ImageObject","inLanguage":"fr-FR","@id":"https:\/\/secure.gravatar.com\/avatar\/c5d9a389371c49a3eb3d5c05c1bdb9d2124cabb2c990e1eb227c370b66139bfe?s=96&d=mm&r=g","url":"https:\/\/secure.gravatar.com\/avatar\/c5d9a389371c49a3eb3d5c05c1bdb9d2124cabb2c990e1eb227c370b66139bfe?s=96&d=mm&r=g","contentUrl":"https:\/\/secure.gravatar.com\/avatar\/c5d9a389371c49a3eb3d5c05c1bdb9d2124cabb2c990e1eb227c370b66139bfe?s=96&d=mm&r=g","caption":"Marie Dubois"},"sameAs":["http:\/\/rapid-interim.com"],"url":"https:\/\/rapid-interim.com\/index.php\/author\/rapid-interim-com\/"}]}},"jetpack_featured_media_url":"https:\/\/rapid-interim.com\/wp-content\/uploads\/2024\/10\/RVI290_ENJE_RECRUTEMENT_LEAD.jpg.webp","jetpack_sharing_enabled":true,"_links":{"self":[{"href":"https:\/\/rapid-interim.com\/index.php\/wp-json\/wp\/v2\/posts\/21951","targetHints":{"allow":["GET"]}}],"collection":[{"href":"https:\/\/rapid-interim.com\/index.php\/wp-json\/wp\/v2\/posts"}],"about":[{"href":"https:\/\/rapid-interim.com\/index.php\/wp-json\/wp\/v2\/types\/post"}],"author":[{"embeddable":true,"href":"https:\/\/rapid-interim.com\/index.php\/wp-json\/wp\/v2\/users\/1"}],"replies":[{"embeddable":true,"href":"https:\/\/rapid-interim.com\/index.php\/wp-json\/wp\/v2\/comments?post=21951"}],"version-history":[{"count":5,"href":"https:\/\/rapid-interim.com\/index.php\/wp-json\/wp\/v2\/posts\/21951\/revisions"}],"predecessor-version":[{"id":22002,"href":"https:\/\/rapid-interim.com\/index.php\/wp-json\/wp\/v2\/posts\/21951\/revisions\/22002"}],"wp:featuredmedia":[{"embeddable":true,"href":"https:\/\/rapid-interim.com\/index.php\/wp-json\/wp\/v2\/media\/21713"}],"wp:attachment":[{"href":"https:\/\/rapid-interim.com\/index.php\/wp-json\/wp\/v2\/media?parent=21951"}],"wp:term":[{"taxonomy":"category","embeddable":true,"href":"https:\/\/rapid-interim.com\/index.php\/wp-json\/wp\/v2\/categories?post=21951"},{"taxonomy":"post_tag","embeddable":true,"href":"https:\/\/rapid-interim.com\/index.php\/wp-json\/wp\/v2\/tags?post=21951"}],"curies":[{"name":"wp","href":"https:\/\/api.w.org\/{rel}","templated":true}]}}