{"id":21946,"date":"2025-02-19T02:31:58","date_gmt":"2025-02-19T01:31:58","guid":{"rendered":"https:\/\/rapid-interim.com\/?p=21946"},"modified":"2025-03-03T20:17:19","modified_gmt":"2025-03-03T19:17:19","slug":"la-cueillette-des-fruits-et-legumes-en-europe-comment-les-travailleurs-roumains-repondent-aux-besoins-saisonniers","status":"publish","type":"post","link":"https:\/\/rapid-interim.com\/index.php\/2025\/02\/19\/la-cueillette-des-fruits-et-legumes-en-europe-comment-les-travailleurs-roumains-repondent-aux-besoins-saisonniers\/","title":{"rendered":"Cueillette en Europe : les Roumains, r\u00e9ponse aux besoins saisonniers"},"content":{"rendered":"\r\n<p class=\"wp-block-paragraph\">L\u2019agriculture europ\u00e9enne repose en grande partie sur la cueillette des fruits et l\u00e9gumes, une activit\u00e9 essentielle mais fortement saisonni\u00e8re. Chaque ann\u00e9e, des milliers de travailleurs sont n\u00e9cessaires pour r\u00e9colter fraises, pommes, tomates, asperges et bien d\u2019autres produits. Cependant, la main-d\u2019\u0153uvre locale fait souvent d\u00e9faut, poussant les exploitations \u00e0 <a href=\"https:\/\/rapid-interim.com\/\" data-internallinksmanager029f6b8e52c=\"44\" title=\"Accueil - Agence d&#039;interim roumaine\">recruter<\/a> des travailleurs \u00e9trangers, notamment roumains.<\/p>\r\n\r\n\r\n\r\n<p class=\"wp-block-paragraph\">Gr\u00e2ce \u00e0 leur expertise, leur flexibilit\u00e9 et leur capacit\u00e9 \u00e0 s\u2019adapter aux <a href=\"https:\/\/rapid-interim.com\/index.php\/2025\/01\/22\/les-conditions-de-travail-des-interimaires-roumains-dans-le-secteur-de-la-logistique\/\" data-internallinksmanager029f6b8e52c=\"46\" title=\"conditions de travail\">conditions de travail<\/a>, les travailleurs saisonniers roumains sont devenus un maillon cl\u00e9 de la production agricole en Europe. Dans cet article, nous analysons leur r\u00f4le, les avantages du <a href=\"https:\/\/rapid-interim.com\/index.php\/2025\/02\/20\/travail-detache-en-france-impact-sur-leconomie-locale\/\" data-internallinksmanager029f6b8e52c=\"25\" title=\"Travail d\u00e9tach\u00e9\">travail d\u00e9tach\u00e9<\/a> et les perspectives d\u2019\u00e9volution pour ce secteur.<\/p>\r\n\r\n\r\n<hr class=\"wp-block-separator has-alpha-channel-opacity\" \/>\r\n\r\n\r\n<h2 class=\"wp-block-heading\"><strong>1. L\u2019importance de la cueillette des fruits et l\u00e9gumes en Europe<\/strong><\/h2>\r\n\r\n\r\n\r\n<h3 class=\"wp-block-heading\"><strong>1.1. Un secteur vital pour l\u2019agriculture et l\u2019\u00e9conomie<\/strong><\/h3>\r\n\r\n\r\n\r\n<p class=\"wp-block-paragraph\">La production de fruits et l\u00e9gumes est un pilier de l\u2019agriculture europ\u00e9enne. En 2023, l\u2019Union europ\u00e9enne comptait pr\u00e8s de <strong>13 millions d\u2019hectares<\/strong> consacr\u00e9s \u00e0 ces cultures, repr\u00e9sentant environ <strong>20 %<\/strong> de la valeur totale de la production agricole.<\/p>\r\n\r\n\r\n\r\n<p class=\"wp-block-paragraph\">Les principaux pays producteurs sont :<\/p>\r\n\r\n\r\n\r\n<ul class=\"wp-block-list\">\r\n<li><strong>Espagne<\/strong> : agrumes, fraises, tomates.<\/li>\r\n\r\n\r\n\r\n<li><strong>France<\/strong> : pommes, raisins, cerises, salades.<\/li>\r\n\r\n\r\n\r\n<li><strong>Italie<\/strong> : olives, kiwis, p\u00eaches.<\/li>\r\n\r\n\r\n\r\n<li><strong>Allemagne et Pologne<\/strong> : pommes, fraises, asperges.<\/li>\r\n<\/ul>\r\n\r\n\r\n\r\n<p class=\"wp-block-paragraph\">Cependant, la r\u00e9colte de ces cultures est largement manuelle et doit \u00eatre r\u00e9alis\u00e9e en temps opportun, sous peine de pertes \u00e9conomiques importantes.<\/p>\r\n\r\n\r\n\r\n<h3 class=\"wp-block-heading\"><strong>1.2. Une forte saisonnalit\u00e9 n\u00e9cessitant un recrutement temporaire<\/strong><\/h3>\r\n\r\n\r\n\r\n<p class=\"wp-block-paragraph\">Les p\u00e9riodes de cueillette sont concentr\u00e9es sur quelques mois :<\/p>\r\n\r\n\r\n\r\n<ul class=\"wp-block-list\">\r\n<li><strong>Printemps<\/strong> : fraises, cerises, asperges.<\/li>\r\n\r\n\r\n\r\n<li><strong>\u00c9t\u00e9<\/strong> : tomates, melons, p\u00eaches, raisins.<\/li>\r\n\r\n\r\n\r\n<li><strong>Automne<\/strong> : pommes, poires, noix.<\/li>\r\n<\/ul>\r\n\r\n\r\n\r\n<p class=\"wp-block-paragraph\">Cette saisonnalit\u00e9 rend indispensable l\u2019embauche de travailleurs temporaires, souvent venus de l\u2019\u00e9tranger.<\/p>\r\n\r\n\r\n<hr class=\"wp-block-separator has-alpha-channel-opacity\" \/>\r\n\r\n\r\n<h2 class=\"wp-block-heading\"><strong>2. Le r\u00f4le essentiel des travailleurs roumains dans la cueillette<\/strong><\/h2>\r\n\r\n\r\n\r\n<figure class=\"wp-block-image size-large\"><img fetchpriority=\"high\" decoding=\"async\" width=\"1000\" height=\"759\" class=\"wp-image-21733\" src=\"https:\/\/rapid-interim.com\/wp-content\/uploads\/2024\/10\/Les-fermiers-sable-de-la-vache-a-la-glace-une-histoire-de-famille.webp\" alt=\"\" srcset=\"https:\/\/rapid-interim.com\/wp-content\/uploads\/2024\/10\/Les-fermiers-sable-de-la-vache-a-la-glace-une-histoire-de-famille.webp 1000w, https:\/\/rapid-interim.com\/wp-content\/uploads\/2024\/10\/Les-fermiers-sable-de-la-vache-a-la-glace-une-histoire-de-famille-300x228.webp 300w, https:\/\/rapid-interim.com\/wp-content\/uploads\/2024\/10\/Les-fermiers-sable-de-la-vache-a-la-glace-une-histoire-de-famille-768x583.webp 768w, https:\/\/rapid-interim.com\/wp-content\/uploads\/2024\/10\/Les-fermiers-sable-de-la-vache-a-la-glace-une-histoire-de-famille-600x455.webp 600w\" sizes=\"(max-width: 1000px) 100vw, 1000px\" \/><\/figure>\r\n\r\n\r\n\r\n<h3 class=\"wp-block-heading\"><strong>2.1. Pourquoi les travailleurs roumains sont-ils si recherch\u00e9s ?<\/strong><\/h3>\r\n\r\n\r\n\r\n<p class=\"wp-block-paragraph\">La Roumanie poss\u00e8de une longue tradition agricole, et de nombreux ouvriers roumains ont une exp\u00e9rience dans la cueillette. Ils sont particuli\u00e8rement appr\u00e9ci\u00e9s pour :<\/p>\r\n\r\n\r\n\r\n<ul class=\"wp-block-list\">\r\n<li>Leur <strong>rapidit\u00e9 et pr\u00e9cision<\/strong> dans la r\u00e9colte.<\/li>\r\n\r\n\r\n\r\n<li>Leur capacit\u00e9 \u00e0 <strong>travailler dans des conditions exigeantes<\/strong> (chaleur, humidit\u00e9, travail en hauteur).<\/li>\r\n\r\n\r\n\r\n<li>Leur <strong>flexibilit\u00e9 et mobilit\u00e9<\/strong> entre diff\u00e9rentes exploitations.<\/li>\r\n<\/ul>\r\n\r\n\r\n\r\n<p class=\"wp-block-paragraph\">Ces comp\u00e9tences font d\u2019eux une main-d\u2019\u0153uvre incontournable pour les exploitants europ\u00e9ens.<\/p>\r\n\r\n\r\n\r\n<h3 class=\"wp-block-heading\"><strong>2.2. Une pr\u00e9sence massive en Europe<\/strong><\/h3>\r\n\r\n\r\n\r\n<p class=\"wp-block-paragraph\">Chaque ann\u00e9e, des dizaines de milliers de <a href=\"https:\/\/rapid-interim.com\/index.php\/2025\/02\/24\/reglementation-europeenne-et-detachement-des-travailleurs-roumains\/\" data-internallinksmanager029f6b8e52c=\"28\" title=\"Travailleurs roumains\">travailleurs roumains<\/a> sont recrut\u00e9s dans les grandes zones agricoles europ\u00e9ennes. On les retrouve notamment dans :<\/p>\r\n\r\n\r\n\r\n<ul class=\"wp-block-list\">\r\n<li><strong>Les vergers fran\u00e7ais<\/strong> (Normandie, Alpes, Vall\u00e9e du Rh\u00f4ne).<\/li>\r\n\r\n\r\n\r\n<li><strong>Les champs d\u2019asperges en Allemagne et aux Pays-Bas<\/strong>.<\/li>\r\n\r\n\r\n\r\n<li><strong>Les exploitations viticoles en Espagne et en Italie<\/strong>.<\/li>\r\n\r\n\r\n\r\n<li><strong>Les serres de fraises et de tomates en Belgique et en Angleterre<\/strong>.<\/li>\r\n<\/ul>\r\n\r\n\r\n\r\n<p class=\"wp-block-paragraph\">Cette pr\u00e9sence s\u2019explique par l\u2019expertise des travailleurs, mais aussi par des accords bilat\u00e9raux et l\u2019existence d\u2019agences sp\u00e9cialis\u00e9es dans le <a href=\"https:\/\/rapid-interim.com\/\" data-internallinksmanager029f6b8e52c=\"44\" title=\"Accueil - Agence d&#039;interim roumaine\">recrutement<\/a> de saisonniers roumains.<\/p>\r\n\r\n\r\n<hr class=\"wp-block-separator has-alpha-channel-opacity\" \/>\r\n\r\n\r\n<h2 class=\"wp-block-heading\"><strong>3. Les avantages du travail d\u00e9tach\u00e9 pour les exploitants et les travailleurs roumains<\/strong><\/h2>\r\n\r\n\r\n\r\n<h3 class=\"wp-block-heading\"><strong>3.1. Une solution flexible et efficace pour les employeurs<\/strong><\/h3>\r\n\r\n\r\n\r\n<p class=\"wp-block-paragraph\">Le <a href=\"https:\/\/rapid-interim.com\/index.php\/2025\/02\/20\/travail-detache-en-france-impact-sur-leconomie-locale\/\" data-internallinksmanager029f6b8e52c=\"25\" title=\"Travail d\u00e9tach\u00e9\">travail d\u00e9tach\u00e9<\/a> permet aux exploitants de <a href=\"https:\/\/rapid-interim.com\/\" data-internallinksmanager029f6b8e52c=\"44\" title=\"Accueil - Agence d&#039;interim roumaine\">recruter<\/a> facilement des travailleurs qualifi\u00e9s sans lourdeurs administratives. Les agences sp\u00e9cialis\u00e9es g\u00e8rent :<\/p>\r\n\r\n\r\n\r\n<ul class=\"wp-block-list\">\r\n<li><strong>Le <a href=\"https:\/\/rapid-interim.com\/\" data-internallinksmanager029f6b8e52c=\"44\" title=\"Accueil - Agence d&#039;interim roumaine\">recrutement<\/a> et la s\u00e9lection<\/strong> des ouvriers agricoles.<\/li>\r\n\r\n\r\n\r\n<li><strong>Les formalit\u00e9s administratives<\/strong> (contrats, assurances, logement).<\/li>\r\n\r\n\r\n\r\n<li><strong>L\u2019accompagnement logistique<\/strong> (transport, h\u00e9bergement).<\/li>\r\n<\/ul>\r\n\r\n\r\n\r\n<p class=\"wp-block-paragraph\">Cela garantit aux employeurs une main-d\u2019\u0153uvre disponible au bon moment, sans interruption de production.<\/p>\r\n\r\n\r\n\r\n<h3 class=\"wp-block-heading\"><strong>3.2. Des opportunit\u00e9s int\u00e9ressantes pour les travailleurs roumains<\/strong><\/h3>\r\n\r\n\r\n\r\n<p class=\"wp-block-paragraph\">Pour les ouvriers roumains, la cueillette en Europe repr\u00e9sente :<\/p>\r\n\r\n\r\n\r\n<ul class=\"wp-block-list\">\r\n<li><strong>Un salaire plus \u00e9lev\u00e9<\/strong> qu\u2019en Roumanie, avec des r\u00e9mun\u00e9rations variant entre <strong>1 500 et 2 500 \u20ac par mois<\/strong>.<\/li>\r\n\r\n\r\n\r\n<li><strong>Des <a href=\"https:\/\/rapid-interim.com\/index.php\/2025\/01\/22\/les-conditions-de-travail-des-interimaires-roumains-dans-le-secteur-de-la-logistique\/\" data-internallinksmanager029f6b8e52c=\"46\" title=\"conditions de travail\">conditions de travail<\/a> encadr\u00e9es<\/strong> (heures r\u00e9glement\u00e9es, logement assur\u00e9).<\/li>\r\n\r\n\r\n\r\n<li><strong>Une exp\u00e9rience valorisante<\/strong>, qui peut ouvrir des perspectives dans l\u2019agriculture europ\u00e9enne.<\/li>\r\n<\/ul>\r\n\r\n\r\n<hr class=\"wp-block-separator has-alpha-channel-opacity\" \/>\r\n\r\n\r\n<h2 class=\"wp-block-heading\"><strong>4. Les d\u00e9fis et perspectives du travail saisonnier roumain en Europe<\/strong><\/h2>\r\n\r\n\r\n\r\n<h3 class=\"wp-block-heading\"><strong>4.1. Des conditions de travail parfois difficiles<\/strong><\/h3>\r\n\r\n\r\n\r\n<p class=\"wp-block-paragraph\">La cueillette est un travail exigeant :<\/p>\r\n\r\n\r\n\r\n<ul class=\"wp-block-list\">\r\n<li><strong>Travail en ext\u00e9rieur<\/strong>, soumis aux al\u00e9as climatiques.<\/li>\r\n\r\n\r\n\r\n<li><strong>Cadences rapides<\/strong>, notamment pour les fruits fragiles (fraises, cerises).<\/li>\r\n\r\n\r\n\r\n<li><strong>Logement collectif<\/strong>, souvent basique, pouvant poser des probl\u00e8mes de confort.<\/li>\r\n<\/ul>\r\n\r\n\r\n\r\n<p class=\"wp-block-paragraph\">Bien que les conditions se soient am\u00e9lior\u00e9es, il reste des efforts \u00e0 faire pour assurer un cadre de travail optimal aux ouvriers saisonniers.<\/p>\r\n\r\n\r\n\r\n<h3 class=\"wp-block-heading\"><strong>4.2. L\u2019\u00e9volution de la r\u00e9glementation europ\u00e9enne<\/strong><\/h3>\r\n\r\n\r\n\r\n<figure class=\"wp-block-image size-large\"><img decoding=\"async\" width=\"1330\" height=\"998\" class=\"wp-image-21735\" src=\"https:\/\/rapid-interim.com\/wp-content\/uploads\/2024\/10\/les-producteurs-du-pays-de-bitche-comme-les-freres-botzung-a-petit-rederching-vont-ouvrir-leur-drive-fermier-1710302601.jpg\" alt=\"\" srcset=\"https:\/\/rapid-interim.com\/wp-content\/uploads\/2024\/10\/les-producteurs-du-pays-de-bitche-comme-les-freres-botzung-a-petit-rederching-vont-ouvrir-leur-drive-fermier-1710302601.jpg 1330w, https:\/\/rapid-interim.com\/wp-content\/uploads\/2024\/10\/les-producteurs-du-pays-de-bitche-comme-les-freres-botzung-a-petit-rederching-vont-ouvrir-leur-drive-fermier-1710302601-300x225.jpg 300w, https:\/\/rapid-interim.com\/wp-content\/uploads\/2024\/10\/les-producteurs-du-pays-de-bitche-comme-les-freres-botzung-a-petit-rederching-vont-ouvrir-leur-drive-fermier-1710302601-1024x768.jpg 1024w, https:\/\/rapid-interim.com\/wp-content\/uploads\/2024\/10\/les-producteurs-du-pays-de-bitche-comme-les-freres-botzung-a-petit-rederching-vont-ouvrir-leur-drive-fermier-1710302601-768x576.jpg 768w, https:\/\/rapid-interim.com\/wp-content\/uploads\/2024\/10\/les-producteurs-du-pays-de-bitche-comme-les-freres-botzung-a-petit-rederching-vont-ouvrir-leur-drive-fermier-1710302601-600x450.jpg 600w\" sizes=\"(max-width: 1330px) 100vw, 1330px\" \/><\/figure>\r\n\r\n\r\n\r\n<p class=\"wp-block-paragraph\">L\u2019Union europ\u00e9enne encadre de plus en plus le <a href=\"https:\/\/rapid-interim.com\/index.php\/2025\/02\/20\/travail-detache-en-france-impact-sur-leconomie-locale\/\" data-internallinksmanager029f6b8e52c=\"25\" title=\"Travail d\u00e9tach\u00e9\">travail d\u00e9tach\u00e9<\/a> pour \u00e9viter les abus et garantir des salaires \u00e9quitables. Cela inclut :<\/p>\r\n\r\n\r\n\r\n<ul class=\"wp-block-list\">\r\n<li><strong>Un contr\u00f4le renforc\u00e9 des contrats<\/strong> pour \u00e9viter le travail dissimul\u00e9.<\/li>\r\n\r\n\r\n\r\n<li><strong>L\u2019alignement des salaires<\/strong> avec les travailleurs locaux.<\/li>\r\n\r\n\r\n\r\n<li><strong>Une meilleure transparence des <a href=\"https:\/\/rapid-interim.com\/\" data-internallinksmanager029f6b8e52c=\"47\" title=\"agences d\u2019int\u00e9rim\">agences d\u2019int\u00e9rim<\/a><\/strong>.<\/li>\r\n<\/ul>\r\n\r\n\r\n\r\n<p class=\"wp-block-paragraph\">Ces \u00e9volutions sont positives pour les travailleurs, mais peuvent complexifier le <a href=\"https:\/\/rapid-interim.com\/\" data-internallinksmanager029f6b8e52c=\"44\" title=\"Accueil - Agence d&#039;interim roumaine\">recrutement<\/a> pour les exploitants.<\/p>\r\n\r\n\r\n\r\n<h3 class=\"wp-block-heading\"><strong>4.3. Vers une modernisation du secteur ?<\/strong><\/h3>\r\n\r\n\r\n\r\n<p class=\"wp-block-paragraph\">Avec l\u2019essor de la robotisation et de nouvelles technologies agricoles, la cueillette pourrait conna\u00eetre des \u00e9volutions majeures :<\/p>\r\n\r\n\r\n\r\n<ul class=\"wp-block-list\">\r\n<li><strong>D\u00e9veloppement de robots de r\u00e9colte<\/strong>, notamment pour les pommes et les tomates.<\/li>\r\n\r\n\r\n\r\n<li><strong>Optimisation de la gestion des \u00e9quipes<\/strong> gr\u00e2ce aux outils num\u00e9riques.<\/li>\r\n\r\n\r\n\r\n<li><strong>Am\u00e9lioration des <a href=\"https:\/\/rapid-interim.com\/index.php\/2025\/01\/22\/les-conditions-de-travail-des-interimaires-roumains-dans-le-secteur-de-la-logistique\/\" data-internallinksmanager029f6b8e52c=\"46\" title=\"conditions de travail\">conditions de travail<\/a><\/strong> avec des \u00e9quipements ergonomiques.<\/li>\r\n<\/ul>\r\n\r\n\r\n\r\n<p class=\"wp-block-paragraph\">Cependant, la main-d\u2019\u0153uvre humaine restera indispensable, notamment pour les fruits d\u00e9licats comme les fraises et les raisins.<\/p>\r\n\r\n\r\n<hr class=\"wp-block-separator has-alpha-channel-opacity\" \/>\r\n\r\n\r\n<h2 class=\"wp-block-heading\"><strong>Conclusion<\/strong><\/h2>\r\n\r\n\r\n\r\n<p class=\"wp-block-paragraph\">Les <a href=\"https:\/\/rapid-interim.com\/index.php\/2025\/02\/24\/reglementation-europeenne-et-detachement-des-travailleurs-roumains\/\" data-internallinksmanager029f6b8e52c=\"28\" title=\"Travailleurs roumains\">travailleurs roumains<\/a> jouent un r\u00f4le cl\u00e9 dans la cueillette des fruits et l\u00e9gumes en Europe. Leur expertise, leur engagement et leur flexibilit\u00e9 permettent aux exploitations agricoles de r\u00e9pondre aux pics de production et de garantir des r\u00e9coltes de qualit\u00e9.<\/p>\r\n\r\n\r\n\r\n<p class=\"wp-block-paragraph\">Gr\u00e2ce au <a href=\"https:\/\/rapid-interim.com\/index.php\/2025\/02\/20\/travail-detache-en-france-impact-sur-leconomie-locale\/\" data-internallinksmanager029f6b8e52c=\"25\" title=\"Travail d\u00e9tach\u00e9\">travail d\u00e9tach\u00e9<\/a>, les employeurs b\u00e9n\u00e9ficient d\u2019une solution efficace pour <a href=\"https:\/\/rapid-interim.com\/\" data-internallinksmanager029f6b8e52c=\"44\" title=\"Accueil - Agence d&#039;interim roumaine\">recruter<\/a> une <a href=\"https:\/\/rapid-interim.com\/\" data-internallinksmanager029f6b8e52c=\"45\" title=\"Main-d\u2019\u0153uvre qualifi\u00e9e\">main-d\u2019\u0153uvre qualifi\u00e9e<\/a>, tandis que les ouvriers roumains acc\u00e8dent \u00e0 des opportunit\u00e9s professionnelles attractives.<\/p>\r\n\r\n\r\n\r\n<p class=\"wp-block-paragraph\">Avec une r\u00e9glementation plus stricte et l\u2019\u00e9mergence de nouvelles technologies, le travail saisonnier en agriculture \u00e9volue, mais la demande pour des travailleurs exp\u00e9riment\u00e9s reste forte.<\/p>\r\n\r\n\r\n\r\n<p class=\"wp-block-paragraph\"><strong>Vous \u00eates un exploitant agricole et recherchez des ouvriers qualifi\u00e9s pour la cueillette ? Contactez-nous \u00e0<\/strong> <a href=\"mailto:info@rapid-interim.com\">info@rapid-interim.com<\/a> <strong>pour plus d\u2019informations !<\/strong><\/p>\r\n","protected":false},"excerpt":{"rendered":"<p>L\u2019agriculture europ\u00e9enne repose en grande partie sur la cueillette des fruits et l\u00e9gumes, une activit\u00e9 essentielle mais fortement saisonni\u00e8re. Chaque ann\u00e9e, des milliers de travailleurs sont n\u00e9cessaires pour r\u00e9colter fraises, pommes, tomates, asperges et bien d\u2019autres produits. Cependant, la main-d\u2019\u0153uvre locale fait souvent d\u00e9faut, poussant les exploitations \u00e0 recruter des travailleurs \u00e9trangers, notamment roumains. Gr\u00e2ce [&hellip;]<\/p>\n","protected":false},"author":1,"featured_media":21733,"comment_status":"open","ping_status":"open","sticky":false,"template":"","format":"standard","meta":{"_crdt_document":"","_jetpack_memberships_contains_paid_content":false,"footnotes":""},"categories":[148,1],"tags":[120,121,122,71],"class_list":["post-21946","post","type-post","status-publish","format-standard","has-post-thumbnail","hentry","category-agriculture","category-blog","tag-interim-etranger","tag-interim-etranger-roumain","tag-interimaire-etranger","tag-interimaire-roumain"],"yoast_head":"<!-- This site is optimized with the Yoast SEO plugin v27.4 - https:\/\/yoast.com\/product\/yoast-seo-wordpress\/ -->\n<title>Cueillette en Europe : les Roumains, r\u00e9ponse aux besoins saisonniers - rapid-interim<\/title>\n<meta name=\"description\" content=\"La cueillette des fruits et l\u00e9gumes en Europe : les travailleurs roumains, une main-d&#039;\u0153uvre essentielle pour r\u00e9pondre aux besoins saisonniers\" \/>\n<meta name=\"robots\" content=\"index, follow, max-snippet:-1, max-image-preview:large, max-video-preview:-1\" \/>\n<link rel=\"canonical\" href=\"https:\/\/rapid-interim.com\/index.php\/2025\/02\/19\/la-cueillette-des-fruits-et-legumes-en-europe-comment-les-travailleurs-roumains-repondent-aux-besoins-saisonniers\/\" \/>\n<meta property=\"og:locale\" content=\"fr_FR\" \/>\n<meta property=\"og:type\" content=\"article\" \/>\n<meta property=\"og:title\" content=\"Cueillette en Europe : les Roumains, r\u00e9ponse aux besoins saisonniers - rapid-interim\" \/>\n<meta property=\"og:description\" content=\"La cueillette des fruits et l\u00e9gumes en Europe : les travailleurs roumains, une main-d&#039;\u0153uvre essentielle pour r\u00e9pondre aux besoins saisonniers\" \/>\n<meta property=\"og:url\" content=\"https:\/\/rapid-interim.com\/index.php\/2025\/02\/19\/la-cueillette-des-fruits-et-legumes-en-europe-comment-les-travailleurs-roumains-repondent-aux-besoins-saisonniers\/\" \/>\n<meta property=\"og:site_name\" content=\"rapid-interim\" \/>\n<meta property=\"article:published_time\" content=\"2025-02-19T01:31:58+00:00\" \/>\n<meta property=\"article:modified_time\" content=\"2025-03-03T19:17:19+00:00\" \/>\n<meta property=\"og:image\" content=\"https:\/\/rapid-interim.com\/wp-content\/uploads\/2024\/10\/Les-fermiers-sable-de-la-vache-a-la-glace-une-histoire-de-famille.webp\" \/>\n\t<meta property=\"og:image:width\" content=\"1000\" \/>\n\t<meta property=\"og:image:height\" content=\"759\" \/>\n\t<meta property=\"og:image:type\" content=\"image\/webp\" \/>\n<meta name=\"author\" content=\"Marie Dubois\" \/>\n<meta name=\"twitter:card\" content=\"summary_large_image\" \/>\n<meta name=\"twitter:label1\" content=\"\u00c9crit par\" \/>\n\t<meta name=\"twitter:data1\" content=\"Marie Dubois\" \/>\n\t<meta name=\"twitter:label2\" content=\"Dur\u00e9e de lecture estim\u00e9e\" \/>\n\t<meta name=\"twitter:data2\" content=\"6 minutes\" \/>\n<script type=\"application\/ld+json\" class=\"yoast-schema-graph\">{\"@context\":\"https:\\\/\\\/schema.org\",\"@graph\":[{\"@type\":\"Article\",\"@id\":\"https:\\\/\\\/rapid-interim.com\\\/index.php\\\/2025\\\/02\\\/19\\\/la-cueillette-des-fruits-et-legumes-en-europe-comment-les-travailleurs-roumains-repondent-aux-besoins-saisonniers\\\/#article\",\"isPartOf\":{\"@id\":\"https:\\\/\\\/rapid-interim.com\\\/index.php\\\/2025\\\/02\\\/19\\\/la-cueillette-des-fruits-et-legumes-en-europe-comment-les-travailleurs-roumains-repondent-aux-besoins-saisonniers\\\/\"},\"author\":{\"name\":\"Marie Dubois\",\"@id\":\"https:\\\/\\\/rapid-interim.com\\\/#\\\/schema\\\/person\\\/c80cf67768e43267c59b9c4095fac056\"},\"headline\":\"Cueillette en Europe : les Roumains, r\u00e9ponse aux besoins saisonniers\",\"datePublished\":\"2025-02-19T01:31:58+00:00\",\"dateModified\":\"2025-03-03T19:17:19+00:00\",\"mainEntityOfPage\":{\"@id\":\"https:\\\/\\\/rapid-interim.com\\\/index.php\\\/2025\\\/02\\\/19\\\/la-cueillette-des-fruits-et-legumes-en-europe-comment-les-travailleurs-roumains-repondent-aux-besoins-saisonniers\\\/\"},\"wordCount\":980,\"commentCount\":0,\"publisher\":{\"@id\":\"https:\\\/\\\/rapid-interim.com\\\/#organization\"},\"image\":{\"@id\":\"https:\\\/\\\/rapid-interim.com\\\/index.php\\\/2025\\\/02\\\/19\\\/la-cueillette-des-fruits-et-legumes-en-europe-comment-les-travailleurs-roumains-repondent-aux-besoins-saisonniers\\\/#primaryimage\"},\"thumbnailUrl\":\"https:\\\/\\\/rapid-interim.com\\\/wp-content\\\/uploads\\\/2024\\\/10\\\/Les-fermiers-sable-de-la-vache-a-la-glace-une-histoire-de-famille.webp\",\"keywords\":[\"interim etranger\",\"interim \u00e9tranger roumain\",\"interimaire etranger\",\"INTERIMAIRE ROUMAIN\"],\"articleSection\":[\"Agriculture\",\"Blog\"],\"inLanguage\":\"fr-FR\",\"potentialAction\":[{\"@type\":\"CommentAction\",\"name\":\"Comment\",\"target\":[\"https:\\\/\\\/rapid-interim.com\\\/index.php\\\/2025\\\/02\\\/19\\\/la-cueillette-des-fruits-et-legumes-en-europe-comment-les-travailleurs-roumains-repondent-aux-besoins-saisonniers\\\/#respond\"]}]},{\"@type\":\"WebPage\",\"@id\":\"https:\\\/\\\/rapid-interim.com\\\/index.php\\\/2025\\\/02\\\/19\\\/la-cueillette-des-fruits-et-legumes-en-europe-comment-les-travailleurs-roumains-repondent-aux-besoins-saisonniers\\\/\",\"url\":\"https:\\\/\\\/rapid-interim.com\\\/index.php\\\/2025\\\/02\\\/19\\\/la-cueillette-des-fruits-et-legumes-en-europe-comment-les-travailleurs-roumains-repondent-aux-besoins-saisonniers\\\/\",\"name\":\"Cueillette en Europe : les Roumains, r\u00e9ponse aux besoins saisonniers - rapid-interim\",\"isPartOf\":{\"@id\":\"https:\\\/\\\/rapid-interim.com\\\/#website\"},\"primaryImageOfPage\":{\"@id\":\"https:\\\/\\\/rapid-interim.com\\\/index.php\\\/2025\\\/02\\\/19\\\/la-cueillette-des-fruits-et-legumes-en-europe-comment-les-travailleurs-roumains-repondent-aux-besoins-saisonniers\\\/#primaryimage\"},\"image\":{\"@id\":\"https:\\\/\\\/rapid-interim.com\\\/index.php\\\/2025\\\/02\\\/19\\\/la-cueillette-des-fruits-et-legumes-en-europe-comment-les-travailleurs-roumains-repondent-aux-besoins-saisonniers\\\/#primaryimage\"},\"thumbnailUrl\":\"https:\\\/\\\/rapid-interim.com\\\/wp-content\\\/uploads\\\/2024\\\/10\\\/Les-fermiers-sable-de-la-vache-a-la-glace-une-histoire-de-famille.webp\",\"datePublished\":\"2025-02-19T01:31:58+00:00\",\"dateModified\":\"2025-03-03T19:17:19+00:00\",\"description\":\"La cueillette des fruits et l\u00e9gumes en Europe : les travailleurs roumains, une main-d'\u0153uvre essentielle pour r\u00e9pondre aux besoins saisonniers\",\"breadcrumb\":{\"@id\":\"https:\\\/\\\/rapid-interim.com\\\/index.php\\\/2025\\\/02\\\/19\\\/la-cueillette-des-fruits-et-legumes-en-europe-comment-les-travailleurs-roumains-repondent-aux-besoins-saisonniers\\\/#breadcrumb\"},\"inLanguage\":\"fr-FR\",\"potentialAction\":[{\"@type\":\"ReadAction\",\"target\":[\"https:\\\/\\\/rapid-interim.com\\\/index.php\\\/2025\\\/02\\\/19\\\/la-cueillette-des-fruits-et-legumes-en-europe-comment-les-travailleurs-roumains-repondent-aux-besoins-saisonniers\\\/\"]}]},{\"@type\":\"ImageObject\",\"inLanguage\":\"fr-FR\",\"@id\":\"https:\\\/\\\/rapid-interim.com\\\/index.php\\\/2025\\\/02\\\/19\\\/la-cueillette-des-fruits-et-legumes-en-europe-comment-les-travailleurs-roumains-repondent-aux-besoins-saisonniers\\\/#primaryimage\",\"url\":\"https:\\\/\\\/rapid-interim.com\\\/wp-content\\\/uploads\\\/2024\\\/10\\\/Les-fermiers-sable-de-la-vache-a-la-glace-une-histoire-de-famille.webp\",\"contentUrl\":\"https:\\\/\\\/rapid-interim.com\\\/wp-content\\\/uploads\\\/2024\\\/10\\\/Les-fermiers-sable-de-la-vache-a-la-glace-une-histoire-de-famille.webp\",\"width\":1000,\"height\":759},{\"@type\":\"BreadcrumbList\",\"@id\":\"https:\\\/\\\/rapid-interim.com\\\/index.php\\\/2025\\\/02\\\/19\\\/la-cueillette-des-fruits-et-legumes-en-europe-comment-les-travailleurs-roumains-repondent-aux-besoins-saisonniers\\\/#breadcrumb\",\"itemListElement\":[{\"@type\":\"ListItem\",\"position\":1,\"name\":\"Accueil\",\"item\":\"https:\\\/\\\/rapid-interim.com\\\/\"},{\"@type\":\"ListItem\",\"position\":2,\"name\":\"Cueillette en Europe : les Roumains, r\u00e9ponse aux besoins saisonniers\"}]},{\"@type\":\"WebSite\",\"@id\":\"https:\\\/\\\/rapid-interim.com\\\/#website\",\"url\":\"https:\\\/\\\/rapid-interim.com\\\/\",\"name\":\"rapid-interim\",\"description\":\"Interim et travail temporaire\",\"publisher\":{\"@id\":\"https:\\\/\\\/rapid-interim.com\\\/#organization\"},\"potentialAction\":[{\"@type\":\"SearchAction\",\"target\":{\"@type\":\"EntryPoint\",\"urlTemplate\":\"https:\\\/\\\/rapid-interim.com\\\/?s={search_term_string}\"},\"query-input\":{\"@type\":\"PropertyValueSpecification\",\"valueRequired\":true,\"valueName\":\"search_term_string\"}}],\"inLanguage\":\"fr-FR\"},{\"@type\":\"Organization\",\"@id\":\"https:\\\/\\\/rapid-interim.com\\\/#organization\",\"name\":\"rapid-interim\",\"url\":\"https:\\\/\\\/rapid-interim.com\\\/\",\"logo\":{\"@type\":\"ImageObject\",\"inLanguage\":\"fr-FR\",\"@id\":\"https:\\\/\\\/rapid-interim.com\\\/#\\\/schema\\\/logo\\\/image\\\/\",\"url\":\"https:\\\/\\\/rapid-interim.com\\\/wp-content\\\/uploads\\\/2022\\\/06\\\/cropped-rapid-inetrim.png\",\"contentUrl\":\"https:\\\/\\\/rapid-interim.com\\\/wp-content\\\/uploads\\\/2022\\\/06\\\/cropped-rapid-inetrim.png\",\"width\":314,\"height\":137,\"caption\":\"rapid-interim\"},\"image\":{\"@id\":\"https:\\\/\\\/rapid-interim.com\\\/#\\\/schema\\\/logo\\\/image\\\/\"}},{\"@type\":\"Person\",\"@id\":\"https:\\\/\\\/rapid-interim.com\\\/#\\\/schema\\\/person\\\/c80cf67768e43267c59b9c4095fac056\",\"name\":\"Marie Dubois\",\"image\":{\"@type\":\"ImageObject\",\"inLanguage\":\"fr-FR\",\"@id\":\"https:\\\/\\\/secure.gravatar.com\\\/avatar\\\/c5d9a389371c49a3eb3d5c05c1bdb9d2124cabb2c990e1eb227c370b66139bfe?s=96&d=mm&r=g\",\"url\":\"https:\\\/\\\/secure.gravatar.com\\\/avatar\\\/c5d9a389371c49a3eb3d5c05c1bdb9d2124cabb2c990e1eb227c370b66139bfe?s=96&d=mm&r=g\",\"contentUrl\":\"https:\\\/\\\/secure.gravatar.com\\\/avatar\\\/c5d9a389371c49a3eb3d5c05c1bdb9d2124cabb2c990e1eb227c370b66139bfe?s=96&d=mm&r=g\",\"caption\":\"Marie Dubois\"},\"sameAs\":[\"http:\\\/\\\/rapid-interim.com\"],\"url\":\"https:\\\/\\\/rapid-interim.com\\\/index.php\\\/author\\\/rapid-interim-com\\\/\"}]}<\/script>\n<!-- \/ Yoast SEO plugin. -->","yoast_head_json":{"title":"Cueillette en Europe : les Roumains, r\u00e9ponse aux besoins saisonniers - rapid-interim","description":"La cueillette des fruits et l\u00e9gumes en Europe : les travailleurs roumains, une main-d'\u0153uvre essentielle pour r\u00e9pondre aux besoins saisonniers","robots":{"index":"index","follow":"follow","max-snippet":"max-snippet:-1","max-image-preview":"max-image-preview:large","max-video-preview":"max-video-preview:-1"},"canonical":"https:\/\/rapid-interim.com\/index.php\/2025\/02\/19\/la-cueillette-des-fruits-et-legumes-en-europe-comment-les-travailleurs-roumains-repondent-aux-besoins-saisonniers\/","og_locale":"fr_FR","og_type":"article","og_title":"Cueillette en Europe : les Roumains, r\u00e9ponse aux besoins saisonniers - rapid-interim","og_description":"La cueillette des fruits et l\u00e9gumes en Europe : les travailleurs roumains, une main-d'\u0153uvre essentielle pour r\u00e9pondre aux besoins saisonniers","og_url":"https:\/\/rapid-interim.com\/index.php\/2025\/02\/19\/la-cueillette-des-fruits-et-legumes-en-europe-comment-les-travailleurs-roumains-repondent-aux-besoins-saisonniers\/","og_site_name":"rapid-interim","article_published_time":"2025-02-19T01:31:58+00:00","article_modified_time":"2025-03-03T19:17:19+00:00","og_image":[{"width":1000,"height":759,"url":"https:\/\/rapid-interim.com\/wp-content\/uploads\/2024\/10\/Les-fermiers-sable-de-la-vache-a-la-glace-une-histoire-de-famille.webp","type":"image\/webp"}],"author":"Marie Dubois","twitter_card":"summary_large_image","twitter_misc":{"\u00c9crit par":"Marie Dubois","Dur\u00e9e de lecture estim\u00e9e":"6 minutes"},"schema":{"@context":"https:\/\/schema.org","@graph":[{"@type":"Article","@id":"https:\/\/rapid-interim.com\/index.php\/2025\/02\/19\/la-cueillette-des-fruits-et-legumes-en-europe-comment-les-travailleurs-roumains-repondent-aux-besoins-saisonniers\/#article","isPartOf":{"@id":"https:\/\/rapid-interim.com\/index.php\/2025\/02\/19\/la-cueillette-des-fruits-et-legumes-en-europe-comment-les-travailleurs-roumains-repondent-aux-besoins-saisonniers\/"},"author":{"name":"Marie Dubois","@id":"https:\/\/rapid-interim.com\/#\/schema\/person\/c80cf67768e43267c59b9c4095fac056"},"headline":"Cueillette en Europe : les Roumains, r\u00e9ponse aux besoins saisonniers","datePublished":"2025-02-19T01:31:58+00:00","dateModified":"2025-03-03T19:17:19+00:00","mainEntityOfPage":{"@id":"https:\/\/rapid-interim.com\/index.php\/2025\/02\/19\/la-cueillette-des-fruits-et-legumes-en-europe-comment-les-travailleurs-roumains-repondent-aux-besoins-saisonniers\/"},"wordCount":980,"commentCount":0,"publisher":{"@id":"https:\/\/rapid-interim.com\/#organization"},"image":{"@id":"https:\/\/rapid-interim.com\/index.php\/2025\/02\/19\/la-cueillette-des-fruits-et-legumes-en-europe-comment-les-travailleurs-roumains-repondent-aux-besoins-saisonniers\/#primaryimage"},"thumbnailUrl":"https:\/\/rapid-interim.com\/wp-content\/uploads\/2024\/10\/Les-fermiers-sable-de-la-vache-a-la-glace-une-histoire-de-famille.webp","keywords":["interim etranger","interim \u00e9tranger roumain","interimaire etranger","INTERIMAIRE ROUMAIN"],"articleSection":["Agriculture","Blog"],"inLanguage":"fr-FR","potentialAction":[{"@type":"CommentAction","name":"Comment","target":["https:\/\/rapid-interim.com\/index.php\/2025\/02\/19\/la-cueillette-des-fruits-et-legumes-en-europe-comment-les-travailleurs-roumains-repondent-aux-besoins-saisonniers\/#respond"]}]},{"@type":"WebPage","@id":"https:\/\/rapid-interim.com\/index.php\/2025\/02\/19\/la-cueillette-des-fruits-et-legumes-en-europe-comment-les-travailleurs-roumains-repondent-aux-besoins-saisonniers\/","url":"https:\/\/rapid-interim.com\/index.php\/2025\/02\/19\/la-cueillette-des-fruits-et-legumes-en-europe-comment-les-travailleurs-roumains-repondent-aux-besoins-saisonniers\/","name":"Cueillette en Europe : les Roumains, r\u00e9ponse aux besoins saisonniers - rapid-interim","isPartOf":{"@id":"https:\/\/rapid-interim.com\/#website"},"primaryImageOfPage":{"@id":"https:\/\/rapid-interim.com\/index.php\/2025\/02\/19\/la-cueillette-des-fruits-et-legumes-en-europe-comment-les-travailleurs-roumains-repondent-aux-besoins-saisonniers\/#primaryimage"},"image":{"@id":"https:\/\/rapid-interim.com\/index.php\/2025\/02\/19\/la-cueillette-des-fruits-et-legumes-en-europe-comment-les-travailleurs-roumains-repondent-aux-besoins-saisonniers\/#primaryimage"},"thumbnailUrl":"https:\/\/rapid-interim.com\/wp-content\/uploads\/2024\/10\/Les-fermiers-sable-de-la-vache-a-la-glace-une-histoire-de-famille.webp","datePublished":"2025-02-19T01:31:58+00:00","dateModified":"2025-03-03T19:17:19+00:00","description":"La cueillette des fruits et l\u00e9gumes en Europe : les travailleurs roumains, une main-d'\u0153uvre essentielle pour r\u00e9pondre aux besoins saisonniers","breadcrumb":{"@id":"https:\/\/rapid-interim.com\/index.php\/2025\/02\/19\/la-cueillette-des-fruits-et-legumes-en-europe-comment-les-travailleurs-roumains-repondent-aux-besoins-saisonniers\/#breadcrumb"},"inLanguage":"fr-FR","potentialAction":[{"@type":"ReadAction","target":["https:\/\/rapid-interim.com\/index.php\/2025\/02\/19\/la-cueillette-des-fruits-et-legumes-en-europe-comment-les-travailleurs-roumains-repondent-aux-besoins-saisonniers\/"]}]},{"@type":"ImageObject","inLanguage":"fr-FR","@id":"https:\/\/rapid-interim.com\/index.php\/2025\/02\/19\/la-cueillette-des-fruits-et-legumes-en-europe-comment-les-travailleurs-roumains-repondent-aux-besoins-saisonniers\/#primaryimage","url":"https:\/\/rapid-interim.com\/wp-content\/uploads\/2024\/10\/Les-fermiers-sable-de-la-vache-a-la-glace-une-histoire-de-famille.webp","contentUrl":"https:\/\/rapid-interim.com\/wp-content\/uploads\/2024\/10\/Les-fermiers-sable-de-la-vache-a-la-glace-une-histoire-de-famille.webp","width":1000,"height":759},{"@type":"BreadcrumbList","@id":"https:\/\/rapid-interim.com\/index.php\/2025\/02\/19\/la-cueillette-des-fruits-et-legumes-en-europe-comment-les-travailleurs-roumains-repondent-aux-besoins-saisonniers\/#breadcrumb","itemListElement":[{"@type":"ListItem","position":1,"name":"Accueil","item":"https:\/\/rapid-interim.com\/"},{"@type":"ListItem","position":2,"name":"Cueillette en Europe : les Roumains, r\u00e9ponse aux besoins saisonniers"}]},{"@type":"WebSite","@id":"https:\/\/rapid-interim.com\/#website","url":"https:\/\/rapid-interim.com\/","name":"rapid-interim","description":"Interim et travail temporaire","publisher":{"@id":"https:\/\/rapid-interim.com\/#organization"},"potentialAction":[{"@type":"SearchAction","target":{"@type":"EntryPoint","urlTemplate":"https:\/\/rapid-interim.com\/?s={search_term_string}"},"query-input":{"@type":"PropertyValueSpecification","valueRequired":true,"valueName":"search_term_string"}}],"inLanguage":"fr-FR"},{"@type":"Organization","@id":"https:\/\/rapid-interim.com\/#organization","name":"rapid-interim","url":"https:\/\/rapid-interim.com\/","logo":{"@type":"ImageObject","inLanguage":"fr-FR","@id":"https:\/\/rapid-interim.com\/#\/schema\/logo\/image\/","url":"https:\/\/rapid-interim.com\/wp-content\/uploads\/2022\/06\/cropped-rapid-inetrim.png","contentUrl":"https:\/\/rapid-interim.com\/wp-content\/uploads\/2022\/06\/cropped-rapid-inetrim.png","width":314,"height":137,"caption":"rapid-interim"},"image":{"@id":"https:\/\/rapid-interim.com\/#\/schema\/logo\/image\/"}},{"@type":"Person","@id":"https:\/\/rapid-interim.com\/#\/schema\/person\/c80cf67768e43267c59b9c4095fac056","name":"Marie Dubois","image":{"@type":"ImageObject","inLanguage":"fr-FR","@id":"https:\/\/secure.gravatar.com\/avatar\/c5d9a389371c49a3eb3d5c05c1bdb9d2124cabb2c990e1eb227c370b66139bfe?s=96&d=mm&r=g","url":"https:\/\/secure.gravatar.com\/avatar\/c5d9a389371c49a3eb3d5c05c1bdb9d2124cabb2c990e1eb227c370b66139bfe?s=96&d=mm&r=g","contentUrl":"https:\/\/secure.gravatar.com\/avatar\/c5d9a389371c49a3eb3d5c05c1bdb9d2124cabb2c990e1eb227c370b66139bfe?s=96&d=mm&r=g","caption":"Marie Dubois"},"sameAs":["http:\/\/rapid-interim.com"],"url":"https:\/\/rapid-interim.com\/index.php\/author\/rapid-interim-com\/"}]}},"jetpack_featured_media_url":"https:\/\/rapid-interim.com\/wp-content\/uploads\/2024\/10\/Les-fermiers-sable-de-la-vache-a-la-glace-une-histoire-de-famille.webp","jetpack_sharing_enabled":true,"_links":{"self":[{"href":"https:\/\/rapid-interim.com\/index.php\/wp-json\/wp\/v2\/posts\/21946","targetHints":{"allow":["GET"]}}],"collection":[{"href":"https:\/\/rapid-interim.com\/index.php\/wp-json\/wp\/v2\/posts"}],"about":[{"href":"https:\/\/rapid-interim.com\/index.php\/wp-json\/wp\/v2\/types\/post"}],"author":[{"embeddable":true,"href":"https:\/\/rapid-interim.com\/index.php\/wp-json\/wp\/v2\/users\/1"}],"replies":[{"embeddable":true,"href":"https:\/\/rapid-interim.com\/index.php\/wp-json\/wp\/v2\/comments?post=21946"}],"version-history":[{"count":3,"href":"https:\/\/rapid-interim.com\/index.php\/wp-json\/wp\/v2\/posts\/21946\/revisions"}],"predecessor-version":[{"id":22012,"href":"https:\/\/rapid-interim.com\/index.php\/wp-json\/wp\/v2\/posts\/21946\/revisions\/22012"}],"wp:featuredmedia":[{"embeddable":true,"href":"https:\/\/rapid-interim.com\/index.php\/wp-json\/wp\/v2\/media\/21733"}],"wp:attachment":[{"href":"https:\/\/rapid-interim.com\/index.php\/wp-json\/wp\/v2\/media?parent=21946"}],"wp:term":[{"taxonomy":"category","embeddable":true,"href":"https:\/\/rapid-interim.com\/index.php\/wp-json\/wp\/v2\/categories?post=21946"},{"taxonomy":"post_tag","embeddable":true,"href":"https:\/\/rapid-interim.com\/index.php\/wp-json\/wp\/v2\/tags?post=21946"}],"curies":[{"name":"wp","href":"https:\/\/api.w.org\/{rel}","templated":true}]}}