{"id":21945,"date":"2025-02-20T06:23:28","date_gmt":"2025-02-20T05:23:28","guid":{"rendered":"https:\/\/rapid-interim.com\/index.php\/2025\/02\/12\/lelevage-en-europe-et-lapport-des-ouvriers-agricoles-roumains-expertise-et-adaptabilite-au-service-des-exploitations\/"},"modified":"2025-03-03T20:20:17","modified_gmt":"2025-03-03T19:20:17","slug":"lelevage-en-europe-et-lapport-des-ouvriers-agricoles-roumains-expertise-et-adaptabilite-au-service-des-exploitations","status":"publish","type":"post","link":"https:\/\/rapid-interim.com\/index.php\/2025\/02\/20\/lelevage-en-europe-et-lapport-des-ouvriers-agricoles-roumains-expertise-et-adaptabilite-au-service-des-exploitations\/","title":{"rendered":"Ouvriers roumains en \u00e9levage : expertise au service des fermes"},"content":{"rendered":"\r\n<p class=\"wp-block-paragraph\">L\u2019\u00e9levage est un pilier essentiel de l\u2019agriculture europ\u00e9enne, n\u00e9cessitant une <a href=\"https:\/\/rapid-interim.com\/\" data-internallinksmanager029f6b8e52c=\"45\" title=\"Main-d\u2019\u0153uvre qualifi\u00e9e\">main-d\u2019\u0153uvre qualifi\u00e9e<\/a> pour assurer le soin des animaux, la gestion des installations et le respect des normes sanitaires. Face \u00e0 une p\u00e9nurie de travailleurs locaux, de nombreux exploitants se tournent vers les ouvriers agricoles roumains, dont l\u2019expertise et l\u2019adaptabilit\u00e9 sont particuli\u00e8rement appr\u00e9ci\u00e9es.<\/p>\r\n\r\n\r\n\r\n<p class=\"wp-block-paragraph\">Dans cet article, nous analysons l\u2019importance de l\u2019\u00e9levage en Europe, le r\u00f4le des <a href=\"https:\/\/rapid-interim.com\/index.php\/2025\/02\/24\/reglementation-europeenne-et-detachement-des-travailleurs-roumains\/\" data-internallinksmanager029f6b8e52c=\"28\" title=\"Travailleurs roumains\">travailleurs roumains<\/a> et les avantages du <a href=\"https:\/\/rapid-interim.com\/index.php\/2025\/02\/20\/travail-detache-en-france-impact-sur-leconomie-locale\/\" data-internallinksmanager029f6b8e52c=\"25\" title=\"Travail d\u00e9tach\u00e9\">travail d\u00e9tach\u00e9<\/a> pour les exploitations agricoles.<\/p>\r\n\r\n\r\n<hr class=\"wp-block-separator has-alpha-channel-opacity\" \/>\r\n\r\n\r\n<h2 class=\"wp-block-heading\"><strong>1. L\u2019\u00e9levage en Europe : un secteur cl\u00e9 n\u00e9cessitant une main-d\u2019\u0153uvre sp\u00e9cialis\u00e9e<\/strong><\/h2>\r\n\r\n\r\n\r\n<h3 class=\"wp-block-heading\"><strong>1.1. Un secteur strat\u00e9gique pour l\u2019agriculture europ\u00e9enne<\/strong><\/h3>\r\n\r\n\r\n\r\n<p class=\"wp-block-paragraph\">L\u2019\u00e9levage repr\u00e9sente une part majeure de la production agricole en Europe. Il se divise en plusieurs fili\u00e8res :<\/p>\r\n\r\n\r\n\r\n<ul class=\"wp-block-list\">\r\n<li><strong>\u00c9levage bovin<\/strong> (lait et viande) : France, Allemagne, Pays-Bas.<\/li>\r\n\r\n\r\n\r\n<li><strong>\u00c9levage porcin<\/strong> : Espagne, Danemark, Allemagne.<\/li>\r\n\r\n\r\n\r\n<li><strong>\u00c9levage avicole<\/strong> (volailles, \u0153ufs) : Pologne, France, Italie.<\/li>\r\n\r\n\r\n\r\n<li><strong>\u00c9levage ovin et caprin<\/strong> : Gr\u00e8ce, Espagne, Roumanie.<\/li>\r\n<\/ul>\r\n\r\n\r\n\r\n<p class=\"wp-block-paragraph\">Ces productions requi\u00e8rent une main-d\u2019\u0153uvre sp\u00e9cialis\u00e9e pour assurer le bien-\u00eatre animal, l\u2019alimentation, la traite et l\u2019entretien des b\u00e2timents d\u2019\u00e9levage.<\/p>\r\n\r\n\r\n\r\n<figure class=\"wp-block-image size-large\"><img fetchpriority=\"high\" decoding=\"async\" width=\"1024\" height=\"683\" class=\"wp-image-21742\" src=\"https:\/\/rapid-interim.com\/wp-content\/uploads\/2024\/10\/pexels-anna-shvets-5231085-1-1024x683.jpg\" alt=\"\" srcset=\"https:\/\/rapid-interim.com\/wp-content\/uploads\/2024\/10\/pexels-anna-shvets-5231085-1-1024x683.jpg 1024w, https:\/\/rapid-interim.com\/wp-content\/uploads\/2024\/10\/pexels-anna-shvets-5231085-1-300x200.jpg 300w, https:\/\/rapid-interim.com\/wp-content\/uploads\/2024\/10\/pexels-anna-shvets-5231085-1-768x512.jpg 768w, https:\/\/rapid-interim.com\/wp-content\/uploads\/2024\/10\/pexels-anna-shvets-5231085-1-1536x1024.jpg 1536w, https:\/\/rapid-interim.com\/wp-content\/uploads\/2024\/10\/pexels-anna-shvets-5231085-1-600x400.jpg 600w, https:\/\/rapid-interim.com\/wp-content\/uploads\/2024\/10\/pexels-anna-shvets-5231085-1.jpg 1920w\" sizes=\"(max-width: 1024px) 100vw, 1024px\" \/><\/figure>\r\n\r\n\r\n\r\n<h3 class=\"wp-block-heading\"><strong>1.2. Une demande croissante de travailleurs agricoles<\/strong><\/h3>\r\n\r\n\r\n\r\n<p class=\"wp-block-paragraph\">L\u2019\u00e9levage est un m\u00e9tier exigeant, impliquant des horaires irr\u00e9guliers, des conditions physiques difficiles et une forte responsabilit\u00e9. Le manque de main-d\u2019\u0153uvre locale pousse les exploitants \u00e0 <a href=\"https:\/\/rapid-interim.com\/\" data-internallinksmanager029f6b8e52c=\"44\" title=\"Accueil - Agence d&#039;interim roumaine\">recruter<\/a> des travailleurs \u00e9trangers, notamment des ouvriers agricoles roumains.<\/p>\r\n\r\n\r\n<hr class=\"wp-block-separator has-alpha-channel-opacity\" \/>\r\n\r\n\r\n<h2 class=\"wp-block-heading\"><strong>2. Pourquoi les ouvriers agricoles roumains sont-ils un atout pour l\u2019\u00e9levage europ\u00e9en ?<\/strong><\/h2>\r\n\r\n\r\n\r\n<h3 class=\"wp-block-heading\"><strong>2.1. Une expertise reconnue en \u00e9levage<\/strong><\/h3>\r\n\r\n\r\n\r\n<p class=\"wp-block-paragraph\">La Roumanie poss\u00e8de une forte tradition agricole et d\u2019\u00e9levage, ce qui permet aux ouvriers agricoles roumains d\u2019arriver en Europe avec une exp\u00e9rience pr\u00e9cieuse. Ils ma\u00eetrisent les comp\u00e9tences cl\u00e9s du m\u00e9tier :<\/p>\r\n\r\n\r\n\r\n<ul class=\"wp-block-list\">\r\n<li><strong>Soins aux animaux<\/strong> : alimentation, surveillance de la sant\u00e9, vaccination.<\/li>\r\n\r\n\r\n\r\n<li><strong>Gestion de la traite<\/strong> : utilisation de machines \u00e0 traire, hygi\u00e8ne du lait.<\/li>\r\n\r\n\r\n\r\n<li><strong>Manipulation et transport des animaux<\/strong> : techniques adapt\u00e9es pour \u00e9viter le stress.<\/li>\r\n\r\n\r\n\r\n<li><strong>Entretien des installations<\/strong> : nettoyage, r\u00e9paration des cl\u00f4tures et b\u00e2timents.<\/li>\r\n<\/ul>\r\n\r\n\r\n\r\n<h3 class=\"wp-block-heading\"><strong>2.2. Une main-d\u2019\u0153uvre flexible et motiv\u00e9e<\/strong><\/h3>\r\n\r\n\r\n\r\n<p class=\"wp-block-paragraph\">L\u2019\u00e9levage impose souvent des horaires de travail irr\u00e9guliers, avec des astreintes de nuit et de week-end. Les ouvriers roumains sont habitu\u00e9s \u00e0 ces contraintes et font preuve d\u2019une grande disponibilit\u00e9.<\/p>\r\n\r\n\r\n\r\n<h3 class=\"wp-block-heading\"><strong>2.3. Un recrutement facilit\u00e9 par le travail d\u00e9tach\u00e9<\/strong><\/h3>\r\n\r\n\r\n\r\n<p class=\"wp-block-paragraph\">Les exploitants peuvent faire appel \u00e0 des <a href=\"https:\/\/rapid-interim.com\/\" data-internallinksmanager029f6b8e52c=\"47\" title=\"agences d\u2019int\u00e9rim\">agences d\u2019int\u00e9rim<\/a> sp\u00e9cialis\u00e9es pour embaucher des <a href=\"https:\/\/rapid-interim.com\/index.php\/2025\/02\/24\/reglementation-europeenne-et-detachement-des-travailleurs-roumains\/\" data-internallinksmanager029f6b8e52c=\"28\" title=\"Travailleurs roumains\">travailleurs roumains<\/a> en toute simplicit\u00e9. Ces agences prennent en charge :<\/p>\r\n\r\n\r\n\r\n<ul class=\"wp-block-list\">\r\n<li>La s\u00e9lection des travailleurs exp\u00e9riment\u00e9s.<\/li>\r\n\r\n\r\n\r\n<li>Les formalit\u00e9s administratives (contrats, s\u00e9curit\u00e9 sociale, logement).<\/li>\r\n\r\n\r\n\r\n<li>L\u2019organisation du transport et de l\u2019int\u00e9gration sur l\u2019exploitation.<\/li>\r\n<\/ul>\r\n\r\n\r\n\r\n<p class=\"wp-block-paragraph\">Cela permet aux employeurs de b\u00e9n\u00e9ficier d\u2019une <a href=\"https:\/\/rapid-interim.com\/\" data-internallinksmanager029f6b8e52c=\"45\" title=\"Main-d\u2019\u0153uvre qualifi\u00e9e\">main-d\u2019\u0153uvre qualifi\u00e9e<\/a> sans les lourdeurs administratives.<\/p>\r\n\r\n\r\n<hr class=\"wp-block-separator has-alpha-channel-opacity\" \/>\r\n\r\n\r\n<h2 class=\"wp-block-heading\"><strong>3. Les avantages du travail d\u00e9tach\u00e9 pour les ouvriers roumains<\/strong><\/h2>\r\n\r\n\r\n\r\n<h3 class=\"wp-block-heading\"><strong>3.1. Une opportunit\u00e9 de travail bien r\u00e9mun\u00e9r\u00e9e<\/strong><\/h3>\r\n\r\n\r\n\r\n<p class=\"wp-block-paragraph\">Le travail agricole en Europe de l\u2019Ouest offre de meilleures conditions salariales qu\u2019en Roumanie, permettant aux ouvriers roumains d\u2019am\u00e9liorer leur niveau de vie.<\/p>\r\n\r\n\r\n\r\n<h3 class=\"wp-block-heading\"><strong>3.2. Un cadre s\u00e9curis\u00e9 et encadr\u00e9<\/strong><\/h3>\r\n\r\n\r\n\r\n<p class=\"wp-block-paragraph\">Les <a href=\"https:\/\/rapid-interim.com\/\" data-internallinksmanager029f6b8e52c=\"47\" title=\"agences d\u2019int\u00e9rim\">agences d\u2019int\u00e9rim<\/a> garantissent aux <a href=\"https:\/\/rapid-interim.com\/index.php\/2025\/02\/24\/reglementation-europeenne-et-detachement-des-travailleurs-roumains\/\" data-internallinksmanager029f6b8e52c=\"28\" title=\"Travailleurs roumains\">travailleurs roumains<\/a> des contrats conformes aux normes europ\u00e9ennes, avec un acc\u00e8s aux prestations sociales et aux assurances.<\/p>\r\n\r\n\r\n\r\n<h3 class=\"wp-block-heading\"><strong>3.3. Des perspectives d\u2019\u00e9volution professionnelle<\/strong><\/h3>\r\n\r\n\r\n\r\n<figure class=\"wp-block-image size-large\"><img decoding=\"async\" width=\"1024\" height=\"576\" class=\"wp-image-21740\" src=\"https:\/\/rapid-interim.com\/wp-content\/uploads\/2024\/10\/Fotolia_270844744_Subscription_Monthly_M-1024x576.jpg\" alt=\"\" srcset=\"https:\/\/rapid-interim.com\/wp-content\/uploads\/2024\/10\/Fotolia_270844744_Subscription_Monthly_M-1024x576.jpg 1024w, https:\/\/rapid-interim.com\/wp-content\/uploads\/2024\/10\/Fotolia_270844744_Subscription_Monthly_M-300x169.jpg 300w, https:\/\/rapid-interim.com\/wp-content\/uploads\/2024\/10\/Fotolia_270844744_Subscription_Monthly_M-768x432.jpg 768w, https:\/\/rapid-interim.com\/wp-content\/uploads\/2024\/10\/Fotolia_270844744_Subscription_Monthly_M-1536x864.jpg 1536w, https:\/\/rapid-interim.com\/wp-content\/uploads\/2024\/10\/Fotolia_270844744_Subscription_Monthly_M-600x338.jpg 600w, https:\/\/rapid-interim.com\/wp-content\/uploads\/2024\/10\/Fotolia_270844744_Subscription_Monthly_M.jpg 1838w\" sizes=\"(max-width: 1024px) 100vw, 1024px\" \/><\/figure>\r\n\r\n\r\n\r\n<p class=\"wp-block-paragraph\">Certains ouvriers agricoles roumains \u00e9voluent vers des postes \u00e0 responsabilit\u00e9s, devenant chefs d\u2019\u00e9quipe ou techniciens d\u2019\u00e9levage apr\u00e8s plusieurs saisons de travail en Europe.<\/p>\r\n\r\n\r\n<hr class=\"wp-block-separator has-alpha-channel-opacity\" \/>\r\n\r\n\r\n<h2 class=\"wp-block-heading\"><strong>4. Les d\u00e9fis et perspectives du travail d\u00e9tach\u00e9 dans l\u2019\u00e9levage<\/strong><\/h2>\r\n\r\n\r\n\r\n<h3 class=\"wp-block-heading\"><strong>4.1. Des conditions de travail exigeantes<\/strong><\/h3>\r\n\r\n\r\n\r\n<p class=\"wp-block-paragraph\">L\u2019\u00e9levage demande une endurance physique importante et une grande rigueur dans le respect des r\u00e8gles sanitaires et du bien-\u00eatre animal.<\/p>\r\n\r\n\r\n\r\n<h3 class=\"wp-block-heading\"><strong>4.2. Une r\u00e9glementation stricte du travail d\u00e9tach\u00e9<\/strong><\/h3>\r\n\r\n\r\n\r\n<p class=\"wp-block-paragraph\">L\u2019Union europ\u00e9enne encadre de plus en plus le <a href=\"https:\/\/rapid-interim.com\/index.php\/2025\/02\/20\/travail-detache-en-france-impact-sur-leconomie-locale\/\" data-internallinksmanager029f6b8e52c=\"25\" title=\"Travail d\u00e9tach\u00e9\">travail d\u00e9tach\u00e9<\/a> pour \u00e9viter les abus. Les exploitants doivent s\u2019assurer que les travailleurs b\u00e9n\u00e9ficient de conditions \u00e9quitables et d\u2019un logement adapt\u00e9.<\/p>\r\n\r\n\r\n\r\n<h3 class=\"wp-block-heading\"><strong>4.3. Un avenir prometteur pour le travail d\u00e9tach\u00e9 dans l\u2019\u00e9levage<\/strong><\/h3>\r\n\r\n\r\n\r\n<p class=\"wp-block-paragraph\">Avec la baisse de la main-d\u2019\u0153uvre locale, les ouvriers agricoles roumains resteront une solution essentielle pour le maintien et la modernisation du secteur de l\u2019\u00e9levage en Europe.<\/p>\r\n\r\n\r\n<hr class=\"wp-block-separator has-alpha-channel-opacity\" \/>\r\n\r\n\r\n<h2 class=\"wp-block-heading\"><strong>Conclusion<\/strong><\/h2>\r\n\r\n\r\n\r\n<p class=\"wp-block-paragraph\">Les ouvriers agricoles roumains sont un atout majeur pour l\u2019\u00e9levage europ\u00e9en. Gr\u00e2ce \u00e0 leur expertise, leur flexibilit\u00e9 et leur engagement, ils permettent aux exploitations d\u2019assurer la continuit\u00e9 et la qualit\u00e9 de leur production.<\/p>\r\n\r\n\r\n\r\n<p class=\"wp-block-paragraph\">Le <a href=\"https:\/\/rapid-interim.com\/index.php\/2025\/02\/20\/travail-detache-en-france-impact-sur-leconomie-locale\/\" data-internallinksmanager029f6b8e52c=\"25\" title=\"Travail d\u00e9tach\u00e9\">travail d\u00e9tach\u00e9<\/a> repr\u00e9sente une solution avantageuse, tant pour les employeurs que pour les travailleurs, en facilitant l\u2019embauche de <a href=\"https:\/\/rapid-interim.com\/\" data-internallinksmanager029f6b8e52c=\"45\" title=\"Main-d\u2019\u0153uvre qualifi\u00e9e\">main-d\u2019\u0153uvre qualifi\u00e9e<\/a> dans un cadre l\u00e9gal s\u00e9curis\u00e9.<\/p>\r\n\r\n\r\n\r\n<p class=\"wp-block-paragraph\"><strong>Vous \u00eates un exploitant \u00e0 la recherche de travailleurs agricoles qualifi\u00e9s ? Contactez-nous \u00e0<\/strong> <a href=\"mailto:info@rapid-interim.com\">info@rapid-interim.com<\/a> <strong>pour plus d\u2019informations !<\/strong><\/p>\r\n","protected":false},"excerpt":{"rendered":"<p>L\u2019\u00e9levage est un pilier essentiel de l\u2019agriculture europ\u00e9enne, n\u00e9cessitant une main-d\u2019\u0153uvre qualifi\u00e9e pour assurer le soin des animaux, la gestion des installations et le respect des normes sanitaires. Face \u00e0 une p\u00e9nurie de travailleurs locaux, de nombreux exploitants se tournent vers les ouvriers agricoles roumains, dont l\u2019expertise et l\u2019adaptabilit\u00e9 sont particuli\u00e8rement appr\u00e9ci\u00e9es. Dans cet article, [&hellip;]<\/p>\n","protected":false},"author":1,"featured_media":21735,"comment_status":"open","ping_status":"open","sticky":false,"template":"","format":"standard","meta":{"_crdt_document":"","_jetpack_memberships_contains_paid_content":false,"footnotes":""},"categories":[148,1],"tags":[73,127,111],"class_list":["post-21945","post","type-post","status-publish","format-standard","has-post-thumbnail","hentry","category-agriculture","category-blog","tag-agence-interim-roumanie","tag-agence-interim-travailleur-etranger","tag-apiculteurs-roumains"],"yoast_head":"<!-- This site is optimized with the Yoast SEO plugin v27.5 - https:\/\/yoast.com\/product\/yoast-seo-wordpress\/ -->\n<title>Ouvriers roumains en \u00e9levage : expertise au service des fermes - rapid-interim<\/title>\n<meta name=\"description\" content=\"L\u2019\u00e9levage en Europe et l\u2019apport des ouvriers agricoles roumains : expertise, adaptabilit\u00e9 et soutien essentiel aux exploitations\" \/>\n<meta name=\"robots\" content=\"index, follow, max-snippet:-1, max-image-preview:large, max-video-preview:-1\" \/>\n<link rel=\"canonical\" href=\"https:\/\/rapid-interim.com\/index.php\/2025\/02\/20\/lelevage-en-europe-et-lapport-des-ouvriers-agricoles-roumains-expertise-et-adaptabilite-au-service-des-exploitations\/\" \/>\n<meta property=\"og:locale\" content=\"fr_FR\" \/>\n<meta property=\"og:type\" content=\"article\" \/>\n<meta property=\"og:title\" content=\"Ouvriers roumains en \u00e9levage : expertise au service des fermes - rapid-interim\" \/>\n<meta property=\"og:description\" content=\"L\u2019\u00e9levage en Europe et l\u2019apport des ouvriers agricoles roumains : expertise, adaptabilit\u00e9 et soutien essentiel aux exploitations\" \/>\n<meta property=\"og:url\" content=\"https:\/\/rapid-interim.com\/index.php\/2025\/02\/20\/lelevage-en-europe-et-lapport-des-ouvriers-agricoles-roumains-expertise-et-adaptabilite-au-service-des-exploitations\/\" \/>\n<meta property=\"og:site_name\" content=\"rapid-interim\" \/>\n<meta property=\"article:published_time\" content=\"2025-02-20T05:23:28+00:00\" \/>\n<meta property=\"article:modified_time\" content=\"2025-03-03T19:20:17+00:00\" \/>\n<meta property=\"og:image\" content=\"https:\/\/rapid-interim.com\/wp-content\/uploads\/2024\/10\/les-producteurs-du-pays-de-bitche-comme-les-freres-botzung-a-petit-rederching-vont-ouvrir-leur-drive-fermier-1710302601.jpg\" \/>\n\t<meta property=\"og:image:width\" content=\"1330\" \/>\n\t<meta property=\"og:image:height\" content=\"998\" \/>\n\t<meta property=\"og:image:type\" content=\"image\/jpeg\" \/>\n<meta name=\"author\" content=\"Marie Dubois\" \/>\n<meta name=\"twitter:card\" content=\"summary_large_image\" \/>\n<meta name=\"twitter:label1\" content=\"\u00c9crit par\" \/>\n\t<meta name=\"twitter:data1\" content=\"Marie Dubois\" \/>\n\t<meta name=\"twitter:label2\" content=\"Dur\u00e9e de lecture estim\u00e9e\" \/>\n\t<meta name=\"twitter:data2\" content=\"5 minutes\" \/>\n<script type=\"application\/ld+json\" class=\"yoast-schema-graph\">{\"@context\":\"https:\\\/\\\/schema.org\",\"@graph\":[{\"@type\":\"Article\",\"@id\":\"https:\\\/\\\/rapid-interim.com\\\/index.php\\\/2025\\\/02\\\/20\\\/lelevage-en-europe-et-lapport-des-ouvriers-agricoles-roumains-expertise-et-adaptabilite-au-service-des-exploitations\\\/#article\",\"isPartOf\":{\"@id\":\"https:\\\/\\\/rapid-interim.com\\\/index.php\\\/2025\\\/02\\\/20\\\/lelevage-en-europe-et-lapport-des-ouvriers-agricoles-roumains-expertise-et-adaptabilite-au-service-des-exploitations\\\/\"},\"author\":{\"name\":\"Marie Dubois\",\"@id\":\"https:\\\/\\\/rapid-interim.com\\\/#\\\/schema\\\/person\\\/c80cf67768e43267c59b9c4095fac056\"},\"headline\":\"Ouvriers roumains en \u00e9levage : expertise au service des fermes\",\"datePublished\":\"2025-02-20T05:23:28+00:00\",\"dateModified\":\"2025-03-03T19:20:17+00:00\",\"mainEntityOfPage\":{\"@id\":\"https:\\\/\\\/rapid-interim.com\\\/index.php\\\/2025\\\/02\\\/20\\\/lelevage-en-europe-et-lapport-des-ouvriers-agricoles-roumains-expertise-et-adaptabilite-au-service-des-exploitations\\\/\"},\"wordCount\":790,\"commentCount\":0,\"publisher\":{\"@id\":\"https:\\\/\\\/rapid-interim.com\\\/#organization\"},\"image\":{\"@id\":\"https:\\\/\\\/rapid-interim.com\\\/index.php\\\/2025\\\/02\\\/20\\\/lelevage-en-europe-et-lapport-des-ouvriers-agricoles-roumains-expertise-et-adaptabilite-au-service-des-exploitations\\\/#primaryimage\"},\"thumbnailUrl\":\"https:\\\/\\\/rapid-interim.com\\\/wp-content\\\/uploads\\\/2024\\\/10\\\/les-producteurs-du-pays-de-bitche-comme-les-freres-botzung-a-petit-rederching-vont-ouvrir-leur-drive-fermier-1710302601.jpg\",\"keywords\":[\"AGENCE INTERIM ROUMANIE\",\"agence interim travailleur etranger\",\"Apiculteurs Roumains\"],\"articleSection\":[\"Agriculture\",\"Blog\"],\"inLanguage\":\"fr-FR\",\"potentialAction\":[{\"@type\":\"CommentAction\",\"name\":\"Comment\",\"target\":[\"https:\\\/\\\/rapid-interim.com\\\/index.php\\\/2025\\\/02\\\/20\\\/lelevage-en-europe-et-lapport-des-ouvriers-agricoles-roumains-expertise-et-adaptabilite-au-service-des-exploitations\\\/#respond\"]}]},{\"@type\":\"WebPage\",\"@id\":\"https:\\\/\\\/rapid-interim.com\\\/index.php\\\/2025\\\/02\\\/20\\\/lelevage-en-europe-et-lapport-des-ouvriers-agricoles-roumains-expertise-et-adaptabilite-au-service-des-exploitations\\\/\",\"url\":\"https:\\\/\\\/rapid-interim.com\\\/index.php\\\/2025\\\/02\\\/20\\\/lelevage-en-europe-et-lapport-des-ouvriers-agricoles-roumains-expertise-et-adaptabilite-au-service-des-exploitations\\\/\",\"name\":\"Ouvriers roumains en \u00e9levage : expertise au service des fermes - rapid-interim\",\"isPartOf\":{\"@id\":\"https:\\\/\\\/rapid-interim.com\\\/#website\"},\"primaryImageOfPage\":{\"@id\":\"https:\\\/\\\/rapid-interim.com\\\/index.php\\\/2025\\\/02\\\/20\\\/lelevage-en-europe-et-lapport-des-ouvriers-agricoles-roumains-expertise-et-adaptabilite-au-service-des-exploitations\\\/#primaryimage\"},\"image\":{\"@id\":\"https:\\\/\\\/rapid-interim.com\\\/index.php\\\/2025\\\/02\\\/20\\\/lelevage-en-europe-et-lapport-des-ouvriers-agricoles-roumains-expertise-et-adaptabilite-au-service-des-exploitations\\\/#primaryimage\"},\"thumbnailUrl\":\"https:\\\/\\\/rapid-interim.com\\\/wp-content\\\/uploads\\\/2024\\\/10\\\/les-producteurs-du-pays-de-bitche-comme-les-freres-botzung-a-petit-rederching-vont-ouvrir-leur-drive-fermier-1710302601.jpg\",\"datePublished\":\"2025-02-20T05:23:28+00:00\",\"dateModified\":\"2025-03-03T19:20:17+00:00\",\"description\":\"L\u2019\u00e9levage en Europe et l\u2019apport des ouvriers agricoles roumains : expertise, adaptabilit\u00e9 et soutien essentiel aux exploitations\",\"breadcrumb\":{\"@id\":\"https:\\\/\\\/rapid-interim.com\\\/index.php\\\/2025\\\/02\\\/20\\\/lelevage-en-europe-et-lapport-des-ouvriers-agricoles-roumains-expertise-et-adaptabilite-au-service-des-exploitations\\\/#breadcrumb\"},\"inLanguage\":\"fr-FR\",\"potentialAction\":[{\"@type\":\"ReadAction\",\"target\":[\"https:\\\/\\\/rapid-interim.com\\\/index.php\\\/2025\\\/02\\\/20\\\/lelevage-en-europe-et-lapport-des-ouvriers-agricoles-roumains-expertise-et-adaptabilite-au-service-des-exploitations\\\/\"]}]},{\"@type\":\"ImageObject\",\"inLanguage\":\"fr-FR\",\"@id\":\"https:\\\/\\\/rapid-interim.com\\\/index.php\\\/2025\\\/02\\\/20\\\/lelevage-en-europe-et-lapport-des-ouvriers-agricoles-roumains-expertise-et-adaptabilite-au-service-des-exploitations\\\/#primaryimage\",\"url\":\"https:\\\/\\\/rapid-interim.com\\\/wp-content\\\/uploads\\\/2024\\\/10\\\/les-producteurs-du-pays-de-bitche-comme-les-freres-botzung-a-petit-rederching-vont-ouvrir-leur-drive-fermier-1710302601.jpg\",\"contentUrl\":\"https:\\\/\\\/rapid-interim.com\\\/wp-content\\\/uploads\\\/2024\\\/10\\\/les-producteurs-du-pays-de-bitche-comme-les-freres-botzung-a-petit-rederching-vont-ouvrir-leur-drive-fermier-1710302601.jpg\",\"width\":1330,\"height\":998},{\"@type\":\"BreadcrumbList\",\"@id\":\"https:\\\/\\\/rapid-interim.com\\\/index.php\\\/2025\\\/02\\\/20\\\/lelevage-en-europe-et-lapport-des-ouvriers-agricoles-roumains-expertise-et-adaptabilite-au-service-des-exploitations\\\/#breadcrumb\",\"itemListElement\":[{\"@type\":\"ListItem\",\"position\":1,\"name\":\"Accueil\",\"item\":\"https:\\\/\\\/rapid-interim.com\\\/\"},{\"@type\":\"ListItem\",\"position\":2,\"name\":\"Ouvriers roumains en \u00e9levage : expertise au service des fermes\"}]},{\"@type\":\"WebSite\",\"@id\":\"https:\\\/\\\/rapid-interim.com\\\/#website\",\"url\":\"https:\\\/\\\/rapid-interim.com\\\/\",\"name\":\"rapid-interim\",\"description\":\"Interim et travail temporaire\",\"publisher\":{\"@id\":\"https:\\\/\\\/rapid-interim.com\\\/#organization\"},\"potentialAction\":[{\"@type\":\"SearchAction\",\"target\":{\"@type\":\"EntryPoint\",\"urlTemplate\":\"https:\\\/\\\/rapid-interim.com\\\/?s={search_term_string}\"},\"query-input\":{\"@type\":\"PropertyValueSpecification\",\"valueRequired\":true,\"valueName\":\"search_term_string\"}}],\"inLanguage\":\"fr-FR\"},{\"@type\":\"Organization\",\"@id\":\"https:\\\/\\\/rapid-interim.com\\\/#organization\",\"name\":\"rapid-interim\",\"url\":\"https:\\\/\\\/rapid-interim.com\\\/\",\"logo\":{\"@type\":\"ImageObject\",\"inLanguage\":\"fr-FR\",\"@id\":\"https:\\\/\\\/rapid-interim.com\\\/#\\\/schema\\\/logo\\\/image\\\/\",\"url\":\"https:\\\/\\\/rapid-interim.com\\\/wp-content\\\/uploads\\\/2022\\\/06\\\/cropped-rapid-inetrim.png\",\"contentUrl\":\"https:\\\/\\\/rapid-interim.com\\\/wp-content\\\/uploads\\\/2022\\\/06\\\/cropped-rapid-inetrim.png\",\"width\":314,\"height\":137,\"caption\":\"rapid-interim\"},\"image\":{\"@id\":\"https:\\\/\\\/rapid-interim.com\\\/#\\\/schema\\\/logo\\\/image\\\/\"}},{\"@type\":\"Person\",\"@id\":\"https:\\\/\\\/rapid-interim.com\\\/#\\\/schema\\\/person\\\/c80cf67768e43267c59b9c4095fac056\",\"name\":\"Marie Dubois\",\"image\":{\"@type\":\"ImageObject\",\"inLanguage\":\"fr-FR\",\"@id\":\"https:\\\/\\\/secure.gravatar.com\\\/avatar\\\/c5d9a389371c49a3eb3d5c05c1bdb9d2124cabb2c990e1eb227c370b66139bfe?s=96&d=mm&r=g\",\"url\":\"https:\\\/\\\/secure.gravatar.com\\\/avatar\\\/c5d9a389371c49a3eb3d5c05c1bdb9d2124cabb2c990e1eb227c370b66139bfe?s=96&d=mm&r=g\",\"contentUrl\":\"https:\\\/\\\/secure.gravatar.com\\\/avatar\\\/c5d9a389371c49a3eb3d5c05c1bdb9d2124cabb2c990e1eb227c370b66139bfe?s=96&d=mm&r=g\",\"caption\":\"Marie Dubois\"},\"sameAs\":[\"http:\\\/\\\/rapid-interim.com\"],\"url\":\"https:\\\/\\\/rapid-interim.com\\\/index.php\\\/author\\\/rapid-interim-com\\\/\"}]}<\/script>\n<!-- \/ Yoast SEO plugin. -->","yoast_head_json":{"title":"Ouvriers roumains en \u00e9levage : expertise au service des fermes - rapid-interim","description":"L\u2019\u00e9levage en Europe et l\u2019apport des ouvriers agricoles roumains : expertise, adaptabilit\u00e9 et soutien essentiel aux exploitations","robots":{"index":"index","follow":"follow","max-snippet":"max-snippet:-1","max-image-preview":"max-image-preview:large","max-video-preview":"max-video-preview:-1"},"canonical":"https:\/\/rapid-interim.com\/index.php\/2025\/02\/20\/lelevage-en-europe-et-lapport-des-ouvriers-agricoles-roumains-expertise-et-adaptabilite-au-service-des-exploitations\/","og_locale":"fr_FR","og_type":"article","og_title":"Ouvriers roumains en \u00e9levage : expertise au service des fermes - rapid-interim","og_description":"L\u2019\u00e9levage en Europe et l\u2019apport des ouvriers agricoles roumains : expertise, adaptabilit\u00e9 et soutien essentiel aux exploitations","og_url":"https:\/\/rapid-interim.com\/index.php\/2025\/02\/20\/lelevage-en-europe-et-lapport-des-ouvriers-agricoles-roumains-expertise-et-adaptabilite-au-service-des-exploitations\/","og_site_name":"rapid-interim","article_published_time":"2025-02-20T05:23:28+00:00","article_modified_time":"2025-03-03T19:20:17+00:00","og_image":[{"width":1330,"height":998,"url":"https:\/\/rapid-interim.com\/wp-content\/uploads\/2024\/10\/les-producteurs-du-pays-de-bitche-comme-les-freres-botzung-a-petit-rederching-vont-ouvrir-leur-drive-fermier-1710302601.jpg","type":"image\/jpeg"}],"author":"Marie Dubois","twitter_card":"summary_large_image","twitter_misc":{"\u00c9crit par":"Marie Dubois","Dur\u00e9e de lecture estim\u00e9e":"5 minutes"},"schema":{"@context":"https:\/\/schema.org","@graph":[{"@type":"Article","@id":"https:\/\/rapid-interim.com\/index.php\/2025\/02\/20\/lelevage-en-europe-et-lapport-des-ouvriers-agricoles-roumains-expertise-et-adaptabilite-au-service-des-exploitations\/#article","isPartOf":{"@id":"https:\/\/rapid-interim.com\/index.php\/2025\/02\/20\/lelevage-en-europe-et-lapport-des-ouvriers-agricoles-roumains-expertise-et-adaptabilite-au-service-des-exploitations\/"},"author":{"name":"Marie Dubois","@id":"https:\/\/rapid-interim.com\/#\/schema\/person\/c80cf67768e43267c59b9c4095fac056"},"headline":"Ouvriers roumains en \u00e9levage : expertise au service des fermes","datePublished":"2025-02-20T05:23:28+00:00","dateModified":"2025-03-03T19:20:17+00:00","mainEntityOfPage":{"@id":"https:\/\/rapid-interim.com\/index.php\/2025\/02\/20\/lelevage-en-europe-et-lapport-des-ouvriers-agricoles-roumains-expertise-et-adaptabilite-au-service-des-exploitations\/"},"wordCount":790,"commentCount":0,"publisher":{"@id":"https:\/\/rapid-interim.com\/#organization"},"image":{"@id":"https:\/\/rapid-interim.com\/index.php\/2025\/02\/20\/lelevage-en-europe-et-lapport-des-ouvriers-agricoles-roumains-expertise-et-adaptabilite-au-service-des-exploitations\/#primaryimage"},"thumbnailUrl":"https:\/\/rapid-interim.com\/wp-content\/uploads\/2024\/10\/les-producteurs-du-pays-de-bitche-comme-les-freres-botzung-a-petit-rederching-vont-ouvrir-leur-drive-fermier-1710302601.jpg","keywords":["AGENCE INTERIM ROUMANIE","agence interim travailleur etranger","Apiculteurs Roumains"],"articleSection":["Agriculture","Blog"],"inLanguage":"fr-FR","potentialAction":[{"@type":"CommentAction","name":"Comment","target":["https:\/\/rapid-interim.com\/index.php\/2025\/02\/20\/lelevage-en-europe-et-lapport-des-ouvriers-agricoles-roumains-expertise-et-adaptabilite-au-service-des-exploitations\/#respond"]}]},{"@type":"WebPage","@id":"https:\/\/rapid-interim.com\/index.php\/2025\/02\/20\/lelevage-en-europe-et-lapport-des-ouvriers-agricoles-roumains-expertise-et-adaptabilite-au-service-des-exploitations\/","url":"https:\/\/rapid-interim.com\/index.php\/2025\/02\/20\/lelevage-en-europe-et-lapport-des-ouvriers-agricoles-roumains-expertise-et-adaptabilite-au-service-des-exploitations\/","name":"Ouvriers roumains en \u00e9levage : expertise au service des fermes - rapid-interim","isPartOf":{"@id":"https:\/\/rapid-interim.com\/#website"},"primaryImageOfPage":{"@id":"https:\/\/rapid-interim.com\/index.php\/2025\/02\/20\/lelevage-en-europe-et-lapport-des-ouvriers-agricoles-roumains-expertise-et-adaptabilite-au-service-des-exploitations\/#primaryimage"},"image":{"@id":"https:\/\/rapid-interim.com\/index.php\/2025\/02\/20\/lelevage-en-europe-et-lapport-des-ouvriers-agricoles-roumains-expertise-et-adaptabilite-au-service-des-exploitations\/#primaryimage"},"thumbnailUrl":"https:\/\/rapid-interim.com\/wp-content\/uploads\/2024\/10\/les-producteurs-du-pays-de-bitche-comme-les-freres-botzung-a-petit-rederching-vont-ouvrir-leur-drive-fermier-1710302601.jpg","datePublished":"2025-02-20T05:23:28+00:00","dateModified":"2025-03-03T19:20:17+00:00","description":"L\u2019\u00e9levage en Europe et l\u2019apport des ouvriers agricoles roumains : expertise, adaptabilit\u00e9 et soutien essentiel aux exploitations","breadcrumb":{"@id":"https:\/\/rapid-interim.com\/index.php\/2025\/02\/20\/lelevage-en-europe-et-lapport-des-ouvriers-agricoles-roumains-expertise-et-adaptabilite-au-service-des-exploitations\/#breadcrumb"},"inLanguage":"fr-FR","potentialAction":[{"@type":"ReadAction","target":["https:\/\/rapid-interim.com\/index.php\/2025\/02\/20\/lelevage-en-europe-et-lapport-des-ouvriers-agricoles-roumains-expertise-et-adaptabilite-au-service-des-exploitations\/"]}]},{"@type":"ImageObject","inLanguage":"fr-FR","@id":"https:\/\/rapid-interim.com\/index.php\/2025\/02\/20\/lelevage-en-europe-et-lapport-des-ouvriers-agricoles-roumains-expertise-et-adaptabilite-au-service-des-exploitations\/#primaryimage","url":"https:\/\/rapid-interim.com\/wp-content\/uploads\/2024\/10\/les-producteurs-du-pays-de-bitche-comme-les-freres-botzung-a-petit-rederching-vont-ouvrir-leur-drive-fermier-1710302601.jpg","contentUrl":"https:\/\/rapid-interim.com\/wp-content\/uploads\/2024\/10\/les-producteurs-du-pays-de-bitche-comme-les-freres-botzung-a-petit-rederching-vont-ouvrir-leur-drive-fermier-1710302601.jpg","width":1330,"height":998},{"@type":"BreadcrumbList","@id":"https:\/\/rapid-interim.com\/index.php\/2025\/02\/20\/lelevage-en-europe-et-lapport-des-ouvriers-agricoles-roumains-expertise-et-adaptabilite-au-service-des-exploitations\/#breadcrumb","itemListElement":[{"@type":"ListItem","position":1,"name":"Accueil","item":"https:\/\/rapid-interim.com\/"},{"@type":"ListItem","position":2,"name":"Ouvriers roumains en \u00e9levage : expertise au service des fermes"}]},{"@type":"WebSite","@id":"https:\/\/rapid-interim.com\/#website","url":"https:\/\/rapid-interim.com\/","name":"rapid-interim","description":"Interim et travail temporaire","publisher":{"@id":"https:\/\/rapid-interim.com\/#organization"},"potentialAction":[{"@type":"SearchAction","target":{"@type":"EntryPoint","urlTemplate":"https:\/\/rapid-interim.com\/?s={search_term_string}"},"query-input":{"@type":"PropertyValueSpecification","valueRequired":true,"valueName":"search_term_string"}}],"inLanguage":"fr-FR"},{"@type":"Organization","@id":"https:\/\/rapid-interim.com\/#organization","name":"rapid-interim","url":"https:\/\/rapid-interim.com\/","logo":{"@type":"ImageObject","inLanguage":"fr-FR","@id":"https:\/\/rapid-interim.com\/#\/schema\/logo\/image\/","url":"https:\/\/rapid-interim.com\/wp-content\/uploads\/2022\/06\/cropped-rapid-inetrim.png","contentUrl":"https:\/\/rapid-interim.com\/wp-content\/uploads\/2022\/06\/cropped-rapid-inetrim.png","width":314,"height":137,"caption":"rapid-interim"},"image":{"@id":"https:\/\/rapid-interim.com\/#\/schema\/logo\/image\/"}},{"@type":"Person","@id":"https:\/\/rapid-interim.com\/#\/schema\/person\/c80cf67768e43267c59b9c4095fac056","name":"Marie Dubois","image":{"@type":"ImageObject","inLanguage":"fr-FR","@id":"https:\/\/secure.gravatar.com\/avatar\/c5d9a389371c49a3eb3d5c05c1bdb9d2124cabb2c990e1eb227c370b66139bfe?s=96&d=mm&r=g","url":"https:\/\/secure.gravatar.com\/avatar\/c5d9a389371c49a3eb3d5c05c1bdb9d2124cabb2c990e1eb227c370b66139bfe?s=96&d=mm&r=g","contentUrl":"https:\/\/secure.gravatar.com\/avatar\/c5d9a389371c49a3eb3d5c05c1bdb9d2124cabb2c990e1eb227c370b66139bfe?s=96&d=mm&r=g","caption":"Marie Dubois"},"sameAs":["http:\/\/rapid-interim.com"],"url":"https:\/\/rapid-interim.com\/index.php\/author\/rapid-interim-com\/"}]}},"jetpack_featured_media_url":"https:\/\/rapid-interim.com\/wp-content\/uploads\/2024\/10\/les-producteurs-du-pays-de-bitche-comme-les-freres-botzung-a-petit-rederching-vont-ouvrir-leur-drive-fermier-1710302601.jpg","jetpack_sharing_enabled":true,"_links":{"self":[{"href":"https:\/\/rapid-interim.com\/index.php\/wp-json\/wp\/v2\/posts\/21945","targetHints":{"allow":["GET"]}}],"collection":[{"href":"https:\/\/rapid-interim.com\/index.php\/wp-json\/wp\/v2\/posts"}],"about":[{"href":"https:\/\/rapid-interim.com\/index.php\/wp-json\/wp\/v2\/types\/post"}],"author":[{"embeddable":true,"href":"https:\/\/rapid-interim.com\/index.php\/wp-json\/wp\/v2\/users\/1"}],"replies":[{"embeddable":true,"href":"https:\/\/rapid-interim.com\/index.php\/wp-json\/wp\/v2\/comments?post=21945"}],"version-history":[{"count":2,"href":"https:\/\/rapid-interim.com\/index.php\/wp-json\/wp\/v2\/posts\/21945\/revisions"}],"predecessor-version":[{"id":22014,"href":"https:\/\/rapid-interim.com\/index.php\/wp-json\/wp\/v2\/posts\/21945\/revisions\/22014"}],"wp:featuredmedia":[{"embeddable":true,"href":"https:\/\/rapid-interim.com\/index.php\/wp-json\/wp\/v2\/media\/21735"}],"wp:attachment":[{"href":"https:\/\/rapid-interim.com\/index.php\/wp-json\/wp\/v2\/media?parent=21945"}],"wp:term":[{"taxonomy":"category","embeddable":true,"href":"https:\/\/rapid-interim.com\/index.php\/wp-json\/wp\/v2\/categories?post=21945"},{"taxonomy":"post_tag","embeddable":true,"href":"https:\/\/rapid-interim.com\/index.php\/wp-json\/wp\/v2\/tags?post=21945"}],"curies":[{"name":"wp","href":"https:\/\/api.w.org\/{rel}","templated":true}]}}