{"id":21942,"date":"2025-02-21T21:24:16","date_gmt":"2025-02-21T20:24:16","guid":{"rendered":"https:\/\/rapid-interim.com\/index.php\/2025\/02\/11\/les-ouvriers-agricoles-roumains-un-pilier-essentiel-pour-les-exploitations-europeennes\/"},"modified":"2025-03-03T20:23:12","modified_gmt":"2025-03-03T19:23:12","slug":"les-ouvriers-agricoles-roumains-un-pilier-essentiel-pour-les-exploitations-europeennes","status":"publish","type":"post","link":"https:\/\/rapid-interim.com\/index.php\/2025\/02\/21\/les-ouvriers-agricoles-roumains-un-pilier-essentiel-pour-les-exploitations-europeennes\/","title":{"rendered":"Ouvriers agricoles roumains : pilier cl\u00e9 des exploitations europ\u00e9ennes"},"content":{"rendered":"\r\n<p class=\"wp-block-paragraph\" style=\"text-align: left;\">L\u2019agriculture europ\u00e9enne repose sur une <a href=\"https:\/\/rapid-interim.com\/\" data-internallinksmanager029f6b8e52c=\"45\" title=\"Main-d\u2019\u0153uvre qualifi\u00e9e\">main-d\u2019\u0153uvre qualifi\u00e9e<\/a> et flexible pour r\u00e9pondre aux d\u00e9fis saisonniers et structurels. Parmi les travailleurs les plus sollicit\u00e9s, les ouvriers agricoles roumains jouent un r\u00f4le crucial dans le bon fonctionnement des exploitations agricoles, notamment en France, en Allemagne, en Espagne et en Italie. Leur expertise, leur motivation et leur disponibilit\u00e9 font d\u2019eux des acteurs incontournables dans ce secteur.<\/p>\r\n\r\n\r\n\r\n<p class=\"wp-block-paragraph\">Dans cet article, nous explorerons le r\u00f4le essentiel des ouvriers agricoles roumains en Europe, leurs <a href=\"https:\/\/rapid-interim.com\/index.php\/2025\/01\/22\/les-conditions-de-travail-des-interimaires-roumains-dans-le-secteur-de-la-logistique\/\" data-internallinksmanager029f6b8e52c=\"46\" title=\"conditions de travail\">conditions de travail<\/a>, les opportunit\u00e9s qu\u2019offre l\u2019<a href=\"https:\/\/rapid-interim.com\/index.php\/2024\/12\/12\/le-futur-de-linterim-detache-en-europe\/\" data-internallinksmanager029f6b8e52c=\"32\" title=\"int\u00e9rim d\u00e9tach\u00e9\">int\u00e9rim d\u00e9tach\u00e9<\/a> et les d\u00e9fis auxquels ils font face.<\/p>\r\n\r\n\r\n<hr class=\"wp-block-separator has-alpha-channel-opacity\" \/>\r\n\r\n\r\n<h2 class=\"wp-block-heading\"><strong>1. Un afflux massif de travailleurs roumains en Europe<\/strong><\/h2>\r\n\r\n\r\n\r\n<h3 class=\"wp-block-heading\"><strong>1.1. Un ph\u00e9nom\u00e8ne en expansion<\/strong><\/h3>\r\n\r\n\r\n\r\n<p class=\"wp-block-paragraph\">Depuis l\u2019adh\u00e9sion de la Roumanie \u00e0 l\u2019Union europ\u00e9enne en 2007, des centaines de milliers de Roumains ont saisi l\u2019opportunit\u00e9 de travailler \u00e0 l\u2019\u00e9tranger, notamment dans le secteur agricole. Gr\u00e2ce \u00e0 la libre circulation des travailleurs, les exploitations agricoles europ\u00e9ennes peuvent faire appel \u00e0 une main-d\u2019\u0153uvre roumaine qualifi\u00e9e, notamment pour les r\u00e9coltes saisonni\u00e8res et les t\u00e2ches sp\u00e9cialis\u00e9es.<\/p>\r\n\r\n\r\n\r\n<h3 class=\"wp-block-heading\"><strong>1.2. Une pr\u00e9sence forte dans plusieurs pays<\/strong><\/h3>\r\n\r\n\r\n\r\n<p class=\"wp-block-paragraph\">Les ouvriers agricoles roumains sont particuli\u00e8rement pr\u00e9sents dans plusieurs pays :<\/p>\r\n\r\n\r\n\r\n<ul class=\"wp-block-list\">\r\n<li><strong>France<\/strong> : cueillettes de fruits et l\u00e9gumes (pommes, fraises, tomates, etc.), travaux viticoles.<\/li>\r\n\r\n\r\n\r\n<li><strong>Espagne<\/strong> : production de fruits et l\u00e9gumes en Andalousie, exploitation d\u2019oliviers.<\/li>\r\n\r\n\r\n\r\n<li><strong>Italie<\/strong> : vendanges et entretien des cultures mara\u00eech\u00e8res.<\/li>\r\n\r\n\r\n\r\n<li><strong>Allemagne<\/strong> : r\u00e9coltes de l\u00e9gumes, travail dans les serres.<\/li>\r\n<\/ul>\r\n\r\n\r\n\r\n<p class=\"wp-block-paragraph\">Dans ces pays, les employeurs appr\u00e9cient la rigueur et la productivit\u00e9 des <a href=\"https:\/\/rapid-interim.com\/index.php\/2025\/02\/24\/reglementation-europeenne-et-detachement-des-travailleurs-roumains\/\" data-internallinksmanager029f6b8e52c=\"28\" title=\"Travailleurs roumains\">travailleurs roumains<\/a>, ce qui en fait un pilier essentiel du secteur.<\/p>\r\n\r\n\r\n\r\n<figure class=\"wp-block-image size-large\"><img fetchpriority=\"high\" decoding=\"async\" width=\"1002\" height=\"667\" class=\"wp-image-21749\" src=\"https:\/\/rapid-interim.com\/wp-content\/uploads\/2024\/10\/technicien-agricole.jpg\" alt=\"\" srcset=\"https:\/\/rapid-interim.com\/wp-content\/uploads\/2024\/10\/technicien-agricole.jpg 1002w, https:\/\/rapid-interim.com\/wp-content\/uploads\/2024\/10\/technicien-agricole-300x200.jpg 300w, https:\/\/rapid-interim.com\/wp-content\/uploads\/2024\/10\/technicien-agricole-768x511.jpg 768w, https:\/\/rapid-interim.com\/wp-content\/uploads\/2024\/10\/technicien-agricole-600x399.jpg 600w\" sizes=\"(max-width: 1002px) 100vw, 1002px\" \/><\/figure>\r\n\r\n\r\n<hr class=\"wp-block-separator has-alpha-channel-opacity\" \/>\r\n\r\n\r\n<h2 class=\"wp-block-heading\"><strong>2. Pourquoi les employeurs europ\u00e9ens privil\u00e9gient les ouvriers agricoles roumains ?<\/strong><\/h2>\r\n\r\n\r\n\r\n<h3 class=\"wp-block-heading\"><strong>2.1. Une main-d\u2019\u0153uvre qualifi\u00e9e et exp\u00e9riment\u00e9e<\/strong><\/h3>\r\n\r\n\r\n\r\n<p class=\"wp-block-paragraph\">Les ouvriers agricoles roumains poss\u00e8dent une forte exp\u00e9rience du travail agricole, ayant souvent grandi dans des environnements ruraux en Roumanie. Ils ma\u00eetrisent les techniques de plantation, d\u2019irrigation et de r\u00e9colte, ce qui r\u00e9duit les besoins en formation.<\/p>\r\n\r\n\r\n\r\n<h3 class=\"wp-block-heading\"><strong>2.2. Une grande flexibilit\u00e9 et mobilit\u00e9<\/strong><\/h3>\r\n\r\n\r\n\r\n<p class=\"wp-block-paragraph\">L\u2019un des avantages des ouvriers agricoles roumains est leur capacit\u00e9 \u00e0 s\u2019adapter aux besoins des employeurs. Ils sont dispos\u00e9s \u00e0 travailler de longues heures, souvent sous des conditions climatiques difficiles, et \u00e0 se d\u00e9placer selon les besoins saisonniers.<\/p>\r\n\r\n\r\n\r\n<h3 class=\"wp-block-heading\"><strong>2.3. Le recours \u00e0 l\u2019int\u00e9rim d\u00e9tach\u00e9 pour faciliter l\u2019embauche<\/strong><\/h3>\r\n\r\n\r\n\r\n<p class=\"wp-block-paragraph\">Gr\u00e2ce \u00e0 l\u2019<a href=\"https:\/\/rapid-interim.com\/index.php\/2024\/12\/12\/le-futur-de-linterim-detache-en-europe\/\" data-internallinksmanager029f6b8e52c=\"32\" title=\"int\u00e9rim d\u00e9tach\u00e9\">int\u00e9rim d\u00e9tach\u00e9<\/a>, les exploitants agricoles europ\u00e9ens peuvent embaucher des <a href=\"https:\/\/rapid-interim.com\/index.php\/2025\/02\/24\/reglementation-europeenne-et-detachement-des-travailleurs-roumains\/\" data-internallinksmanager029f6b8e52c=\"28\" title=\"Travailleurs roumains\">travailleurs roumains<\/a> sans lourdes d\u00e9marches administratives. Les <a href=\"https:\/\/rapid-interim.com\/\" data-internallinksmanager029f6b8e52c=\"47\" title=\"agences d\u2019int\u00e9rim\">agences d\u2019int\u00e9rim<\/a> sp\u00e9cialis\u00e9es g\u00e8rent les contrats, les salaires et les aspects juridiques, offrant ainsi une solution cl\u00e9 en main pour les employeurs.<\/p>\r\n\r\n\r\n<hr class=\"wp-block-separator has-alpha-channel-opacity\" \/>\r\n\r\n\r\n<h2 class=\"wp-block-heading\"><strong>3. Les avantages de l\u2019int\u00e9rim d\u00e9tach\u00e9 pour les ouvriers agricoles roumains<\/strong><\/h2>\r\n\r\n\r\n\r\n<h3 class=\"wp-block-heading\"><strong>3.1. Un acc\u00e8s facilit\u00e9 \u00e0 l\u2019emploi \u00e0 l\u2019\u00e9tranger<\/strong><\/h3>\r\n\r\n\r\n\r\n<p class=\"wp-block-paragraph\">Les <a href=\"https:\/\/rapid-interim.com\/\" data-internallinksmanager029f6b8e52c=\"47\" title=\"agences d\u2019int\u00e9rim\">agences d\u2019int\u00e9rim<\/a> jouent un r\u00f4le essentiel en mettant en relation les ouvriers agricoles roumains avec les exploitations europ\u00e9ennes. Elles assurent un accompagnement dans les d\u00e9marches administratives (visa, permis de travail, h\u00e9bergement) et garantissent un cadre l\u00e9gal conforme aux normes europ\u00e9ennes.<\/p>\r\n\r\n\r\n\r\n<h3 class=\"wp-block-heading\"><strong>3.2. De meilleures conditions salariales<\/strong><\/h3>\r\n\r\n\r\n\r\n<p class=\"wp-block-paragraph\">Le travail agricole en Roumanie est souvent mal r\u00e9mun\u00e9r\u00e9, ce qui pousse de nombreux ouvriers \u00e0 chercher de meilleures opportunit\u00e9s en Europe de l\u2019Ouest. En travaillant \u00e0 l\u2019\u00e9tranger, ils peuvent percevoir un salaire jusqu\u2019\u00e0 trois \u00e0 quatre fois sup\u00e9rieur \u00e0 celui qu\u2019ils gagneraient en Roumanie.<\/p>\r\n\r\n\r\n\r\n<h3 class=\"wp-block-heading\"><strong>3.3. Des opportunit\u00e9s de formation et d\u2019\u00e9volution<\/strong><\/h3>\r\n\r\n\r\n\r\n<p class=\"wp-block-paragraph\">Certains travailleurs agricoles roumains commencent par des postes saisonniers mais finissent par \u00e9voluer vers des postes plus stables ou qualifi\u00e9s, comme chef d\u2019\u00e9quipe ou technicien agricole. Certains acqui\u00e8rent m\u00eame des comp\u00e9tences leur permettant de se sp\u00e9cialiser dans des cultures sp\u00e9cifiques ou des techniques modernes d\u2019agriculture.<\/p>\r\n\r\n\r\n<hr class=\"wp-block-separator has-alpha-channel-opacity\" \/>\r\n\r\n\r\n<h2 class=\"wp-block-heading\"><strong>4. Les d\u00e9fis et enjeux du travail agricole pour les ouvriers roumains<\/strong><\/h2>\r\n\r\n\r\n\r\n<h3 class=\"wp-block-heading\"><strong>4.1. Des conditions de travail parfois difficiles<\/strong><\/h3>\r\n\r\n\r\n\r\n<p class=\"wp-block-paragraph\">Malgr\u00e9 les nombreux avantages, le travail agricole reste \u00e9prouvant. Les ouvriers doivent souvent faire face \u00e0 :<\/p>\r\n\r\n\r\n\r\n<ul class=\"wp-block-list\">\r\n<li>Des journ\u00e9es longues et physiques.<\/li>\r\n\r\n\r\n\r\n<li>Des conditions climatiques extr\u00eames (chaleur en Espagne, froid en Allemagne).<\/li>\r\n\r\n\r\n\r\n<li>Des h\u00e9bergements parfois pr\u00e9caires.<\/li>\r\n<\/ul>\r\n\r\n\r\n\r\n<h3 class=\"wp-block-heading\"><strong>4.2. La r\u00e9gulation du travail d\u00e9tach\u00e9 et les risques d\u2019abus<\/strong><\/h3>\r\n\r\n\r\n\r\n<p class=\"wp-block-paragraph\">Si l\u2019<a href=\"https:\/\/rapid-interim.com\/index.php\/2024\/12\/12\/le-futur-de-linterim-detache-en-europe\/\" data-internallinksmanager029f6b8e52c=\"32\" title=\"int\u00e9rim d\u00e9tach\u00e9\">int\u00e9rim d\u00e9tach\u00e9<\/a> offre de nombreux avantages, il peut aussi \u00eatre sujet \u00e0 des abus. Certains employeurs ou agences peu scrupuleux exploitent les ouvriers agricoles en ne respectant pas les normes salariales ou les conditions de logement d\u00e9centes. Heureusement, des r\u00e9gulations strictes sont mises en place pour limiter ces pratiques.<\/p>\r\n\r\n\r\n\r\n<h3 class=\"wp-block-heading\"><strong>4.3. L\u2019int\u00e9gration sociale et linguistique<\/strong><\/h3>\r\n\r\n\r\n\r\n<p class=\"wp-block-paragraph\">Pour les ouvriers agricoles roumains, s\u2019int\u00e9grer dans un nouveau pays peut \u00eatre un d\u00e9fi. La barri\u00e8re de la langue, le manque de reconnaissance sociale et l\u2019\u00e9loignement familial sont des difficult\u00e9s \u00e0 surmonter. Toutefois, de nombreux travailleurs finissent par s\u2019adapter et certains choisissent m\u00eame de s\u2019installer d\u00e9finitivement dans leur pays d\u2019accueil.<\/p>\r\n\r\n\r\n<hr class=\"wp-block-separator has-alpha-channel-opacity\" \/>\r\n\r\n\r\n<figure class=\"wp-block-image\"><img decoding=\"async\" width=\"864\" height=\"486\" class=\"wp-image-21748\" src=\"https:\/\/rapid-interim.com\/wp-content\/uploads\/2024\/10\/agriculteur_web.jpg\" alt=\"\" srcset=\"https:\/\/rapid-interim.com\/wp-content\/uploads\/2024\/10\/agriculteur_web.jpg 864w, https:\/\/rapid-interim.com\/wp-content\/uploads\/2024\/10\/agriculteur_web-300x169.jpg 300w, https:\/\/rapid-interim.com\/wp-content\/uploads\/2024\/10\/agriculteur_web-768x432.jpg 768w, https:\/\/rapid-interim.com\/wp-content\/uploads\/2024\/10\/agriculteur_web-600x338.jpg 600w\" sizes=\"(max-width: 864px) 100vw, 864px\" \/><\/figure>\r\n\r\n\r\n\r\n<h2 class=\"wp-block-heading\"><strong>5. Le futur des ouvriers agricoles roumains en Europe<\/strong><\/h2>\r\n\r\n\r\n\r\n<h3 class=\"wp-block-heading\"><strong>5.1. Une demande qui reste forte<\/strong><\/h3>\r\n\r\n\r\n\r\n<p class=\"wp-block-paragraph\">Le besoin en main-d\u2019\u0153uvre agricole en Europe reste \u00e9lev\u00e9, notamment en raison du vieillissement des agriculteurs locaux et du manque d\u2019int\u00e9r\u00eat des jeunes g\u00e9n\u00e9rations pour les m\u00e9tiers agricoles. Les ouvriers agricoles roumains continueront donc \u00e0 jouer un r\u00f4le essentiel dans le maintien de la production agricole europ\u00e9enne.<\/p>\r\n\r\n\r\n\r\n<h3 class=\"wp-block-heading\"><strong>5.2. L\u2019\u00e9volution des r\u00e9glementations et des conditions de travail<\/strong><\/h3>\r\n\r\n\r\n\r\n<p class=\"wp-block-paragraph\">Avec les efforts de l\u2019Union europ\u00e9enne pour renforcer les droits des travailleurs d\u00e9tach\u00e9s, les <a href=\"https:\/\/rapid-interim.com\/index.php\/2025\/01\/22\/les-conditions-de-travail-des-interimaires-roumains-dans-le-secteur-de-la-logistique\/\" data-internallinksmanager029f6b8e52c=\"46\" title=\"conditions de travail\">conditions de travail<\/a> des ouvriers agricoles roumains devraient continuer \u00e0 s\u2019am\u00e9liorer. Des initiatives visant \u00e0 mieux r\u00e9guler les <a href=\"https:\/\/rapid-interim.com\/\" data-internallinksmanager029f6b8e52c=\"47\" title=\"agences d\u2019int\u00e9rim\">agences d\u2019int\u00e9rim<\/a> et \u00e0 offrir des logements d\u00e9cents sont en cours dans plusieurs pays.<\/p>\r\n\r\n\r\n\r\n<h3 class=\"wp-block-heading\"><strong>5.3. Une opportunit\u00e9 pour le d\u00e9veloppement des exploitations agricoles<\/strong><\/h3>\r\n\r\n\r\n\r\n<p class=\"wp-block-paragraph\">Les employeurs europ\u00e9ens ont tout int\u00e9r\u00eat \u00e0 valoriser le travail des ouvriers agricoles roumains en leur offrant des conditions attractives et en les int\u00e9grant dans une dynamique de formation continue. Cela permettrait non seulement d\u2019attirer et de fid\u00e9liser ces travailleurs, mais aussi d\u2019am\u00e9liorer la productivit\u00e9 et la qualit\u00e9 des productions agricoles.<\/p>\r\n\r\n\r\n<hr class=\"wp-block-separator has-alpha-channel-opacity\" \/>\r\n\r\n\r\n<h2 class=\"wp-block-heading\"><strong>Conclusion<\/strong><\/h2>\r\n\r\n\r\n\r\n<p class=\"wp-block-paragraph\">Les ouvriers agricoles roumains sont un pilier fondamental de l\u2019agriculture europ\u00e9enne. Leur expertise, leur flexibilit\u00e9 et leur engagement contribuent au bon fonctionnement des exploitations agricoles dans de nombreux pays. Gr\u00e2ce \u00e0 l\u2019<a href=\"https:\/\/rapid-interim.com\/index.php\/2024\/12\/12\/le-futur-de-linterim-detache-en-europe\/\" data-internallinksmanager029f6b8e52c=\"32\" title=\"int\u00e9rim d\u00e9tach\u00e9\">int\u00e9rim d\u00e9tach\u00e9<\/a>, ils b\u00e9n\u00e9ficient d\u2019opportunit\u00e9s d\u2019emploi attractives, tout en permettant aux employeurs d\u2019acc\u00e9der \u00e0 une <a href=\"https:\/\/rapid-interim.com\/\" data-internallinksmanager029f6b8e52c=\"45\" title=\"Main-d\u2019\u0153uvre qualifi\u00e9e\">main-d\u2019\u0153uvre qualifi\u00e9e<\/a> et disponible.<\/p>\r\n\r\n\r\n\r\n<p class=\"wp-block-paragraph\">Cependant, il est crucial de garantir des <a href=\"https:\/\/rapid-interim.com\/index.php\/2025\/01\/22\/les-conditions-de-travail-des-interimaires-roumains-dans-le-secteur-de-la-logistique\/\" data-internallinksmanager029f6b8e52c=\"46\" title=\"conditions de travail\">conditions de travail<\/a> d\u00e9centes et de lutter contre les abus afin que ces travailleurs puissent continuer \u00e0 contribuer au d\u00e9veloppement agricole europ\u00e9en dans les meilleures conditions. Avec une r\u00e9gulation adapt\u00e9e et un engagement mutuel entre employeurs et ouvriers, l\u2019avenir des travailleurs agricoles roumains en Europe semble prometteur.<\/p>\r\n\r\n\r\n\r\n<p class=\"wp-block-paragraph\"><strong>Vous cherchez \u00e0 <a href=\"https:\/\/rapid-interim.com\/\" data-internallinksmanager029f6b8e52c=\"44\" title=\"Accueil - Agence d&#039;interim roumaine\">recruter<\/a> des ouvriers agricoles roumains via l\u2019<a href=\"https:\/\/rapid-interim.com\/index.php\/2024\/12\/12\/le-futur-de-linterim-detache-en-europe\/\" data-internallinksmanager029f6b8e52c=\"32\" title=\"int\u00e9rim d\u00e9tach\u00e9\">int\u00e9rim d\u00e9tach\u00e9<\/a> ? Contactez-nous \u00e0<\/strong> <a href=\"mailto:info@cap-interim.com\">info@cap-interim.com<\/a> <strong>pour plus d\u2019informations !<\/strong><\/p>\r\n","protected":false},"excerpt":{"rendered":"<p>L\u2019agriculture europ\u00e9enne repose sur une main-d\u2019\u0153uvre qualifi\u00e9e et flexible pour r\u00e9pondre aux d\u00e9fis saisonniers et structurels. Parmi les travailleurs les plus sollicit\u00e9s, les ouvriers agricoles roumains jouent un r\u00f4le crucial dans le bon fonctionnement des exploitations agricoles, notamment en France, en Allemagne, en Espagne et en Italie. Leur expertise, leur motivation et leur disponibilit\u00e9 font [&hellip;]<\/p>\n","protected":false},"author":1,"featured_media":21747,"comment_status":"open","ping_status":"open","sticky":false,"template":"","format":"standard","meta":{"_crdt_document":"","_jetpack_memberships_contains_paid_content":false,"footnotes":""},"categories":[148,1],"tags":[128,73,127],"class_list":["post-21942","post","type-post","status-publish","format-standard","has-post-thumbnail","hentry","category-agriculture","category-blog","tag-agence-interim-europeene","tag-agence-interim-roumanie","tag-agence-interim-travailleur-etranger"],"yoast_head":"<!-- This site is optimized with the Yoast SEO plugin v27.5 - https:\/\/yoast.com\/product\/yoast-seo-wordpress\/ -->\n<title>Ouvriers agricoles roumains : pilier cl\u00e9 des exploitations europ\u00e9ennes - rapid-interim<\/title>\n<meta name=\"description\" content=\"Les ouvriers agricoles roumains : un pilier essentiel pour les exploitations europ\u00e9ennes, offrant expertise, flexibilit\u00e9 et soutien crucial\" \/>\n<meta name=\"robots\" content=\"index, follow, max-snippet:-1, max-image-preview:large, max-video-preview:-1\" \/>\n<link rel=\"canonical\" href=\"https:\/\/rapid-interim.com\/index.php\/2025\/02\/21\/les-ouvriers-agricoles-roumains-un-pilier-essentiel-pour-les-exploitations-europeennes\/\" \/>\n<meta property=\"og:locale\" content=\"fr_FR\" \/>\n<meta property=\"og:type\" content=\"article\" \/>\n<meta property=\"og:title\" content=\"Ouvriers agricoles roumains : pilier cl\u00e9 des exploitations europ\u00e9ennes - rapid-interim\" \/>\n<meta property=\"og:description\" content=\"Les ouvriers agricoles roumains : un pilier essentiel pour les exploitations europ\u00e9ennes, offrant expertise, flexibilit\u00e9 et soutien crucial\" \/>\n<meta property=\"og:url\" content=\"https:\/\/rapid-interim.com\/index.php\/2025\/02\/21\/les-ouvriers-agricoles-roumains-un-pilier-essentiel-pour-les-exploitations-europeennes\/\" \/>\n<meta property=\"og:site_name\" content=\"rapid-interim\" \/>\n<meta property=\"article:published_time\" content=\"2025-02-21T20:24:16+00:00\" \/>\n<meta property=\"article:modified_time\" content=\"2025-03-03T19:23:12+00:00\" \/>\n<meta property=\"og:image\" content=\"https:\/\/rapid-interim.com\/wp-content\/uploads\/2024\/10\/22.05.15.17.52-1652662368.0077-16373009.jpg\" \/>\n\t<meta property=\"og:image:width\" content=\"948\" \/>\n\t<meta property=\"og:image:height\" content=\"632\" \/>\n\t<meta property=\"og:image:type\" content=\"image\/jpeg\" \/>\n<meta name=\"author\" content=\"Marie Dubois\" \/>\n<meta name=\"twitter:card\" content=\"summary_large_image\" \/>\n<meta name=\"twitter:label1\" content=\"\u00c9crit par\" \/>\n\t<meta name=\"twitter:data1\" content=\"Marie Dubois\" \/>\n\t<meta name=\"twitter:label2\" content=\"Dur\u00e9e de lecture estim\u00e9e\" \/>\n\t<meta name=\"twitter:data2\" content=\"6 minutes\" \/>\n<script type=\"application\/ld+json\" class=\"yoast-schema-graph\">{\"@context\":\"https:\\\/\\\/schema.org\",\"@graph\":[{\"@type\":\"Article\",\"@id\":\"https:\\\/\\\/rapid-interim.com\\\/index.php\\\/2025\\\/02\\\/21\\\/les-ouvriers-agricoles-roumains-un-pilier-essentiel-pour-les-exploitations-europeennes\\\/#article\",\"isPartOf\":{\"@id\":\"https:\\\/\\\/rapid-interim.com\\\/index.php\\\/2025\\\/02\\\/21\\\/les-ouvriers-agricoles-roumains-un-pilier-essentiel-pour-les-exploitations-europeennes\\\/\"},\"author\":{\"name\":\"Marie Dubois\",\"@id\":\"https:\\\/\\\/rapid-interim.com\\\/#\\\/schema\\\/person\\\/c80cf67768e43267c59b9c4095fac056\"},\"headline\":\"Ouvriers agricoles roumains : pilier cl\u00e9 des exploitations europ\u00e9ennes\",\"datePublished\":\"2025-02-21T20:24:16+00:00\",\"dateModified\":\"2025-03-03T19:23:12+00:00\",\"mainEntityOfPage\":{\"@id\":\"https:\\\/\\\/rapid-interim.com\\\/index.php\\\/2025\\\/02\\\/21\\\/les-ouvriers-agricoles-roumains-un-pilier-essentiel-pour-les-exploitations-europeennes\\\/\"},\"wordCount\":1165,\"commentCount\":0,\"publisher\":{\"@id\":\"https:\\\/\\\/rapid-interim.com\\\/#organization\"},\"image\":{\"@id\":\"https:\\\/\\\/rapid-interim.com\\\/index.php\\\/2025\\\/02\\\/21\\\/les-ouvriers-agricoles-roumains-un-pilier-essentiel-pour-les-exploitations-europeennes\\\/#primaryimage\"},\"thumbnailUrl\":\"https:\\\/\\\/rapid-interim.com\\\/wp-content\\\/uploads\\\/2024\\\/10\\\/22.05.15.17.52-1652662368.0077-16373009.jpg\",\"keywords\":[\"agence interim europeene\",\"AGENCE INTERIM ROUMANIE\",\"agence interim travailleur etranger\"],\"articleSection\":[\"Agriculture\",\"Blog\"],\"inLanguage\":\"fr-FR\",\"potentialAction\":[{\"@type\":\"CommentAction\",\"name\":\"Comment\",\"target\":[\"https:\\\/\\\/rapid-interim.com\\\/index.php\\\/2025\\\/02\\\/21\\\/les-ouvriers-agricoles-roumains-un-pilier-essentiel-pour-les-exploitations-europeennes\\\/#respond\"]}]},{\"@type\":\"WebPage\",\"@id\":\"https:\\\/\\\/rapid-interim.com\\\/index.php\\\/2025\\\/02\\\/21\\\/les-ouvriers-agricoles-roumains-un-pilier-essentiel-pour-les-exploitations-europeennes\\\/\",\"url\":\"https:\\\/\\\/rapid-interim.com\\\/index.php\\\/2025\\\/02\\\/21\\\/les-ouvriers-agricoles-roumains-un-pilier-essentiel-pour-les-exploitations-europeennes\\\/\",\"name\":\"Ouvriers agricoles roumains : pilier cl\u00e9 des exploitations europ\u00e9ennes - rapid-interim\",\"isPartOf\":{\"@id\":\"https:\\\/\\\/rapid-interim.com\\\/#website\"},\"primaryImageOfPage\":{\"@id\":\"https:\\\/\\\/rapid-interim.com\\\/index.php\\\/2025\\\/02\\\/21\\\/les-ouvriers-agricoles-roumains-un-pilier-essentiel-pour-les-exploitations-europeennes\\\/#primaryimage\"},\"image\":{\"@id\":\"https:\\\/\\\/rapid-interim.com\\\/index.php\\\/2025\\\/02\\\/21\\\/les-ouvriers-agricoles-roumains-un-pilier-essentiel-pour-les-exploitations-europeennes\\\/#primaryimage\"},\"thumbnailUrl\":\"https:\\\/\\\/rapid-interim.com\\\/wp-content\\\/uploads\\\/2024\\\/10\\\/22.05.15.17.52-1652662368.0077-16373009.jpg\",\"datePublished\":\"2025-02-21T20:24:16+00:00\",\"dateModified\":\"2025-03-03T19:23:12+00:00\",\"description\":\"Les ouvriers agricoles roumains : un pilier essentiel pour les exploitations europ\u00e9ennes, offrant expertise, flexibilit\u00e9 et soutien crucial\",\"breadcrumb\":{\"@id\":\"https:\\\/\\\/rapid-interim.com\\\/index.php\\\/2025\\\/02\\\/21\\\/les-ouvriers-agricoles-roumains-un-pilier-essentiel-pour-les-exploitations-europeennes\\\/#breadcrumb\"},\"inLanguage\":\"fr-FR\",\"potentialAction\":[{\"@type\":\"ReadAction\",\"target\":[\"https:\\\/\\\/rapid-interim.com\\\/index.php\\\/2025\\\/02\\\/21\\\/les-ouvriers-agricoles-roumains-un-pilier-essentiel-pour-les-exploitations-europeennes\\\/\"]}]},{\"@type\":\"ImageObject\",\"inLanguage\":\"fr-FR\",\"@id\":\"https:\\\/\\\/rapid-interim.com\\\/index.php\\\/2025\\\/02\\\/21\\\/les-ouvriers-agricoles-roumains-un-pilier-essentiel-pour-les-exploitations-europeennes\\\/#primaryimage\",\"url\":\"https:\\\/\\\/rapid-interim.com\\\/wp-content\\\/uploads\\\/2024\\\/10\\\/22.05.15.17.52-1652662368.0077-16373009.jpg\",\"contentUrl\":\"https:\\\/\\\/rapid-interim.com\\\/wp-content\\\/uploads\\\/2024\\\/10\\\/22.05.15.17.52-1652662368.0077-16373009.jpg\",\"width\":948,\"height\":632},{\"@type\":\"BreadcrumbList\",\"@id\":\"https:\\\/\\\/rapid-interim.com\\\/index.php\\\/2025\\\/02\\\/21\\\/les-ouvriers-agricoles-roumains-un-pilier-essentiel-pour-les-exploitations-europeennes\\\/#breadcrumb\",\"itemListElement\":[{\"@type\":\"ListItem\",\"position\":1,\"name\":\"Accueil\",\"item\":\"https:\\\/\\\/rapid-interim.com\\\/\"},{\"@type\":\"ListItem\",\"position\":2,\"name\":\"Ouvriers agricoles roumains : pilier cl\u00e9 des exploitations europ\u00e9ennes\"}]},{\"@type\":\"WebSite\",\"@id\":\"https:\\\/\\\/rapid-interim.com\\\/#website\",\"url\":\"https:\\\/\\\/rapid-interim.com\\\/\",\"name\":\"rapid-interim\",\"description\":\"Interim et travail temporaire\",\"publisher\":{\"@id\":\"https:\\\/\\\/rapid-interim.com\\\/#organization\"},\"potentialAction\":[{\"@type\":\"SearchAction\",\"target\":{\"@type\":\"EntryPoint\",\"urlTemplate\":\"https:\\\/\\\/rapid-interim.com\\\/?s={search_term_string}\"},\"query-input\":{\"@type\":\"PropertyValueSpecification\",\"valueRequired\":true,\"valueName\":\"search_term_string\"}}],\"inLanguage\":\"fr-FR\"},{\"@type\":\"Organization\",\"@id\":\"https:\\\/\\\/rapid-interim.com\\\/#organization\",\"name\":\"rapid-interim\",\"url\":\"https:\\\/\\\/rapid-interim.com\\\/\",\"logo\":{\"@type\":\"ImageObject\",\"inLanguage\":\"fr-FR\",\"@id\":\"https:\\\/\\\/rapid-interim.com\\\/#\\\/schema\\\/logo\\\/image\\\/\",\"url\":\"https:\\\/\\\/rapid-interim.com\\\/wp-content\\\/uploads\\\/2022\\\/06\\\/cropped-rapid-inetrim.png\",\"contentUrl\":\"https:\\\/\\\/rapid-interim.com\\\/wp-content\\\/uploads\\\/2022\\\/06\\\/cropped-rapid-inetrim.png\",\"width\":314,\"height\":137,\"caption\":\"rapid-interim\"},\"image\":{\"@id\":\"https:\\\/\\\/rapid-interim.com\\\/#\\\/schema\\\/logo\\\/image\\\/\"}},{\"@type\":\"Person\",\"@id\":\"https:\\\/\\\/rapid-interim.com\\\/#\\\/schema\\\/person\\\/c80cf67768e43267c59b9c4095fac056\",\"name\":\"Marie Dubois\",\"image\":{\"@type\":\"ImageObject\",\"inLanguage\":\"fr-FR\",\"@id\":\"https:\\\/\\\/secure.gravatar.com\\\/avatar\\\/c5d9a389371c49a3eb3d5c05c1bdb9d2124cabb2c990e1eb227c370b66139bfe?s=96&d=mm&r=g\",\"url\":\"https:\\\/\\\/secure.gravatar.com\\\/avatar\\\/c5d9a389371c49a3eb3d5c05c1bdb9d2124cabb2c990e1eb227c370b66139bfe?s=96&d=mm&r=g\",\"contentUrl\":\"https:\\\/\\\/secure.gravatar.com\\\/avatar\\\/c5d9a389371c49a3eb3d5c05c1bdb9d2124cabb2c990e1eb227c370b66139bfe?s=96&d=mm&r=g\",\"caption\":\"Marie Dubois\"},\"sameAs\":[\"http:\\\/\\\/rapid-interim.com\"],\"url\":\"https:\\\/\\\/rapid-interim.com\\\/index.php\\\/author\\\/rapid-interim-com\\\/\"}]}<\/script>\n<!-- \/ Yoast SEO plugin. -->","yoast_head_json":{"title":"Ouvriers agricoles roumains : pilier cl\u00e9 des exploitations europ\u00e9ennes - rapid-interim","description":"Les ouvriers agricoles roumains : un pilier essentiel pour les exploitations europ\u00e9ennes, offrant expertise, flexibilit\u00e9 et soutien crucial","robots":{"index":"index","follow":"follow","max-snippet":"max-snippet:-1","max-image-preview":"max-image-preview:large","max-video-preview":"max-video-preview:-1"},"canonical":"https:\/\/rapid-interim.com\/index.php\/2025\/02\/21\/les-ouvriers-agricoles-roumains-un-pilier-essentiel-pour-les-exploitations-europeennes\/","og_locale":"fr_FR","og_type":"article","og_title":"Ouvriers agricoles roumains : pilier cl\u00e9 des exploitations europ\u00e9ennes - rapid-interim","og_description":"Les ouvriers agricoles roumains : un pilier essentiel pour les exploitations europ\u00e9ennes, offrant expertise, flexibilit\u00e9 et soutien crucial","og_url":"https:\/\/rapid-interim.com\/index.php\/2025\/02\/21\/les-ouvriers-agricoles-roumains-un-pilier-essentiel-pour-les-exploitations-europeennes\/","og_site_name":"rapid-interim","article_published_time":"2025-02-21T20:24:16+00:00","article_modified_time":"2025-03-03T19:23:12+00:00","og_image":[{"width":948,"height":632,"url":"https:\/\/rapid-interim.com\/wp-content\/uploads\/2024\/10\/22.05.15.17.52-1652662368.0077-16373009.jpg","type":"image\/jpeg"}],"author":"Marie Dubois","twitter_card":"summary_large_image","twitter_misc":{"\u00c9crit par":"Marie Dubois","Dur\u00e9e de lecture estim\u00e9e":"6 minutes"},"schema":{"@context":"https:\/\/schema.org","@graph":[{"@type":"Article","@id":"https:\/\/rapid-interim.com\/index.php\/2025\/02\/21\/les-ouvriers-agricoles-roumains-un-pilier-essentiel-pour-les-exploitations-europeennes\/#article","isPartOf":{"@id":"https:\/\/rapid-interim.com\/index.php\/2025\/02\/21\/les-ouvriers-agricoles-roumains-un-pilier-essentiel-pour-les-exploitations-europeennes\/"},"author":{"name":"Marie Dubois","@id":"https:\/\/rapid-interim.com\/#\/schema\/person\/c80cf67768e43267c59b9c4095fac056"},"headline":"Ouvriers agricoles roumains : pilier cl\u00e9 des exploitations europ\u00e9ennes","datePublished":"2025-02-21T20:24:16+00:00","dateModified":"2025-03-03T19:23:12+00:00","mainEntityOfPage":{"@id":"https:\/\/rapid-interim.com\/index.php\/2025\/02\/21\/les-ouvriers-agricoles-roumains-un-pilier-essentiel-pour-les-exploitations-europeennes\/"},"wordCount":1165,"commentCount":0,"publisher":{"@id":"https:\/\/rapid-interim.com\/#organization"},"image":{"@id":"https:\/\/rapid-interim.com\/index.php\/2025\/02\/21\/les-ouvriers-agricoles-roumains-un-pilier-essentiel-pour-les-exploitations-europeennes\/#primaryimage"},"thumbnailUrl":"https:\/\/rapid-interim.com\/wp-content\/uploads\/2024\/10\/22.05.15.17.52-1652662368.0077-16373009.jpg","keywords":["agence interim europeene","AGENCE INTERIM ROUMANIE","agence interim travailleur etranger"],"articleSection":["Agriculture","Blog"],"inLanguage":"fr-FR","potentialAction":[{"@type":"CommentAction","name":"Comment","target":["https:\/\/rapid-interim.com\/index.php\/2025\/02\/21\/les-ouvriers-agricoles-roumains-un-pilier-essentiel-pour-les-exploitations-europeennes\/#respond"]}]},{"@type":"WebPage","@id":"https:\/\/rapid-interim.com\/index.php\/2025\/02\/21\/les-ouvriers-agricoles-roumains-un-pilier-essentiel-pour-les-exploitations-europeennes\/","url":"https:\/\/rapid-interim.com\/index.php\/2025\/02\/21\/les-ouvriers-agricoles-roumains-un-pilier-essentiel-pour-les-exploitations-europeennes\/","name":"Ouvriers agricoles roumains : pilier cl\u00e9 des exploitations europ\u00e9ennes - rapid-interim","isPartOf":{"@id":"https:\/\/rapid-interim.com\/#website"},"primaryImageOfPage":{"@id":"https:\/\/rapid-interim.com\/index.php\/2025\/02\/21\/les-ouvriers-agricoles-roumains-un-pilier-essentiel-pour-les-exploitations-europeennes\/#primaryimage"},"image":{"@id":"https:\/\/rapid-interim.com\/index.php\/2025\/02\/21\/les-ouvriers-agricoles-roumains-un-pilier-essentiel-pour-les-exploitations-europeennes\/#primaryimage"},"thumbnailUrl":"https:\/\/rapid-interim.com\/wp-content\/uploads\/2024\/10\/22.05.15.17.52-1652662368.0077-16373009.jpg","datePublished":"2025-02-21T20:24:16+00:00","dateModified":"2025-03-03T19:23:12+00:00","description":"Les ouvriers agricoles roumains : un pilier essentiel pour les exploitations europ\u00e9ennes, offrant expertise, flexibilit\u00e9 et soutien crucial","breadcrumb":{"@id":"https:\/\/rapid-interim.com\/index.php\/2025\/02\/21\/les-ouvriers-agricoles-roumains-un-pilier-essentiel-pour-les-exploitations-europeennes\/#breadcrumb"},"inLanguage":"fr-FR","potentialAction":[{"@type":"ReadAction","target":["https:\/\/rapid-interim.com\/index.php\/2025\/02\/21\/les-ouvriers-agricoles-roumains-un-pilier-essentiel-pour-les-exploitations-europeennes\/"]}]},{"@type":"ImageObject","inLanguage":"fr-FR","@id":"https:\/\/rapid-interim.com\/index.php\/2025\/02\/21\/les-ouvriers-agricoles-roumains-un-pilier-essentiel-pour-les-exploitations-europeennes\/#primaryimage","url":"https:\/\/rapid-interim.com\/wp-content\/uploads\/2024\/10\/22.05.15.17.52-1652662368.0077-16373009.jpg","contentUrl":"https:\/\/rapid-interim.com\/wp-content\/uploads\/2024\/10\/22.05.15.17.52-1652662368.0077-16373009.jpg","width":948,"height":632},{"@type":"BreadcrumbList","@id":"https:\/\/rapid-interim.com\/index.php\/2025\/02\/21\/les-ouvriers-agricoles-roumains-un-pilier-essentiel-pour-les-exploitations-europeennes\/#breadcrumb","itemListElement":[{"@type":"ListItem","position":1,"name":"Accueil","item":"https:\/\/rapid-interim.com\/"},{"@type":"ListItem","position":2,"name":"Ouvriers agricoles roumains : pilier cl\u00e9 des exploitations europ\u00e9ennes"}]},{"@type":"WebSite","@id":"https:\/\/rapid-interim.com\/#website","url":"https:\/\/rapid-interim.com\/","name":"rapid-interim","description":"Interim et travail temporaire","publisher":{"@id":"https:\/\/rapid-interim.com\/#organization"},"potentialAction":[{"@type":"SearchAction","target":{"@type":"EntryPoint","urlTemplate":"https:\/\/rapid-interim.com\/?s={search_term_string}"},"query-input":{"@type":"PropertyValueSpecification","valueRequired":true,"valueName":"search_term_string"}}],"inLanguage":"fr-FR"},{"@type":"Organization","@id":"https:\/\/rapid-interim.com\/#organization","name":"rapid-interim","url":"https:\/\/rapid-interim.com\/","logo":{"@type":"ImageObject","inLanguage":"fr-FR","@id":"https:\/\/rapid-interim.com\/#\/schema\/logo\/image\/","url":"https:\/\/rapid-interim.com\/wp-content\/uploads\/2022\/06\/cropped-rapid-inetrim.png","contentUrl":"https:\/\/rapid-interim.com\/wp-content\/uploads\/2022\/06\/cropped-rapid-inetrim.png","width":314,"height":137,"caption":"rapid-interim"},"image":{"@id":"https:\/\/rapid-interim.com\/#\/schema\/logo\/image\/"}},{"@type":"Person","@id":"https:\/\/rapid-interim.com\/#\/schema\/person\/c80cf67768e43267c59b9c4095fac056","name":"Marie Dubois","image":{"@type":"ImageObject","inLanguage":"fr-FR","@id":"https:\/\/secure.gravatar.com\/avatar\/c5d9a389371c49a3eb3d5c05c1bdb9d2124cabb2c990e1eb227c370b66139bfe?s=96&d=mm&r=g","url":"https:\/\/secure.gravatar.com\/avatar\/c5d9a389371c49a3eb3d5c05c1bdb9d2124cabb2c990e1eb227c370b66139bfe?s=96&d=mm&r=g","contentUrl":"https:\/\/secure.gravatar.com\/avatar\/c5d9a389371c49a3eb3d5c05c1bdb9d2124cabb2c990e1eb227c370b66139bfe?s=96&d=mm&r=g","caption":"Marie Dubois"},"sameAs":["http:\/\/rapid-interim.com"],"url":"https:\/\/rapid-interim.com\/index.php\/author\/rapid-interim-com\/"}]}},"jetpack_featured_media_url":"https:\/\/rapid-interim.com\/wp-content\/uploads\/2024\/10\/22.05.15.17.52-1652662368.0077-16373009.jpg","jetpack_sharing_enabled":true,"_links":{"self":[{"href":"https:\/\/rapid-interim.com\/index.php\/wp-json\/wp\/v2\/posts\/21942","targetHints":{"allow":["GET"]}}],"collection":[{"href":"https:\/\/rapid-interim.com\/index.php\/wp-json\/wp\/v2\/posts"}],"about":[{"href":"https:\/\/rapid-interim.com\/index.php\/wp-json\/wp\/v2\/types\/post"}],"author":[{"embeddable":true,"href":"https:\/\/rapid-interim.com\/index.php\/wp-json\/wp\/v2\/users\/1"}],"replies":[{"embeddable":true,"href":"https:\/\/rapid-interim.com\/index.php\/wp-json\/wp\/v2\/comments?post=21942"}],"version-history":[{"count":2,"href":"https:\/\/rapid-interim.com\/index.php\/wp-json\/wp\/v2\/posts\/21942\/revisions"}],"predecessor-version":[{"id":22016,"href":"https:\/\/rapid-interim.com\/index.php\/wp-json\/wp\/v2\/posts\/21942\/revisions\/22016"}],"wp:featuredmedia":[{"embeddable":true,"href":"https:\/\/rapid-interim.com\/index.php\/wp-json\/wp\/v2\/media\/21747"}],"wp:attachment":[{"href":"https:\/\/rapid-interim.com\/index.php\/wp-json\/wp\/v2\/media?parent=21942"}],"wp:term":[{"taxonomy":"category","embeddable":true,"href":"https:\/\/rapid-interim.com\/index.php\/wp-json\/wp\/v2\/categories?post=21942"},{"taxonomy":"post_tag","embeddable":true,"href":"https:\/\/rapid-interim.com\/index.php\/wp-json\/wp\/v2\/tags?post=21942"}],"curies":[{"name":"wp","href":"https:\/\/api.w.org\/{rel}","templated":true}]}}