{"id":21938,"date":"2025-02-18T02:25:40","date_gmt":"2025-02-18T01:25:40","guid":{"rendered":"https:\/\/rapid-interim.com\/?p=21938"},"modified":"2025-03-03T20:30:43","modified_gmt":"2025-03-03T19:30:43","slug":"linterim-roumain-dans-lindustrie-de-la-construction-europeenne-defis-et-solutions-rh","status":"publish","type":"post","link":"https:\/\/rapid-interim.com\/index.php\/2025\/02\/18\/linterim-roumain-dans-lindustrie-de-la-construction-europeenne-defis-et-solutions-rh\/","title":{"rendered":"L\u2019int\u00e9rim roumain dans l\u2019industrie de la construction europ\u00e9enne"},"content":{"rendered":"\r\n<h4 class=\"wp-block-heading\">Introduction<\/h4>\r\n\r\n\r\n\r\n<p class=\"wp-block-paragraph\">L\u2019industrie de la construction en Europe est l\u2019un des secteurs les plus dynamiques et essentiels \u00e0 l\u2019\u00e9conomie, contribuant \u00e0 des projets d\u2019infrastructures de grande envergure, de r\u00e9novation et d\u2019am\u00e9nagement urbain. Cependant, l\u2019industrie fait face \u00e0 des d\u00e9fis constants li\u00e9s \u00e0 la gestion de la main-d\u2019\u0153uvre, notamment en raison de la forte demande saisonni\u00e8re et des p\u00e9nuries de comp\u00e9tences sp\u00e9cialis\u00e9es. Depuis l\u2019int\u00e9gration de la Roumanie dans l&rsquo;Union Europ\u00e9enne en 2007, un nombre croissant de <a href=\"https:\/\/rapid-interim.com\/index.php\/2025\/02\/24\/reglementation-europeenne-et-detachement-des-travailleurs-roumains\/\" data-internallinksmanager029f6b8e52c=\"28\" title=\"Travailleurs roumains\">travailleurs roumains<\/a> a \u00e9t\u00e9 int\u00e9gr\u00e9 au march\u00e9 de l\u2019emploi temporaire europ\u00e9en, en particulier dans la construction. Les entreprises europ\u00e9ennes, en qu\u00eate de flexibilit\u00e9 et de comp\u00e9tences sp\u00e9cifiques, ont largement recours \u00e0 l&rsquo;int\u00e9rim roumain pour combler ces besoins. Cependant, cette pratique soul\u00e8ve plusieurs d\u00e9fis concernant les <a href=\"https:\/\/rapid-interim.com\/index.php\/2025\/01\/22\/les-conditions-de-travail-des-interimaires-roumains-dans-le-secteur-de-la-logistique\/\" data-internallinksmanager029f6b8e52c=\"46\" title=\"conditions de travail\">conditions de travail<\/a>, les relations sociales, la s\u00e9curit\u00e9 et la gestion des ressources humaines.<\/p>\r\n\r\n\r\n\r\n<p class=\"wp-block-paragraph\">Cet article explore les d\u00e9fis sp\u00e9cifiques de l\u2019int\u00e9rim roumain dans l\u2019industrie de la construction europ\u00e9enne, tout en proposant des solutions RH pour optimiser la gestion de ces travailleurs et am\u00e9liorer leurs <a href=\"https:\/\/rapid-interim.com\/index.php\/2025\/01\/22\/les-conditions-de-travail-des-interimaires-roumains-dans-le-secteur-de-la-logistique\/\" data-internallinksmanager029f6b8e52c=\"46\" title=\"conditions de travail\">conditions de travail<\/a>.<\/p>\r\n\r\n\r\n\r\n<h4 class=\"wp-block-heading\">1. Le R\u00f4le de l\u2019Int\u00e9rim Roumain dans l\u2019Industrie de la Construction Europ\u00e9enne<\/h4>\r\n\r\n\r\n\r\n<h5 class=\"wp-block-heading\">1.1. L\u2019importance du March\u00e9 du Travail Temporaire<\/h5>\r\n\r\n\r\n\r\n<p class=\"wp-block-paragraph\">Le recours \u00e0 l&rsquo;int\u00e9rim est particuli\u00e8rement courant dans l&rsquo;industrie de la construction, un secteur caract\u00e9ris\u00e9 par des besoins de main-d&rsquo;\u0153uvre fluctuants et des projets de courte dur\u00e9e. De nombreux <a href=\"https:\/\/rapid-interim.com\/index.php\/2025\/02\/24\/reglementation-europeenne-et-detachement-des-travailleurs-roumains\/\" data-internallinksmanager029f6b8e52c=\"28\" title=\"Travailleurs roumains\">travailleurs roumains<\/a> sont employ\u00e9s pour des missions temporaires dans des pays europ\u00e9ens comme la France, l\u2019Allemagne, l\u2019Italie et l\u2019Espagne, o\u00f9 la demande de main-d&rsquo;\u0153uvre dans la construction est \u00e9lev\u00e9e, notamment pour les projets de grande envergure, la r\u00e9novation de b\u00e2timents et les travaux d\u2019infrastructure.<\/p>\r\n\r\n\r\n\r\n<p class=\"wp-block-paragraph\">Les <a href=\"https:\/\/rapid-interim.com\/index.php\/2025\/02\/18\/travailleurs-interimaires-roumains-dans-lindustrie-laitiere-une-reponse-aux-besoins-en-main-doeuvre-qualifiee\/\" data-internallinksmanager029f6b8e52c=\"26\" title=\"Interimaires Roumains\">int\u00e9rimaires roumains<\/a> sont souvent recherch\u00e9s pour leurs comp\u00e9tences techniques sp\u00e9cifiques dans la ma\u00e7onnerie, l\u2019\u00e9lectricit\u00e9, la plomberie et d\u2019autres m\u00e9tiers sp\u00e9cialis\u00e9s de la construction. Leur expertise et leur disponibilit\u00e9 saisonni\u00e8re en font une solution id\u00e9ale pour les entreprises du secteur, qui doivent ajuster rapidement leurs effectifs en fonction de la progression des projets.<\/p>\r\n\r\n\r\n\r\n<h5 class=\"wp-block-heading\">1.2. L\u2019attractivit\u00e9 de l\u2019int\u00e9rim roumain pour les entreprises europ\u00e9ennes<\/h5>\r\n\r\n\r\n\r\n<p class=\"wp-block-paragraph\">L\u2019industrie de la construction europ\u00e9enne b\u00e9n\u00e9ficie de la flexibilit\u00e9 qu\u2019offre l\u2019int\u00e9rim roumain. Les travailleurs temporaires peuvent \u00eatre employ\u00e9s selon les besoins sp\u00e9cifiques des projets, ce qui permet aux entreprises de r\u00e9duire les co\u00fbts fixes li\u00e9s \u00e0 l\u2019embauche permanente et de s\u2019adapter \u00e0 des fluctuations de la demande. Par ailleurs, le faible co\u00fbt de la main-d&rsquo;\u0153uvre en Roumanie est un facteur majeur qui pousse de nombreuses entreprises europ\u00e9ennes \u00e0 recourir aux travailleurs <a href=\"https:\/\/rapid-interim.com\/index.php\/2025\/02\/18\/travailleurs-interimaires-roumains-dans-lindustrie-laitiere-une-reponse-aux-besoins-en-main-doeuvre-qualifiee\/\" data-internallinksmanager029f6b8e52c=\"26\" title=\"Interimaires Roumains\">int\u00e9rimaires roumains<\/a>.<\/p>\r\n\r\n\r\n\r\n<p class=\"wp-block-paragraph\">Cependant, cette flexibilit\u00e9 pr\u00e9sente \u00e9galement des d\u00e9fis en termes de gestion des ressources humaines, des relations sociales et des <a href=\"https:\/\/rapid-interim.com\/index.php\/2025\/01\/22\/les-conditions-de-travail-des-interimaires-roumains-dans-le-secteur-de-la-logistique\/\" data-internallinksmanager029f6b8e52c=\"46\" title=\"conditions de travail\">conditions de travail<\/a>, n\u00e9cessitant une approche plus structur\u00e9e pour garantir un environnement de travail sain et respectueux des droits des travailleurs.<\/p>\r\n\r\n\r\n\r\n<figure class=\"wp-block-image size-large\"><img fetchpriority=\"high\" decoding=\"async\" width=\"1024\" height=\"681\" class=\"wp-image-21924\" src=\"https:\/\/rapid-interim.com\/wp-content\/uploads\/2025\/02\/assistant-production3382705078013837775-1024x681.jpeg\" alt=\"\" srcset=\"https:\/\/rapid-interim.com\/wp-content\/uploads\/2025\/02\/assistant-production3382705078013837775-1024x681.jpeg 1024w, https:\/\/rapid-interim.com\/wp-content\/uploads\/2025\/02\/assistant-production3382705078013837775-300x200.jpeg 300w, https:\/\/rapid-interim.com\/wp-content\/uploads\/2025\/02\/assistant-production3382705078013837775-768x511.jpeg 768w, https:\/\/rapid-interim.com\/wp-content\/uploads\/2025\/02\/assistant-production3382705078013837775-600x399.jpeg 600w, https:\/\/rapid-interim.com\/wp-content\/uploads\/2025\/02\/assistant-production3382705078013837775.jpeg 1204w\" sizes=\"(max-width: 1024px) 100vw, 1024px\" \/><\/figure>\r\n\r\n\r\n\r\n<h4 class=\"wp-block-heading\">2. Les D\u00e9fis de l\u2019Int\u00e9rim Roumain dans l\u2019Industrie de la Construction Europ\u00e9enne<\/h4>\r\n\r\n\r\n\r\n<h5 class=\"wp-block-heading\">2.1. La Gestion de la Mobilit\u00e9 Internationale<\/h5>\r\n\r\n\r\n\r\n<p class=\"wp-block-paragraph\">L\u2019un des principaux d\u00e9fis dans la gestion des travailleurs <a href=\"https:\/\/rapid-interim.com\/index.php\/2025\/02\/18\/travailleurs-interimaires-roumains-dans-lindustrie-laitiere-une-reponse-aux-besoins-en-main-doeuvre-qualifiee\/\" data-internallinksmanager029f6b8e52c=\"26\" title=\"Interimaires Roumains\">int\u00e9rimaires roumains<\/a> dans l\u2019industrie de la construction est li\u00e9 \u00e0 leur mobilit\u00e9 internationale. Les <a href=\"https:\/\/rapid-interim.com\/index.php\/2025\/02\/24\/reglementation-europeenne-et-detachement-des-travailleurs-roumains\/\" data-internallinksmanager029f6b8e52c=\"28\" title=\"Travailleurs roumains\">travailleurs roumains<\/a> doivent souvent se d\u00e9placer de mani\u00e8re temporaire vers d\u2019autres pays europ\u00e9ens pour occuper leurs missions. Cela implique non seulement des d\u00e9fis logistiques en mati\u00e8re de logement, de transport et de relocalisation, mais aussi des obstacles culturels et linguistiques.<\/p>\r\n\r\n\r\n\r\n<p class=\"wp-block-paragraph\">En effet, la barri\u00e8re de la langue peut entra\u00eener des malentendus, affectant la communication et la productivit\u00e9 sur le chantier. De plus, les conditions de logement sont souvent pr\u00e9caires, et les travailleurs peuvent \u00eatre log\u00e9s dans des espaces surpeupl\u00e9s, ce qui peut nuire \u00e0 leur bien-\u00eatre et \u00e0 leur satisfaction.<\/p>\r\n\r\n\r\n\r\n<h5 class=\"wp-block-heading\">2.2. Disparit\u00e9s de R\u00e9mun\u00e9ration et Conditions de Travail<\/h5>\r\n\r\n\r\n\r\n<p class=\"wp-block-paragraph\">Un autre d\u00e9fi majeur est la disparit\u00e9 de r\u00e9mun\u00e9ration entre les travailleurs <a href=\"https:\/\/rapid-interim.com\/index.php\/2025\/02\/18\/travailleurs-interimaires-roumains-dans-lindustrie-laitiere-une-reponse-aux-besoins-en-main-doeuvre-qualifiee\/\" data-internallinksmanager029f6b8e52c=\"26\" title=\"Interimaires Roumains\">int\u00e9rimaires roumains<\/a> et leurs homologues locaux. Bien que les <a href=\"https:\/\/rapid-interim.com\/index.php\/2025\/02\/24\/reglementation-europeenne-et-detachement-des-travailleurs-roumains\/\" data-internallinksmanager029f6b8e52c=\"28\" title=\"Travailleurs roumains\">travailleurs roumains<\/a> soient souvent r\u00e9mun\u00e9r\u00e9s \u00e0 des taux plus bas que les travailleurs permanents ou locaux, les entreprises de construction doivent veiller \u00e0 ce que les int\u00e9rimaires b\u00e9n\u00e9ficient d\u2019une r\u00e9mun\u00e9ration \u00e9quitable, conforme \u00e0 la l\u00e9gislation du pays d\u2019accueil et aux conventions collectives locales.<\/p>\r\n\r\n\r\n\r\n<p class=\"wp-block-paragraph\">De plus, les <a href=\"https:\/\/rapid-interim.com\/index.php\/2025\/01\/22\/les-conditions-de-travail-des-interimaires-roumains-dans-le-secteur-de-la-logistique\/\" data-internallinksmanager029f6b8e52c=\"46\" title=\"conditions de travail\">conditions de travail<\/a> des int\u00e9rimaires dans la construction peuvent \u00eatre difficiles, avec des horaires longs, des t\u00e2ches physiquement exigeantes et, dans certains cas, des conditions de s\u00e9curit\u00e9 inad\u00e9quates. Ces d\u00e9fis sont d\u2019autant plus pr\u00e9sents lorsque les travailleurs sont engag\u00e9s pour des missions temporaires et peuvent ne pas \u00eatre suffisamment int\u00e9gr\u00e9s dans la culture de s\u00e9curit\u00e9 de l&rsquo;entreprise.<\/p>\r\n\r\n\r\n\r\n<h5 class=\"wp-block-heading\">2.3. Le Risque de Pr\u00e9carisation du Travail<\/h5>\r\n\r\n\r\n\r\n<p class=\"wp-block-paragraph\">Les travailleurs <a href=\"https:\/\/rapid-interim.com\/index.php\/2025\/02\/18\/travailleurs-interimaires-roumains-dans-lindustrie-laitiere-une-reponse-aux-besoins-en-main-doeuvre-qualifiee\/\" data-internallinksmanager029f6b8e52c=\"26\" title=\"Interimaires Roumains\">int\u00e9rimaires roumains<\/a> sont souvent confront\u00e9s \u00e0 des emplois pr\u00e9caires et \u00e0 une instabilit\u00e9 de leurs contrats, ce qui peut avoir des cons\u00e9quences n\u00e9gatives sur leur s\u00e9curit\u00e9 professionnelle et leur bien-\u00eatre. Bien que la l\u00e9gislation europ\u00e9enne vise \u00e0 prot\u00e9ger les <a href=\"https:\/\/rapid-interim.com\/index.php\/2025\/02\/18\/travailleurs-interimaires-roumains-dans-lindustrie-laitiere-une-reponse-aux-besoins-en-main-doeuvre-qualifiee\/\" data-internallinksmanager029f6b8e52c=\"49\" title=\"Int\u00e9rimaires roumains : un atout pour l\u2019industrie laiti\u00e8re\">travailleurs int\u00e9rimaires<\/a>, de nombreuses entreprises trouvent des moyens d\u2019exploiter cette flexibilit\u00e9 de mani\u00e8re abusive, entra\u00eenant des pratiques de travail temporaires mal r\u00e9mun\u00e9r\u00e9es et instables.<\/p>\r\n\r\n\r\n\r\n<p class=\"wp-block-paragraph\">Les <a href=\"https:\/\/rapid-interim.com\/index.php\/2025\/02\/18\/travailleurs-interimaires-roumains-dans-lindustrie-laitiere-une-reponse-aux-besoins-en-main-doeuvre-qualifiee\/\" data-internallinksmanager029f6b8e52c=\"26\" title=\"Interimaires Roumains\">int\u00e9rimaires roumains<\/a> sont donc expos\u00e9s \u00e0 des risques accrus de pr\u00e9carit\u00e9, notamment en raison de la nature de leur contrat temporaire et de leur statut de travailleurs \u00e9trangers dans un environnement de travail souvent hostile ou peu solidaire.<\/p>\r\n\r\n\r\n\r\n<h4 class=\"wp-block-heading\">3. Solutions RH pour Optimiser la Gestion de l\u2019Int\u00e9rim Roumain dans la Construction<\/h4>\r\n\r\n\r\n\r\n<h5 class=\"wp-block-heading\">3.1. Am\u00e9lioration des Conditions de Logement et de Mobilit\u00e9<\/h5>\r\n\r\n\r\n\r\n<p class=\"wp-block-paragraph\">Les entreprises de construction et les <a href=\"https:\/\/rapid-interim.com\/\" data-internallinksmanager029f6b8e52c=\"47\" title=\"agences d\u2019int\u00e9rim\">agences d&rsquo;int\u00e9rim<\/a> doivent prendre en compte les d\u00e9fis li\u00e9s \u00e0 la mobilit\u00e9 des travailleurs <a href=\"https:\/\/rapid-interim.com\/index.php\/2025\/02\/18\/travailleurs-interimaires-roumains-dans-lindustrie-laitiere-une-reponse-aux-besoins-en-main-doeuvre-qualifiee\/\" data-internallinksmanager029f6b8e52c=\"26\" title=\"Interimaires Roumains\">int\u00e9rimaires roumains<\/a> en fournissant un logement ad\u00e9quat et en facilitant leur transport vers et depuis les chantiers. Les conditions de logement doivent r\u00e9pondre aux normes minimales de confort et de s\u00e9curit\u00e9, afin d\u2019assurer le bien-\u00eatre des travailleurs et de pr\u00e9venir les tensions sociales.<\/p>\r\n\r\n\r\n\r\n<p class=\"wp-block-paragraph\">De plus, les entreprises peuvent organiser des services de transport collectif pour faciliter le d\u00e9placement des travailleurs sur les chantiers. Cela permet non seulement de r\u00e9duire les co\u00fbts de mobilit\u00e9 pour les travailleurs, mais aussi de renforcer leur sentiment d\u2019appartenance \u00e0 l\u2019entreprise, ce qui peut am\u00e9liorer leur engagement et leur productivit\u00e9.<\/p>\r\n\r\n\r\n\r\n<h5 class=\"wp-block-heading\">3.2. Formation Continue et Int\u00e9gration Culturelle<\/h5>\r\n\r\n\r\n\r\n<p class=\"wp-block-paragraph\">La gestion des barri\u00e8res linguistiques et culturelles est essentielle pour garantir une bonne int\u00e9gration des <a href=\"https:\/\/rapid-interim.com\/index.php\/2025\/02\/24\/reglementation-europeenne-et-detachement-des-travailleurs-roumains\/\" data-internallinksmanager029f6b8e52c=\"28\" title=\"Travailleurs roumains\">travailleurs roumains<\/a>. Les entreprises de construction peuvent organiser des sessions de formation linguistique de base pour leurs <a href=\"https:\/\/rapid-interim.com\/index.php\/2025\/02\/18\/travailleurs-interimaires-roumains-dans-lindustrie-laitiere-une-reponse-aux-besoins-en-main-doeuvre-qualifiee\/\" data-internallinksmanager029f6b8e52c=\"49\" title=\"Int\u00e9rimaires roumains : un atout pour l\u2019industrie laiti\u00e8re\">travailleurs int\u00e9rimaires<\/a>, ce qui facilitera leur adaptation au lieu de travail et am\u00e9liorera leur communication avec les coll\u00e8gues locaux.<\/p>\r\n\r\n\r\n\r\n<figure class=\"wp-block-image size-large\"><img decoding=\"async\" width=\"960\" height=\"640\" class=\"wp-image-21925\" src=\"https:\/\/rapid-interim.com\/wp-content\/uploads\/2025\/02\/website_large-rm_1325.jpg\" alt=\"\" srcset=\"https:\/\/rapid-interim.com\/wp-content\/uploads\/2025\/02\/website_large-rm_1325.jpg 960w, https:\/\/rapid-interim.com\/wp-content\/uploads\/2025\/02\/website_large-rm_1325-300x200.jpg 300w, https:\/\/rapid-interim.com\/wp-content\/uploads\/2025\/02\/website_large-rm_1325-768x512.jpg 768w, https:\/\/rapid-interim.com\/wp-content\/uploads\/2025\/02\/website_large-rm_1325-600x400.jpg 600w\" sizes=\"(max-width: 960px) 100vw, 960px\" \/><\/figure>\r\n\r\n\r\n\r\n<p class=\"wp-block-paragraph\">En outre, les programmes d\u2019int\u00e9gration culturelle sont \u00e9galement importants pour favoriser un climat de travail harmonieux. Les employeurs devraient encourager des initiatives de sensibilisation culturelle pour minimiser les st\u00e9r\u00e9otypes et am\u00e9liorer la coh\u00e9sion entre les <a href=\"https:\/\/rapid-interim.com\/index.php\/2025\/02\/18\/travailleurs-interimaires-roumains-dans-lindustrie-laitiere-une-reponse-aux-besoins-en-main-doeuvre-qualifiee\/\" data-internallinksmanager029f6b8e52c=\"49\" title=\"Int\u00e9rimaires roumains : un atout pour l\u2019industrie laiti\u00e8re\">travailleurs int\u00e9rimaires<\/a> et permanents.<\/p>\r\n\r\n\r\n\r\n<h5 class=\"wp-block-heading\">3.3. \u00c9galit\u00e9 de R\u00e9mun\u00e9ration et Conditions de S\u00e9curit\u00e9<\/h5>\r\n\r\n\r\n\r\n<p class=\"wp-block-paragraph\">Une solution cl\u00e9 pour surmonter les disparit\u00e9s salariales est l\u2019application stricte des principes d\u2019\u00e9galit\u00e9 de r\u00e9mun\u00e9ration. Les entreprises de construction doivent garantir que les travailleurs <a href=\"https:\/\/rapid-interim.com\/index.php\/2025\/02\/18\/travailleurs-interimaires-roumains-dans-lindustrie-laitiere-une-reponse-aux-besoins-en-main-doeuvre-qualifiee\/\" data-internallinksmanager029f6b8e52c=\"26\" title=\"Interimaires Roumains\">int\u00e9rimaires roumains<\/a> re\u00e7oivent un salaire \u00e9quitable pour le travail effectu\u00e9, conforme aux normes locales et aux conventions collectives. Les agences de travail temporaire doivent \u00e9galement veiller \u00e0 ce que les travailleurs b\u00e9n\u00e9ficient des m\u00eames <a href=\"https:\/\/rapid-interim.com\/index.php\/2025\/01\/22\/les-conditions-de-travail-des-interimaires-roumains-dans-le-secteur-de-la-logistique\/\" data-internallinksmanager029f6b8e52c=\"46\" title=\"conditions de travail\">conditions de travail<\/a> et de s\u00e9curit\u00e9 que leurs coll\u00e8gues permanents.<\/p>\r\n\r\n\r\n\r\n<p class=\"wp-block-paragraph\">De plus, un effort particulier doit \u00eatre mis sur l\u2019am\u00e9lioration des conditions de s\u00e9curit\u00e9 sur les chantiers, notamment en formant les <a href=\"https:\/\/rapid-interim.com\/index.php\/2025\/02\/18\/travailleurs-interimaires-roumains-dans-lindustrie-laitiere-une-reponse-aux-besoins-en-main-doeuvre-qualifiee\/\" data-internallinksmanager029f6b8e52c=\"49\" title=\"Int\u00e9rimaires roumains : un atout pour l\u2019industrie laiti\u00e8re\">travailleurs int\u00e9rimaires<\/a> \u00e0 la s\u00e9curit\u00e9 et en garantissant qu&rsquo;ils ont acc\u00e8s \u00e0 des \u00e9quipements de protection individuelle adapt\u00e9s. La s\u00e9curit\u00e9 doit \u00eatre une priorit\u00e9, car le secteur de la construction est l\u2019un des plus expos\u00e9s aux risques d&rsquo;accidents du travail.<\/p>\r\n\r\n\r\n\r\n<h5 class=\"wp-block-heading\">3.4. Soutien Psychologique et Bien-\u00eatre des Travailleurs<\/h5>\r\n\r\n\r\n\r\n<p class=\"wp-block-paragraph\">Il est essentiel que les entreprises et les <a href=\"https:\/\/rapid-interim.com\/\" data-internallinksmanager029f6b8e52c=\"47\" title=\"agences d\u2019int\u00e9rim\">agences d\u2019int\u00e9rim<\/a> offrent un soutien psychologique aux travailleurs <a href=\"https:\/\/rapid-interim.com\/index.php\/2025\/02\/18\/travailleurs-interimaires-roumains-dans-lindustrie-laitiere-une-reponse-aux-besoins-en-main-doeuvre-qualifiee\/\" data-internallinksmanager029f6b8e52c=\"26\" title=\"Interimaires Roumains\">int\u00e9rimaires roumains<\/a>, notamment en raison de l\u2019isolement social que peuvent \u00e9prouver ces travailleurs \u00e9trangers. Des programmes de bien-\u00eatre, des services de soutien \u00e9motionnel et un accompagnement en cas de difficult\u00e9s peuvent grandement contribuer \u00e0 am\u00e9liorer la satisfaction au travail et \u00e0 pr\u00e9venir des probl\u00e8mes de sant\u00e9 mentale li\u00e9s \u00e0 la pr\u00e9carit\u00e9 et aux conditions difficiles de travail.<\/p>\r\n\r\n\r\n\r\n<h4 class=\"wp-block-heading\">4. Conclusion<\/h4>\r\n\r\n\r\n\r\n<p class=\"wp-block-paragraph\">L\u2019int\u00e9rim roumain joue un r\u00f4le cl\u00e9 dans l\u2019industrie de la construction europ\u00e9enne, en permettant aux entreprises de faire face aux besoins fluctuants en main-d&rsquo;\u0153uvre. Cependant, cette main-d&rsquo;\u0153uvre temporaire fait face \u00e0 de nombreux d\u00e9fis, notamment en mati\u00e8re de <a href=\"https:\/\/rapid-interim.com\/index.php\/2025\/01\/22\/les-conditions-de-travail-des-interimaires-roumains-dans-le-secteur-de-la-logistique\/\" data-internallinksmanager029f6b8e52c=\"46\" title=\"conditions de travail\">conditions de travail<\/a>, de gestion des relations sociales et de s\u00e9curit\u00e9. Les entreprises doivent adopter une approche proactive en mati\u00e8re de gestion des ressources humaines pour r\u00e9pondre \u00e0 ces d\u00e9fis. Cela inclut l\u2019am\u00e9lioration des conditions de logement et de mobilit\u00e9, la promotion de l\u2019\u00e9galit\u00e9 des r\u00e9mun\u00e9rations et la mise en \u0153uvre de formations continues pour int\u00e9grer les <a href=\"https:\/\/rapid-interim.com\/index.php\/2025\/02\/18\/travailleurs-interimaires-roumains-dans-lindustrie-laitiere-une-reponse-aux-besoins-en-main-doeuvre-qualifiee\/\" data-internallinksmanager029f6b8e52c=\"49\" title=\"Int\u00e9rimaires roumains : un atout pour l\u2019industrie laiti\u00e8re\">travailleurs int\u00e9rimaires<\/a> dans la culture de s\u00e9curit\u00e9 et de qualit\u00e9 du travail. En appliquant ces solutions RH, les entreprises pourront optimiser leur gestion de l\u2019int\u00e9rim roumain dans la construction tout en garantissant un environnement de travail respectueux et \u00e9quitable.<\/p>\r\n","protected":false},"excerpt":{"rendered":"<p>Introduction L\u2019industrie de la construction en Europe est l\u2019un des secteurs les plus dynamiques et essentiels \u00e0 l\u2019\u00e9conomie, contribuant \u00e0 des projets d\u2019infrastructures de grande envergure, de r\u00e9novation et d\u2019am\u00e9nagement urbain. Cependant, l\u2019industrie fait face \u00e0 des d\u00e9fis constants li\u00e9s \u00e0 la gestion de la main-d\u2019\u0153uvre, notamment en raison de la forte demande saisonni\u00e8re et [&hellip;]<\/p>\n","protected":false},"author":1,"featured_media":21937,"comment_status":"open","ping_status":"open","sticky":false,"template":"","format":"standard","meta":{"_crdt_document":"","_jetpack_memberships_contains_paid_content":false,"footnotes":""},"categories":[1,147],"tags":[120,69,71],"class_list":["post-21938","post","type-post","status-publish","format-standard","has-post-thumbnail","hentry","category-blog","category-industrie","tag-interim-etranger","tag-interim-roumanie","tag-interimaire-roumain"],"yoast_head":"<!-- This site is optimized with the Yoast SEO plugin v27.4 - https:\/\/yoast.com\/product\/yoast-seo-wordpress\/ -->\n<title>L\u2019int\u00e9rim roumain dans l\u2019industrie de la construction europ\u00e9enne - rapid-interim<\/title>\n<meta name=\"description\" content=\"L\u2019int\u00e9rim roumain dans l\u2019industrie de la construction europ\u00e9enne : d\u00e9fis li\u00e9s \u00e0 l&#039;int\u00e9gration, la gestion des comp\u00e9tences et solutions RH\" \/>\n<meta name=\"robots\" content=\"index, follow, max-snippet:-1, max-image-preview:large, max-video-preview:-1\" \/>\n<link rel=\"canonical\" href=\"https:\/\/rapid-interim.com\/index.php\/2025\/02\/18\/linterim-roumain-dans-lindustrie-de-la-construction-europeenne-defis-et-solutions-rh\/\" \/>\n<meta property=\"og:locale\" content=\"fr_FR\" \/>\n<meta property=\"og:type\" content=\"article\" \/>\n<meta property=\"og:title\" content=\"L\u2019int\u00e9rim roumain dans l\u2019industrie de la construction europ\u00e9enne - rapid-interim\" \/>\n<meta property=\"og:description\" content=\"L\u2019int\u00e9rim roumain dans l\u2019industrie de la construction europ\u00e9enne : d\u00e9fis li\u00e9s \u00e0 l&#039;int\u00e9gration, la gestion des comp\u00e9tences et solutions RH\" \/>\n<meta property=\"og:url\" content=\"https:\/\/rapid-interim.com\/index.php\/2025\/02\/18\/linterim-roumain-dans-lindustrie-de-la-construction-europeenne-defis-et-solutions-rh\/\" \/>\n<meta property=\"og:site_name\" content=\"rapid-interim\" \/>\n<meta property=\"article:published_time\" content=\"2025-02-18T01:25:40+00:00\" \/>\n<meta property=\"article:modified_time\" content=\"2025-03-03T19:30:43+00:00\" \/>\n<meta property=\"og:image\" content=\"https:\/\/rapid-interim.com\/wp-content\/uploads\/2025\/02\/metier-agent-production-industrie.jpg\" \/>\n\t<meta property=\"og:image:width\" content=\"1920\" \/>\n\t<meta property=\"og:image:height\" content=\"1277\" \/>\n\t<meta property=\"og:image:type\" content=\"image\/jpeg\" \/>\n<meta name=\"author\" content=\"Marie Dubois\" \/>\n<meta name=\"twitter:card\" content=\"summary_large_image\" \/>\n<meta name=\"twitter:label1\" content=\"\u00c9crit par\" \/>\n\t<meta name=\"twitter:data1\" content=\"Marie Dubois\" \/>\n\t<meta name=\"twitter:label2\" content=\"Dur\u00e9e de lecture estim\u00e9e\" \/>\n\t<meta name=\"twitter:data2\" content=\"8 minutes\" \/>\n<script type=\"application\/ld+json\" class=\"yoast-schema-graph\">{\"@context\":\"https:\\\/\\\/schema.org\",\"@graph\":[{\"@type\":\"Article\",\"@id\":\"https:\\\/\\\/rapid-interim.com\\\/index.php\\\/2025\\\/02\\\/18\\\/linterim-roumain-dans-lindustrie-de-la-construction-europeenne-defis-et-solutions-rh\\\/#article\",\"isPartOf\":{\"@id\":\"https:\\\/\\\/rapid-interim.com\\\/index.php\\\/2025\\\/02\\\/18\\\/linterim-roumain-dans-lindustrie-de-la-construction-europeenne-defis-et-solutions-rh\\\/\"},\"author\":{\"name\":\"Marie Dubois\",\"@id\":\"https:\\\/\\\/rapid-interim.com\\\/#\\\/schema\\\/person\\\/c80cf67768e43267c59b9c4095fac056\"},\"headline\":\"L\u2019int\u00e9rim roumain dans l\u2019industrie de la construction europ\u00e9enne\",\"datePublished\":\"2025-02-18T01:25:40+00:00\",\"dateModified\":\"2025-03-03T19:30:43+00:00\",\"mainEntityOfPage\":{\"@id\":\"https:\\\/\\\/rapid-interim.com\\\/index.php\\\/2025\\\/02\\\/18\\\/linterim-roumain-dans-lindustrie-de-la-construction-europeenne-defis-et-solutions-rh\\\/\"},\"wordCount\":1631,\"commentCount\":0,\"publisher\":{\"@id\":\"https:\\\/\\\/rapid-interim.com\\\/#organization\"},\"image\":{\"@id\":\"https:\\\/\\\/rapid-interim.com\\\/index.php\\\/2025\\\/02\\\/18\\\/linterim-roumain-dans-lindustrie-de-la-construction-europeenne-defis-et-solutions-rh\\\/#primaryimage\"},\"thumbnailUrl\":\"https:\\\/\\\/rapid-interim.com\\\/wp-content\\\/uploads\\\/2025\\\/02\\\/metier-agent-production-industrie.jpg\",\"keywords\":[\"interim etranger\",\"INTERIM ROUMANIE\",\"INTERIMAIRE ROUMAIN\"],\"articleSection\":[\"Blog\",\"Industrie\"],\"inLanguage\":\"fr-FR\",\"potentialAction\":[{\"@type\":\"CommentAction\",\"name\":\"Comment\",\"target\":[\"https:\\\/\\\/rapid-interim.com\\\/index.php\\\/2025\\\/02\\\/18\\\/linterim-roumain-dans-lindustrie-de-la-construction-europeenne-defis-et-solutions-rh\\\/#respond\"]}]},{\"@type\":\"WebPage\",\"@id\":\"https:\\\/\\\/rapid-interim.com\\\/index.php\\\/2025\\\/02\\\/18\\\/linterim-roumain-dans-lindustrie-de-la-construction-europeenne-defis-et-solutions-rh\\\/\",\"url\":\"https:\\\/\\\/rapid-interim.com\\\/index.php\\\/2025\\\/02\\\/18\\\/linterim-roumain-dans-lindustrie-de-la-construction-europeenne-defis-et-solutions-rh\\\/\",\"name\":\"L\u2019int\u00e9rim roumain dans l\u2019industrie de la construction europ\u00e9enne - rapid-interim\",\"isPartOf\":{\"@id\":\"https:\\\/\\\/rapid-interim.com\\\/#website\"},\"primaryImageOfPage\":{\"@id\":\"https:\\\/\\\/rapid-interim.com\\\/index.php\\\/2025\\\/02\\\/18\\\/linterim-roumain-dans-lindustrie-de-la-construction-europeenne-defis-et-solutions-rh\\\/#primaryimage\"},\"image\":{\"@id\":\"https:\\\/\\\/rapid-interim.com\\\/index.php\\\/2025\\\/02\\\/18\\\/linterim-roumain-dans-lindustrie-de-la-construction-europeenne-defis-et-solutions-rh\\\/#primaryimage\"},\"thumbnailUrl\":\"https:\\\/\\\/rapid-interim.com\\\/wp-content\\\/uploads\\\/2025\\\/02\\\/metier-agent-production-industrie.jpg\",\"datePublished\":\"2025-02-18T01:25:40+00:00\",\"dateModified\":\"2025-03-03T19:30:43+00:00\",\"description\":\"L\u2019int\u00e9rim roumain dans l\u2019industrie de la construction europ\u00e9enne : d\u00e9fis li\u00e9s \u00e0 l'int\u00e9gration, la gestion des comp\u00e9tences et solutions RH\",\"breadcrumb\":{\"@id\":\"https:\\\/\\\/rapid-interim.com\\\/index.php\\\/2025\\\/02\\\/18\\\/linterim-roumain-dans-lindustrie-de-la-construction-europeenne-defis-et-solutions-rh\\\/#breadcrumb\"},\"inLanguage\":\"fr-FR\",\"potentialAction\":[{\"@type\":\"ReadAction\",\"target\":[\"https:\\\/\\\/rapid-interim.com\\\/index.php\\\/2025\\\/02\\\/18\\\/linterim-roumain-dans-lindustrie-de-la-construction-europeenne-defis-et-solutions-rh\\\/\"]}]},{\"@type\":\"ImageObject\",\"inLanguage\":\"fr-FR\",\"@id\":\"https:\\\/\\\/rapid-interim.com\\\/index.php\\\/2025\\\/02\\\/18\\\/linterim-roumain-dans-lindustrie-de-la-construction-europeenne-defis-et-solutions-rh\\\/#primaryimage\",\"url\":\"https:\\\/\\\/rapid-interim.com\\\/wp-content\\\/uploads\\\/2025\\\/02\\\/metier-agent-production-industrie.jpg\",\"contentUrl\":\"https:\\\/\\\/rapid-interim.com\\\/wp-content\\\/uploads\\\/2025\\\/02\\\/metier-agent-production-industrie.jpg\",\"width\":1920,\"height\":1277},{\"@type\":\"BreadcrumbList\",\"@id\":\"https:\\\/\\\/rapid-interim.com\\\/index.php\\\/2025\\\/02\\\/18\\\/linterim-roumain-dans-lindustrie-de-la-construction-europeenne-defis-et-solutions-rh\\\/#breadcrumb\",\"itemListElement\":[{\"@type\":\"ListItem\",\"position\":1,\"name\":\"Accueil\",\"item\":\"https:\\\/\\\/rapid-interim.com\\\/\"},{\"@type\":\"ListItem\",\"position\":2,\"name\":\"L\u2019int\u00e9rim roumain dans l\u2019industrie de la construction europ\u00e9enne\"}]},{\"@type\":\"WebSite\",\"@id\":\"https:\\\/\\\/rapid-interim.com\\\/#website\",\"url\":\"https:\\\/\\\/rapid-interim.com\\\/\",\"name\":\"rapid-interim\",\"description\":\"Interim et travail temporaire\",\"publisher\":{\"@id\":\"https:\\\/\\\/rapid-interim.com\\\/#organization\"},\"potentialAction\":[{\"@type\":\"SearchAction\",\"target\":{\"@type\":\"EntryPoint\",\"urlTemplate\":\"https:\\\/\\\/rapid-interim.com\\\/?s={search_term_string}\"},\"query-input\":{\"@type\":\"PropertyValueSpecification\",\"valueRequired\":true,\"valueName\":\"search_term_string\"}}],\"inLanguage\":\"fr-FR\"},{\"@type\":\"Organization\",\"@id\":\"https:\\\/\\\/rapid-interim.com\\\/#organization\",\"name\":\"rapid-interim\",\"url\":\"https:\\\/\\\/rapid-interim.com\\\/\",\"logo\":{\"@type\":\"ImageObject\",\"inLanguage\":\"fr-FR\",\"@id\":\"https:\\\/\\\/rapid-interim.com\\\/#\\\/schema\\\/logo\\\/image\\\/\",\"url\":\"https:\\\/\\\/rapid-interim.com\\\/wp-content\\\/uploads\\\/2022\\\/06\\\/cropped-rapid-inetrim.png\",\"contentUrl\":\"https:\\\/\\\/rapid-interim.com\\\/wp-content\\\/uploads\\\/2022\\\/06\\\/cropped-rapid-inetrim.png\",\"width\":314,\"height\":137,\"caption\":\"rapid-interim\"},\"image\":{\"@id\":\"https:\\\/\\\/rapid-interim.com\\\/#\\\/schema\\\/logo\\\/image\\\/\"}},{\"@type\":\"Person\",\"@id\":\"https:\\\/\\\/rapid-interim.com\\\/#\\\/schema\\\/person\\\/c80cf67768e43267c59b9c4095fac056\",\"name\":\"Marie Dubois\",\"image\":{\"@type\":\"ImageObject\",\"inLanguage\":\"fr-FR\",\"@id\":\"https:\\\/\\\/secure.gravatar.com\\\/avatar\\\/c5d9a389371c49a3eb3d5c05c1bdb9d2124cabb2c990e1eb227c370b66139bfe?s=96&d=mm&r=g\",\"url\":\"https:\\\/\\\/secure.gravatar.com\\\/avatar\\\/c5d9a389371c49a3eb3d5c05c1bdb9d2124cabb2c990e1eb227c370b66139bfe?s=96&d=mm&r=g\",\"contentUrl\":\"https:\\\/\\\/secure.gravatar.com\\\/avatar\\\/c5d9a389371c49a3eb3d5c05c1bdb9d2124cabb2c990e1eb227c370b66139bfe?s=96&d=mm&r=g\",\"caption\":\"Marie Dubois\"},\"sameAs\":[\"http:\\\/\\\/rapid-interim.com\"],\"url\":\"https:\\\/\\\/rapid-interim.com\\\/index.php\\\/author\\\/rapid-interim-com\\\/\"}]}<\/script>\n<!-- \/ Yoast SEO plugin. -->","yoast_head_json":{"title":"L\u2019int\u00e9rim roumain dans l\u2019industrie de la construction europ\u00e9enne - rapid-interim","description":"L\u2019int\u00e9rim roumain dans l\u2019industrie de la construction europ\u00e9enne : d\u00e9fis li\u00e9s \u00e0 l'int\u00e9gration, la gestion des comp\u00e9tences et solutions RH","robots":{"index":"index","follow":"follow","max-snippet":"max-snippet:-1","max-image-preview":"max-image-preview:large","max-video-preview":"max-video-preview:-1"},"canonical":"https:\/\/rapid-interim.com\/index.php\/2025\/02\/18\/linterim-roumain-dans-lindustrie-de-la-construction-europeenne-defis-et-solutions-rh\/","og_locale":"fr_FR","og_type":"article","og_title":"L\u2019int\u00e9rim roumain dans l\u2019industrie de la construction europ\u00e9enne - rapid-interim","og_description":"L\u2019int\u00e9rim roumain dans l\u2019industrie de la construction europ\u00e9enne : d\u00e9fis li\u00e9s \u00e0 l'int\u00e9gration, la gestion des comp\u00e9tences et solutions RH","og_url":"https:\/\/rapid-interim.com\/index.php\/2025\/02\/18\/linterim-roumain-dans-lindustrie-de-la-construction-europeenne-defis-et-solutions-rh\/","og_site_name":"rapid-interim","article_published_time":"2025-02-18T01:25:40+00:00","article_modified_time":"2025-03-03T19:30:43+00:00","og_image":[{"width":1920,"height":1277,"url":"https:\/\/rapid-interim.com\/wp-content\/uploads\/2025\/02\/metier-agent-production-industrie.jpg","type":"image\/jpeg"}],"author":"Marie Dubois","twitter_card":"summary_large_image","twitter_misc":{"\u00c9crit par":"Marie Dubois","Dur\u00e9e de lecture estim\u00e9e":"8 minutes"},"schema":{"@context":"https:\/\/schema.org","@graph":[{"@type":"Article","@id":"https:\/\/rapid-interim.com\/index.php\/2025\/02\/18\/linterim-roumain-dans-lindustrie-de-la-construction-europeenne-defis-et-solutions-rh\/#article","isPartOf":{"@id":"https:\/\/rapid-interim.com\/index.php\/2025\/02\/18\/linterim-roumain-dans-lindustrie-de-la-construction-europeenne-defis-et-solutions-rh\/"},"author":{"name":"Marie Dubois","@id":"https:\/\/rapid-interim.com\/#\/schema\/person\/c80cf67768e43267c59b9c4095fac056"},"headline":"L\u2019int\u00e9rim roumain dans l\u2019industrie de la construction europ\u00e9enne","datePublished":"2025-02-18T01:25:40+00:00","dateModified":"2025-03-03T19:30:43+00:00","mainEntityOfPage":{"@id":"https:\/\/rapid-interim.com\/index.php\/2025\/02\/18\/linterim-roumain-dans-lindustrie-de-la-construction-europeenne-defis-et-solutions-rh\/"},"wordCount":1631,"commentCount":0,"publisher":{"@id":"https:\/\/rapid-interim.com\/#organization"},"image":{"@id":"https:\/\/rapid-interim.com\/index.php\/2025\/02\/18\/linterim-roumain-dans-lindustrie-de-la-construction-europeenne-defis-et-solutions-rh\/#primaryimage"},"thumbnailUrl":"https:\/\/rapid-interim.com\/wp-content\/uploads\/2025\/02\/metier-agent-production-industrie.jpg","keywords":["interim etranger","INTERIM ROUMANIE","INTERIMAIRE ROUMAIN"],"articleSection":["Blog","Industrie"],"inLanguage":"fr-FR","potentialAction":[{"@type":"CommentAction","name":"Comment","target":["https:\/\/rapid-interim.com\/index.php\/2025\/02\/18\/linterim-roumain-dans-lindustrie-de-la-construction-europeenne-defis-et-solutions-rh\/#respond"]}]},{"@type":"WebPage","@id":"https:\/\/rapid-interim.com\/index.php\/2025\/02\/18\/linterim-roumain-dans-lindustrie-de-la-construction-europeenne-defis-et-solutions-rh\/","url":"https:\/\/rapid-interim.com\/index.php\/2025\/02\/18\/linterim-roumain-dans-lindustrie-de-la-construction-europeenne-defis-et-solutions-rh\/","name":"L\u2019int\u00e9rim roumain dans l\u2019industrie de la construction europ\u00e9enne - rapid-interim","isPartOf":{"@id":"https:\/\/rapid-interim.com\/#website"},"primaryImageOfPage":{"@id":"https:\/\/rapid-interim.com\/index.php\/2025\/02\/18\/linterim-roumain-dans-lindustrie-de-la-construction-europeenne-defis-et-solutions-rh\/#primaryimage"},"image":{"@id":"https:\/\/rapid-interim.com\/index.php\/2025\/02\/18\/linterim-roumain-dans-lindustrie-de-la-construction-europeenne-defis-et-solutions-rh\/#primaryimage"},"thumbnailUrl":"https:\/\/rapid-interim.com\/wp-content\/uploads\/2025\/02\/metier-agent-production-industrie.jpg","datePublished":"2025-02-18T01:25:40+00:00","dateModified":"2025-03-03T19:30:43+00:00","description":"L\u2019int\u00e9rim roumain dans l\u2019industrie de la construction europ\u00e9enne : d\u00e9fis li\u00e9s \u00e0 l'int\u00e9gration, la gestion des comp\u00e9tences et solutions RH","breadcrumb":{"@id":"https:\/\/rapid-interim.com\/index.php\/2025\/02\/18\/linterim-roumain-dans-lindustrie-de-la-construction-europeenne-defis-et-solutions-rh\/#breadcrumb"},"inLanguage":"fr-FR","potentialAction":[{"@type":"ReadAction","target":["https:\/\/rapid-interim.com\/index.php\/2025\/02\/18\/linterim-roumain-dans-lindustrie-de-la-construction-europeenne-defis-et-solutions-rh\/"]}]},{"@type":"ImageObject","inLanguage":"fr-FR","@id":"https:\/\/rapid-interim.com\/index.php\/2025\/02\/18\/linterim-roumain-dans-lindustrie-de-la-construction-europeenne-defis-et-solutions-rh\/#primaryimage","url":"https:\/\/rapid-interim.com\/wp-content\/uploads\/2025\/02\/metier-agent-production-industrie.jpg","contentUrl":"https:\/\/rapid-interim.com\/wp-content\/uploads\/2025\/02\/metier-agent-production-industrie.jpg","width":1920,"height":1277},{"@type":"BreadcrumbList","@id":"https:\/\/rapid-interim.com\/index.php\/2025\/02\/18\/linterim-roumain-dans-lindustrie-de-la-construction-europeenne-defis-et-solutions-rh\/#breadcrumb","itemListElement":[{"@type":"ListItem","position":1,"name":"Accueil","item":"https:\/\/rapid-interim.com\/"},{"@type":"ListItem","position":2,"name":"L\u2019int\u00e9rim roumain dans l\u2019industrie de la construction europ\u00e9enne"}]},{"@type":"WebSite","@id":"https:\/\/rapid-interim.com\/#website","url":"https:\/\/rapid-interim.com\/","name":"rapid-interim","description":"Interim et travail temporaire","publisher":{"@id":"https:\/\/rapid-interim.com\/#organization"},"potentialAction":[{"@type":"SearchAction","target":{"@type":"EntryPoint","urlTemplate":"https:\/\/rapid-interim.com\/?s={search_term_string}"},"query-input":{"@type":"PropertyValueSpecification","valueRequired":true,"valueName":"search_term_string"}}],"inLanguage":"fr-FR"},{"@type":"Organization","@id":"https:\/\/rapid-interim.com\/#organization","name":"rapid-interim","url":"https:\/\/rapid-interim.com\/","logo":{"@type":"ImageObject","inLanguage":"fr-FR","@id":"https:\/\/rapid-interim.com\/#\/schema\/logo\/image\/","url":"https:\/\/rapid-interim.com\/wp-content\/uploads\/2022\/06\/cropped-rapid-inetrim.png","contentUrl":"https:\/\/rapid-interim.com\/wp-content\/uploads\/2022\/06\/cropped-rapid-inetrim.png","width":314,"height":137,"caption":"rapid-interim"},"image":{"@id":"https:\/\/rapid-interim.com\/#\/schema\/logo\/image\/"}},{"@type":"Person","@id":"https:\/\/rapid-interim.com\/#\/schema\/person\/c80cf67768e43267c59b9c4095fac056","name":"Marie Dubois","image":{"@type":"ImageObject","inLanguage":"fr-FR","@id":"https:\/\/secure.gravatar.com\/avatar\/c5d9a389371c49a3eb3d5c05c1bdb9d2124cabb2c990e1eb227c370b66139bfe?s=96&d=mm&r=g","url":"https:\/\/secure.gravatar.com\/avatar\/c5d9a389371c49a3eb3d5c05c1bdb9d2124cabb2c990e1eb227c370b66139bfe?s=96&d=mm&r=g","contentUrl":"https:\/\/secure.gravatar.com\/avatar\/c5d9a389371c49a3eb3d5c05c1bdb9d2124cabb2c990e1eb227c370b66139bfe?s=96&d=mm&r=g","caption":"Marie Dubois"},"sameAs":["http:\/\/rapid-interim.com"],"url":"https:\/\/rapid-interim.com\/index.php\/author\/rapid-interim-com\/"}]}},"jetpack_featured_media_url":"https:\/\/rapid-interim.com\/wp-content\/uploads\/2025\/02\/metier-agent-production-industrie.jpg","jetpack_sharing_enabled":true,"_links":{"self":[{"href":"https:\/\/rapid-interim.com\/index.php\/wp-json\/wp\/v2\/posts\/21938","targetHints":{"allow":["GET"]}}],"collection":[{"href":"https:\/\/rapid-interim.com\/index.php\/wp-json\/wp\/v2\/posts"}],"about":[{"href":"https:\/\/rapid-interim.com\/index.php\/wp-json\/wp\/v2\/types\/post"}],"author":[{"embeddable":true,"href":"https:\/\/rapid-interim.com\/index.php\/wp-json\/wp\/v2\/users\/1"}],"replies":[{"embeddable":true,"href":"https:\/\/rapid-interim.com\/index.php\/wp-json\/wp\/v2\/comments?post=21938"}],"version-history":[{"count":3,"href":"https:\/\/rapid-interim.com\/index.php\/wp-json\/wp\/v2\/posts\/21938\/revisions"}],"predecessor-version":[{"id":22021,"href":"https:\/\/rapid-interim.com\/index.php\/wp-json\/wp\/v2\/posts\/21938\/revisions\/22021"}],"wp:featuredmedia":[{"embeddable":true,"href":"https:\/\/rapid-interim.com\/index.php\/wp-json\/wp\/v2\/media\/21937"}],"wp:attachment":[{"href":"https:\/\/rapid-interim.com\/index.php\/wp-json\/wp\/v2\/media?parent=21938"}],"wp:term":[{"taxonomy":"category","embeddable":true,"href":"https:\/\/rapid-interim.com\/index.php\/wp-json\/wp\/v2\/categories?post=21938"},{"taxonomy":"post_tag","embeddable":true,"href":"https:\/\/rapid-interim.com\/index.php\/wp-json\/wp\/v2\/tags?post=21938"}],"curies":[{"name":"wp","href":"https:\/\/api.w.org\/{rel}","templated":true}]}}