{"id":21936,"date":"2025-02-18T00:20:14","date_gmt":"2025-02-17T23:20:14","guid":{"rendered":"https:\/\/rapid-interim.com\/?p=21936"},"modified":"2025-03-03T21:22:48","modified_gmt":"2025-03-03T20:22:48","slug":"la-gestion-des-relations-sociales-et-des-conditions-de-travail-des-interimaires-roumains-dans-les-industries-europeennes","status":"publish","type":"post","link":"https:\/\/rapid-interim.com\/index.php\/2025\/02\/18\/la-gestion-des-relations-sociales-et-des-conditions-de-travail-des-interimaires-roumains-dans-les-industries-europeennes\/","title":{"rendered":"Gestion des relations sociales et conditions de travail des int\u00e9rimaires roumains"},"content":{"rendered":"\r\n<h4 class=\"wp-block-heading\">Introduction<\/h4>\r\n\r\n\r\n\r\n<p class=\"wp-block-paragraph\">Dans le cadre de l\u2019Union Europ\u00e9enne, la mobilit\u00e9 de la main-d&rsquo;\u0153uvre et les dynamiques du travail temporaire sont des aspects cruciaux pour r\u00e9pondre aux besoins fluctuants des entreprises. La Roumanie, qui est devenue un acteur majeur sur le march\u00e9 de l\u2019int\u00e9rim europ\u00e9en apr\u00e8s son adh\u00e9sion \u00e0 l&rsquo;UE en 2007, joue un r\u00f4le cl\u00e9 dans la fourniture de <a href=\"https:\/\/rapid-interim.com\/index.php\/2025\/02\/18\/travailleurs-interimaires-roumains-dans-lindustrie-laitiere-une-reponse-aux-besoins-en-main-doeuvre-qualifiee\/\" data-internallinksmanager029f6b8e52c=\"49\" title=\"Int\u00e9rimaires roumains : un atout pour l\u2019industrie laiti\u00e8re\">travailleurs int\u00e9rimaires<\/a> dans diverses industries europ\u00e9ennes. Les entreprises recherchent de plus en plus de <a href=\"https:\/\/rapid-interim.com\/index.php\/2025\/02\/24\/reglementation-europeenne-et-detachement-des-travailleurs-roumains\/\" data-internallinksmanager029f6b8e52c=\"28\" title=\"Travailleurs roumains\">travailleurs roumains<\/a> pour combler des postes temporaires, particuli\u00e8rement dans des secteurs comme l\u2019industrie automobile, la construction, l\u2019agriculture et la logistique. Cependant, la gestion des relations sociales et des <a href=\"https:\/\/rapid-interim.com\/index.php\/2025\/01\/22\/les-conditions-de-travail-des-interimaires-roumains-dans-le-secteur-de-la-logistique\/\" data-internallinksmanager029f6b8e52c=\"46\" title=\"conditions de travail\">conditions de travail<\/a> des <a href=\"https:\/\/rapid-interim.com\/index.php\/2025\/02\/18\/travailleurs-interimaires-roumains-dans-lindustrie-laitiere-une-reponse-aux-besoins-en-main-doeuvre-qualifiee\/\" data-internallinksmanager029f6b8e52c=\"26\" title=\"Interimaires Roumains\">int\u00e9rimaires roumains<\/a> dans les pays europ\u00e9ens soul\u00e8ve des questions complexes li\u00e9es \u00e0 leurs droits, \u00e0 leur s\u00e9curit\u00e9 et \u00e0 leurs conditions de vie.<\/p>\r\n\r\n\r\n\r\n<p class=\"wp-block-paragraph\">Cet article explore la gestion des relations sociales et les <a href=\"https:\/\/rapid-interim.com\/index.php\/2025\/01\/22\/les-conditions-de-travail-des-interimaires-roumains-dans-le-secteur-de-la-logistique\/\" data-internallinksmanager029f6b8e52c=\"46\" title=\"conditions de travail\">conditions de travail<\/a> des <a href=\"https:\/\/rapid-interim.com\/index.php\/2025\/02\/18\/travailleurs-interimaires-roumains-dans-lindustrie-laitiere-une-reponse-aux-besoins-en-main-doeuvre-qualifiee\/\" data-internallinksmanager029f6b8e52c=\"26\" title=\"Interimaires Roumains\">int\u00e9rimaires roumains<\/a> dans les industries europ\u00e9ennes, en mettant en lumi\u00e8re les enjeux sociaux, les d\u00e9fis rencontr\u00e9s par ces travailleurs, ainsi que les pratiques des employeurs et des agences de travail temporaire.<\/p>\r\n\r\n\r\n\r\n<h4 class=\"wp-block-heading\">1. Le R\u00f4le Croissant des Int\u00e9rimaires Roumains dans les Industries Europ\u00e9ennes<\/h4>\r\n\r\n\r\n\r\n<h5 class=\"wp-block-heading\">1.1. La Mobilit\u00e9 des Travailleurs Roumains au Sein de l\u2019UE<\/h5>\r\n\r\n\r\n\r\n<p class=\"wp-block-paragraph\">Depuis l&rsquo;adh\u00e9sion de la Roumanie \u00e0 l\u2019Union Europ\u00e9enne en 2007, le pays a connu une augmentation significative du nombre de travailleurs expatri\u00e9s, notamment dans le secteur de l\u2019int\u00e9rim. La mobilit\u00e9 de la main-d&rsquo;\u0153uvre entre la Roumanie et les autres pays de l\u2019UE est en partie motiv\u00e9e par les diff\u00e9rences de r\u00e9mun\u00e9ration et de <a href=\"https:\/\/rapid-interim.com\/index.php\/2025\/01\/22\/les-conditions-de-travail-des-interimaires-roumains-dans-le-secteur-de-la-logistique\/\" data-internallinksmanager029f6b8e52c=\"46\" title=\"conditions de travail\">conditions de travail<\/a>. La Roumanie, avec son faible co\u00fbt de la main-d&rsquo;\u0153uvre, devient un fournisseur de main-d&rsquo;\u0153uvre bon march\u00e9 pour les entreprises europ\u00e9ennes, surtout dans des secteurs o\u00f9 les demandes en travailleurs temporaires sont importantes.<\/p>\r\n\r\n\r\n\r\n<p class=\"wp-block-paragraph\">Les travailleurs <a href=\"https:\/\/rapid-interim.com\/index.php\/2025\/02\/18\/travailleurs-interimaires-roumains-dans-lindustrie-laitiere-une-reponse-aux-besoins-en-main-doeuvre-qualifiee\/\" data-internallinksmanager029f6b8e52c=\"26\" title=\"Interimaires Roumains\">int\u00e9rimaires roumains<\/a> sont souvent employ\u00e9s dans des pays comme l\u2019Allemagne, la France, l\u2019Italie, l\u2019Espagne et les Pays-Bas, pour des missions dans l\u2019industrie automobile, la construction, la logistique, ainsi que dans l\u2019agriculture, en raison des exigences saisonni\u00e8res. Leur profil est appr\u00e9ci\u00e9 en raison de leur savoir-faire technique, leur formation dans certains secteurs et leur disposition \u00e0 accepter des <a href=\"https:\/\/rapid-interim.com\/index.php\/2025\/01\/22\/les-conditions-de-travail-des-interimaires-roumains-dans-le-secteur-de-la-logistique\/\" data-internallinksmanager029f6b8e52c=\"46\" title=\"conditions de travail\">conditions de travail<\/a> souvent plus difficiles et moins r\u00e9mun\u00e9r\u00e9es que celles des travailleurs locaux.<\/p>\r\n\r\n\r\n\r\n<figure class=\"wp-block-image size-large\"><img fetchpriority=\"high\" decoding=\"async\" width=\"784\" height=\"525\" class=\"wp-image-21934\" src=\"https:\/\/rapid-interim.com\/wp-content\/uploads\/2025\/02\/assistant-de-gestion-du-patrimoine3893131906908721155.png\" alt=\"\" srcset=\"https:\/\/rapid-interim.com\/wp-content\/uploads\/2025\/02\/assistant-de-gestion-du-patrimoine3893131906908721155.png 784w, https:\/\/rapid-interim.com\/wp-content\/uploads\/2025\/02\/assistant-de-gestion-du-patrimoine3893131906908721155-300x201.png 300w, https:\/\/rapid-interim.com\/wp-content\/uploads\/2025\/02\/assistant-de-gestion-du-patrimoine3893131906908721155-768x514.png 768w, https:\/\/rapid-interim.com\/wp-content\/uploads\/2025\/02\/assistant-de-gestion-du-patrimoine3893131906908721155-600x402.png 600w\" sizes=\"(max-width: 784px) 100vw, 784px\" \/><\/figure>\r\n\r\n\r\n\r\n<h5 class=\"wp-block-heading\">1.2. La Demande des Entreprises Europ\u00e9ennes<\/h5>\r\n\r\n\r\n\r\n<p class=\"wp-block-paragraph\">Les entreprises europ\u00e9ennes qui ont des besoins ponctuels en main-d&rsquo;\u0153uvre temporaire se tournent souvent vers l\u2019int\u00e9rim roumain pour plusieurs raisons. Tout d&rsquo;abord, la flexibilit\u00e9 offerte par ces travailleurs leur permet de faire face \u00e0 des p\u00e9riodes de haute demande ou \u00e0 des projets sp\u00e9cifiques sans devoir recourir \u00e0 un <a href=\"https:\/\/rapid-interim.com\/\" data-internallinksmanager029f6b8e52c=\"44\" title=\"Accueil - Agence d&#039;interim roumaine\">recrutement<\/a> permanent co\u00fbteux. Ensuite, le faible co\u00fbt de la main-d&rsquo;\u0153uvre roumaine, compar\u00e9 \u00e0 celui des travailleurs locaux, est un facteur d\u00e9cisif pour les employeurs qui cherchent \u00e0 maximiser leur rentabilit\u00e9.<\/p>\r\n\r\n\r\n\r\n<p class=\"wp-block-paragraph\">Cela dit, le recours aux travailleurs <a href=\"https:\/\/rapid-interim.com\/index.php\/2025\/02\/18\/travailleurs-interimaires-roumains-dans-lindustrie-laitiere-une-reponse-aux-besoins-en-main-doeuvre-qualifiee\/\" data-internallinksmanager029f6b8e52c=\"26\" title=\"Interimaires Roumains\">int\u00e9rimaires roumains<\/a> n&rsquo;est pas sans impact sur les conditions sociales et de travail de ces employ\u00e9s, qui peuvent se retrouver confront\u00e9s \u00e0 des d\u00e9fis uniques, \u00e0 la fois en termes de gestion des relations sociales et d&rsquo;adaptation aux normes de travail locales.<\/p>\r\n\r\n\r\n\r\n<h4 class=\"wp-block-heading\">2. La Gestion des Relations Sociales des Int\u00e9rimaires Roumains<\/h4>\r\n\r\n\r\n\r\n<h5 class=\"wp-block-heading\">2.1. Discrimination et Int\u00e9gration Sociale<\/h5>\r\n\r\n\r\n\r\n<p class=\"wp-block-paragraph\">L\u2019un des d\u00e9fis majeurs pour les <a href=\"https:\/\/rapid-interim.com\/index.php\/2025\/02\/18\/travailleurs-interimaires-roumains-dans-lindustrie-laitiere-une-reponse-aux-besoins-en-main-doeuvre-qualifiee\/\" data-internallinksmanager029f6b8e52c=\"26\" title=\"Interimaires Roumains\">int\u00e9rimaires roumains<\/a> en Europe r\u00e9side dans la gestion de leurs relations sociales et de leur int\u00e9gration dans les environnements de travail. Les <a href=\"https:\/\/rapid-interim.com\/index.php\/2025\/02\/24\/reglementation-europeenne-et-detachement-des-travailleurs-roumains\/\" data-internallinksmanager029f6b8e52c=\"28\" title=\"Travailleurs roumains\">travailleurs roumains<\/a>, souvent per\u00e7us comme des travailleurs temporaires et \u00e9trangers, peuvent faire face \u00e0 des discriminations sur leur lieu de travail. Ces discriminations peuvent se manifester sous forme de st\u00e9r\u00e9otypes n\u00e9gatifs concernant leur culture, leur langue ou leur statut de <a href=\"https:\/\/rapid-interim.com\/index.php\/2025\/02\/18\/travailleurs-interimaires-roumains-dans-lindustrie-laitiere-une-reponse-aux-besoins-en-main-doeuvre-qualifiee\/\" data-internallinksmanager029f6b8e52c=\"49\" title=\"Int\u00e9rimaires roumains : un atout pour l\u2019industrie laiti\u00e8re\">travailleurs int\u00e9rimaires<\/a>.<\/p>\r\n\r\n\r\n\r\n<p class=\"wp-block-paragraph\">Les employeurs et les agences de travail temporaire doivent veiller \u00e0 cr\u00e9er un environnement inclusif, en garantissant que les <a href=\"https:\/\/rapid-interim.com\/index.php\/2025\/02\/24\/reglementation-europeenne-et-detachement-des-travailleurs-roumains\/\" data-internallinksmanager029f6b8e52c=\"28\" title=\"Travailleurs roumains\">travailleurs roumains<\/a> b\u00e9n\u00e9ficient des m\u00eames droits et opportunit\u00e9s que leurs coll\u00e8gues locaux. L\u2019int\u00e9gration sociale des int\u00e9rimaires est essentielle pour \u00e9viter des tensions interpersonnelles et des conflits au sein de l\u2019\u00e9quipe, ainsi que pour am\u00e9liorer la motivation et l\u2019engagement des travailleurs.<\/p>\r\n\r\n\r\n\r\n<p class=\"wp-block-paragraph\">Les syndicats jouent \u00e9galement un r\u00f4le important dans la d\u00e9fense des droits des <a href=\"https:\/\/rapid-interim.com\/index.php\/2025\/02\/18\/travailleurs-interimaires-roumains-dans-lindustrie-laitiere-une-reponse-aux-besoins-en-main-doeuvre-qualifiee\/\" data-internallinksmanager029f6b8e52c=\"49\" title=\"Int\u00e9rimaires roumains : un atout pour l\u2019industrie laiti\u00e8re\">travailleurs int\u00e9rimaires<\/a>, y compris les <a href=\"https:\/\/rapid-interim.com\/index.php\/2025\/02\/24\/reglementation-europeenne-et-detachement-des-travailleurs-roumains\/\" data-internallinksmanager029f6b8e52c=\"28\" title=\"Travailleurs roumains\">travailleurs roumains<\/a>. Dans certains pays, les syndicats se sont engag\u00e9s \u00e0 lutter pour une meilleure reconnaissance et une am\u00e9lioration des <a href=\"https:\/\/rapid-interim.com\/index.php\/2025\/01\/22\/les-conditions-de-travail-des-interimaires-roumains-dans-le-secteur-de-la-logistique\/\" data-internallinksmanager029f6b8e52c=\"46\" title=\"conditions de travail\">conditions de travail<\/a> des <a href=\"https:\/\/rapid-interim.com\/index.php\/2025\/02\/18\/travailleurs-interimaires-roumains-dans-lindustrie-laitiere-une-reponse-aux-besoins-en-main-doeuvre-qualifiee\/\" data-internallinksmanager029f6b8e52c=\"49\" title=\"Int\u00e9rimaires roumains : un atout pour l\u2019industrie laiti\u00e8re\">travailleurs int\u00e9rimaires<\/a> \u00e9trangers.<\/p>\r\n\r\n\r\n\r\n<h5 class=\"wp-block-heading\">2.2. Communication et Barri\u00e8res Linguistiques<\/h5>\r\n\r\n\r\n\r\n<p class=\"wp-block-paragraph\">Un autre d\u00e9fi dans la gestion des relations sociales est la barri\u00e8re linguistique. De nombreux <a href=\"https:\/\/rapid-interim.com\/index.php\/2025\/02\/24\/reglementation-europeenne-et-detachement-des-travailleurs-roumains\/\" data-internallinksmanager029f6b8e52c=\"28\" title=\"Travailleurs roumains\">travailleurs roumains<\/a> ne ma\u00eetrisent pas la langue du pays dans lequel ils sont employ\u00e9s, ce qui peut entra\u00eener des malentendus sur les lieux de travail, une mauvaise communication avec les sup\u00e9rieurs hi\u00e9rarchiques et les coll\u00e8gues, ainsi qu\u2019une difficult\u00e9 \u00e0 exprimer des pr\u00e9occupations concernant leurs <a href=\"https:\/\/rapid-interim.com\/index.php\/2025\/01\/22\/les-conditions-de-travail-des-interimaires-roumains-dans-le-secteur-de-la-logistique\/\" data-internallinksmanager029f6b8e52c=\"46\" title=\"conditions de travail\">conditions de travail<\/a>.<\/p>\r\n\r\n\r\n\r\n<p class=\"wp-block-paragraph\">Les agences de <a href=\"https:\/\/rapid-interim.com\/\" data-internallinksmanager029f6b8e52c=\"44\" title=\"Accueil - Agence d&#039;interim roumaine\">recrutement<\/a> jouent un r\u00f4le cl\u00e9 en fournissant des formations linguistiques de base aux <a href=\"https:\/\/rapid-interim.com\/index.php\/2025\/02\/18\/travailleurs-interimaires-roumains-dans-lindustrie-laitiere-une-reponse-aux-besoins-en-main-doeuvre-qualifiee\/\" data-internallinksmanager029f6b8e52c=\"49\" title=\"Int\u00e9rimaires roumains : un atout pour l\u2019industrie laiti\u00e8re\">travailleurs int\u00e9rimaires<\/a> et en s\u2019assurant que les instructions et les consignes de s\u00e9curit\u00e9 sont claires. Dans certains cas, des traducteurs peuvent \u00eatre utilis\u00e9s sur le site de travail pour faciliter la communication et r\u00e9soudre les probl\u00e8mes li\u00e9s aux malentendus.<\/p>\r\n\r\n\r\n\r\n<h5 class=\"wp-block-heading\">2.3. L\u2019Acc\u00e8s aux Droits Sociaux et \u00e0 la S\u00e9curit\u00e9 Sociale<\/h5>\r\n\r\n\r\n\r\n<p class=\"wp-block-paragraph\">Un autre aspect important de la gestion des relations sociales des travailleurs <a href=\"https:\/\/rapid-interim.com\/index.php\/2025\/02\/18\/travailleurs-interimaires-roumains-dans-lindustrie-laitiere-une-reponse-aux-besoins-en-main-doeuvre-qualifiee\/\" data-internallinksmanager029f6b8e52c=\"26\" title=\"Interimaires Roumains\">int\u00e9rimaires roumains<\/a> r\u00e9side dans l\u2019acc\u00e8s \u00e0 la s\u00e9curit\u00e9 sociale et \u00e0 d&rsquo;autres droits sociaux. Les <a href=\"https:\/\/rapid-interim.com\/index.php\/2025\/02\/18\/travailleurs-interimaires-roumains-dans-lindustrie-laitiere-une-reponse-aux-besoins-en-main-doeuvre-qualifiee\/\" data-internallinksmanager029f6b8e52c=\"26\" title=\"Interimaires Roumains\">int\u00e9rimaires roumains<\/a> doivent \u00eatre prot\u00e9g\u00e9s par des r\u00e9gulations qui garantissent qu\u2019ils b\u00e9n\u00e9ficient des m\u00eames avantages sociaux que les travailleurs permanents. Cependant, les syst\u00e8mes sociaux diff\u00e8rent d\u2019un pays \u00e0 l\u2019autre, et l\u2019acc\u00e8s aux droits sociaux peut \u00eatre plus complexe pour les <a href=\"https:\/\/rapid-interim.com\/index.php\/2025\/02\/18\/travailleurs-interimaires-roumains-dans-lindustrie-laitiere-une-reponse-aux-besoins-en-main-doeuvre-qualifiee\/\" data-internallinksmanager029f6b8e52c=\"49\" title=\"Int\u00e9rimaires roumains : un atout pour l\u2019industrie laiti\u00e8re\">travailleurs int\u00e9rimaires<\/a> \u00e9trangers.<\/p>\r\n\r\n\r\n\r\n<p class=\"wp-block-paragraph\">Les <a href=\"https:\/\/rapid-interim.com\/\" data-internallinksmanager029f6b8e52c=\"47\" title=\"agences d\u2019int\u00e9rim\">agences d\u2019int\u00e9rim<\/a> et les entreprises doivent s\u2019assurer que les <a href=\"https:\/\/rapid-interim.com\/index.php\/2025\/02\/24\/reglementation-europeenne-et-detachement-des-travailleurs-roumains\/\" data-internallinksmanager029f6b8e52c=\"28\" title=\"Travailleurs roumains\">travailleurs roumains<\/a> connaissent leurs droits et re\u00e7oivent les prestations sociales auxquelles ils ont droit. Cela inclut des protections en mati\u00e8re de sant\u00e9, de s\u00e9curit\u00e9, ainsi que des assurances pour les accidents de travail, surtout dans les secteurs \u00e0 haut risque comme la construction ou l\u2019industrie automobile.<\/p>\r\n\r\n\r\n\r\n<h4 class=\"wp-block-heading\">3. Les Conditions de Travail des Int\u00e9rimaires Roumains<\/h4>\r\n\r\n\r\n\r\n<h5 class=\"wp-block-heading\">3.1. Les Conditions de Travail dans l\u2019Industrie Europ\u00e9enne<\/h5>\r\n\r\n\r\n\r\n<p class=\"wp-block-paragraph\">Les <a href=\"https:\/\/rapid-interim.com\/index.php\/2025\/01\/22\/les-conditions-de-travail-des-interimaires-roumains-dans-le-secteur-de-la-logistique\/\" data-internallinksmanager029f6b8e52c=\"46\" title=\"conditions de travail\">conditions de travail<\/a> des <a href=\"https:\/\/rapid-interim.com\/index.php\/2025\/02\/18\/travailleurs-interimaires-roumains-dans-lindustrie-laitiere-une-reponse-aux-besoins-en-main-doeuvre-qualifiee\/\" data-internallinksmanager029f6b8e52c=\"26\" title=\"Interimaires Roumains\">int\u00e9rimaires roumains<\/a> varient consid\u00e9rablement en fonction des secteurs industriels et des pays d&rsquo;accueil. Dans des secteurs comme l\u2019industrie automobile et la construction, les travailleurs peuvent \u00eatre confront\u00e9s \u00e0 des <a href=\"https:\/\/rapid-interim.com\/index.php\/2025\/01\/22\/les-conditions-de-travail-des-interimaires-roumains-dans-le-secteur-de-la-logistique\/\" data-internallinksmanager029f6b8e52c=\"46\" title=\"conditions de travail\">conditions de travail<\/a> difficiles, avec des horaires longs, des charges de travail intenses et, dans certains cas, des <a href=\"https:\/\/rapid-interim.com\/index.php\/2025\/01\/22\/les-conditions-de-travail-des-interimaires-roumains-dans-le-secteur-de-la-logistique\/\" data-internallinksmanager029f6b8e52c=\"46\" title=\"conditions de travail\">conditions de travail<\/a> peu s\u00e9curitaires. La gestion des <a href=\"https:\/\/rapid-interim.com\/index.php\/2025\/01\/22\/les-conditions-de-travail-des-interimaires-roumains-dans-le-secteur-de-la-logistique\/\" data-internallinksmanager029f6b8e52c=\"46\" title=\"conditions de travail\">conditions de travail<\/a> devient alors un enjeu primordial pour les employeurs et les <a href=\"https:\/\/rapid-interim.com\/\" data-internallinksmanager029f6b8e52c=\"47\" title=\"agences d\u2019int\u00e9rim\">agences d\u2019int\u00e9rim<\/a>.<\/p>\r\n\r\n\r\n\r\n<p class=\"wp-block-paragraph\">Les <a href=\"https:\/\/rapid-interim.com\/index.php\/2025\/02\/18\/travailleurs-interimaires-roumains-dans-lindustrie-laitiere-une-reponse-aux-besoins-en-main-doeuvre-qualifiee\/\" data-internallinksmanager029f6b8e52c=\"26\" title=\"Interimaires Roumains\">int\u00e9rimaires roumains<\/a> peuvent \u00eatre plus vuln\u00e9rables face \u00e0 ces d\u00e9fis en raison de leur statut temporaire. Parfois, ils ne b\u00e9n\u00e9ficient pas des m\u00eames \u00e9quipements de protection ou des m\u00eames standards de s\u00e9curit\u00e9 que leurs homologues permanents. Pour y rem\u00e9dier, il est essentiel que les entreprises et les <a href=\"https:\/\/rapid-interim.com\/\" data-internallinksmanager029f6b8e52c=\"47\" title=\"agences d\u2019int\u00e9rim\">agences d\u2019int\u00e9rim<\/a> s\u2019assurent que tous les travailleurs respectent les normes de s\u00e9curit\u00e9 sur le lieu de travail.<\/p>\r\n\r\n\r\n\r\n<h5 class=\"wp-block-heading\">3.2. R\u00e9mun\u00e9ration et Avantages Sociaux<\/h5>\r\n\r\n\r\n\r\n<p class=\"wp-block-paragraph\">Les travailleurs <a href=\"https:\/\/rapid-interim.com\/index.php\/2025\/02\/18\/travailleurs-interimaires-roumains-dans-lindustrie-laitiere-une-reponse-aux-besoins-en-main-doeuvre-qualifiee\/\" data-internallinksmanager029f6b8e52c=\"26\" title=\"Interimaires Roumains\">int\u00e9rimaires roumains<\/a> sont souvent confront\u00e9s \u00e0 des disparit\u00e9s salariales par rapport aux travailleurs permanents locaux. Si les salaires sont g\u00e9n\u00e9ralement plus bas que ceux des travailleurs permanents, certaines entreprises tentent de compenser en offrant des primes, des indemnit\u00e9s de transport ou d\u2019autres avantages. Cependant, ces avantages sont rarement \u00e9gaux \u00e0 ceux offerts aux employ\u00e9s permanents.<\/p>\r\n\r\n\r\n\r\n<p class=\"wp-block-paragraph\">Les <a href=\"https:\/\/rapid-interim.com\/\" data-internallinksmanager029f6b8e52c=\"47\" title=\"agences d\u2019int\u00e9rim\">agences d\u2019int\u00e9rim<\/a> doivent s\u2019assurer que les travailleurs <a href=\"https:\/\/rapid-interim.com\/index.php\/2025\/02\/18\/travailleurs-interimaires-roumains-dans-lindustrie-laitiere-une-reponse-aux-besoins-en-main-doeuvre-qualifiee\/\" data-internallinksmanager029f6b8e52c=\"26\" title=\"Interimaires Roumains\">int\u00e9rimaires roumains<\/a> re\u00e7oivent une r\u00e9mun\u00e9ration \u00e9quitable pour leurs services et que les diff\u00e9rences salariales ne d\u00e9passent pas les limites permises par la l\u00e9gislation nationale et europ\u00e9enne. De plus, un acc\u00e8s ad\u00e9quat aux prestations de sant\u00e9, \u00e0 la retraite et \u00e0 d&rsquo;autres avantages sociaux est n\u00e9cessaire pour garantir des <a href=\"https:\/\/rapid-interim.com\/index.php\/2025\/01\/22\/les-conditions-de-travail-des-interimaires-roumains-dans-le-secteur-de-la-logistique\/\" data-internallinksmanager029f6b8e52c=\"46\" title=\"conditions de travail\">conditions de travail<\/a> justes et \u00e9quitables.<\/p>\r\n\r\n\r\n\r\n<figure class=\"wp-block-image size-large\"><img decoding=\"async\" width=\"480\" height=\"270\" class=\"wp-image-21911\" src=\"https:\/\/rapid-interim.com\/wp-content\/uploads\/2025\/02\/3794732_200b.jpg\" alt=\"\" srcset=\"https:\/\/rapid-interim.com\/wp-content\/uploads\/2025\/02\/3794732_200b.jpg 480w, https:\/\/rapid-interim.com\/wp-content\/uploads\/2025\/02\/3794732_200b-300x169.jpg 300w\" sizes=\"(max-width: 480px) 100vw, 480px\" \/><\/figure>\r\n\r\n\r\n\r\n<h5 class=\"wp-block-heading\">3.3. Conditions de Logement et Mobilit\u00e9<\/h5>\r\n\r\n\r\n\r\n<p class=\"wp-block-paragraph\">Pour de nombreux <a href=\"https:\/\/rapid-interim.com\/index.php\/2025\/02\/18\/travailleurs-interimaires-roumains-dans-lindustrie-laitiere-une-reponse-aux-besoins-en-main-doeuvre-qualifiee\/\" data-internallinksmanager029f6b8e52c=\"26\" title=\"Interimaires Roumains\">int\u00e9rimaires roumains<\/a>, la mobilit\u00e9 g\u00e9ographique est un facteur important. Ces travailleurs doivent souvent s&rsquo;installer temporairement dans un pays europ\u00e9en pour la dur\u00e9e de leur mission, ce qui soul\u00e8ve la question de leurs conditions de logement. Les employeurs ou les agences de travail temporaire doivent s&rsquo;assurer que les <a href=\"https:\/\/rapid-interim.com\/index.php\/2025\/02\/18\/travailleurs-interimaires-roumains-dans-lindustrie-laitiere-une-reponse-aux-besoins-en-main-doeuvre-qualifiee\/\" data-internallinksmanager029f6b8e52c=\"49\" title=\"Int\u00e9rimaires roumains : un atout pour l\u2019industrie laiti\u00e8re\">travailleurs int\u00e9rimaires<\/a> b\u00e9n\u00e9ficient de logements ad\u00e9quats, souvent fournis par l&rsquo;entreprise, et ne sont pas contraints de vivre dans des conditions pr\u00e9caires.<\/p>\r\n\r\n\r\n\r\n<p class=\"wp-block-paragraph\">L\u2019assistance dans la gestion de la mobilit\u00e9 et du logement est donc essentielle pour garantir une exp\u00e9rience positive et \u00e9viter des tensions qui pourraient nuire \u00e0 la productivit\u00e9 des travailleurs.<\/p>\r\n\r\n\r\n\r\n<h4 class=\"wp-block-heading\">4. L&rsquo;Adaptation des Pratiques des Employeurs et des Agences de Travail Temporaire<\/h4>\r\n\r\n\r\n\r\n<h5 class=\"wp-block-heading\">4.1. La Responsabilit\u00e9 des Employeurs<\/h5>\r\n\r\n\r\n\r\n<p class=\"wp-block-paragraph\">Les employeurs ont la responsabilit\u00e9 de garantir que les <a href=\"https:\/\/rapid-interim.com\/index.php\/2025\/02\/18\/travailleurs-interimaires-roumains-dans-lindustrie-laitiere-une-reponse-aux-besoins-en-main-doeuvre-qualifiee\/\" data-internallinksmanager029f6b8e52c=\"26\" title=\"Interimaires Roumains\">int\u00e9rimaires roumains<\/a> b\u00e9n\u00e9ficient de <a href=\"https:\/\/rapid-interim.com\/index.php\/2025\/01\/22\/les-conditions-de-travail-des-interimaires-roumains-dans-le-secteur-de-la-logistique\/\" data-internallinksmanager029f6b8e52c=\"46\" title=\"conditions de travail\">conditions de travail<\/a> \u00e9quitables et d\u2019un environnement de travail respectueux. Cela inclut la fourniture d\u2019un logement ad\u00e9quat, le respect des normes de s\u00e9curit\u00e9 et l\u2019\u00e9galit\u00e9 des chances en mati\u00e8re de r\u00e9mun\u00e9ration et d\u2019avantages sociaux.<\/p>\r\n\r\n\r\n\r\n<p class=\"wp-block-paragraph\">Il est important que les employeurs collaborent \u00e9troitement avec les <a href=\"https:\/\/rapid-interim.com\/\" data-internallinksmanager029f6b8e52c=\"47\" title=\"agences d\u2019int\u00e9rim\">agences d\u2019int\u00e9rim<\/a> pour s\u2019assurer que les travailleurs <a href=\"https:\/\/rapid-interim.com\/index.php\/2025\/02\/18\/travailleurs-interimaires-roumains-dans-lindustrie-laitiere-une-reponse-aux-besoins-en-main-doeuvre-qualifiee\/\" data-internallinksmanager029f6b8e52c=\"26\" title=\"Interimaires Roumains\">int\u00e9rimaires roumains<\/a> sont bien inform\u00e9s de leurs droits et re\u00e7oivent un soutien appropri\u00e9. Cela permet de renforcer la loyaut\u00e9 des travailleurs et d&rsquo;am\u00e9liorer leur productivit\u00e9.<\/p>\r\n\r\n\r\n\r\n<h5 class=\"wp-block-heading\">4.2. Le R\u00f4le des Agences d\u2019Int\u00e9rim<\/h5>\r\n\r\n\r\n\r\n<p class=\"wp-block-paragraph\">Les agences de travail temporaire ont un r\u00f4le crucial dans la gestion des relations sociales et des <a href=\"https:\/\/rapid-interim.com\/index.php\/2025\/01\/22\/les-conditions-de-travail-des-interimaires-roumains-dans-le-secteur-de-la-logistique\/\" data-internallinksmanager029f6b8e52c=\"46\" title=\"conditions de travail\">conditions de travail<\/a> des <a href=\"https:\/\/rapid-interim.com\/index.php\/2025\/02\/18\/travailleurs-interimaires-roumains-dans-lindustrie-laitiere-une-reponse-aux-besoins-en-main-doeuvre-qualifiee\/\" data-internallinksmanager029f6b8e52c=\"26\" title=\"Interimaires Roumains\">int\u00e9rimaires roumains<\/a>. Elles doivent assurer non seulement la <a href=\"https:\/\/rapid-interim.com\/\" data-internallinksmanager029f6b8e52c=\"44\" title=\"Accueil - Agence d&#039;interim roumaine\">mise \u00e0 disposition<\/a> de la main-d&rsquo;\u0153uvre, mais aussi garantir que ces travailleurs sont bien trait\u00e9s. Les agences doivent \u00eatre les interlocuteurs principaux pour toute question concernant la r\u00e9mun\u00e9ration, la s\u00e9curit\u00e9 sociale, la gestion des conflits et le suivi des <a href=\"https:\/\/rapid-interim.com\/index.php\/2025\/01\/22\/les-conditions-de-travail-des-interimaires-roumains-dans-le-secteur-de-la-logistique\/\" data-internallinksmanager029f6b8e52c=\"46\" title=\"conditions de travail\">conditions de travail<\/a>.<\/p>\r\n\r\n\r\n\r\n<h4 class=\"wp-block-heading\">Conclusion<\/h4>\r\n\r\n\r\n\r\n<p class=\"wp-block-paragraph\">La gestion des relations sociales et des <a href=\"https:\/\/rapid-interim.com\/index.php\/2025\/01\/22\/les-conditions-de-travail-des-interimaires-roumains-dans-le-secteur-de-la-logistique\/\" data-internallinksmanager029f6b8e52c=\"46\" title=\"conditions de travail\">conditions de travail<\/a> des <a href=\"https:\/\/rapid-interim.com\/index.php\/2025\/02\/18\/travailleurs-interimaires-roumains-dans-lindustrie-laitiere-une-reponse-aux-besoins-en-main-doeuvre-qualifiee\/\" data-internallinksmanager029f6b8e52c=\"26\" title=\"Interimaires Roumains\">int\u00e9rimaires roumains<\/a> dans les industries europ\u00e9ennes est un enjeu complexe qui n\u00e9cessite une attention particuli\u00e8re de la part des employeurs et des agences de travail temporaire. Bien que les <a href=\"https:\/\/rapid-interim.com\/index.php\/2025\/02\/24\/reglementation-europeenne-et-detachement-des-travailleurs-roumains\/\" data-internallinksmanager029f6b8e52c=\"28\" title=\"Travailleurs roumains\">travailleurs roumains<\/a> jouent un r\u00f4le essentiel dans de nombreuses industries europ\u00e9ennes, il est crucial de veiller \u00e0 ce que leurs droits soient respect\u00e9s, qu&rsquo;ils b\u00e9n\u00e9ficient de <a href=\"https:\/\/rapid-interim.com\/index.php\/2025\/01\/22\/les-conditions-de-travail-des-interimaires-roumains-dans-le-secteur-de-la-logistique\/\" data-internallinksmanager029f6b8e52c=\"46\" title=\"conditions de travail\">conditions de travail<\/a> d\u00e9centes et qu&rsquo;ils soient int\u00e9gr\u00e9s socialement dans leurs environnements de travail. Les efforts pour garantir l&rsquo;\u00e9quit\u00e9, la s\u00e9curit\u00e9 et la transparence sont essentiels pour assurer que l\u2019int\u00e9rim soit une solution b\u00e9n\u00e9fique tant pour les travailleurs que pour les entreprises.<\/p>\r\n","protected":false},"excerpt":{"rendered":"<p>Introduction Dans le cadre de l\u2019Union Europ\u00e9enne, la mobilit\u00e9 de la main-d&rsquo;\u0153uvre et les dynamiques du travail temporaire sont des aspects cruciaux pour r\u00e9pondre aux besoins fluctuants des entreprises. La Roumanie, qui est devenue un acteur majeur sur le march\u00e9 de l\u2019int\u00e9rim europ\u00e9en apr\u00e8s son adh\u00e9sion \u00e0 l&rsquo;UE en 2007, joue un r\u00f4le cl\u00e9 dans [&hellip;]<\/p>\n","protected":false},"author":1,"featured_media":21935,"comment_status":"open","ping_status":"open","sticky":false,"template":"","format":"standard","meta":{"_crdt_document":"","_jetpack_memberships_contains_paid_content":false,"footnotes":""},"categories":[1,147],"tags":[129,128,73],"class_list":["post-21936","post","type-post","status-publish","format-standard","has-post-thumbnail","hentry","category-blog","category-industrie","tag-agence-de-recrutement-roumanie","tag-agence-interim-europeene","tag-agence-interim-roumanie"],"yoast_head":"<!-- This site is optimized with the Yoast SEO plugin v27.5 - https:\/\/yoast.com\/product\/yoast-seo-wordpress\/ -->\n<title>Gestion des relations sociales et conditions de travail des int\u00e9rimaires roumains - rapid-interim<\/title>\n<meta name=\"description\" content=\"Gestion des relations sociales et conditions de travail des int\u00e9rimaires roumains : assurer l\u2019\u00e9quit\u00e9, le respect des droits\" \/>\n<meta name=\"robots\" content=\"index, follow, max-snippet:-1, max-image-preview:large, max-video-preview:-1\" \/>\n<link rel=\"canonical\" href=\"https:\/\/rapid-interim.com\/index.php\/2025\/02\/18\/la-gestion-des-relations-sociales-et-des-conditions-de-travail-des-interimaires-roumains-dans-les-industries-europeennes\/\" \/>\n<meta property=\"og:locale\" content=\"fr_FR\" \/>\n<meta property=\"og:type\" content=\"article\" \/>\n<meta property=\"og:title\" content=\"Gestion des relations sociales et conditions de travail des int\u00e9rimaires roumains - rapid-interim\" \/>\n<meta property=\"og:description\" content=\"Gestion des relations sociales et conditions de travail des int\u00e9rimaires roumains : assurer l\u2019\u00e9quit\u00e9, le respect des droits\" \/>\n<meta property=\"og:url\" content=\"https:\/\/rapid-interim.com\/index.php\/2025\/02\/18\/la-gestion-des-relations-sociales-et-des-conditions-de-travail-des-interimaires-roumains-dans-les-industries-europeennes\/\" \/>\n<meta property=\"og:site_name\" content=\"rapid-interim\" \/>\n<meta property=\"article:published_time\" content=\"2025-02-17T23:20:14+00:00\" \/>\n<meta property=\"article:modified_time\" content=\"2025-03-03T20:22:48+00:00\" \/>\n<meta property=\"og:image\" content=\"https:\/\/rapid-interim.com\/wp-content\/uploads\/2025\/02\/industria-dei-fluidi-e-dei-servizi-1.jpeg\" \/>\n\t<meta property=\"og:image:width\" content=\"1600\" \/>\n\t<meta property=\"og:image:height\" content=\"1067\" \/>\n\t<meta property=\"og:image:type\" content=\"image\/jpeg\" \/>\n<meta name=\"author\" content=\"Marie Dubois\" \/>\n<meta name=\"twitter:card\" content=\"summary_large_image\" \/>\n<meta name=\"twitter:label1\" content=\"\u00c9crit par\" \/>\n\t<meta name=\"twitter:data1\" content=\"Marie Dubois\" \/>\n\t<meta name=\"twitter:label2\" content=\"Dur\u00e9e de lecture estim\u00e9e\" \/>\n\t<meta name=\"twitter:data2\" content=\"9 minutes\" \/>\n<script type=\"application\/ld+json\" class=\"yoast-schema-graph\">{\"@context\":\"https:\\\/\\\/schema.org\",\"@graph\":[{\"@type\":\"Article\",\"@id\":\"https:\\\/\\\/rapid-interim.com\\\/index.php\\\/2025\\\/02\\\/18\\\/la-gestion-des-relations-sociales-et-des-conditions-de-travail-des-interimaires-roumains-dans-les-industries-europeennes\\\/#article\",\"isPartOf\":{\"@id\":\"https:\\\/\\\/rapid-interim.com\\\/index.php\\\/2025\\\/02\\\/18\\\/la-gestion-des-relations-sociales-et-des-conditions-de-travail-des-interimaires-roumains-dans-les-industries-europeennes\\\/\"},\"author\":{\"name\":\"Marie Dubois\",\"@id\":\"https:\\\/\\\/rapid-interim.com\\\/#\\\/schema\\\/person\\\/c80cf67768e43267c59b9c4095fac056\"},\"headline\":\"Gestion des relations sociales et conditions de travail des int\u00e9rimaires roumains\",\"datePublished\":\"2025-02-17T23:20:14+00:00\",\"dateModified\":\"2025-03-03T20:22:48+00:00\",\"mainEntityOfPage\":{\"@id\":\"https:\\\/\\\/rapid-interim.com\\\/index.php\\\/2025\\\/02\\\/18\\\/la-gestion-des-relations-sociales-et-des-conditions-de-travail-des-interimaires-roumains-dans-les-industries-europeennes\\\/\"},\"wordCount\":1849,\"commentCount\":0,\"publisher\":{\"@id\":\"https:\\\/\\\/rapid-interim.com\\\/#organization\"},\"image\":{\"@id\":\"https:\\\/\\\/rapid-interim.com\\\/index.php\\\/2025\\\/02\\\/18\\\/la-gestion-des-relations-sociales-et-des-conditions-de-travail-des-interimaires-roumains-dans-les-industries-europeennes\\\/#primaryimage\"},\"thumbnailUrl\":\"https:\\\/\\\/rapid-interim.com\\\/wp-content\\\/uploads\\\/2025\\\/02\\\/industria-dei-fluidi-e-dei-servizi-1.jpeg\",\"keywords\":[\"agence de recrutement roumanie\",\"agence interim europeene\",\"AGENCE INTERIM ROUMANIE\"],\"articleSection\":[\"Blog\",\"Industrie\"],\"inLanguage\":\"fr-FR\",\"potentialAction\":[{\"@type\":\"CommentAction\",\"name\":\"Comment\",\"target\":[\"https:\\\/\\\/rapid-interim.com\\\/index.php\\\/2025\\\/02\\\/18\\\/la-gestion-des-relations-sociales-et-des-conditions-de-travail-des-interimaires-roumains-dans-les-industries-europeennes\\\/#respond\"]}]},{\"@type\":\"WebPage\",\"@id\":\"https:\\\/\\\/rapid-interim.com\\\/index.php\\\/2025\\\/02\\\/18\\\/la-gestion-des-relations-sociales-et-des-conditions-de-travail-des-interimaires-roumains-dans-les-industries-europeennes\\\/\",\"url\":\"https:\\\/\\\/rapid-interim.com\\\/index.php\\\/2025\\\/02\\\/18\\\/la-gestion-des-relations-sociales-et-des-conditions-de-travail-des-interimaires-roumains-dans-les-industries-europeennes\\\/\",\"name\":\"Gestion des relations sociales et conditions de travail des int\u00e9rimaires roumains - rapid-interim\",\"isPartOf\":{\"@id\":\"https:\\\/\\\/rapid-interim.com\\\/#website\"},\"primaryImageOfPage\":{\"@id\":\"https:\\\/\\\/rapid-interim.com\\\/index.php\\\/2025\\\/02\\\/18\\\/la-gestion-des-relations-sociales-et-des-conditions-de-travail-des-interimaires-roumains-dans-les-industries-europeennes\\\/#primaryimage\"},\"image\":{\"@id\":\"https:\\\/\\\/rapid-interim.com\\\/index.php\\\/2025\\\/02\\\/18\\\/la-gestion-des-relations-sociales-et-des-conditions-de-travail-des-interimaires-roumains-dans-les-industries-europeennes\\\/#primaryimage\"},\"thumbnailUrl\":\"https:\\\/\\\/rapid-interim.com\\\/wp-content\\\/uploads\\\/2025\\\/02\\\/industria-dei-fluidi-e-dei-servizi-1.jpeg\",\"datePublished\":\"2025-02-17T23:20:14+00:00\",\"dateModified\":\"2025-03-03T20:22:48+00:00\",\"description\":\"Gestion des relations sociales et conditions de travail des int\u00e9rimaires roumains : assurer l\u2019\u00e9quit\u00e9, le respect des droits\",\"breadcrumb\":{\"@id\":\"https:\\\/\\\/rapid-interim.com\\\/index.php\\\/2025\\\/02\\\/18\\\/la-gestion-des-relations-sociales-et-des-conditions-de-travail-des-interimaires-roumains-dans-les-industries-europeennes\\\/#breadcrumb\"},\"inLanguage\":\"fr-FR\",\"potentialAction\":[{\"@type\":\"ReadAction\",\"target\":[\"https:\\\/\\\/rapid-interim.com\\\/index.php\\\/2025\\\/02\\\/18\\\/la-gestion-des-relations-sociales-et-des-conditions-de-travail-des-interimaires-roumains-dans-les-industries-europeennes\\\/\"]}]},{\"@type\":\"ImageObject\",\"inLanguage\":\"fr-FR\",\"@id\":\"https:\\\/\\\/rapid-interim.com\\\/index.php\\\/2025\\\/02\\\/18\\\/la-gestion-des-relations-sociales-et-des-conditions-de-travail-des-interimaires-roumains-dans-les-industries-europeennes\\\/#primaryimage\",\"url\":\"https:\\\/\\\/rapid-interim.com\\\/wp-content\\\/uploads\\\/2025\\\/02\\\/industria-dei-fluidi-e-dei-servizi-1.jpeg\",\"contentUrl\":\"https:\\\/\\\/rapid-interim.com\\\/wp-content\\\/uploads\\\/2025\\\/02\\\/industria-dei-fluidi-e-dei-servizi-1.jpeg\",\"width\":1600,\"height\":1067},{\"@type\":\"BreadcrumbList\",\"@id\":\"https:\\\/\\\/rapid-interim.com\\\/index.php\\\/2025\\\/02\\\/18\\\/la-gestion-des-relations-sociales-et-des-conditions-de-travail-des-interimaires-roumains-dans-les-industries-europeennes\\\/#breadcrumb\",\"itemListElement\":[{\"@type\":\"ListItem\",\"position\":1,\"name\":\"Accueil\",\"item\":\"https:\\\/\\\/rapid-interim.com\\\/\"},{\"@type\":\"ListItem\",\"position\":2,\"name\":\"Gestion des relations sociales et conditions de travail des int\u00e9rimaires roumains\"}]},{\"@type\":\"WebSite\",\"@id\":\"https:\\\/\\\/rapid-interim.com\\\/#website\",\"url\":\"https:\\\/\\\/rapid-interim.com\\\/\",\"name\":\"rapid-interim\",\"description\":\"Interim et travail temporaire\",\"publisher\":{\"@id\":\"https:\\\/\\\/rapid-interim.com\\\/#organization\"},\"potentialAction\":[{\"@type\":\"SearchAction\",\"target\":{\"@type\":\"EntryPoint\",\"urlTemplate\":\"https:\\\/\\\/rapid-interim.com\\\/?s={search_term_string}\"},\"query-input\":{\"@type\":\"PropertyValueSpecification\",\"valueRequired\":true,\"valueName\":\"search_term_string\"}}],\"inLanguage\":\"fr-FR\"},{\"@type\":\"Organization\",\"@id\":\"https:\\\/\\\/rapid-interim.com\\\/#organization\",\"name\":\"rapid-interim\",\"url\":\"https:\\\/\\\/rapid-interim.com\\\/\",\"logo\":{\"@type\":\"ImageObject\",\"inLanguage\":\"fr-FR\",\"@id\":\"https:\\\/\\\/rapid-interim.com\\\/#\\\/schema\\\/logo\\\/image\\\/\",\"url\":\"https:\\\/\\\/rapid-interim.com\\\/wp-content\\\/uploads\\\/2022\\\/06\\\/cropped-rapid-inetrim.png\",\"contentUrl\":\"https:\\\/\\\/rapid-interim.com\\\/wp-content\\\/uploads\\\/2022\\\/06\\\/cropped-rapid-inetrim.png\",\"width\":314,\"height\":137,\"caption\":\"rapid-interim\"},\"image\":{\"@id\":\"https:\\\/\\\/rapid-interim.com\\\/#\\\/schema\\\/logo\\\/image\\\/\"}},{\"@type\":\"Person\",\"@id\":\"https:\\\/\\\/rapid-interim.com\\\/#\\\/schema\\\/person\\\/c80cf67768e43267c59b9c4095fac056\",\"name\":\"Marie Dubois\",\"image\":{\"@type\":\"ImageObject\",\"inLanguage\":\"fr-FR\",\"@id\":\"https:\\\/\\\/secure.gravatar.com\\\/avatar\\\/c5d9a389371c49a3eb3d5c05c1bdb9d2124cabb2c990e1eb227c370b66139bfe?s=96&d=mm&r=g\",\"url\":\"https:\\\/\\\/secure.gravatar.com\\\/avatar\\\/c5d9a389371c49a3eb3d5c05c1bdb9d2124cabb2c990e1eb227c370b66139bfe?s=96&d=mm&r=g\",\"contentUrl\":\"https:\\\/\\\/secure.gravatar.com\\\/avatar\\\/c5d9a389371c49a3eb3d5c05c1bdb9d2124cabb2c990e1eb227c370b66139bfe?s=96&d=mm&r=g\",\"caption\":\"Marie Dubois\"},\"sameAs\":[\"http:\\\/\\\/rapid-interim.com\"],\"url\":\"https:\\\/\\\/rapid-interim.com\\\/index.php\\\/author\\\/rapid-interim-com\\\/\"}]}<\/script>\n<!-- \/ Yoast SEO plugin. -->","yoast_head_json":{"title":"Gestion des relations sociales et conditions de travail des int\u00e9rimaires roumains - rapid-interim","description":"Gestion des relations sociales et conditions de travail des int\u00e9rimaires roumains : assurer l\u2019\u00e9quit\u00e9, le respect des droits","robots":{"index":"index","follow":"follow","max-snippet":"max-snippet:-1","max-image-preview":"max-image-preview:large","max-video-preview":"max-video-preview:-1"},"canonical":"https:\/\/rapid-interim.com\/index.php\/2025\/02\/18\/la-gestion-des-relations-sociales-et-des-conditions-de-travail-des-interimaires-roumains-dans-les-industries-europeennes\/","og_locale":"fr_FR","og_type":"article","og_title":"Gestion des relations sociales et conditions de travail des int\u00e9rimaires roumains - rapid-interim","og_description":"Gestion des relations sociales et conditions de travail des int\u00e9rimaires roumains : assurer l\u2019\u00e9quit\u00e9, le respect des droits","og_url":"https:\/\/rapid-interim.com\/index.php\/2025\/02\/18\/la-gestion-des-relations-sociales-et-des-conditions-de-travail-des-interimaires-roumains-dans-les-industries-europeennes\/","og_site_name":"rapid-interim","article_published_time":"2025-02-17T23:20:14+00:00","article_modified_time":"2025-03-03T20:22:48+00:00","og_image":[{"width":1600,"height":1067,"url":"https:\/\/rapid-interim.com\/wp-content\/uploads\/2025\/02\/industria-dei-fluidi-e-dei-servizi-1.jpeg","type":"image\/jpeg"}],"author":"Marie Dubois","twitter_card":"summary_large_image","twitter_misc":{"\u00c9crit par":"Marie Dubois","Dur\u00e9e de lecture estim\u00e9e":"9 minutes"},"schema":{"@context":"https:\/\/schema.org","@graph":[{"@type":"Article","@id":"https:\/\/rapid-interim.com\/index.php\/2025\/02\/18\/la-gestion-des-relations-sociales-et-des-conditions-de-travail-des-interimaires-roumains-dans-les-industries-europeennes\/#article","isPartOf":{"@id":"https:\/\/rapid-interim.com\/index.php\/2025\/02\/18\/la-gestion-des-relations-sociales-et-des-conditions-de-travail-des-interimaires-roumains-dans-les-industries-europeennes\/"},"author":{"name":"Marie Dubois","@id":"https:\/\/rapid-interim.com\/#\/schema\/person\/c80cf67768e43267c59b9c4095fac056"},"headline":"Gestion des relations sociales et conditions de travail des int\u00e9rimaires roumains","datePublished":"2025-02-17T23:20:14+00:00","dateModified":"2025-03-03T20:22:48+00:00","mainEntityOfPage":{"@id":"https:\/\/rapid-interim.com\/index.php\/2025\/02\/18\/la-gestion-des-relations-sociales-et-des-conditions-de-travail-des-interimaires-roumains-dans-les-industries-europeennes\/"},"wordCount":1849,"commentCount":0,"publisher":{"@id":"https:\/\/rapid-interim.com\/#organization"},"image":{"@id":"https:\/\/rapid-interim.com\/index.php\/2025\/02\/18\/la-gestion-des-relations-sociales-et-des-conditions-de-travail-des-interimaires-roumains-dans-les-industries-europeennes\/#primaryimage"},"thumbnailUrl":"https:\/\/rapid-interim.com\/wp-content\/uploads\/2025\/02\/industria-dei-fluidi-e-dei-servizi-1.jpeg","keywords":["agence de recrutement roumanie","agence interim europeene","AGENCE INTERIM ROUMANIE"],"articleSection":["Blog","Industrie"],"inLanguage":"fr-FR","potentialAction":[{"@type":"CommentAction","name":"Comment","target":["https:\/\/rapid-interim.com\/index.php\/2025\/02\/18\/la-gestion-des-relations-sociales-et-des-conditions-de-travail-des-interimaires-roumains-dans-les-industries-europeennes\/#respond"]}]},{"@type":"WebPage","@id":"https:\/\/rapid-interim.com\/index.php\/2025\/02\/18\/la-gestion-des-relations-sociales-et-des-conditions-de-travail-des-interimaires-roumains-dans-les-industries-europeennes\/","url":"https:\/\/rapid-interim.com\/index.php\/2025\/02\/18\/la-gestion-des-relations-sociales-et-des-conditions-de-travail-des-interimaires-roumains-dans-les-industries-europeennes\/","name":"Gestion des relations sociales et conditions de travail des int\u00e9rimaires roumains - rapid-interim","isPartOf":{"@id":"https:\/\/rapid-interim.com\/#website"},"primaryImageOfPage":{"@id":"https:\/\/rapid-interim.com\/index.php\/2025\/02\/18\/la-gestion-des-relations-sociales-et-des-conditions-de-travail-des-interimaires-roumains-dans-les-industries-europeennes\/#primaryimage"},"image":{"@id":"https:\/\/rapid-interim.com\/index.php\/2025\/02\/18\/la-gestion-des-relations-sociales-et-des-conditions-de-travail-des-interimaires-roumains-dans-les-industries-europeennes\/#primaryimage"},"thumbnailUrl":"https:\/\/rapid-interim.com\/wp-content\/uploads\/2025\/02\/industria-dei-fluidi-e-dei-servizi-1.jpeg","datePublished":"2025-02-17T23:20:14+00:00","dateModified":"2025-03-03T20:22:48+00:00","description":"Gestion des relations sociales et conditions de travail des int\u00e9rimaires roumains : assurer l\u2019\u00e9quit\u00e9, le respect des droits","breadcrumb":{"@id":"https:\/\/rapid-interim.com\/index.php\/2025\/02\/18\/la-gestion-des-relations-sociales-et-des-conditions-de-travail-des-interimaires-roumains-dans-les-industries-europeennes\/#breadcrumb"},"inLanguage":"fr-FR","potentialAction":[{"@type":"ReadAction","target":["https:\/\/rapid-interim.com\/index.php\/2025\/02\/18\/la-gestion-des-relations-sociales-et-des-conditions-de-travail-des-interimaires-roumains-dans-les-industries-europeennes\/"]}]},{"@type":"ImageObject","inLanguage":"fr-FR","@id":"https:\/\/rapid-interim.com\/index.php\/2025\/02\/18\/la-gestion-des-relations-sociales-et-des-conditions-de-travail-des-interimaires-roumains-dans-les-industries-europeennes\/#primaryimage","url":"https:\/\/rapid-interim.com\/wp-content\/uploads\/2025\/02\/industria-dei-fluidi-e-dei-servizi-1.jpeg","contentUrl":"https:\/\/rapid-interim.com\/wp-content\/uploads\/2025\/02\/industria-dei-fluidi-e-dei-servizi-1.jpeg","width":1600,"height":1067},{"@type":"BreadcrumbList","@id":"https:\/\/rapid-interim.com\/index.php\/2025\/02\/18\/la-gestion-des-relations-sociales-et-des-conditions-de-travail-des-interimaires-roumains-dans-les-industries-europeennes\/#breadcrumb","itemListElement":[{"@type":"ListItem","position":1,"name":"Accueil","item":"https:\/\/rapid-interim.com\/"},{"@type":"ListItem","position":2,"name":"Gestion des relations sociales et conditions de travail des int\u00e9rimaires roumains"}]},{"@type":"WebSite","@id":"https:\/\/rapid-interim.com\/#website","url":"https:\/\/rapid-interim.com\/","name":"rapid-interim","description":"Interim et travail temporaire","publisher":{"@id":"https:\/\/rapid-interim.com\/#organization"},"potentialAction":[{"@type":"SearchAction","target":{"@type":"EntryPoint","urlTemplate":"https:\/\/rapid-interim.com\/?s={search_term_string}"},"query-input":{"@type":"PropertyValueSpecification","valueRequired":true,"valueName":"search_term_string"}}],"inLanguage":"fr-FR"},{"@type":"Organization","@id":"https:\/\/rapid-interim.com\/#organization","name":"rapid-interim","url":"https:\/\/rapid-interim.com\/","logo":{"@type":"ImageObject","inLanguage":"fr-FR","@id":"https:\/\/rapid-interim.com\/#\/schema\/logo\/image\/","url":"https:\/\/rapid-interim.com\/wp-content\/uploads\/2022\/06\/cropped-rapid-inetrim.png","contentUrl":"https:\/\/rapid-interim.com\/wp-content\/uploads\/2022\/06\/cropped-rapid-inetrim.png","width":314,"height":137,"caption":"rapid-interim"},"image":{"@id":"https:\/\/rapid-interim.com\/#\/schema\/logo\/image\/"}},{"@type":"Person","@id":"https:\/\/rapid-interim.com\/#\/schema\/person\/c80cf67768e43267c59b9c4095fac056","name":"Marie Dubois","image":{"@type":"ImageObject","inLanguage":"fr-FR","@id":"https:\/\/secure.gravatar.com\/avatar\/c5d9a389371c49a3eb3d5c05c1bdb9d2124cabb2c990e1eb227c370b66139bfe?s=96&d=mm&r=g","url":"https:\/\/secure.gravatar.com\/avatar\/c5d9a389371c49a3eb3d5c05c1bdb9d2124cabb2c990e1eb227c370b66139bfe?s=96&d=mm&r=g","contentUrl":"https:\/\/secure.gravatar.com\/avatar\/c5d9a389371c49a3eb3d5c05c1bdb9d2124cabb2c990e1eb227c370b66139bfe?s=96&d=mm&r=g","caption":"Marie Dubois"},"sameAs":["http:\/\/rapid-interim.com"],"url":"https:\/\/rapid-interim.com\/index.php\/author\/rapid-interim-com\/"}]}},"jetpack_featured_media_url":"https:\/\/rapid-interim.com\/wp-content\/uploads\/2025\/02\/industria-dei-fluidi-e-dei-servizi-1.jpeg","jetpack_sharing_enabled":true,"_links":{"self":[{"href":"https:\/\/rapid-interim.com\/index.php\/wp-json\/wp\/v2\/posts\/21936","targetHints":{"allow":["GET"]}}],"collection":[{"href":"https:\/\/rapid-interim.com\/index.php\/wp-json\/wp\/v2\/posts"}],"about":[{"href":"https:\/\/rapid-interim.com\/index.php\/wp-json\/wp\/v2\/types\/post"}],"author":[{"embeddable":true,"href":"https:\/\/rapid-interim.com\/index.php\/wp-json\/wp\/v2\/users\/1"}],"replies":[{"embeddable":true,"href":"https:\/\/rapid-interim.com\/index.php\/wp-json\/wp\/v2\/comments?post=21936"}],"version-history":[{"count":3,"href":"https:\/\/rapid-interim.com\/index.php\/wp-json\/wp\/v2\/posts\/21936\/revisions"}],"predecessor-version":[{"id":22045,"href":"https:\/\/rapid-interim.com\/index.php\/wp-json\/wp\/v2\/posts\/21936\/revisions\/22045"}],"wp:featuredmedia":[{"embeddable":true,"href":"https:\/\/rapid-interim.com\/index.php\/wp-json\/wp\/v2\/media\/21935"}],"wp:attachment":[{"href":"https:\/\/rapid-interim.com\/index.php\/wp-json\/wp\/v2\/media?parent=21936"}],"wp:term":[{"taxonomy":"category","embeddable":true,"href":"https:\/\/rapid-interim.com\/index.php\/wp-json\/wp\/v2\/categories?post=21936"},{"taxonomy":"post_tag","embeddable":true,"href":"https:\/\/rapid-interim.com\/index.php\/wp-json\/wp\/v2\/tags?post=21936"}],"curies":[{"name":"wp","href":"https:\/\/api.w.org\/{rel}","templated":true}]}}