{"id":21926,"date":"2025-02-03T03:02:44","date_gmt":"2025-02-03T02:02:44","guid":{"rendered":"https:\/\/rapid-interim.com\/index.php\/2025\/02\/03\/formation-et-developpement-des-competences-strategies-pour-les-travailleurs-interimaires-roumains-dans-les-industries-europeennes\/"},"modified":"2025-02-03T03:02:44","modified_gmt":"2025-02-03T02:02:44","slug":"formation-et-developpement-des-competences-strategies-pour-les-travailleurs-interimaires-roumains-dans-les-industries-europeennes","status":"publish","type":"post","link":"https:\/\/rapid-interim.com\/index.php\/2025\/02\/03\/formation-et-developpement-des-competences-strategies-pour-les-travailleurs-interimaires-roumains-dans-les-industries-europeennes\/","title":{"rendered":"Formation et d\u00e9veloppement des comp\u00e9tences : strat\u00e9gies pour les travailleurs int\u00e9rimaires roumains dans les industries europ\u00e9ennes"},"content":{"rendered":"\n<h4 class=\"wp-block-heading\">Introduction<\/h4>\n\n\n\n<p class=\"wp-block-paragraph\">L\u2019Union europ\u00e9enne (UE) conna\u00eet une diversit\u00e9 \u00e9conomique et industrielle marqu\u00e9e, avec des secteurs en constante \u00e9volution. Parmi les travailleurs migrants qui alimentent les industries europ\u00e9ennes, les travailleurs <a href=\"https:\/\/rapid-interim.com\/index.php\/2025\/02\/18\/travailleurs-interimaires-roumains-dans-lindustrie-laitiere-une-reponse-aux-besoins-en-main-doeuvre-qualifiee\/\" data-internallinksmanager029f6b8e52c=\"26\" title=\"Interimaires Roumains\">int\u00e9rimaires roumains<\/a> occupent une place importante. Leur mobilit\u00e9 professionnelle au sein de l\u2019UE est en grande partie facilit\u00e9e par la libert\u00e9 de circulation, instaur\u00e9e depuis l&rsquo;adh\u00e9sion de la Roumanie \u00e0 l&rsquo;UE en 2007. Toutefois, leur statut de <a href=\"https:\/\/rapid-interim.com\/index.php\/2025\/02\/18\/travailleurs-interimaires-roumains-dans-lindustrie-laitiere-une-reponse-aux-besoins-en-main-doeuvre-qualifiee\/\" data-internallinksmanager029f6b8e52c=\"49\" title=\"Int\u00e9rimaires roumains : un atout pour l\u2019industrie laiti\u00e8re\">travailleurs int\u00e9rimaires<\/a> soul\u00e8ve des d\u00e9fis sp\u00e9cifiques, notamment en mati\u00e8re de formation et de d\u00e9veloppement des comp\u00e9tences. Ces enjeux sont cruciaux pour leur adaptation dans des secteurs aussi vari\u00e9s que la construction, l&rsquo;agriculture, la logistique, ou encore l&rsquo;industrie manufacturi\u00e8re.<\/p>\n\n\n\n<p class=\"wp-block-paragraph\">Cet article explore les strat\u00e9gies de formation et de d\u00e9veloppement des comp\u00e9tences pour les travailleurs <a href=\"https:\/\/rapid-interim.com\/index.php\/2025\/02\/18\/travailleurs-interimaires-roumains-dans-lindustrie-laitiere-une-reponse-aux-besoins-en-main-doeuvre-qualifiee\/\" data-internallinksmanager029f6b8e52c=\"26\" title=\"Interimaires Roumains\">int\u00e9rimaires roumains<\/a> dans les industries europ\u00e9ennes. Il examine \u00e9galement les avantages et les d\u00e9fis associ\u00e9s \u00e0 ces strat\u00e9gies, tout en mettant en lumi\u00e8re les meilleures pratiques observ\u00e9es dans certains pays europ\u00e9ens.<\/p>\n\n\n\n<h4 class=\"wp-block-heading\">1. Le r\u00f4le des travailleurs int\u00e9rimaires roumains dans l\u2019industrie europ\u00e9enne<\/h4>\n\n\n\n<p class=\"wp-block-paragraph\">Les travailleurs <a href=\"https:\/\/rapid-interim.com\/index.php\/2025\/02\/18\/travailleurs-interimaires-roumains-dans-lindustrie-laitiere-une-reponse-aux-besoins-en-main-doeuvre-qualifiee\/\" data-internallinksmanager029f6b8e52c=\"26\" title=\"Interimaires Roumains\">int\u00e9rimaires roumains<\/a> sont particuli\u00e8rement nombreux dans des pays comme la France, l&rsquo;Allemagne, l&rsquo;Italie et le Royaume-Uni, o\u00f9 ils occupent des postes dans diverses industries, notamment la production, l&rsquo;agriculture et la construction. Selon les derni\u00e8res donn\u00e9es de l&rsquo;Eurostat, la Roumanie est l\u2019un des principaux pays d&rsquo;origine des <a href=\"https:\/\/rapid-interim.com\/index.php\/2025\/02\/18\/travailleurs-interimaires-roumains-dans-lindustrie-laitiere-une-reponse-aux-besoins-en-main-doeuvre-qualifiee\/\" data-internallinksmanager029f6b8e52c=\"49\" title=\"Int\u00e9rimaires roumains : un atout pour l\u2019industrie laiti\u00e8re\">travailleurs int\u00e9rimaires<\/a> dans l&rsquo;UE.<\/p>\n\n\n\n<figure class=\"wp-block-image size-large\"><img fetchpriority=\"high\" decoding=\"async\" width=\"1024\" height=\"681\" src=\"https:\/\/rapid-interim.com\/wp-content\/uploads\/2025\/02\/metier-agent-production-industrie1237316788164166084-1024x681.jpg\" alt=\"\" class=\"wp-image-21923\" srcset=\"https:\/\/rapid-interim.com\/wp-content\/uploads\/2025\/02\/metier-agent-production-industrie1237316788164166084-1024x681.jpg 1024w, https:\/\/rapid-interim.com\/wp-content\/uploads\/2025\/02\/metier-agent-production-industrie1237316788164166084-300x200.jpg 300w, https:\/\/rapid-interim.com\/wp-content\/uploads\/2025\/02\/metier-agent-production-industrie1237316788164166084-768x511.jpg 768w, https:\/\/rapid-interim.com\/wp-content\/uploads\/2025\/02\/metier-agent-production-industrie1237316788164166084-1536x1022.jpg 1536w, https:\/\/rapid-interim.com\/wp-content\/uploads\/2025\/02\/metier-agent-production-industrie1237316788164166084-600x399.jpg 600w, https:\/\/rapid-interim.com\/wp-content\/uploads\/2025\/02\/metier-agent-production-industrie1237316788164166084.jpg 1920w\" sizes=\"(max-width: 1024px) 100vw, 1024px\" \/><\/figure>\n\n\n\n<p class=\"wp-block-paragraph\">Le recours \u00e0 ces travailleurs est motiv\u00e9 par la flexibilit\u00e9 qu&rsquo;ils offrent aux entreprises. En effet, l&rsquo;int\u00e9rim permet de r\u00e9pondre aux pics de demande, aux remplacements temporaires, ou encore \u00e0 des besoins sp\u00e9cifiques de main-d&rsquo;\u0153uvre dans des secteurs n\u00e9cessitant des comp\u00e9tences techniques pr\u00e9cises, mais temporaires. Cependant, cette flexibilit\u00e9 comporte aussi son lot de d\u00e9fis, en particulier pour les travailleurs eux-m\u00eames, qui doivent souvent s&rsquo;adapter rapidement \u00e0 de nouveaux environnements de travail, \u00e0 des processus industriels et \u00e0 des normes professionnelles qui varient d\u2019un pays \u00e0 l\u2019autre.<\/p>\n\n\n\n<h4 class=\"wp-block-heading\">2. L\u2019importance de la formation pour les travailleurs int\u00e9rimaires<\/h4>\n\n\n\n<p class=\"wp-block-paragraph\">La formation professionnelle joue un r\u00f4le cl\u00e9 dans le d\u00e9veloppement des comp\u00e9tences des <a href=\"https:\/\/rapid-interim.com\/index.php\/2025\/02\/18\/travailleurs-interimaires-roumains-dans-lindustrie-laitiere-une-reponse-aux-besoins-en-main-doeuvre-qualifiee\/\" data-internallinksmanager029f6b8e52c=\"49\" title=\"Int\u00e9rimaires roumains : un atout pour l\u2019industrie laiti\u00e8re\">travailleurs int\u00e9rimaires<\/a>. Pour les <a href=\"https:\/\/rapid-interim.com\/index.php\/2025\/02\/24\/reglementation-europeenne-et-detachement-des-travailleurs-roumains\/\" data-internallinksmanager029f6b8e52c=\"28\" title=\"Travailleurs roumains\">travailleurs roumains<\/a>, cette formation est d&rsquo;autant plus essentielle qu&rsquo;elle leur permet d&rsquo;acc\u00e9der \u00e0 des emplois plus qualifi\u00e9s et d\u2019augmenter leur employabilit\u00e9 \u00e0 long terme.<\/p>\n\n\n\n<h5 class=\"wp-block-heading\">2.1 Formation de base et formation continue<\/h5>\n\n\n\n<p class=\"wp-block-paragraph\">Pour les travailleurs <a href=\"https:\/\/rapid-interim.com\/index.php\/2025\/02\/18\/travailleurs-interimaires-roumains-dans-lindustrie-laitiere-une-reponse-aux-besoins-en-main-doeuvre-qualifiee\/\" data-internallinksmanager029f6b8e52c=\"26\" title=\"Interimaires Roumains\">int\u00e9rimaires roumains<\/a> dans les industries europ\u00e9ennes, deux types de formation sont cruciaux :<\/p>\n\n\n\n<ul class=\"wp-block-list\">\n<li><strong>La formation de base<\/strong> : Avant de commencer \u00e0 travailler, les int\u00e9rimaires doivent recevoir une formation qui leur permet de comprendre les bases du secteur dans lequel ils vont \u00e9voluer. Cela inclut des connaissances en s\u00e9curit\u00e9, des formations pratiques li\u00e9es \u00e0 l&rsquo;utilisation des \u00e9quipements, et la ma\u00eetrise des standards de qualit\u00e9.<\/li>\n\n\n\n<li><strong>La formation continue<\/strong> : Les <a href=\"https:\/\/rapid-interim.com\/index.php\/2025\/02\/18\/travailleurs-interimaires-roumains-dans-lindustrie-laitiere-une-reponse-aux-besoins-en-main-doeuvre-qualifiee\/\" data-internallinksmanager029f6b8e52c=\"49\" title=\"Int\u00e9rimaires roumains : un atout pour l\u2019industrie laiti\u00e8re\">travailleurs int\u00e9rimaires<\/a> ont souvent besoin d&rsquo;am\u00e9liorer leurs comp\u00e9tences au fil du temps pour r\u00e9pondre aux \u00e9volutions des industries europ\u00e9ennes. La formation continue est essentielle pour leur permettre d&rsquo;acc\u00e9der \u00e0 des postes plus \u00e9lev\u00e9s ou d&rsquo;\u00e9largir leurs domaines de comp\u00e9tence.<\/li>\n<\/ul>\n\n\n\n<h5 class=\"wp-block-heading\">2.2 Les d\u00e9fis de la formation<\/h5>\n\n\n\n<p class=\"wp-block-paragraph\">Le principal d\u00e9fi pour les travailleurs <a href=\"https:\/\/rapid-interim.com\/index.php\/2025\/02\/18\/travailleurs-interimaires-roumains-dans-lindustrie-laitiere-une-reponse-aux-besoins-en-main-doeuvre-qualifiee\/\" data-internallinksmanager029f6b8e52c=\"26\" title=\"Interimaires Roumains\">int\u00e9rimaires roumains<\/a> r\u00e9side dans le caract\u00e8re temporaire de leurs contrats. Les entreprises h\u00e9sitent parfois \u00e0 investir dans la formation de travailleurs qu\u2019elles emploient pour une dur\u00e9e limit\u00e9e. De plus, les int\u00e9rimaires eux-m\u00eames peuvent avoir du mal \u00e0 suivre des formations longues ou sp\u00e9cialis\u00e9es, surtout s&rsquo;ils doivent alterner entre diff\u00e9rents postes ou secteurs.<\/p>\n\n\n\n<h4 class=\"wp-block-heading\">3. Les strat\u00e9gies de formation et de d\u00e9veloppement des comp\u00e9tences<\/h4>\n\n\n\n<h5 class=\"wp-block-heading\">3.1 Les programmes de formation financ\u00e9s par l\u2019UE<\/h5>\n\n\n\n<p class=\"wp-block-paragraph\">L&rsquo;Union europ\u00e9enne met en place plusieurs m\u00e9canismes pour soutenir la formation des travailleurs, y compris ceux issus de pays comme la Roumanie. Des programmes comme Erasmus+ ou le Fonds social europ\u00e9en (FSE) ont pour objectif de faciliter l\u2019acc\u00e8s \u00e0 la formation et au d\u00e9veloppement des comp\u00e9tences pour les travailleurs europ\u00e9ens, y compris les int\u00e9rimaires. Ces programmes offrent des opportunit\u00e9s de formation dans des domaines aussi vari\u00e9s que la gestion de projet, les comp\u00e9tences num\u00e9riques, les langues \u00e9trang\u00e8res, et les normes de s\u00e9curit\u00e9 au travail.<\/p>\n\n\n\n<ul class=\"wp-block-list\">\n<li><strong>Erasmus+<\/strong> : Bien que ce programme soit souvent associ\u00e9 aux \u00e9tudiants et aux jeunes travailleurs, de nombreux projets Erasmus+ incluent des initiatives de formation pour les adultes et les travailleurs. Il soutient les projets de formation transnationale, permettant aux <a href=\"https:\/\/rapid-interim.com\/index.php\/2025\/02\/24\/reglementation-europeenne-et-detachement-des-travailleurs-roumains\/\" data-internallinksmanager029f6b8e52c=\"28\" title=\"Travailleurs roumains\">travailleurs roumains<\/a> d\u2019acqu\u00e9rir des comp\u00e9tences sp\u00e9cifiques dans des contextes europ\u00e9ens.<\/li>\n\n\n\n<li><strong>Le Fonds Social Europ\u00e9en (FSE)<\/strong> : Ce fonds soutient des initiatives qui visent \u00e0 am\u00e9liorer l&rsquo;insertion professionnelle des travailleurs et \u00e0 d\u00e9velopper leurs comp\u00e9tences. Les travailleurs <a href=\"https:\/\/rapid-interim.com\/index.php\/2025\/02\/18\/travailleurs-interimaires-roumains-dans-lindustrie-laitiere-une-reponse-aux-besoins-en-main-doeuvre-qualifiee\/\" data-internallinksmanager029f6b8e52c=\"26\" title=\"Interimaires Roumains\">int\u00e9rimaires roumains<\/a> peuvent b\u00e9n\u00e9ficier de formations financ\u00e9es par le FSE, notamment dans les domaines de la sant\u00e9 et de la s\u00e9curit\u00e9, des comp\u00e9tences num\u00e9riques, ou encore des langues.<\/li>\n<\/ul>\n\n\n\n<h5 class=\"wp-block-heading\">3.2 Partenariats avec des agences d&rsquo;int\u00e9rim et des entreprises<\/h5>\n\n\n\n<p class=\"wp-block-paragraph\">Certaines <a href=\"https:\/\/rapid-interim.com\/\" data-internallinksmanager029f6b8e52c=\"47\" title=\"agences d\u2019int\u00e9rim\">agences d&rsquo;int\u00e9rim<\/a> et entreprises ont compris l&rsquo;importance de la formation continue pour leurs <a href=\"https:\/\/rapid-interim.com\/index.php\/2025\/02\/18\/travailleurs-interimaires-roumains-dans-lindustrie-laitiere-une-reponse-aux-besoins-en-main-doeuvre-qualifiee\/\" data-internallinksmanager029f6b8e52c=\"49\" title=\"Int\u00e9rimaires roumains : un atout pour l\u2019industrie laiti\u00e8re\">travailleurs int\u00e9rimaires<\/a>. Ces entreprises collaborent avec des organismes de formation pour offrir des programmes d\u00e9di\u00e9s \u00e0 leurs int\u00e9rimaires. Ces programmes peuvent inclure des sessions de formation en ligne, des ateliers pratiques ou des certifications sp\u00e9cifiques \u00e0 un secteur particulier (par exemple, la certification en conduite de chariot \u00e9l\u00e9vateur dans le secteur logistique).<\/p>\n\n\n\n<h5 class=\"wp-block-heading\">3.3 La formation sur le lieu de travail<\/h5>\n\n\n\n<p class=\"wp-block-paragraph\">La formation sur le lieu de travail est une autre approche courante dans de nombreuses industries europ\u00e9ennes. Les travailleurs <a href=\"https:\/\/rapid-interim.com\/index.php\/2025\/02\/18\/travailleurs-interimaires-roumains-dans-lindustrie-laitiere-une-reponse-aux-besoins-en-main-doeuvre-qualifiee\/\" data-internallinksmanager029f6b8e52c=\"26\" title=\"Interimaires Roumains\">int\u00e9rimaires roumains<\/a> b\u00e9n\u00e9ficient d\u2019une formation pratique directement sur leurs postes de travail. Cela leur permet de se familiariser rapidement avec les t\u00e2ches \u00e0 accomplir tout en acqu\u00e9rant de nouvelles comp\u00e9tences. Cette approche pr\u00e9sente plusieurs avantages : elle est adapt\u00e9e aux besoins imm\u00e9diats de l&rsquo;entreprise et permet d&rsquo;am\u00e9liorer rapidement la productivit\u00e9.<\/p>\n\n\n\n<p class=\"wp-block-paragraph\">Certaines entreprises europ\u00e9ennes adoptent un mod\u00e8le de mentorat o\u00f9 des travailleurs plus exp\u00e9riment\u00e9s accompagnent les <a href=\"https:\/\/rapid-interim.com\/index.php\/2025\/02\/18\/travailleurs-interimaires-roumains-dans-lindustrie-laitiere-une-reponse-aux-besoins-en-main-doeuvre-qualifiee\/\" data-internallinksmanager029f6b8e52c=\"26\" title=\"Interimaires Roumains\">int\u00e9rimaires roumains<\/a> dans leurs t\u00e2ches quotidiennes, leur offrant ainsi une opportunit\u00e9 d&rsquo;apprentissage sur le terrain. Cela renforce \u00e9galement l\u2019int\u00e9gration des travailleurs dans leur nouvel environnement de travail.<\/p>\n\n\n\n<h5 class=\"wp-block-heading\">3.4 Les certifications professionnelles et les qualifications transnationales<\/h5>\n\n\n\n<p class=\"wp-block-paragraph\">L\u2019obtention de certifications professionnelles reconnues au niveau europ\u00e9en est un autre levier de d\u00e9veloppement des comp\u00e9tences pour les travailleurs <a href=\"https:\/\/rapid-interim.com\/index.php\/2025\/02\/18\/travailleurs-interimaires-roumains-dans-lindustrie-laitiere-une-reponse-aux-besoins-en-main-doeuvre-qualifiee\/\" data-internallinksmanager029f6b8e52c=\"26\" title=\"Interimaires Roumains\">int\u00e9rimaires roumains<\/a>. Ces certifications permettent de valider des comp\u00e9tences sp\u00e9cifiques et de garantir la qualit\u00e9 du travail fourni. En outre, elles offrent aux travailleurs une plus grande mobilit\u00e9 au sein du march\u00e9 europ\u00e9en.<\/p>\n\n\n\n<figure class=\"wp-block-image size-large\"><img decoding=\"async\" width=\"1024\" height=\"681\" src=\"https:\/\/rapid-interim.com\/wp-content\/uploads\/2025\/02\/assistant-production3382705078013837775-1024x681.jpeg\" alt=\"\" class=\"wp-image-21924\" srcset=\"https:\/\/rapid-interim.com\/wp-content\/uploads\/2025\/02\/assistant-production3382705078013837775-1024x681.jpeg 1024w, https:\/\/rapid-interim.com\/wp-content\/uploads\/2025\/02\/assistant-production3382705078013837775-300x200.jpeg 300w, https:\/\/rapid-interim.com\/wp-content\/uploads\/2025\/02\/assistant-production3382705078013837775-768x511.jpeg 768w, https:\/\/rapid-interim.com\/wp-content\/uploads\/2025\/02\/assistant-production3382705078013837775-600x399.jpeg 600w, https:\/\/rapid-interim.com\/wp-content\/uploads\/2025\/02\/assistant-production3382705078013837775.jpeg 1204w\" sizes=\"(max-width: 1024px) 100vw, 1024px\" \/><\/figure>\n\n\n\n<p class=\"wp-block-paragraph\">Des initiatives telles que le <strong>Syst\u00e8me Europ\u00e9en de Cr\u00e9dits pour l\u2019Apprentissage<\/strong> (ECVET) favorisent la reconnaissance des comp\u00e9tences acquises dans diff\u00e9rents pays europ\u00e9ens. Ces syst\u00e8mes permettent aux <a href=\"https:\/\/rapid-interim.com\/index.php\/2025\/02\/18\/travailleurs-interimaires-roumains-dans-lindustrie-laitiere-une-reponse-aux-besoins-en-main-doeuvre-qualifiee\/\" data-internallinksmanager029f6b8e52c=\"49\" title=\"Int\u00e9rimaires roumains : un atout pour l\u2019industrie laiti\u00e8re\">travailleurs int\u00e9rimaires<\/a> de voir leurs qualifications reconnues et valid\u00e9es dans d&rsquo;autres pays europ\u00e9ens.<\/p>\n\n\n\n<h4 class=\"wp-block-heading\">4. Avantages pour les travailleurs int\u00e9rimaires roumains<\/h4>\n\n\n\n<h5 class=\"wp-block-heading\">4.1 Meilleures perspectives d&#8217;emploi<\/h5>\n\n\n\n<p class=\"wp-block-paragraph\">L\u2019un des principaux avantages de la formation et du d\u00e9veloppement des comp\u00e9tences pour les travailleurs <a href=\"https:\/\/rapid-interim.com\/index.php\/2025\/02\/18\/travailleurs-interimaires-roumains-dans-lindustrie-laitiere-une-reponse-aux-besoins-en-main-doeuvre-qualifiee\/\" data-internallinksmanager029f6b8e52c=\"26\" title=\"Interimaires Roumains\">int\u00e9rimaires roumains<\/a> r\u00e9side dans l&rsquo;am\u00e9lioration de leurs perspectives d\u2019emploi. En acqu\u00e9rant des comp\u00e9tences sp\u00e9cifiques et certifi\u00e9es, ils augmentent leur employabilit\u00e9 \u00e0 long terme et peuvent acc\u00e9der \u00e0 des postes plus qualifi\u00e9s.<\/p>\n\n\n\n<h5 class=\"wp-block-heading\">4.2 Adaptation au march\u00e9 du travail europ\u00e9en<\/h5>\n\n\n\n<p class=\"wp-block-paragraph\">Les <a href=\"https:\/\/rapid-interim.com\/index.php\/2025\/02\/24\/reglementation-europeenne-et-detachement-des-travailleurs-roumains\/\" data-internallinksmanager029f6b8e52c=\"28\" title=\"Travailleurs roumains\">travailleurs roumains<\/a>, form\u00e9s selon les standards europ\u00e9ens, sont mieux pr\u00e9par\u00e9s \u00e0 s&rsquo;adapter aux exigences des march\u00e9s de travail locaux dans les pays o\u00f9 ils sont employ\u00e9s. Cela facilite leur int\u00e9gration et leur permet de mieux comprendre les particularit\u00e9s des syst\u00e8mes de production, les exigences l\u00e9gales et les codes de conduite dans les diff\u00e9rentes industries europ\u00e9ennes.<\/p>\n\n\n\n<h4 class=\"wp-block-heading\">5. D\u00e9fis persistants et perspectives<\/h4>\n\n\n\n<p class=\"wp-block-paragraph\">Malgr\u00e9 les progr\u00e8s r\u00e9alis\u00e9s, plusieurs d\u00e9fis demeurent pour les travailleurs <a href=\"https:\/\/rapid-interim.com\/index.php\/2025\/02\/18\/travailleurs-interimaires-roumains-dans-lindustrie-laitiere-une-reponse-aux-besoins-en-main-doeuvre-qualifiee\/\" data-internallinksmanager029f6b8e52c=\"26\" title=\"Interimaires Roumains\">int\u00e9rimaires roumains<\/a>, notamment le manque de formation continue accessible, la pr\u00e9carit\u00e9 des contrats et les diff\u00e9rences culturelles et linguistiques. Les employeurs doivent jouer un r\u00f4le cl\u00e9 dans la facilitation de l\u2019acc\u00e8s \u00e0 la formation, en garantissant une meilleure prise en charge des co\u00fbts et en int\u00e9grant la formation dans la gestion des ressources humaines.<\/p>\n\n\n\n<p class=\"wp-block-paragraph\">\u00c0 l&rsquo;avenir, les gouvernements europ\u00e9ens et les entreprises devront renforcer la coop\u00e9ration pour offrir des opportunit\u00e9s de formation plus accessibles et mieux adapt\u00e9es aux besoins des <a href=\"https:\/\/rapid-interim.com\/index.php\/2025\/02\/18\/travailleurs-interimaires-roumains-dans-lindustrie-laitiere-une-reponse-aux-besoins-en-main-doeuvre-qualifiee\/\" data-internallinksmanager029f6b8e52c=\"49\" title=\"Int\u00e9rimaires roumains : un atout pour l\u2019industrie laiti\u00e8re\">travailleurs int\u00e9rimaires<\/a>. Il est \u00e9galement essentiel de mettre en place des dispositifs d&rsquo;accompagnement pour surmonter les barri\u00e8res linguistiques et culturelles, ce qui contribuerait \u00e0 une meilleure int\u00e9gration et r\u00e9tention des <a href=\"https:\/\/rapid-interim.com\/index.php\/2025\/02\/18\/travailleurs-interimaires-roumains-dans-lindustrie-laitiere-une-reponse-aux-besoins-en-main-doeuvre-qualifiee\/\" data-internallinksmanager029f6b8e52c=\"49\" title=\"Int\u00e9rimaires roumains : un atout pour l\u2019industrie laiti\u00e8re\">travailleurs int\u00e9rimaires<\/a>.<\/p>\n\n\n\n<h4 class=\"wp-block-heading\">Conclusion<\/h4>\n\n\n\n<p class=\"wp-block-paragraph\">La formation et le d\u00e9veloppement des comp\u00e9tences sont essentiels pour l\u2019avenir des travailleurs <a href=\"https:\/\/rapid-interim.com\/index.php\/2025\/02\/18\/travailleurs-interimaires-roumains-dans-lindustrie-laitiere-une-reponse-aux-besoins-en-main-doeuvre-qualifiee\/\" data-internallinksmanager029f6b8e52c=\"26\" title=\"Interimaires Roumains\">int\u00e9rimaires roumains<\/a> dans les industries europ\u00e9ennes. En r\u00e9pondant aux d\u00e9fis actuels par des strat\u00e9gies de formation ad\u00e9quates et inclusives, il est possible d&rsquo;am\u00e9liorer l&#8217;employabilit\u00e9 des travailleurs, de renforcer la comp\u00e9titivit\u00e9 des entreprises et de contribuer \u00e0 l&rsquo;int\u00e9gration professionnelle de ces travailleurs au sein du march\u00e9 du travail europ\u00e9en. La coop\u00e9ration entre l&rsquo;UE, les entreprises et les <a href=\"https:\/\/rapid-interim.com\/\" data-internallinksmanager029f6b8e52c=\"47\" title=\"agences d\u2019int\u00e9rim\">agences d&rsquo;int\u00e9rim<\/a> sera d\u00e9terminante pour r\u00e9ussir cette transition vers un march\u00e9 du travail plus qualifi\u00e9 et \u00e9quitable.<\/p>\n","protected":false},"excerpt":{"rendered":"<p>Introduction L\u2019Union europ\u00e9enne (UE) conna\u00eet une diversit\u00e9 \u00e9conomique et industrielle marqu\u00e9e, avec des secteurs en constante \u00e9volution. Parmi les travailleurs migrants qui alimentent les industries europ\u00e9ennes, les travailleurs int\u00e9rimaires roumains occupent une place importante. Leur mobilit\u00e9 professionnelle au sein de l\u2019UE est en grande partie facilit\u00e9e par la libert\u00e9 de circulation, instaur\u00e9e depuis l&rsquo;adh\u00e9sion de [&hellip;]<\/p>\n","protected":false},"author":1,"featured_media":21925,"comment_status":"open","ping_status":"open","sticky":false,"template":"","format":"standard","meta":{"_crdt_document":"","_jetpack_memberships_contains_paid_content":false,"footnotes":""},"categories":[1,147],"tags":[128,73,127,75,126],"class_list":["post-21926","post","type-post","status-publish","format-standard","has-post-thumbnail","hentry","category-blog","category-industrie","tag-agence-interim-europeene","tag-agence-interim-roumanie","tag-agence-interim-travailleur-etranger","tag-travail-detache-roumanie","tag-travailleur-temporaire-roumain"],"yoast_head":"<!-- This site is optimized with the Yoast SEO plugin v27.5 - https:\/\/yoast.com\/product\/yoast-seo-wordpress\/ -->\n<title>Formation et d\u00e9veloppement des comp\u00e9tences : strat\u00e9gies pour les travailleurs int\u00e9rimaires roumains dans les industries europ\u00e9ennes - rapid-interim<\/title>\n<meta name=\"robots\" content=\"index, follow, max-snippet:-1, max-image-preview:large, max-video-preview:-1\" \/>\n<link rel=\"canonical\" href=\"https:\/\/rapid-interim.com\/index.php\/2025\/02\/03\/formation-et-developpement-des-competences-strategies-pour-les-travailleurs-interimaires-roumains-dans-les-industries-europeennes\/\" \/>\n<meta property=\"og:locale\" content=\"fr_FR\" \/>\n<meta property=\"og:type\" content=\"article\" \/>\n<meta property=\"og:title\" content=\"Formation et d\u00e9veloppement des comp\u00e9tences : strat\u00e9gies pour les travailleurs int\u00e9rimaires roumains dans les industries europ\u00e9ennes - rapid-interim\" \/>\n<meta property=\"og:description\" content=\"Introduction L\u2019Union europ\u00e9enne (UE) conna\u00eet une diversit\u00e9 \u00e9conomique et industrielle marqu\u00e9e, avec des secteurs en constante \u00e9volution. Parmi les travailleurs migrants qui alimentent les industries europ\u00e9ennes, les travailleurs int\u00e9rimaires roumains occupent une place importante. Leur mobilit\u00e9 professionnelle au sein de l\u2019UE est en grande partie facilit\u00e9e par la libert\u00e9 de circulation, instaur\u00e9e depuis l&rsquo;adh\u00e9sion de [&hellip;]\" \/>\n<meta property=\"og:url\" content=\"https:\/\/rapid-interim.com\/index.php\/2025\/02\/03\/formation-et-developpement-des-competences-strategies-pour-les-travailleurs-interimaires-roumains-dans-les-industries-europeennes\/\" \/>\n<meta property=\"og:site_name\" content=\"rapid-interim\" \/>\n<meta property=\"article:published_time\" content=\"2025-02-03T02:02:44+00:00\" \/>\n<meta property=\"og:image\" content=\"https:\/\/rapid-interim.com\/wp-content\/uploads\/2025\/02\/website_large-rm_1325.jpg\" \/>\n\t<meta property=\"og:image:width\" content=\"960\" \/>\n\t<meta property=\"og:image:height\" content=\"640\" \/>\n\t<meta property=\"og:image:type\" content=\"image\/jpeg\" \/>\n<meta name=\"author\" content=\"Marie Dubois\" \/>\n<meta name=\"twitter:card\" content=\"summary_large_image\" \/>\n<meta name=\"twitter:label1\" content=\"\u00c9crit par\" \/>\n\t<meta name=\"twitter:data1\" content=\"Marie Dubois\" \/>\n\t<meta name=\"twitter:label2\" content=\"Dur\u00e9e de lecture estim\u00e9e\" \/>\n\t<meta name=\"twitter:data2\" content=\"8 minutes\" \/>\n<script type=\"application\/ld+json\" class=\"yoast-schema-graph\">{\"@context\":\"https:\\\/\\\/schema.org\",\"@graph\":[{\"@type\":\"Article\",\"@id\":\"https:\\\/\\\/rapid-interim.com\\\/index.php\\\/2025\\\/02\\\/03\\\/formation-et-developpement-des-competences-strategies-pour-les-travailleurs-interimaires-roumains-dans-les-industries-europeennes\\\/#article\",\"isPartOf\":{\"@id\":\"https:\\\/\\\/rapid-interim.com\\\/index.php\\\/2025\\\/02\\\/03\\\/formation-et-developpement-des-competences-strategies-pour-les-travailleurs-interimaires-roumains-dans-les-industries-europeennes\\\/\"},\"author\":{\"name\":\"Marie Dubois\",\"@id\":\"https:\\\/\\\/rapid-interim.com\\\/#\\\/schema\\\/person\\\/c80cf67768e43267c59b9c4095fac056\"},\"headline\":\"Formation et d\u00e9veloppement des comp\u00e9tences : strat\u00e9gies pour les travailleurs int\u00e9rimaires roumains dans les industries europ\u00e9ennes\",\"datePublished\":\"2025-02-03T02:02:44+00:00\",\"mainEntityOfPage\":{\"@id\":\"https:\\\/\\\/rapid-interim.com\\\/index.php\\\/2025\\\/02\\\/03\\\/formation-et-developpement-des-competences-strategies-pour-les-travailleurs-interimaires-roumains-dans-les-industries-europeennes\\\/\"},\"wordCount\":1610,\"commentCount\":0,\"publisher\":{\"@id\":\"https:\\\/\\\/rapid-interim.com\\\/#organization\"},\"image\":{\"@id\":\"https:\\\/\\\/rapid-interim.com\\\/index.php\\\/2025\\\/02\\\/03\\\/formation-et-developpement-des-competences-strategies-pour-les-travailleurs-interimaires-roumains-dans-les-industries-europeennes\\\/#primaryimage\"},\"thumbnailUrl\":\"https:\\\/\\\/rapid-interim.com\\\/wp-content\\\/uploads\\\/2025\\\/02\\\/website_large-rm_1325.jpg\",\"keywords\":[\"agence interim europeene\",\"AGENCE INTERIM ROUMANIE\",\"agence interim travailleur etranger\",\"TRAVAIL DETACHE ROUMANIE\",\"travailleur temporaire roumain\"],\"articleSection\":[\"Blog\",\"Industrie\"],\"inLanguage\":\"fr-FR\",\"potentialAction\":[{\"@type\":\"CommentAction\",\"name\":\"Comment\",\"target\":[\"https:\\\/\\\/rapid-interim.com\\\/index.php\\\/2025\\\/02\\\/03\\\/formation-et-developpement-des-competences-strategies-pour-les-travailleurs-interimaires-roumains-dans-les-industries-europeennes\\\/#respond\"]}]},{\"@type\":\"WebPage\",\"@id\":\"https:\\\/\\\/rapid-interim.com\\\/index.php\\\/2025\\\/02\\\/03\\\/formation-et-developpement-des-competences-strategies-pour-les-travailleurs-interimaires-roumains-dans-les-industries-europeennes\\\/\",\"url\":\"https:\\\/\\\/rapid-interim.com\\\/index.php\\\/2025\\\/02\\\/03\\\/formation-et-developpement-des-competences-strategies-pour-les-travailleurs-interimaires-roumains-dans-les-industries-europeennes\\\/\",\"name\":\"Formation et d\u00e9veloppement des comp\u00e9tences : strat\u00e9gies pour les travailleurs int\u00e9rimaires roumains dans les industries europ\u00e9ennes - rapid-interim\",\"isPartOf\":{\"@id\":\"https:\\\/\\\/rapid-interim.com\\\/#website\"},\"primaryImageOfPage\":{\"@id\":\"https:\\\/\\\/rapid-interim.com\\\/index.php\\\/2025\\\/02\\\/03\\\/formation-et-developpement-des-competences-strategies-pour-les-travailleurs-interimaires-roumains-dans-les-industries-europeennes\\\/#primaryimage\"},\"image\":{\"@id\":\"https:\\\/\\\/rapid-interim.com\\\/index.php\\\/2025\\\/02\\\/03\\\/formation-et-developpement-des-competences-strategies-pour-les-travailleurs-interimaires-roumains-dans-les-industries-europeennes\\\/#primaryimage\"},\"thumbnailUrl\":\"https:\\\/\\\/rapid-interim.com\\\/wp-content\\\/uploads\\\/2025\\\/02\\\/website_large-rm_1325.jpg\",\"datePublished\":\"2025-02-03T02:02:44+00:00\",\"breadcrumb\":{\"@id\":\"https:\\\/\\\/rapid-interim.com\\\/index.php\\\/2025\\\/02\\\/03\\\/formation-et-developpement-des-competences-strategies-pour-les-travailleurs-interimaires-roumains-dans-les-industries-europeennes\\\/#breadcrumb\"},\"inLanguage\":\"fr-FR\",\"potentialAction\":[{\"@type\":\"ReadAction\",\"target\":[\"https:\\\/\\\/rapid-interim.com\\\/index.php\\\/2025\\\/02\\\/03\\\/formation-et-developpement-des-competences-strategies-pour-les-travailleurs-interimaires-roumains-dans-les-industries-europeennes\\\/\"]}]},{\"@type\":\"ImageObject\",\"inLanguage\":\"fr-FR\",\"@id\":\"https:\\\/\\\/rapid-interim.com\\\/index.php\\\/2025\\\/02\\\/03\\\/formation-et-developpement-des-competences-strategies-pour-les-travailleurs-interimaires-roumains-dans-les-industries-europeennes\\\/#primaryimage\",\"url\":\"https:\\\/\\\/rapid-interim.com\\\/wp-content\\\/uploads\\\/2025\\\/02\\\/website_large-rm_1325.jpg\",\"contentUrl\":\"https:\\\/\\\/rapid-interim.com\\\/wp-content\\\/uploads\\\/2025\\\/02\\\/website_large-rm_1325.jpg\",\"width\":960,\"height\":640},{\"@type\":\"BreadcrumbList\",\"@id\":\"https:\\\/\\\/rapid-interim.com\\\/index.php\\\/2025\\\/02\\\/03\\\/formation-et-developpement-des-competences-strategies-pour-les-travailleurs-interimaires-roumains-dans-les-industries-europeennes\\\/#breadcrumb\",\"itemListElement\":[{\"@type\":\"ListItem\",\"position\":1,\"name\":\"Accueil\",\"item\":\"https:\\\/\\\/rapid-interim.com\\\/\"},{\"@type\":\"ListItem\",\"position\":2,\"name\":\"Formation et d\u00e9veloppement des comp\u00e9tences : strat\u00e9gies pour les travailleurs int\u00e9rimaires roumains dans les industries europ\u00e9ennes\"}]},{\"@type\":\"WebSite\",\"@id\":\"https:\\\/\\\/rapid-interim.com\\\/#website\",\"url\":\"https:\\\/\\\/rapid-interim.com\\\/\",\"name\":\"rapid-interim\",\"description\":\"Interim et travail temporaire\",\"publisher\":{\"@id\":\"https:\\\/\\\/rapid-interim.com\\\/#organization\"},\"potentialAction\":[{\"@type\":\"SearchAction\",\"target\":{\"@type\":\"EntryPoint\",\"urlTemplate\":\"https:\\\/\\\/rapid-interim.com\\\/?s={search_term_string}\"},\"query-input\":{\"@type\":\"PropertyValueSpecification\",\"valueRequired\":true,\"valueName\":\"search_term_string\"}}],\"inLanguage\":\"fr-FR\"},{\"@type\":\"Organization\",\"@id\":\"https:\\\/\\\/rapid-interim.com\\\/#organization\",\"name\":\"rapid-interim\",\"url\":\"https:\\\/\\\/rapid-interim.com\\\/\",\"logo\":{\"@type\":\"ImageObject\",\"inLanguage\":\"fr-FR\",\"@id\":\"https:\\\/\\\/rapid-interim.com\\\/#\\\/schema\\\/logo\\\/image\\\/\",\"url\":\"https:\\\/\\\/rapid-interim.com\\\/wp-content\\\/uploads\\\/2022\\\/06\\\/cropped-rapid-inetrim.png\",\"contentUrl\":\"https:\\\/\\\/rapid-interim.com\\\/wp-content\\\/uploads\\\/2022\\\/06\\\/cropped-rapid-inetrim.png\",\"width\":314,\"height\":137,\"caption\":\"rapid-interim\"},\"image\":{\"@id\":\"https:\\\/\\\/rapid-interim.com\\\/#\\\/schema\\\/logo\\\/image\\\/\"}},{\"@type\":\"Person\",\"@id\":\"https:\\\/\\\/rapid-interim.com\\\/#\\\/schema\\\/person\\\/c80cf67768e43267c59b9c4095fac056\",\"name\":\"Marie Dubois\",\"image\":{\"@type\":\"ImageObject\",\"inLanguage\":\"fr-FR\",\"@id\":\"https:\\\/\\\/secure.gravatar.com\\\/avatar\\\/c5d9a389371c49a3eb3d5c05c1bdb9d2124cabb2c990e1eb227c370b66139bfe?s=96&d=mm&r=g\",\"url\":\"https:\\\/\\\/secure.gravatar.com\\\/avatar\\\/c5d9a389371c49a3eb3d5c05c1bdb9d2124cabb2c990e1eb227c370b66139bfe?s=96&d=mm&r=g\",\"contentUrl\":\"https:\\\/\\\/secure.gravatar.com\\\/avatar\\\/c5d9a389371c49a3eb3d5c05c1bdb9d2124cabb2c990e1eb227c370b66139bfe?s=96&d=mm&r=g\",\"caption\":\"Marie Dubois\"},\"sameAs\":[\"http:\\\/\\\/rapid-interim.com\"],\"url\":\"https:\\\/\\\/rapid-interim.com\\\/index.php\\\/author\\\/rapid-interim-com\\\/\"}]}<\/script>\n<!-- \/ Yoast SEO plugin. -->","yoast_head_json":{"title":"Formation et d\u00e9veloppement des comp\u00e9tences : strat\u00e9gies pour les travailleurs int\u00e9rimaires roumains dans les industries europ\u00e9ennes - rapid-interim","robots":{"index":"index","follow":"follow","max-snippet":"max-snippet:-1","max-image-preview":"max-image-preview:large","max-video-preview":"max-video-preview:-1"},"canonical":"https:\/\/rapid-interim.com\/index.php\/2025\/02\/03\/formation-et-developpement-des-competences-strategies-pour-les-travailleurs-interimaires-roumains-dans-les-industries-europeennes\/","og_locale":"fr_FR","og_type":"article","og_title":"Formation et d\u00e9veloppement des comp\u00e9tences : strat\u00e9gies pour les travailleurs int\u00e9rimaires roumains dans les industries europ\u00e9ennes - rapid-interim","og_description":"Introduction L\u2019Union europ\u00e9enne (UE) conna\u00eet une diversit\u00e9 \u00e9conomique et industrielle marqu\u00e9e, avec des secteurs en constante \u00e9volution. Parmi les travailleurs migrants qui alimentent les industries europ\u00e9ennes, les travailleurs int\u00e9rimaires roumains occupent une place importante. Leur mobilit\u00e9 professionnelle au sein de l\u2019UE est en grande partie facilit\u00e9e par la libert\u00e9 de circulation, instaur\u00e9e depuis l&rsquo;adh\u00e9sion de [&hellip;]","og_url":"https:\/\/rapid-interim.com\/index.php\/2025\/02\/03\/formation-et-developpement-des-competences-strategies-pour-les-travailleurs-interimaires-roumains-dans-les-industries-europeennes\/","og_site_name":"rapid-interim","article_published_time":"2025-02-03T02:02:44+00:00","og_image":[{"width":960,"height":640,"url":"https:\/\/rapid-interim.com\/wp-content\/uploads\/2025\/02\/website_large-rm_1325.jpg","type":"image\/jpeg"}],"author":"Marie Dubois","twitter_card":"summary_large_image","twitter_misc":{"\u00c9crit par":"Marie Dubois","Dur\u00e9e de lecture estim\u00e9e":"8 minutes"},"schema":{"@context":"https:\/\/schema.org","@graph":[{"@type":"Article","@id":"https:\/\/rapid-interim.com\/index.php\/2025\/02\/03\/formation-et-developpement-des-competences-strategies-pour-les-travailleurs-interimaires-roumains-dans-les-industries-europeennes\/#article","isPartOf":{"@id":"https:\/\/rapid-interim.com\/index.php\/2025\/02\/03\/formation-et-developpement-des-competences-strategies-pour-les-travailleurs-interimaires-roumains-dans-les-industries-europeennes\/"},"author":{"name":"Marie Dubois","@id":"https:\/\/rapid-interim.com\/#\/schema\/person\/c80cf67768e43267c59b9c4095fac056"},"headline":"Formation et d\u00e9veloppement des comp\u00e9tences : strat\u00e9gies pour les travailleurs int\u00e9rimaires roumains dans les industries europ\u00e9ennes","datePublished":"2025-02-03T02:02:44+00:00","mainEntityOfPage":{"@id":"https:\/\/rapid-interim.com\/index.php\/2025\/02\/03\/formation-et-developpement-des-competences-strategies-pour-les-travailleurs-interimaires-roumains-dans-les-industries-europeennes\/"},"wordCount":1610,"commentCount":0,"publisher":{"@id":"https:\/\/rapid-interim.com\/#organization"},"image":{"@id":"https:\/\/rapid-interim.com\/index.php\/2025\/02\/03\/formation-et-developpement-des-competences-strategies-pour-les-travailleurs-interimaires-roumains-dans-les-industries-europeennes\/#primaryimage"},"thumbnailUrl":"https:\/\/rapid-interim.com\/wp-content\/uploads\/2025\/02\/website_large-rm_1325.jpg","keywords":["agence interim europeene","AGENCE INTERIM ROUMANIE","agence interim travailleur etranger","TRAVAIL DETACHE ROUMANIE","travailleur temporaire roumain"],"articleSection":["Blog","Industrie"],"inLanguage":"fr-FR","potentialAction":[{"@type":"CommentAction","name":"Comment","target":["https:\/\/rapid-interim.com\/index.php\/2025\/02\/03\/formation-et-developpement-des-competences-strategies-pour-les-travailleurs-interimaires-roumains-dans-les-industries-europeennes\/#respond"]}]},{"@type":"WebPage","@id":"https:\/\/rapid-interim.com\/index.php\/2025\/02\/03\/formation-et-developpement-des-competences-strategies-pour-les-travailleurs-interimaires-roumains-dans-les-industries-europeennes\/","url":"https:\/\/rapid-interim.com\/index.php\/2025\/02\/03\/formation-et-developpement-des-competences-strategies-pour-les-travailleurs-interimaires-roumains-dans-les-industries-europeennes\/","name":"Formation et d\u00e9veloppement des comp\u00e9tences : strat\u00e9gies pour les travailleurs int\u00e9rimaires roumains dans les industries europ\u00e9ennes - rapid-interim","isPartOf":{"@id":"https:\/\/rapid-interim.com\/#website"},"primaryImageOfPage":{"@id":"https:\/\/rapid-interim.com\/index.php\/2025\/02\/03\/formation-et-developpement-des-competences-strategies-pour-les-travailleurs-interimaires-roumains-dans-les-industries-europeennes\/#primaryimage"},"image":{"@id":"https:\/\/rapid-interim.com\/index.php\/2025\/02\/03\/formation-et-developpement-des-competences-strategies-pour-les-travailleurs-interimaires-roumains-dans-les-industries-europeennes\/#primaryimage"},"thumbnailUrl":"https:\/\/rapid-interim.com\/wp-content\/uploads\/2025\/02\/website_large-rm_1325.jpg","datePublished":"2025-02-03T02:02:44+00:00","breadcrumb":{"@id":"https:\/\/rapid-interim.com\/index.php\/2025\/02\/03\/formation-et-developpement-des-competences-strategies-pour-les-travailleurs-interimaires-roumains-dans-les-industries-europeennes\/#breadcrumb"},"inLanguage":"fr-FR","potentialAction":[{"@type":"ReadAction","target":["https:\/\/rapid-interim.com\/index.php\/2025\/02\/03\/formation-et-developpement-des-competences-strategies-pour-les-travailleurs-interimaires-roumains-dans-les-industries-europeennes\/"]}]},{"@type":"ImageObject","inLanguage":"fr-FR","@id":"https:\/\/rapid-interim.com\/index.php\/2025\/02\/03\/formation-et-developpement-des-competences-strategies-pour-les-travailleurs-interimaires-roumains-dans-les-industries-europeennes\/#primaryimage","url":"https:\/\/rapid-interim.com\/wp-content\/uploads\/2025\/02\/website_large-rm_1325.jpg","contentUrl":"https:\/\/rapid-interim.com\/wp-content\/uploads\/2025\/02\/website_large-rm_1325.jpg","width":960,"height":640},{"@type":"BreadcrumbList","@id":"https:\/\/rapid-interim.com\/index.php\/2025\/02\/03\/formation-et-developpement-des-competences-strategies-pour-les-travailleurs-interimaires-roumains-dans-les-industries-europeennes\/#breadcrumb","itemListElement":[{"@type":"ListItem","position":1,"name":"Accueil","item":"https:\/\/rapid-interim.com\/"},{"@type":"ListItem","position":2,"name":"Formation et d\u00e9veloppement des comp\u00e9tences : strat\u00e9gies pour les travailleurs int\u00e9rimaires roumains dans les industries europ\u00e9ennes"}]},{"@type":"WebSite","@id":"https:\/\/rapid-interim.com\/#website","url":"https:\/\/rapid-interim.com\/","name":"rapid-interim","description":"Interim et travail temporaire","publisher":{"@id":"https:\/\/rapid-interim.com\/#organization"},"potentialAction":[{"@type":"SearchAction","target":{"@type":"EntryPoint","urlTemplate":"https:\/\/rapid-interim.com\/?s={search_term_string}"},"query-input":{"@type":"PropertyValueSpecification","valueRequired":true,"valueName":"search_term_string"}}],"inLanguage":"fr-FR"},{"@type":"Organization","@id":"https:\/\/rapid-interim.com\/#organization","name":"rapid-interim","url":"https:\/\/rapid-interim.com\/","logo":{"@type":"ImageObject","inLanguage":"fr-FR","@id":"https:\/\/rapid-interim.com\/#\/schema\/logo\/image\/","url":"https:\/\/rapid-interim.com\/wp-content\/uploads\/2022\/06\/cropped-rapid-inetrim.png","contentUrl":"https:\/\/rapid-interim.com\/wp-content\/uploads\/2022\/06\/cropped-rapid-inetrim.png","width":314,"height":137,"caption":"rapid-interim"},"image":{"@id":"https:\/\/rapid-interim.com\/#\/schema\/logo\/image\/"}},{"@type":"Person","@id":"https:\/\/rapid-interim.com\/#\/schema\/person\/c80cf67768e43267c59b9c4095fac056","name":"Marie Dubois","image":{"@type":"ImageObject","inLanguage":"fr-FR","@id":"https:\/\/secure.gravatar.com\/avatar\/c5d9a389371c49a3eb3d5c05c1bdb9d2124cabb2c990e1eb227c370b66139bfe?s=96&d=mm&r=g","url":"https:\/\/secure.gravatar.com\/avatar\/c5d9a389371c49a3eb3d5c05c1bdb9d2124cabb2c990e1eb227c370b66139bfe?s=96&d=mm&r=g","contentUrl":"https:\/\/secure.gravatar.com\/avatar\/c5d9a389371c49a3eb3d5c05c1bdb9d2124cabb2c990e1eb227c370b66139bfe?s=96&d=mm&r=g","caption":"Marie Dubois"},"sameAs":["http:\/\/rapid-interim.com"],"url":"https:\/\/rapid-interim.com\/index.php\/author\/rapid-interim-com\/"}]}},"jetpack_featured_media_url":"https:\/\/rapid-interim.com\/wp-content\/uploads\/2025\/02\/website_large-rm_1325.jpg","jetpack_sharing_enabled":true,"_links":{"self":[{"href":"https:\/\/rapid-interim.com\/index.php\/wp-json\/wp\/v2\/posts\/21926","targetHints":{"allow":["GET"]}}],"collection":[{"href":"https:\/\/rapid-interim.com\/index.php\/wp-json\/wp\/v2\/posts"}],"about":[{"href":"https:\/\/rapid-interim.com\/index.php\/wp-json\/wp\/v2\/types\/post"}],"author":[{"embeddable":true,"href":"https:\/\/rapid-interim.com\/index.php\/wp-json\/wp\/v2\/users\/1"}],"replies":[{"embeddable":true,"href":"https:\/\/rapid-interim.com\/index.php\/wp-json\/wp\/v2\/comments?post=21926"}],"version-history":[{"count":0,"href":"https:\/\/rapid-interim.com\/index.php\/wp-json\/wp\/v2\/posts\/21926\/revisions"}],"wp:featuredmedia":[{"embeddable":true,"href":"https:\/\/rapid-interim.com\/index.php\/wp-json\/wp\/v2\/media\/21925"}],"wp:attachment":[{"href":"https:\/\/rapid-interim.com\/index.php\/wp-json\/wp\/v2\/media?parent=21926"}],"wp:term":[{"taxonomy":"category","embeddable":true,"href":"https:\/\/rapid-interim.com\/index.php\/wp-json\/wp\/v2\/categories?post=21926"},{"taxonomy":"post_tag","embeddable":true,"href":"https:\/\/rapid-interim.com\/index.php\/wp-json\/wp\/v2\/tags?post=21926"}],"curies":[{"name":"wp","href":"https:\/\/api.w.org\/{rel}","templated":true}]}}