{"id":21920,"date":"2025-02-23T02:48:14","date_gmt":"2025-02-23T01:48:14","guid":{"rendered":"https:\/\/rapid-interim.com\/index.php\/2025\/02\/02\/la-gestion-de-la-main-doeuvre-interimaire-roumaine-dans-le-secteur-automobile-europeen\/"},"modified":"2025-03-03T20:48:22","modified_gmt":"2025-03-03T19:48:22","slug":"la-gestion-de-la-main-doeuvre-interimaire-roumaine-dans-le-secteur-automobile-europeen","status":"publish","type":"post","link":"https:\/\/rapid-interim.com\/index.php\/2025\/02\/23\/la-gestion-de-la-main-doeuvre-interimaire-roumaine-dans-le-secteur-automobile-europeen\/","title":{"rendered":"Gestion de la main-d&rsquo;\u0153uvre int\u00e9rimaire roumaine dans l&rsquo;automobile"},"content":{"rendered":"\r\n<h3 class=\"wp-block-heading\">Introduction<\/h3>\r\n\r\n\r\n\r\n<p class=\"wp-block-paragraph\">Le secteur automobile europ\u00e9en est l&rsquo;un des secteurs les plus importants et les plus dynamiques de l&rsquo;\u00e9conomie europ\u00e9enne, repr\u00e9sentant une part significative du produit int\u00e9rieur brut (PIB) de plusieurs pays. Cette industrie est marqu\u00e9e par une forte d\u00e9pendance \u00e0 l&rsquo;\u00e9gard de la main-d&rsquo;\u0153uvre, en particulier dans le cadre de la production en s\u00e9rie et de l&rsquo;assemblage, o\u00f9 la flexibilit\u00e9 de la main-d&rsquo;\u0153uvre est essentielle. Dans ce contexte, la main-d&rsquo;\u0153uvre int\u00e9rimaire joue un r\u00f4le cl\u00e9, notamment celle en provenance de pays comme la Roumanie, qui constitue une source importante de travailleurs temporaires dans l&rsquo;industrie automobile europ\u00e9enne.<\/p>\r\n\r\n\r\n\r\n<p class=\"wp-block-paragraph\">La gestion de la main-d&rsquo;\u0153uvre int\u00e9rimaire roumaine dans ce secteur est influenc\u00e9e par des facteurs \u00e9conomiques, sociaux et l\u00e9gislatifs, tant en Roumanie qu&rsquo;au niveau europ\u00e9en. Les pratiques de gestion des ressources humaines (GRH) doivent prendre en compte ces sp\u00e9cificit\u00e9s pour garantir une main-d&rsquo;\u0153uvre int\u00e9rimaire productive, motiv\u00e9e et bien int\u00e9gr\u00e9e dans les cha\u00eenes de production. Cet article explore la gestion de cette main-d&rsquo;\u0153uvre int\u00e9rimaire roumaine dans le secteur automobile europ\u00e9en, en mettant l&rsquo;accent sur les d\u00e9fis, les opportunit\u00e9s et les meilleures pratiques adopt\u00e9es par les entreprises.<\/p>\r\n\r\n\r\n\r\n<figure class=\"wp-block-image size-large\"><img fetchpriority=\"high\" decoding=\"async\" width=\"600\" height=\"400\" class=\"wp-image-21917\" src=\"https:\/\/rapid-interim.com\/wp-content\/uploads\/2025\/02\/01082018145606mecanicafluidos01812650059407981218.jpg\" alt=\"\" srcset=\"https:\/\/rapid-interim.com\/wp-content\/uploads\/2025\/02\/01082018145606mecanicafluidos01812650059407981218.jpg 600w, https:\/\/rapid-interim.com\/wp-content\/uploads\/2025\/02\/01082018145606mecanicafluidos01812650059407981218-300x200.jpg 300w\" sizes=\"(max-width: 600px) 100vw, 600px\" \/><\/figure>\r\n\r\n\r\n\r\n<h3 class=\"wp-block-heading\">1. Le r\u00f4le de la main-d&rsquo;\u0153uvre int\u00e9rimaire roumaine dans l&rsquo;industrie automobile europ\u00e9enne<\/h3>\r\n\r\n\r\n\r\n<h4 class=\"wp-block-heading\">1.1. L&rsquo;importance de la Roumanie comme fournisseur de main-d&rsquo;\u0153uvre<\/h4>\r\n\r\n\r\n\r\n<p class=\"wp-block-paragraph\">La Roumanie, membre de l&rsquo;Union europ\u00e9enne depuis 2007, constitue un fournisseur majeur de main-d&rsquo;\u0153uvre int\u00e9rimaire pour les entreprises du secteur automobile en Europe. En raison des diff\u00e9rences salariales entre l&rsquo;Europe de l&rsquo;Ouest et l&rsquo;Est, la Roumanie est devenue une source cl\u00e9 de main-d&rsquo;\u0153uvre bon march\u00e9 pour les usines automobile en Allemagne, en France, en Italie et dans d&rsquo;autres pays europ\u00e9ens. Ces <a href=\"https:\/\/rapid-interim.com\/index.php\/2025\/02\/18\/travailleurs-interimaires-roumains-dans-lindustrie-laitiere-une-reponse-aux-besoins-en-main-doeuvre-qualifiee\/\" data-internallinksmanager029f6b8e52c=\"49\" title=\"Int\u00e9rimaires roumains : un atout pour l\u2019industrie laiti\u00e8re\">travailleurs int\u00e9rimaires<\/a> sont souvent employ\u00e9s dans les usines d&rsquo;assemblage, les lignes de production, ainsi que dans les cha\u00eenes logistiques.<\/p>\r\n\r\n\r\n\r\n<p class=\"wp-block-paragraph\">Les avantages pour les entreprises automobiles europ\u00e9ennes qui emploient de la main-d&rsquo;\u0153uvre int\u00e9rimaire roumaine sont multiples :<\/p>\r\n\r\n\r\n\r\n<ul class=\"wp-block-list\">\r\n<li><strong>R\u00e9duction des co\u00fbts de main-d&rsquo;\u0153uvre<\/strong> : La r\u00e9mun\u00e9ration des travailleurs <a href=\"https:\/\/rapid-interim.com\/index.php\/2025\/02\/18\/travailleurs-interimaires-roumains-dans-lindustrie-laitiere-une-reponse-aux-besoins-en-main-doeuvre-qualifiee\/\" data-internallinksmanager029f6b8e52c=\"26\" title=\"Interimaires Roumains\">int\u00e9rimaires roumains<\/a> est g\u00e9n\u00e9ralement inf\u00e9rieure \u00e0 celle des travailleurs permanents dans les pays d&rsquo;accueil.<\/li>\r\n\r\n\r\n\r\n<li><strong>Flexibilit\u00e9<\/strong> : L&rsquo;int\u00e9rim permet aux entreprises d&rsquo;ajuster rapidement leur effectif en fonction des fluctuations de la demande de production, ce qui est essentiel dans un secteur aussi cyclique que l&rsquo;automobile.<\/li>\r\n\r\n\r\n\r\n<li><strong>Disponibilit\u00e9<\/strong> : En raison de la migration de <a href=\"https:\/\/rapid-interim.com\/index.php\/2025\/02\/24\/reglementation-europeenne-et-detachement-des-travailleurs-roumains\/\" data-internallinksmanager029f6b8e52c=\"28\" title=\"Travailleurs roumains\">travailleurs roumains<\/a> vers d&rsquo;autres pays europ\u00e9ens, il existe une disponibilit\u00e9 de <a href=\"https:\/\/rapid-interim.com\/\" data-internallinksmanager029f6b8e52c=\"45\" title=\"Main-d\u2019\u0153uvre qualifi\u00e9e\">main-d&rsquo;\u0153uvre qualifi\u00e9e<\/a> pr\u00eate \u00e0 travailler dans des conditions temporaires.<\/li>\r\n<\/ul>\r\n\r\n\r\n\r\n<h4 class=\"wp-block-heading\">1.2. Les sp\u00e9cificit\u00e9s de la main-d&rsquo;\u0153uvre int\u00e9rimaire roumaine<\/h4>\r\n\r\n\r\n\r\n<p class=\"wp-block-paragraph\">Les travailleurs <a href=\"https:\/\/rapid-interim.com\/index.php\/2025\/02\/18\/travailleurs-interimaires-roumains-dans-lindustrie-laitiere-une-reponse-aux-besoins-en-main-doeuvre-qualifiee\/\" data-internallinksmanager029f6b8e52c=\"26\" title=\"Interimaires Roumains\">int\u00e9rimaires roumains<\/a> sont souvent motiv\u00e9s par des opportunit\u00e9s d&#8217;emploi plus stables et mieux r\u00e9mun\u00e9r\u00e9es que celles disponibles en Roumanie. Toutefois, cette main-d&rsquo;\u0153uvre pr\u00e9sente des particularit\u00e9s :<\/p>\r\n\r\n\r\n\r\n<ul class=\"wp-block-list\">\r\n<li><strong>Comp\u00e9tences techniques<\/strong> : Les <a href=\"https:\/\/rapid-interim.com\/index.php\/2025\/02\/24\/reglementation-europeenne-et-detachement-des-travailleurs-roumains\/\" data-internallinksmanager029f6b8e52c=\"28\" title=\"Travailleurs roumains\">travailleurs roumains<\/a> sont r\u00e9put\u00e9s pour leur capacit\u00e9 \u00e0 s\u2019adapter rapidement aux processus industriels et \u00e0 travailler dans des environnements exigeants, gr\u00e2ce \u00e0 leur formation technique et \u00e0 leur exp\u00e9rience dans des industries comme l\u2019automobile, la construction et la m\u00e9tallurgie.<\/li>\r\n\r\n\r\n\r\n<li><strong>Mobilit\u00e9 g\u00e9ographique<\/strong> : La capacit\u00e9 de la main-d&rsquo;\u0153uvre roumaine \u00e0 se d\u00e9placer au sein de l&rsquo;Europe pour travailler dans des usines est un atout pour les employeurs. Les <a href=\"https:\/\/rapid-interim.com\/index.php\/2025\/02\/24\/reglementation-europeenne-et-detachement-des-travailleurs-roumains\/\" data-internallinksmanager029f6b8e52c=\"28\" title=\"Travailleurs roumains\">travailleurs roumains<\/a> sont souvent pr\u00eats \u00e0 travailler dans des r\u00e9gions o\u00f9 il y a des p\u00e9nuries de main-d&rsquo;\u0153uvre, notamment dans les zones industrielles de l&rsquo;Allemagne, de la France ou de l&rsquo;Italie.<\/li>\r\n\r\n\r\n\r\n<li><strong><a href=\"https:\/\/rapid-interim.com\/index.php\/2025\/01\/22\/les-conditions-de-travail-des-interimaires-roumains-dans-le-secteur-de-la-logistique\/\" data-internallinksmanager029f6b8e52c=\"46\" title=\"conditions de travail\">Conditions de travail<\/a> et logement<\/strong> : La gestion de la main-d&rsquo;\u0153uvre int\u00e9rimaire roumaine pose parfois des d\u00e9fis en mati\u00e8re de logement, de transport et d\u2019int\u00e9gration dans des environnements de travail multiculturels. Ces travailleurs peuvent se retrouver confront\u00e9s \u00e0 des conditions de logement pr\u00e9caires ou \u00e0 des situations de pr\u00e9carit\u00e9 sociale.<\/li>\r\n<\/ul>\r\n\r\n\r\n\r\n<h3 class=\"wp-block-heading\">2. La gestion des ressources humaines pour la main-d&rsquo;\u0153uvre int\u00e9rimaire roumaine<\/h3>\r\n\r\n\r\n\r\n<h4 class=\"wp-block-heading\">2.1. Recrutement et s\u00e9lection<\/h4>\r\n\r\n\r\n\r\n<p class=\"wp-block-paragraph\">Le <a href=\"https:\/\/rapid-interim.com\/\" data-internallinksmanager029f6b8e52c=\"44\" title=\"Accueil - Agence d&#039;interim roumaine\">recrutement<\/a> de travailleurs <a href=\"https:\/\/rapid-interim.com\/index.php\/2025\/02\/18\/travailleurs-interimaires-roumains-dans-lindustrie-laitiere-une-reponse-aux-besoins-en-main-doeuvre-qualifiee\/\" data-internallinksmanager029f6b8e52c=\"26\" title=\"Interimaires Roumains\">int\u00e9rimaires roumains<\/a> dans le secteur automobile europ\u00e9en implique g\u00e9n\u00e9ralement une collaboration entre les entreprises et les <a href=\"https:\/\/rapid-interim.com\/\" data-internallinksmanager029f6b8e52c=\"47\" title=\"agences d\u2019int\u00e9rim\">agences d\u2019int\u00e9rim<\/a>. Les entreprises de <a href=\"https:\/\/rapid-interim.com\/\" data-internallinksmanager029f6b8e52c=\"44\" title=\"Accueil - Agence d&#039;interim roumaine\">recrutement<\/a>, en particulier celles sp\u00e9cialis\u00e9es dans la main-d&rsquo;\u0153uvre internationale, facilitent l&rsquo;int\u00e9gration des <a href=\"https:\/\/rapid-interim.com\/index.php\/2025\/02\/24\/reglementation-europeenne-et-detachement-des-travailleurs-roumains\/\" data-internallinksmanager029f6b8e52c=\"28\" title=\"Travailleurs roumains\">travailleurs roumains<\/a> dans les usines automobiles. Les processus de <a href=\"https:\/\/rapid-interim.com\/\" data-internallinksmanager029f6b8e52c=\"44\" title=\"Accueil - Agence d&#039;interim roumaine\">recrutement<\/a> doivent tenir compte de divers facteurs :<\/p>\r\n\r\n\r\n\r\n<ul class=\"wp-block-list\">\r\n<li><strong>Formation pr\u00e9alable<\/strong> : Afin de r\u00e9duire le temps d\u2019adaptation et de maximiser la productivit\u00e9, les travailleurs <a href=\"https:\/\/rapid-interim.com\/index.php\/2025\/02\/18\/travailleurs-interimaires-roumains-dans-lindustrie-laitiere-une-reponse-aux-besoins-en-main-doeuvre-qualifiee\/\" data-internallinksmanager029f6b8e52c=\"26\" title=\"Interimaires Roumains\">int\u00e9rimaires roumains<\/a> doivent souvent suivre une formation sur les normes de s\u00e9curit\u00e9, les proc\u00e9d\u00e9s sp\u00e9cifiques de production et les technologies utilis\u00e9es dans l\u2019usine automobile.<\/li>\r\n\r\n\r\n\r\n<li><strong>V\u00e9rification des comp\u00e9tences<\/strong> : Les entreprises doivent s\u2019assurer que les <a href=\"https:\/\/rapid-interim.com\/index.php\/2025\/02\/18\/travailleurs-interimaires-roumains-dans-lindustrie-laitiere-une-reponse-aux-besoins-en-main-doeuvre-qualifiee\/\" data-internallinksmanager029f6b8e52c=\"49\" title=\"Int\u00e9rimaires roumains : un atout pour l\u2019industrie laiti\u00e8re\">travailleurs int\u00e9rimaires<\/a> disposent des comp\u00e9tences n\u00e9cessaires pour occuper des postes sp\u00e9cialis\u00e9s dans la fabrication automobile, notamment en mati\u00e8re de montage, d\u2019assemblage et de maintenance.<\/li>\r\n<\/ul>\r\n\r\n\r\n\r\n<h4 class=\"wp-block-heading\">2.2. Int\u00e9gration et gestion de la diversit\u00e9<\/h4>\r\n\r\n\r\n\r\n<p class=\"wp-block-paragraph\">Une des pr\u00e9occupations majeures pour la gestion des ressources humaines dans le secteur automobile est l\u2019int\u00e9gration des travailleurs <a href=\"https:\/\/rapid-interim.com\/index.php\/2025\/02\/18\/travailleurs-interimaires-roumains-dans-lindustrie-laitiere-une-reponse-aux-besoins-en-main-doeuvre-qualifiee\/\" data-internallinksmanager029f6b8e52c=\"26\" title=\"Interimaires Roumains\">int\u00e9rimaires roumains<\/a> dans des environnements de travail souvent multiculturels. L\u2019adaptation \u00e0 une nouvelle culture d&rsquo;entreprise, la communication interculturelle et la gestion des diff\u00e9rences linguistiques sont des \u00e9l\u00e9ments cl\u00e9s \u00e0 prendre en compte. Les entreprises doivent veiller \u00e0 ce que les <a href=\"https:\/\/rapid-interim.com\/index.php\/2025\/02\/18\/travailleurs-interimaires-roumains-dans-lindustrie-laitiere-une-reponse-aux-besoins-en-main-doeuvre-qualifiee\/\" data-internallinksmanager029f6b8e52c=\"26\" title=\"Interimaires Roumains\">int\u00e9rimaires roumains<\/a> :<\/p>\r\n\r\n\r\n\r\n<ul class=\"wp-block-list\">\r\n<li><strong>Se sentent inclus et valoris\u00e9s<\/strong> : L&rsquo;inclusion des <a href=\"https:\/\/rapid-interim.com\/index.php\/2025\/02\/18\/travailleurs-interimaires-roumains-dans-lindustrie-laitiere-une-reponse-aux-besoins-en-main-doeuvre-qualifiee\/\" data-internallinksmanager029f6b8e52c=\"26\" title=\"Interimaires Roumains\">int\u00e9rimaires roumains<\/a> dans des \u00e9quipes de travail diversifi\u00e9es n\u00e9cessite un leadership efficace, une communication claire et des initiatives de coh\u00e9sion sociale.<\/li>\r\n\r\n\r\n\r\n<li><strong>B\u00e9n\u00e9ficient d\u2019un suivi appropri\u00e9<\/strong> : Un suivi r\u00e9gulier de leur bien-\u00eatre, de leurs performances et de leur adaptation \u00e0 l\u2019environnement de travail est essentiel pour maintenir la productivit\u00e9 et \u00e9viter des conflits li\u00e9s \u00e0 des malentendus culturels.<\/li>\r\n<\/ul>\r\n\r\n\r\n\r\n<h4 class=\"wp-block-heading\">2.3. Formation et d\u00e9veloppement des comp\u00e9tences<\/h4>\r\n\r\n\r\n\r\n<p class=\"wp-block-paragraph\">Bien que les travailleurs <a href=\"https:\/\/rapid-interim.com\/index.php\/2025\/02\/18\/travailleurs-interimaires-roumains-dans-lindustrie-laitiere-une-reponse-aux-besoins-en-main-doeuvre-qualifiee\/\" data-internallinksmanager029f6b8e52c=\"26\" title=\"Interimaires Roumains\">int\u00e9rimaires roumains<\/a> poss\u00e8dent souvent des comp\u00e9tences techniques de base, l\u2019industrie automobile europ\u00e9enne n\u00e9cessite des formations continues pour s\u2019adapter aux nouvelles technologies et aux exigences sp\u00e9cifiques du secteur. Les entreprises doivent investir dans :<\/p>\r\n\r\n\r\n\r\n<ul class=\"wp-block-list\">\r\n<li><strong>La formation sur les processus de production<\/strong> : Les travailleurs doivent \u00eatre form\u00e9s aux m\u00e9thodes de production sp\u00e9cifiques \u00e0 chaque usine et aux technologies les plus r\u00e9centes en mati\u00e8re de fabrication automobile, comme la robotique, la gestion des cha\u00eenes de montage et la qualit\u00e9 des produits.<\/li>\r\n\r\n\r\n\r\n<li><strong>La s\u00e9curit\u00e9 au travail<\/strong> : Dans un environnement industriel comme l&rsquo;automobile, les conditions de s\u00e9curit\u00e9 sont primordiales. Des programmes de formation adapt\u00e9s aux <a href=\"https:\/\/rapid-interim.com\/index.php\/2025\/02\/18\/travailleurs-interimaires-roumains-dans-lindustrie-laitiere-une-reponse-aux-besoins-en-main-doeuvre-qualifiee\/\" data-internallinksmanager029f6b8e52c=\"26\" title=\"Interimaires Roumains\">int\u00e9rimaires roumains<\/a> sont essentiels pour garantir la s\u00e9curit\u00e9 sur les lignes de production.<\/li>\r\n<\/ul>\r\n\r\n\r\n\r\n<h4 class=\"wp-block-heading\">2.4. Motivation et r\u00e9tention<\/h4>\r\n\r\n\r\n\r\n<figure class=\"wp-block-image size-large\"><img decoding=\"async\" width=\"250\" height=\"167\" class=\"wp-image-21918\" src=\"https:\/\/rapid-interim.com\/wp-content\/uploads\/2025\/02\/1435343316898927481308870.jpg\" alt=\"\" \/><\/figure>\r\n\r\n\r\n\r\n<p class=\"wp-block-paragraph\">Les entreprises doivent mettre en place des strat\u00e9gies pour maintenir la motivation des travailleurs <a href=\"https:\/\/rapid-interim.com\/index.php\/2025\/02\/18\/travailleurs-interimaires-roumains-dans-lindustrie-laitiere-une-reponse-aux-besoins-en-main-doeuvre-qualifiee\/\" data-internallinksmanager029f6b8e52c=\"26\" title=\"Interimaires Roumains\">int\u00e9rimaires roumains<\/a> et r\u00e9duire le taux de rotation du personnel. La r\u00e9tention des int\u00e9rimaires dans un environnement de travail difficile peut s\u2019av\u00e9rer complexe. Les actions suivantes peuvent \u00eatre mises en place pour am\u00e9liorer l&rsquo;engagement et la fid\u00e9lit\u00e9 des travailleurs :<\/p>\r\n\r\n\r\n\r\n<ul class=\"wp-block-list\">\r\n<li><strong>Am\u00e9lioration des <a href=\"https:\/\/rapid-interim.com\/index.php\/2025\/01\/22\/les-conditions-de-travail-des-interimaires-roumains-dans-le-secteur-de-la-logistique\/\" data-internallinksmanager029f6b8e52c=\"46\" title=\"conditions de travail\">conditions de travail<\/a><\/strong> : Des initiatives visant \u00e0 offrir des <a href=\"https:\/\/rapid-interim.com\/index.php\/2025\/01\/22\/les-conditions-de-travail-des-interimaires-roumains-dans-le-secteur-de-la-logistique\/\" data-internallinksmanager029f6b8e52c=\"46\" title=\"conditions de travail\">conditions de travail<\/a> plus confortables et une meilleure prise en charge du logement et des d\u00e9placements peuvent am\u00e9liorer le bien-\u00eatre des <a href=\"https:\/\/rapid-interim.com\/index.php\/2025\/02\/18\/travailleurs-interimaires-roumains-dans-lindustrie-laitiere-une-reponse-aux-besoins-en-main-doeuvre-qualifiee\/\" data-internallinksmanager029f6b8e52c=\"49\" title=\"Int\u00e9rimaires roumains : un atout pour l\u2019industrie laiti\u00e8re\">travailleurs int\u00e9rimaires<\/a>.<\/li>\r\n\r\n\r\n\r\n<li><strong>Incentives et primes<\/strong> : Des primes de performance, des r\u00e9compenses pour la ponctualit\u00e9 et des avantages sociaux peuvent motiver les <a href=\"https:\/\/rapid-interim.com\/index.php\/2025\/02\/18\/travailleurs-interimaires-roumains-dans-lindustrie-laitiere-une-reponse-aux-besoins-en-main-doeuvre-qualifiee\/\" data-internallinksmanager029f6b8e52c=\"49\" title=\"Int\u00e9rimaires roumains : un atout pour l\u2019industrie laiti\u00e8re\">travailleurs int\u00e9rimaires<\/a> \u00e0 maintenir un haut niveau de performance.<\/li>\r\n\r\n\r\n\r\n<li><strong>Possibilit\u00e9 de passage \u00e0 des contrats permanents<\/strong> : Les entreprises peuvent \u00e9galement offrir des perspectives d\u2019emploi \u00e0 long terme aux <a href=\"https:\/\/rapid-interim.com\/index.php\/2025\/02\/18\/travailleurs-interimaires-roumains-dans-lindustrie-laitiere-une-reponse-aux-besoins-en-main-doeuvre-qualifiee\/\" data-internallinksmanager029f6b8e52c=\"49\" title=\"Int\u00e9rimaires roumains : un atout pour l\u2019industrie laiti\u00e8re\">travailleurs int\u00e9rimaires<\/a> qui r\u00e9ussissent dans leur mission, ce qui peut accro\u00eetre la motivation \u00e0 long terme.<\/li>\r\n<\/ul>\r\n\r\n\r\n\r\n<h3 class=\"wp-block-heading\">3. Les d\u00e9fis et opportunit\u00e9s<\/h3>\r\n\r\n\r\n\r\n<h4 class=\"wp-block-heading\">3.1. D\u00e9fis de gestion<\/h4>\r\n\r\n\r\n\r\n<p class=\"wp-block-paragraph\">La gestion de la main-d&rsquo;\u0153uvre int\u00e9rimaire roumaine dans le secteur automobile europ\u00e9en pr\u00e9sente plusieurs d\u00e9fis :<\/p>\r\n\r\n\r\n\r\n<ul class=\"wp-block-list\">\r\n<li><strong>Fluctuation de la demande<\/strong> : L&rsquo;int\u00e9rim peut \u00eatre une r\u00e9ponse flexible aux fluctuations saisonni\u00e8res et aux pics de production, mais la gestion d\u2019une main-d&rsquo;\u0153uvre temporaire peut entra\u00eener des in\u00e9galit\u00e9s et des probl\u00e8mes de continuit\u00e9 dans les processus de production.<\/li>\r\n\r\n\r\n\r\n<li><strong>Communication interculturelle<\/strong> : Les barri\u00e8res linguistiques et les diff\u00e9rences culturelles peuvent engendrer des malentendus ou des conflits entre <a href=\"https:\/\/rapid-interim.com\/index.php\/2025\/02\/18\/travailleurs-interimaires-roumains-dans-lindustrie-laitiere-une-reponse-aux-besoins-en-main-doeuvre-qualifiee\/\" data-internallinksmanager029f6b8e52c=\"49\" title=\"Int\u00e9rimaires roumains : un atout pour l\u2019industrie laiti\u00e8re\">travailleurs int\u00e9rimaires<\/a> et salari\u00e9s permanents.<\/li>\r\n\r\n\r\n\r\n<li><strong><a href=\"https:\/\/rapid-interim.com\/index.php\/2025\/01\/22\/les-conditions-de-travail-des-interimaires-roumains-dans-le-secteur-de-la-logistique\/\" data-internallinksmanager029f6b8e52c=\"46\" title=\"conditions de travail\">Conditions de travail<\/a> difficiles<\/strong> : Les conditions physiques et organisationnelles de travail dans l\u2019industrie automobile (travail sur les cha\u00eenes de montage, horaires variables) peuvent impacter la motivation des travailleurs <a href=\"https:\/\/rapid-interim.com\/index.php\/2025\/02\/18\/travailleurs-interimaires-roumains-dans-lindustrie-laitiere-une-reponse-aux-besoins-en-main-doeuvre-qualifiee\/\" data-internallinksmanager029f6b8e52c=\"26\" title=\"Interimaires Roumains\">int\u00e9rimaires roumains<\/a>, souvent moins engag\u00e9s \u00e0 long terme que les salari\u00e9s permanents.<\/li>\r\n<\/ul>\r\n\r\n\r\n\r\n<h4 class=\"wp-block-heading\">3.2. Opportunit\u00e9s<\/h4>\r\n\r\n\r\n\r\n<p class=\"wp-block-paragraph\">La gestion de la main-d&rsquo;\u0153uvre int\u00e9rimaire roumaine offre \u00e9galement plusieurs opportunit\u00e9s pour les entreprises du secteur automobile :<\/p>\r\n\r\n\r\n\r\n<ul class=\"wp-block-list\">\r\n<li><strong>Optimisation des co\u00fbts de production<\/strong> : L\u2019emploi de <a href=\"https:\/\/rapid-interim.com\/index.php\/2025\/02\/18\/travailleurs-interimaires-roumains-dans-lindustrie-laitiere-une-reponse-aux-besoins-en-main-doeuvre-qualifiee\/\" data-internallinksmanager029f6b8e52c=\"49\" title=\"Int\u00e9rimaires roumains : un atout pour l\u2019industrie laiti\u00e8re\">travailleurs int\u00e9rimaires<\/a> permet aux entreprises de r\u00e9duire leurs co\u00fbts salariaux, ce qui peut augmenter leur comp\u00e9titivit\u00e9.<\/li>\r\n\r\n\r\n\r\n<li><strong>Acc\u00e8s \u00e0 un vivier de talents qualifi\u00e9s<\/strong> : Les <a href=\"https:\/\/rapid-interim.com\/index.php\/2025\/02\/24\/reglementation-europeenne-et-detachement-des-travailleurs-roumains\/\" data-internallinksmanager029f6b8e52c=\"28\" title=\"Travailleurs roumains\">travailleurs roumains<\/a> poss\u00e8dent des comp\u00e9tences techniques qui peuvent \u00eatre valoris\u00e9es dans l\u2019industrie automobile, offrant un vivier de talents qu\u2019il est possible de former et de fid\u00e9liser.<\/li>\r\n\r\n\r\n\r\n<li><strong>Flexibilit\u00e9 pour r\u00e9pondre aux d\u00e9fis du march\u00e9<\/strong> : L&rsquo;int\u00e9rim permet aux entreprises d&rsquo;ajuster rapidement leurs effectifs en fonction des besoins de production, ce qui est essentiel dans un secteur o\u00f9 la demande est volatile.<\/li>\r\n<\/ul>\r\n\r\n\r\n\r\n<h3 class=\"wp-block-heading\">Conclusion<\/h3>\r\n\r\n\r\n\r\n<p class=\"wp-block-paragraph\">La gestion de la main-d&rsquo;\u0153uvre int\u00e9rimaire roumaine dans le secteur automobile europ\u00e9en pr\u00e9sente \u00e0 la fois des d\u00e9fis et des opportunit\u00e9s pour les entreprises. Bien que cette main-d&rsquo;\u0153uvre joue un r\u00f4le cl\u00e9 dans la flexibilit\u00e9 de la production et dans la r\u00e9duction des co\u00fbts, elle n\u00e9cessite une gestion rigoureuse des ressources humaines, incluant un <a href=\"https:\/\/rapid-interim.com\/\" data-internallinksmanager029f6b8e52c=\"44\" title=\"Accueil - Agence d&#039;interim roumaine\">recrutement<\/a> ad\u00e9quat, une formation continue, une int\u00e9gration efficace dans des \u00e9quipes multiculturelles et des strat\u00e9gies de motivation. Pour tirer le meilleur parti de cette main-d&rsquo;\u0153uvre int\u00e9rimaire, les entreprises doivent investir dans la gestion des talents et s&rsquo;assurer que les <a href=\"https:\/\/rapid-interim.com\/index.php\/2025\/01\/22\/les-conditions-de-travail-des-interimaires-roumains-dans-le-secteur-de-la-logistique\/\" data-internallinksmanager029f6b8e52c=\"46\" title=\"conditions de travail\">conditions de travail<\/a> soient optimis\u00e9es, tout en garantissant le respect des normes de s\u00e9curit\u00e9 et des droits des travailleurs.<\/p>\r\n","protected":false},"excerpt":{"rendered":"<p>Introduction Le secteur automobile europ\u00e9en est l&rsquo;un des secteurs les plus importants et les plus dynamiques de l&rsquo;\u00e9conomie europ\u00e9enne, repr\u00e9sentant une part significative du produit int\u00e9rieur brut (PIB) de plusieurs pays. Cette industrie est marqu\u00e9e par une forte d\u00e9pendance \u00e0 l&rsquo;\u00e9gard de la main-d&rsquo;\u0153uvre, en particulier dans le cadre de la production en s\u00e9rie et [&hellip;]<\/p>\n","protected":false},"author":1,"featured_media":21919,"comment_status":"open","ping_status":"open","sticky":false,"template":"","format":"standard","meta":{"_crdt_document":"","_jetpack_memberships_contains_paid_content":false,"footnotes":""},"categories":[1,147],"tags":[127,69,71],"class_list":["post-21920","post","type-post","status-publish","format-standard","has-post-thumbnail","hentry","category-blog","category-industrie","tag-agence-interim-travailleur-etranger","tag-interim-roumanie","tag-interimaire-roumain"],"yoast_head":"<!-- This site is optimized with the Yoast SEO plugin v27.4 - https:\/\/yoast.com\/product\/yoast-seo-wordpress\/ -->\n<title>Gestion de la main-d&#039;\u0153uvre int\u00e9rimaire roumaine dans l&#039;automobile - rapid-interim<\/title>\n<meta name=\"description\" content=\"La gestion de la main-d&#039;\u0153uvre int\u00e9rimaire roumaine dans le secteur automobile europ\u00e9en : flexibilit\u00e9, comp\u00e9tences sp\u00e9cialis\u00e9es\" \/>\n<meta name=\"robots\" content=\"index, follow, max-snippet:-1, max-image-preview:large, max-video-preview:-1\" \/>\n<link rel=\"canonical\" href=\"https:\/\/rapid-interim.com\/index.php\/2025\/02\/23\/la-gestion-de-la-main-doeuvre-interimaire-roumaine-dans-le-secteur-automobile-europeen\/\" \/>\n<meta property=\"og:locale\" content=\"fr_FR\" \/>\n<meta property=\"og:type\" content=\"article\" \/>\n<meta property=\"og:title\" content=\"Gestion de la main-d&#039;\u0153uvre int\u00e9rimaire roumaine dans l&#039;automobile - rapid-interim\" \/>\n<meta property=\"og:description\" content=\"La gestion de la main-d&#039;\u0153uvre int\u00e9rimaire roumaine dans le secteur automobile europ\u00e9en : flexibilit\u00e9, comp\u00e9tences sp\u00e9cialis\u00e9es\" \/>\n<meta property=\"og:url\" content=\"https:\/\/rapid-interim.com\/index.php\/2025\/02\/23\/la-gestion-de-la-main-doeuvre-interimaire-roumaine-dans-le-secteur-automobile-europeen\/\" \/>\n<meta property=\"og:site_name\" content=\"rapid-interim\" \/>\n<meta property=\"article:published_time\" content=\"2025-02-23T01:48:14+00:00\" \/>\n<meta property=\"article:modified_time\" content=\"2025-03-03T19:48:22+00:00\" \/>\n<meta property=\"og:image\" content=\"https:\/\/rapid-interim.com\/wp-content\/uploads\/2025\/02\/1690474276616.jpeg\" \/>\n\t<meta property=\"og:image:width\" content=\"1080\" \/>\n\t<meta property=\"og:image:height\" content=\"720\" \/>\n\t<meta property=\"og:image:type\" content=\"image\/jpeg\" \/>\n<meta name=\"author\" content=\"Marie Dubois\" \/>\n<meta name=\"twitter:card\" content=\"summary_large_image\" \/>\n<meta name=\"twitter:label1\" content=\"\u00c9crit par\" \/>\n\t<meta name=\"twitter:data1\" content=\"Marie Dubois\" \/>\n\t<meta name=\"twitter:label2\" content=\"Dur\u00e9e de lecture estim\u00e9e\" \/>\n\t<meta name=\"twitter:data2\" content=\"9 minutes\" \/>\n<script type=\"application\/ld+json\" class=\"yoast-schema-graph\">{\"@context\":\"https:\\\/\\\/schema.org\",\"@graph\":[{\"@type\":\"Article\",\"@id\":\"https:\\\/\\\/rapid-interim.com\\\/index.php\\\/2025\\\/02\\\/23\\\/la-gestion-de-la-main-doeuvre-interimaire-roumaine-dans-le-secteur-automobile-europeen\\\/#article\",\"isPartOf\":{\"@id\":\"https:\\\/\\\/rapid-interim.com\\\/index.php\\\/2025\\\/02\\\/23\\\/la-gestion-de-la-main-doeuvre-interimaire-roumaine-dans-le-secteur-automobile-europeen\\\/\"},\"author\":{\"name\":\"Marie Dubois\",\"@id\":\"https:\\\/\\\/rapid-interim.com\\\/#\\\/schema\\\/person\\\/c80cf67768e43267c59b9c4095fac056\"},\"headline\":\"Gestion de la main-d&rsquo;\u0153uvre int\u00e9rimaire roumaine dans l&rsquo;automobile\",\"datePublished\":\"2025-02-23T01:48:14+00:00\",\"dateModified\":\"2025-03-03T19:48:22+00:00\",\"mainEntityOfPage\":{\"@id\":\"https:\\\/\\\/rapid-interim.com\\\/index.php\\\/2025\\\/02\\\/23\\\/la-gestion-de-la-main-doeuvre-interimaire-roumaine-dans-le-secteur-automobile-europeen\\\/\"},\"wordCount\":1723,\"commentCount\":0,\"publisher\":{\"@id\":\"https:\\\/\\\/rapid-interim.com\\\/#organization\"},\"image\":{\"@id\":\"https:\\\/\\\/rapid-interim.com\\\/index.php\\\/2025\\\/02\\\/23\\\/la-gestion-de-la-main-doeuvre-interimaire-roumaine-dans-le-secteur-automobile-europeen\\\/#primaryimage\"},\"thumbnailUrl\":\"https:\\\/\\\/rapid-interim.com\\\/wp-content\\\/uploads\\\/2025\\\/02\\\/1690474276616.jpeg\",\"keywords\":[\"agence interim travailleur etranger\",\"INTERIM ROUMANIE\",\"INTERIMAIRE ROUMAIN\"],\"articleSection\":[\"Blog\",\"Industrie\"],\"inLanguage\":\"fr-FR\",\"potentialAction\":[{\"@type\":\"CommentAction\",\"name\":\"Comment\",\"target\":[\"https:\\\/\\\/rapid-interim.com\\\/index.php\\\/2025\\\/02\\\/23\\\/la-gestion-de-la-main-doeuvre-interimaire-roumaine-dans-le-secteur-automobile-europeen\\\/#respond\"]}]},{\"@type\":\"WebPage\",\"@id\":\"https:\\\/\\\/rapid-interim.com\\\/index.php\\\/2025\\\/02\\\/23\\\/la-gestion-de-la-main-doeuvre-interimaire-roumaine-dans-le-secteur-automobile-europeen\\\/\",\"url\":\"https:\\\/\\\/rapid-interim.com\\\/index.php\\\/2025\\\/02\\\/23\\\/la-gestion-de-la-main-doeuvre-interimaire-roumaine-dans-le-secteur-automobile-europeen\\\/\",\"name\":\"Gestion de la main-d'\u0153uvre int\u00e9rimaire roumaine dans l'automobile - rapid-interim\",\"isPartOf\":{\"@id\":\"https:\\\/\\\/rapid-interim.com\\\/#website\"},\"primaryImageOfPage\":{\"@id\":\"https:\\\/\\\/rapid-interim.com\\\/index.php\\\/2025\\\/02\\\/23\\\/la-gestion-de-la-main-doeuvre-interimaire-roumaine-dans-le-secteur-automobile-europeen\\\/#primaryimage\"},\"image\":{\"@id\":\"https:\\\/\\\/rapid-interim.com\\\/index.php\\\/2025\\\/02\\\/23\\\/la-gestion-de-la-main-doeuvre-interimaire-roumaine-dans-le-secteur-automobile-europeen\\\/#primaryimage\"},\"thumbnailUrl\":\"https:\\\/\\\/rapid-interim.com\\\/wp-content\\\/uploads\\\/2025\\\/02\\\/1690474276616.jpeg\",\"datePublished\":\"2025-02-23T01:48:14+00:00\",\"dateModified\":\"2025-03-03T19:48:22+00:00\",\"description\":\"La gestion de la main-d'\u0153uvre int\u00e9rimaire roumaine dans le secteur automobile europ\u00e9en : flexibilit\u00e9, comp\u00e9tences sp\u00e9cialis\u00e9es\",\"breadcrumb\":{\"@id\":\"https:\\\/\\\/rapid-interim.com\\\/index.php\\\/2025\\\/02\\\/23\\\/la-gestion-de-la-main-doeuvre-interimaire-roumaine-dans-le-secteur-automobile-europeen\\\/#breadcrumb\"},\"inLanguage\":\"fr-FR\",\"potentialAction\":[{\"@type\":\"ReadAction\",\"target\":[\"https:\\\/\\\/rapid-interim.com\\\/index.php\\\/2025\\\/02\\\/23\\\/la-gestion-de-la-main-doeuvre-interimaire-roumaine-dans-le-secteur-automobile-europeen\\\/\"]}]},{\"@type\":\"ImageObject\",\"inLanguage\":\"fr-FR\",\"@id\":\"https:\\\/\\\/rapid-interim.com\\\/index.php\\\/2025\\\/02\\\/23\\\/la-gestion-de-la-main-doeuvre-interimaire-roumaine-dans-le-secteur-automobile-europeen\\\/#primaryimage\",\"url\":\"https:\\\/\\\/rapid-interim.com\\\/wp-content\\\/uploads\\\/2025\\\/02\\\/1690474276616.jpeg\",\"contentUrl\":\"https:\\\/\\\/rapid-interim.com\\\/wp-content\\\/uploads\\\/2025\\\/02\\\/1690474276616.jpeg\",\"width\":1080,\"height\":720},{\"@type\":\"BreadcrumbList\",\"@id\":\"https:\\\/\\\/rapid-interim.com\\\/index.php\\\/2025\\\/02\\\/23\\\/la-gestion-de-la-main-doeuvre-interimaire-roumaine-dans-le-secteur-automobile-europeen\\\/#breadcrumb\",\"itemListElement\":[{\"@type\":\"ListItem\",\"position\":1,\"name\":\"Accueil\",\"item\":\"https:\\\/\\\/rapid-interim.com\\\/\"},{\"@type\":\"ListItem\",\"position\":2,\"name\":\"Gestion de la main-d&rsquo;\u0153uvre int\u00e9rimaire roumaine dans l&rsquo;automobile\"}]},{\"@type\":\"WebSite\",\"@id\":\"https:\\\/\\\/rapid-interim.com\\\/#website\",\"url\":\"https:\\\/\\\/rapid-interim.com\\\/\",\"name\":\"rapid-interim\",\"description\":\"Interim et travail temporaire\",\"publisher\":{\"@id\":\"https:\\\/\\\/rapid-interim.com\\\/#organization\"},\"potentialAction\":[{\"@type\":\"SearchAction\",\"target\":{\"@type\":\"EntryPoint\",\"urlTemplate\":\"https:\\\/\\\/rapid-interim.com\\\/?s={search_term_string}\"},\"query-input\":{\"@type\":\"PropertyValueSpecification\",\"valueRequired\":true,\"valueName\":\"search_term_string\"}}],\"inLanguage\":\"fr-FR\"},{\"@type\":\"Organization\",\"@id\":\"https:\\\/\\\/rapid-interim.com\\\/#organization\",\"name\":\"rapid-interim\",\"url\":\"https:\\\/\\\/rapid-interim.com\\\/\",\"logo\":{\"@type\":\"ImageObject\",\"inLanguage\":\"fr-FR\",\"@id\":\"https:\\\/\\\/rapid-interim.com\\\/#\\\/schema\\\/logo\\\/image\\\/\",\"url\":\"https:\\\/\\\/rapid-interim.com\\\/wp-content\\\/uploads\\\/2022\\\/06\\\/cropped-rapid-inetrim.png\",\"contentUrl\":\"https:\\\/\\\/rapid-interim.com\\\/wp-content\\\/uploads\\\/2022\\\/06\\\/cropped-rapid-inetrim.png\",\"width\":314,\"height\":137,\"caption\":\"rapid-interim\"},\"image\":{\"@id\":\"https:\\\/\\\/rapid-interim.com\\\/#\\\/schema\\\/logo\\\/image\\\/\"}},{\"@type\":\"Person\",\"@id\":\"https:\\\/\\\/rapid-interim.com\\\/#\\\/schema\\\/person\\\/c80cf67768e43267c59b9c4095fac056\",\"name\":\"Marie Dubois\",\"image\":{\"@type\":\"ImageObject\",\"inLanguage\":\"fr-FR\",\"@id\":\"https:\\\/\\\/secure.gravatar.com\\\/avatar\\\/c5d9a389371c49a3eb3d5c05c1bdb9d2124cabb2c990e1eb227c370b66139bfe?s=96&d=mm&r=g\",\"url\":\"https:\\\/\\\/secure.gravatar.com\\\/avatar\\\/c5d9a389371c49a3eb3d5c05c1bdb9d2124cabb2c990e1eb227c370b66139bfe?s=96&d=mm&r=g\",\"contentUrl\":\"https:\\\/\\\/secure.gravatar.com\\\/avatar\\\/c5d9a389371c49a3eb3d5c05c1bdb9d2124cabb2c990e1eb227c370b66139bfe?s=96&d=mm&r=g\",\"caption\":\"Marie Dubois\"},\"sameAs\":[\"http:\\\/\\\/rapid-interim.com\"],\"url\":\"https:\\\/\\\/rapid-interim.com\\\/index.php\\\/author\\\/rapid-interim-com\\\/\"}]}<\/script>\n<!-- \/ Yoast SEO plugin. -->","yoast_head_json":{"title":"Gestion de la main-d'\u0153uvre int\u00e9rimaire roumaine dans l'automobile - rapid-interim","description":"La gestion de la main-d'\u0153uvre int\u00e9rimaire roumaine dans le secteur automobile europ\u00e9en : flexibilit\u00e9, comp\u00e9tences sp\u00e9cialis\u00e9es","robots":{"index":"index","follow":"follow","max-snippet":"max-snippet:-1","max-image-preview":"max-image-preview:large","max-video-preview":"max-video-preview:-1"},"canonical":"https:\/\/rapid-interim.com\/index.php\/2025\/02\/23\/la-gestion-de-la-main-doeuvre-interimaire-roumaine-dans-le-secteur-automobile-europeen\/","og_locale":"fr_FR","og_type":"article","og_title":"Gestion de la main-d'\u0153uvre int\u00e9rimaire roumaine dans l'automobile - rapid-interim","og_description":"La gestion de la main-d'\u0153uvre int\u00e9rimaire roumaine dans le secteur automobile europ\u00e9en : flexibilit\u00e9, comp\u00e9tences sp\u00e9cialis\u00e9es","og_url":"https:\/\/rapid-interim.com\/index.php\/2025\/02\/23\/la-gestion-de-la-main-doeuvre-interimaire-roumaine-dans-le-secteur-automobile-europeen\/","og_site_name":"rapid-interim","article_published_time":"2025-02-23T01:48:14+00:00","article_modified_time":"2025-03-03T19:48:22+00:00","og_image":[{"width":1080,"height":720,"url":"https:\/\/rapid-interim.com\/wp-content\/uploads\/2025\/02\/1690474276616.jpeg","type":"image\/jpeg"}],"author":"Marie Dubois","twitter_card":"summary_large_image","twitter_misc":{"\u00c9crit par":"Marie Dubois","Dur\u00e9e de lecture estim\u00e9e":"9 minutes"},"schema":{"@context":"https:\/\/schema.org","@graph":[{"@type":"Article","@id":"https:\/\/rapid-interim.com\/index.php\/2025\/02\/23\/la-gestion-de-la-main-doeuvre-interimaire-roumaine-dans-le-secteur-automobile-europeen\/#article","isPartOf":{"@id":"https:\/\/rapid-interim.com\/index.php\/2025\/02\/23\/la-gestion-de-la-main-doeuvre-interimaire-roumaine-dans-le-secteur-automobile-europeen\/"},"author":{"name":"Marie Dubois","@id":"https:\/\/rapid-interim.com\/#\/schema\/person\/c80cf67768e43267c59b9c4095fac056"},"headline":"Gestion de la main-d&rsquo;\u0153uvre int\u00e9rimaire roumaine dans l&rsquo;automobile","datePublished":"2025-02-23T01:48:14+00:00","dateModified":"2025-03-03T19:48:22+00:00","mainEntityOfPage":{"@id":"https:\/\/rapid-interim.com\/index.php\/2025\/02\/23\/la-gestion-de-la-main-doeuvre-interimaire-roumaine-dans-le-secteur-automobile-europeen\/"},"wordCount":1723,"commentCount":0,"publisher":{"@id":"https:\/\/rapid-interim.com\/#organization"},"image":{"@id":"https:\/\/rapid-interim.com\/index.php\/2025\/02\/23\/la-gestion-de-la-main-doeuvre-interimaire-roumaine-dans-le-secteur-automobile-europeen\/#primaryimage"},"thumbnailUrl":"https:\/\/rapid-interim.com\/wp-content\/uploads\/2025\/02\/1690474276616.jpeg","keywords":["agence interim travailleur etranger","INTERIM ROUMANIE","INTERIMAIRE ROUMAIN"],"articleSection":["Blog","Industrie"],"inLanguage":"fr-FR","potentialAction":[{"@type":"CommentAction","name":"Comment","target":["https:\/\/rapid-interim.com\/index.php\/2025\/02\/23\/la-gestion-de-la-main-doeuvre-interimaire-roumaine-dans-le-secteur-automobile-europeen\/#respond"]}]},{"@type":"WebPage","@id":"https:\/\/rapid-interim.com\/index.php\/2025\/02\/23\/la-gestion-de-la-main-doeuvre-interimaire-roumaine-dans-le-secteur-automobile-europeen\/","url":"https:\/\/rapid-interim.com\/index.php\/2025\/02\/23\/la-gestion-de-la-main-doeuvre-interimaire-roumaine-dans-le-secteur-automobile-europeen\/","name":"Gestion de la main-d'\u0153uvre int\u00e9rimaire roumaine dans l'automobile - rapid-interim","isPartOf":{"@id":"https:\/\/rapid-interim.com\/#website"},"primaryImageOfPage":{"@id":"https:\/\/rapid-interim.com\/index.php\/2025\/02\/23\/la-gestion-de-la-main-doeuvre-interimaire-roumaine-dans-le-secteur-automobile-europeen\/#primaryimage"},"image":{"@id":"https:\/\/rapid-interim.com\/index.php\/2025\/02\/23\/la-gestion-de-la-main-doeuvre-interimaire-roumaine-dans-le-secteur-automobile-europeen\/#primaryimage"},"thumbnailUrl":"https:\/\/rapid-interim.com\/wp-content\/uploads\/2025\/02\/1690474276616.jpeg","datePublished":"2025-02-23T01:48:14+00:00","dateModified":"2025-03-03T19:48:22+00:00","description":"La gestion de la main-d'\u0153uvre int\u00e9rimaire roumaine dans le secteur automobile europ\u00e9en : flexibilit\u00e9, comp\u00e9tences sp\u00e9cialis\u00e9es","breadcrumb":{"@id":"https:\/\/rapid-interim.com\/index.php\/2025\/02\/23\/la-gestion-de-la-main-doeuvre-interimaire-roumaine-dans-le-secteur-automobile-europeen\/#breadcrumb"},"inLanguage":"fr-FR","potentialAction":[{"@type":"ReadAction","target":["https:\/\/rapid-interim.com\/index.php\/2025\/02\/23\/la-gestion-de-la-main-doeuvre-interimaire-roumaine-dans-le-secteur-automobile-europeen\/"]}]},{"@type":"ImageObject","inLanguage":"fr-FR","@id":"https:\/\/rapid-interim.com\/index.php\/2025\/02\/23\/la-gestion-de-la-main-doeuvre-interimaire-roumaine-dans-le-secteur-automobile-europeen\/#primaryimage","url":"https:\/\/rapid-interim.com\/wp-content\/uploads\/2025\/02\/1690474276616.jpeg","contentUrl":"https:\/\/rapid-interim.com\/wp-content\/uploads\/2025\/02\/1690474276616.jpeg","width":1080,"height":720},{"@type":"BreadcrumbList","@id":"https:\/\/rapid-interim.com\/index.php\/2025\/02\/23\/la-gestion-de-la-main-doeuvre-interimaire-roumaine-dans-le-secteur-automobile-europeen\/#breadcrumb","itemListElement":[{"@type":"ListItem","position":1,"name":"Accueil","item":"https:\/\/rapid-interim.com\/"},{"@type":"ListItem","position":2,"name":"Gestion de la main-d&rsquo;\u0153uvre int\u00e9rimaire roumaine dans l&rsquo;automobile"}]},{"@type":"WebSite","@id":"https:\/\/rapid-interim.com\/#website","url":"https:\/\/rapid-interim.com\/","name":"rapid-interim","description":"Interim et travail temporaire","publisher":{"@id":"https:\/\/rapid-interim.com\/#organization"},"potentialAction":[{"@type":"SearchAction","target":{"@type":"EntryPoint","urlTemplate":"https:\/\/rapid-interim.com\/?s={search_term_string}"},"query-input":{"@type":"PropertyValueSpecification","valueRequired":true,"valueName":"search_term_string"}}],"inLanguage":"fr-FR"},{"@type":"Organization","@id":"https:\/\/rapid-interim.com\/#organization","name":"rapid-interim","url":"https:\/\/rapid-interim.com\/","logo":{"@type":"ImageObject","inLanguage":"fr-FR","@id":"https:\/\/rapid-interim.com\/#\/schema\/logo\/image\/","url":"https:\/\/rapid-interim.com\/wp-content\/uploads\/2022\/06\/cropped-rapid-inetrim.png","contentUrl":"https:\/\/rapid-interim.com\/wp-content\/uploads\/2022\/06\/cropped-rapid-inetrim.png","width":314,"height":137,"caption":"rapid-interim"},"image":{"@id":"https:\/\/rapid-interim.com\/#\/schema\/logo\/image\/"}},{"@type":"Person","@id":"https:\/\/rapid-interim.com\/#\/schema\/person\/c80cf67768e43267c59b9c4095fac056","name":"Marie Dubois","image":{"@type":"ImageObject","inLanguage":"fr-FR","@id":"https:\/\/secure.gravatar.com\/avatar\/c5d9a389371c49a3eb3d5c05c1bdb9d2124cabb2c990e1eb227c370b66139bfe?s=96&d=mm&r=g","url":"https:\/\/secure.gravatar.com\/avatar\/c5d9a389371c49a3eb3d5c05c1bdb9d2124cabb2c990e1eb227c370b66139bfe?s=96&d=mm&r=g","contentUrl":"https:\/\/secure.gravatar.com\/avatar\/c5d9a389371c49a3eb3d5c05c1bdb9d2124cabb2c990e1eb227c370b66139bfe?s=96&d=mm&r=g","caption":"Marie Dubois"},"sameAs":["http:\/\/rapid-interim.com"],"url":"https:\/\/rapid-interim.com\/index.php\/author\/rapid-interim-com\/"}]}},"jetpack_featured_media_url":"https:\/\/rapid-interim.com\/wp-content\/uploads\/2025\/02\/1690474276616.jpeg","jetpack_sharing_enabled":true,"_links":{"self":[{"href":"https:\/\/rapid-interim.com\/index.php\/wp-json\/wp\/v2\/posts\/21920","targetHints":{"allow":["GET"]}}],"collection":[{"href":"https:\/\/rapid-interim.com\/index.php\/wp-json\/wp\/v2\/posts"}],"about":[{"href":"https:\/\/rapid-interim.com\/index.php\/wp-json\/wp\/v2\/types\/post"}],"author":[{"embeddable":true,"href":"https:\/\/rapid-interim.com\/index.php\/wp-json\/wp\/v2\/users\/1"}],"replies":[{"embeddable":true,"href":"https:\/\/rapid-interim.com\/index.php\/wp-json\/wp\/v2\/comments?post=21920"}],"version-history":[{"count":2,"href":"https:\/\/rapid-interim.com\/index.php\/wp-json\/wp\/v2\/posts\/21920\/revisions"}],"predecessor-version":[{"id":22029,"href":"https:\/\/rapid-interim.com\/index.php\/wp-json\/wp\/v2\/posts\/21920\/revisions\/22029"}],"wp:featuredmedia":[{"embeddable":true,"href":"https:\/\/rapid-interim.com\/index.php\/wp-json\/wp\/v2\/media\/21919"}],"wp:attachment":[{"href":"https:\/\/rapid-interim.com\/index.php\/wp-json\/wp\/v2\/media?parent=21920"}],"wp:term":[{"taxonomy":"category","embeddable":true,"href":"https:\/\/rapid-interim.com\/index.php\/wp-json\/wp\/v2\/categories?post=21920"},{"taxonomy":"post_tag","embeddable":true,"href":"https:\/\/rapid-interim.com\/index.php\/wp-json\/wp\/v2\/tags?post=21920"}],"curies":[{"name":"wp","href":"https:\/\/api.w.org\/{rel}","templated":true}]}}