{"id":21908,"date":"2025-01-30T04:33:13","date_gmt":"2025-01-30T03:33:13","guid":{"rendered":"https:\/\/rapid-interim.com\/index.php\/2025\/01\/30\/limpact-de-linterim-roumain-sur-la-flexibilite-du-marche-du-travail-dans-lindustrie-europeenne\/"},"modified":"2025-01-30T04:33:13","modified_gmt":"2025-01-30T03:33:13","slug":"limpact-de-linterim-roumain-sur-la-flexibilite-du-marche-du-travail-dans-lindustrie-europeenne","status":"publish","type":"post","link":"https:\/\/rapid-interim.com\/index.php\/2025\/01\/30\/limpact-de-linterim-roumain-sur-la-flexibilite-du-marche-du-travail-dans-lindustrie-europeenne\/","title":{"rendered":"L&rsquo;impact de l&rsquo;int\u00e9rim roumain sur la flexibilit\u00e9 du march\u00e9 du travail dans l&rsquo;industrie europ\u00e9enne"},"content":{"rendered":"\n<p class=\"wp-block-paragraph\">L\u2019industrie europ\u00e9enne, en constante \u00e9volution et de plus en plus comp\u00e9titive, a d\u00fb s\u2019adapter \u00e0 des changements rapides, notamment en mati\u00e8re de flexibilit\u00e9 du march\u00e9 du travail. Dans ce contexte, l\u2019int\u00e9rim est devenu une solution privil\u00e9gi\u00e9e pour r\u00e9pondre aux besoins de main-d\u2019\u0153uvre ponctuels et sp\u00e9cifiques. Parmi les <a href=\"https:\/\/rapid-interim.com\/index.php\/2025\/02\/18\/travailleurs-interimaires-roumains-dans-lindustrie-laitiere-une-reponse-aux-besoins-en-main-doeuvre-qualifiee\/\" data-internallinksmanager029f6b8e52c=\"49\" title=\"Int\u00e9rimaires roumains : un atout pour l\u2019industrie laiti\u00e8re\">travailleurs int\u00e9rimaires<\/a>, la pr\u00e9sence croissante des <a href=\"https:\/\/rapid-interim.com\/index.php\/2025\/02\/24\/reglementation-europeenne-et-detachement-des-travailleurs-roumains\/\" data-internallinksmanager029f6b8e52c=\"28\" title=\"Travailleurs roumains\">travailleurs roumains<\/a> dans plusieurs secteurs industriels a suscit\u00e9 une attention particuli\u00e8re. Les raisons de cette tendance sont multiples : co\u00fbts de main-d\u2019\u0153uvre relativement faibles, disponibilit\u00e9 \u00e9lev\u00e9e et comp\u00e9tences diversifi\u00e9es. Cependant, cette situation a des impacts consid\u00e9rables, tant sur la flexibilit\u00e9 du march\u00e9 du travail que sur les pratiques de gestion des ressources humaines.<\/p>\n\n\n\n<h3 class=\"wp-block-heading\">I. La mont\u00e9e en puissance de l\u2019int\u00e9rim roumain en Europe<\/h3>\n\n\n\n<p class=\"wp-block-paragraph\">L&rsquo;Int\u00e9rim est une pratique courante dans de nombreuses industries europ\u00e9ennes. Selon les rapports de l\u2019Association Europ\u00e9enne des Entreprises de Travail Temporaire (Eurociett), le travail temporaire repr\u00e9sentait environ 3% de l\u2019emploi total en Europe avant la pand\u00e9mie, avec des chiffres plus \u00e9lev\u00e9s dans certaines industries, telles que l\u2019automobile, la logistique, la construction et l\u2019industrie manufacturi\u00e8re. La Roumanie, en tant qu&rsquo;un des pays membres de l&rsquo;Union europ\u00e9enne, est une source importante de main-d&rsquo;\u0153uvre int\u00e9rimaire, particuli\u00e8rement dans ces secteurs. En 2022, pr\u00e8s de 300 000 Roumains travaillaient en tant qu\u2019int\u00e9rimaires dans l\u2019UE, et ce nombre ne cesse de cro\u00eetre.<\/p>\n\n\n\n<p class=\"wp-block-paragraph\">Le principal attrait de la main-d\u2019\u0153uvre roumaine r\u00e9side dans son co\u00fbt comp\u00e9titif par rapport \u00e0 d\u2019autres pays europ\u00e9ens, tout en b\u00e9n\u00e9ficiant d&rsquo;une main-d&rsquo;\u0153uvre bien form\u00e9e, souvent orient\u00e9e vers des comp\u00e9tences techniques et industrielles. L&rsquo;UE, et notamment les pays comme l\u2019Allemagne, la France, l\u2019Italie, l\u2019Espagne et la Belgique, ont \u00e9t\u00e9 des r\u00e9cepteurs privil\u00e9gi\u00e9s de cette main-d\u2019\u0153uvre.<\/p>\n\n\n\n<h3 class=\"wp-block-heading\">II. L\u2019int\u00e9rim roumain : un levier pour la flexibilit\u00e9 du march\u00e9 du travail europ\u00e9en<\/h3>\n\n\n\n<figure class=\"wp-block-image size-large\"><img fetchpriority=\"high\" decoding=\"async\" width=\"1024\" height=\"682\" src=\"https:\/\/rapid-interim.com\/wp-content\/uploads\/2024\/11\/Le-secteur-du-transport-et-de-la-logistique-en-France-Connectt-Travail.jpg\" alt=\"\" class=\"wp-image-21809\" srcset=\"https:\/\/rapid-interim.com\/wp-content\/uploads\/2024\/11\/Le-secteur-du-transport-et-de-la-logistique-en-France-Connectt-Travail.jpg 1024w, https:\/\/rapid-interim.com\/wp-content\/uploads\/2024\/11\/Le-secteur-du-transport-et-de-la-logistique-en-France-Connectt-Travail-300x200.jpg 300w, https:\/\/rapid-interim.com\/wp-content\/uploads\/2024\/11\/Le-secteur-du-transport-et-de-la-logistique-en-France-Connectt-Travail-768x512.jpg 768w, https:\/\/rapid-interim.com\/wp-content\/uploads\/2024\/11\/Le-secteur-du-transport-et-de-la-logistique-en-France-Connectt-Travail-600x400.jpg 600w\" sizes=\"(max-width: 1024px) 100vw, 1024px\" \/><\/figure>\n\n\n\n<p class=\"wp-block-paragraph\">La flexibilit\u00e9 est devenue un enjeu crucial pour les industries europ\u00e9ennes, surtout face aux crises \u00e9conomiques et aux fluctuations de la demande. L&rsquo;int\u00e9rim roumain permet aux entreprises de r\u00e9agir plus rapidement aux variations de la production et \u00e0 la demande des consommateurs, tout en maintenant un co\u00fbt ma\u00eetris\u00e9 pour la main-d&rsquo;\u0153uvre. Cela a permis une r\u00e9duction des charges fixes li\u00e9es aux employ\u00e9s permanents, rendant les structures industrielles plus agiles.<\/p>\n\n\n\n<h4 class=\"wp-block-heading\">1. R\u00e9duction des co\u00fbts salariaux<\/h4>\n\n\n\n<p class=\"wp-block-paragraph\">Le co\u00fbt de la main-d&rsquo;\u0153uvre est un facteur d\u00e9terminant dans le choix des <a href=\"https:\/\/rapid-interim.com\/index.php\/2025\/02\/18\/travailleurs-interimaires-roumains-dans-lindustrie-laitiere-une-reponse-aux-besoins-en-main-doeuvre-qualifiee\/\" data-internallinksmanager029f6b8e52c=\"49\" title=\"Int\u00e9rimaires roumains : un atout pour l\u2019industrie laiti\u00e8re\">travailleurs int\u00e9rimaires<\/a>. En moyenne, un <a href=\"https:\/\/rapid-interim.com\/index.php\/2025\/02\/18\/travailleurs-interimaires-roumains-dans-lindustrie-laitiere-une-reponse-aux-besoins-en-main-doeuvre-qualifiee\/\" data-internallinksmanager029f6b8e52c=\"49\" title=\"Int\u00e9rimaires roumains : un atout pour l\u2019industrie laiti\u00e8re\">travailleur int\u00e9rimaire roumain<\/a> est pay\u00e9 moins qu\u2019un travailleur local dans des pays comme la France ou l\u2019Allemagne, ce qui permet aux entreprises de r\u00e9aliser des \u00e9conomies substantielles. Cette \u00e9conomie de co\u00fbts permet \u00e0 l\u2019industrie europ\u00e9enne de rester comp\u00e9titive face \u00e0 des concurrents mondiaux, en particulier dans des secteurs \u00e0 faible marge tels que la construction, la logistique et la production de biens de consommation.<\/p>\n\n\n\n<h4 class=\"wp-block-heading\">2. R\u00e9ponse rapide aux fluctuations de la demande<\/h4>\n\n\n\n<p class=\"wp-block-paragraph\">Les secteurs industriels connaissent souvent des pics de production, surtout en p\u00e9riode de forte demande saisonni\u00e8re, ou de renouvellement de lignes de produits. L\u2019int\u00e9rim roumain permet aux entreprises de r\u00e9pondre \u00e0 ces fluctuations sans avoir \u00e0 proc\u00e9der \u00e0 des embauches permanentes. Dans des industries comme l\u2019automobile, la m\u00e9tallurgie ou la logistique, o\u00f9 la demande peut varier consid\u00e9rablement en fonction des cycles \u00e9conomiques ou des commandes, les entreprises b\u00e9n\u00e9ficient de la possibilit\u00e9 de flexibilit\u00e9 offerte par les int\u00e9rimaires.<\/p>\n\n\n\n<h4 class=\"wp-block-heading\">3. Augmentation de la diversit\u00e9 de la main-d&rsquo;\u0153uvre<\/h4>\n\n\n\n<p class=\"wp-block-paragraph\">Les travailleurs <a href=\"https:\/\/rapid-interim.com\/index.php\/2025\/02\/18\/travailleurs-interimaires-roumains-dans-lindustrie-laitiere-une-reponse-aux-besoins-en-main-doeuvre-qualifiee\/\" data-internallinksmanager029f6b8e52c=\"26\" title=\"Interimaires Roumains\">int\u00e9rimaires roumains<\/a> apportent des comp\u00e9tences diversifi\u00e9es \u00e0 l\u2019industrie europ\u00e9enne. Ces travailleurs sont souvent tr\u00e8s qualifi\u00e9s dans des secteurs techniques, comme la m\u00e9canique, l\u2019\u00e9lectronique, et la maintenance industrielle. Leur diversit\u00e9 linguistique et culturelle peut \u00e9galement offrir un avantage suppl\u00e9mentaire en termes de communication et d\u2019adaptabilit\u00e9 dans un environnement de travail multinational. De plus, l&rsquo;int\u00e9gration de travailleurs issus de diff\u00e9rents pays favorise l&rsquo;internationalisation des entreprises, un atout consid\u00e9rable dans un monde globalis\u00e9.<\/p>\n\n\n\n<h3 class=\"wp-block-heading\">III. Les d\u00e9fis de l\u2019int\u00e9rim roumain : gestion des ressources humaines et impact sur la qualit\u00e9 du travail<\/h3>\n\n\n\n<p class=\"wp-block-paragraph\">Malgr\u00e9 ses avantages, l&rsquo;int\u00e9rim roumain comporte \u00e9galement des d\u00e9fis pour les entreprises et les gestionnaires de ressources humaines. L&rsquo;int\u00e9gration de travailleurs temporaires, qui viennent souvent de cultures diff\u00e9rentes, peut cr\u00e9er des tensions organisationnelles et des probl\u00e8mes en termes de gestion des \u00e9quipes.<\/p>\n\n\n\n<h4 class=\"wp-block-heading\">1. La question de la qualification et de la formation continue<\/h4>\n\n\n\n<p class=\"wp-block-paragraph\">L\u2019un des principaux d\u00e9fis li\u00e9s \u00e0 l\u2019int\u00e9gration de travailleurs <a href=\"https:\/\/rapid-interim.com\/index.php\/2025\/02\/18\/travailleurs-interimaires-roumains-dans-lindustrie-laitiere-une-reponse-aux-besoins-en-main-doeuvre-qualifiee\/\" data-internallinksmanager029f6b8e52c=\"26\" title=\"Interimaires Roumains\">int\u00e9rimaires roumains<\/a> est la gestion de la qualit\u00e9 de la formation. Bien que les <a href=\"https:\/\/rapid-interim.com\/index.php\/2025\/02\/24\/reglementation-europeenne-et-detachement-des-travailleurs-roumains\/\" data-internallinksmanager029f6b8e52c=\"28\" title=\"Travailleurs roumains\">travailleurs roumains<\/a> poss\u00e8dent g\u00e9n\u00e9ralement un niveau de qualification \u00e9lev\u00e9, leur formation peut \u00eatre insuffisante dans certaines industries sp\u00e9cifiques. Par exemple, un <a href=\"https:\/\/rapid-interim.com\/index.php\/2025\/02\/18\/travailleurs-interimaires-roumains-dans-lindustrie-laitiere-une-reponse-aux-besoins-en-main-doeuvre-qualifiee\/\" data-internallinksmanager029f6b8e52c=\"49\" title=\"Int\u00e9rimaires roumains : un atout pour l\u2019industrie laiti\u00e8re\">travailleur int\u00e9rimaire<\/a> dans le secteur de la chimie ou de l\u2019\u00e9lectronique devra \u00eatre form\u00e9 aux proc\u00e9dures de s\u00e9curit\u00e9 et aux technologies sp\u00e9cifiques utilis\u00e9es par l\u2019entreprise.<\/p>\n\n\n\n<p class=\"wp-block-paragraph\">Les entreprises doivent donc investir dans des programmes de formation sp\u00e9cifiques pour ces travailleurs, ce qui peut g\u00e9n\u00e9rer des co\u00fbts suppl\u00e9mentaires et engendrer des perturbations dans les plannings de production. Dans ce contexte, la flexibilit\u00e9 du travail int\u00e9rimaire peut paradoxalement n\u00e9cessiter un engagement significatif en termes de gestion RH.<\/p>\n\n\n\n<h4 class=\"wp-block-heading\">2. Gestion des diff\u00e9rences culturelles et organisationnelles<\/h4>\n\n\n\n<p class=\"wp-block-paragraph\">Les <a href=\"https:\/\/rapid-interim.com\/index.php\/2025\/02\/24\/reglementation-europeenne-et-detachement-des-travailleurs-roumains\/\" data-internallinksmanager029f6b8e52c=\"28\" title=\"Travailleurs roumains\">travailleurs roumains<\/a> peuvent parfois rencontrer des difficult\u00e9s \u00e0 s\u2019int\u00e9grer dans des environnements de travail culturellement diff\u00e9rents, notamment en raison de diff\u00e9rences dans les approches professionnelles. Par exemple, la mani\u00e8re de travailler, les attentes vis-\u00e0-vis des horaires, la gestion des conflits ou la perception de l\u2019autorit\u00e9 peuvent varier d\u2019un pays \u00e0 l\u2019autre. Cette situation peut entra\u00eener des tensions entre travailleurs permanents et int\u00e9rimaires, et affecter la coh\u00e9sion d\u2019\u00e9quipe.<\/p>\n\n\n\n<p class=\"wp-block-paragraph\">Les entreprises doivent alors mettre en place des programmes de gestion de la diversit\u00e9 et d\u2019int\u00e9gration afin de minimiser ces tensions et de favoriser un climat de travail harmonieux. Une bonne gestion des ressources humaines est donc indispensable pour que l\u2019utilisation de l\u2019int\u00e9rim ne devienne pas une source de probl\u00e8mes organisationnels.<\/p>\n\n\n\n<h4 class=\"wp-block-heading\">3. Risques de pr\u00e9carisation et de d\u00e9s\u00e9quilibres sociaux<\/h4>\n\n\n\n<p class=\"wp-block-paragraph\">L\u2019extension de l\u2019int\u00e9rim peut \u00e9galement contribuer \u00e0 une certaine pr\u00e9carisation de la main-d\u2019\u0153uvre. Bien que les int\u00e9rimaires b\u00e9n\u00e9ficient de droits garantis par les lois europ\u00e9ennes, tels que l\u2019\u00e9galit\u00e9 de traitement avec les employ\u00e9s permanents, leur statut temporaire peut les exposer \u00e0 une instabilit\u00e9 professionnelle plus importante. Cette situation peut engendrer des frustrations parmi les travailleurs <a href=\"https:\/\/rapid-interim.com\/index.php\/2025\/02\/18\/travailleurs-interimaires-roumains-dans-lindustrie-laitiere-une-reponse-aux-besoins-en-main-doeuvre-qualifiee\/\" data-internallinksmanager029f6b8e52c=\"26\" title=\"Interimaires Roumains\">int\u00e9rimaires roumains<\/a>, notamment si ces derniers ne b\u00e9n\u00e9ficient pas des m\u00eames avantages sociaux ou de possibilit\u00e9s d\u2019\u00e9volution professionnelle que les employ\u00e9s permanents.<\/p>\n\n\n\n<figure class=\"wp-block-image size-large\"><img decoding=\"async\" width=\"1024\" height=\"614\" src=\"https:\/\/rapid-interim.com\/wp-content\/uploads\/2025\/02\/tdt_27032023_industrie_facts1015271032928732920-1024x614.jpg\" alt=\"\" class=\"wp-image-21906\" srcset=\"https:\/\/rapid-interim.com\/wp-content\/uploads\/2025\/02\/tdt_27032023_industrie_facts1015271032928732920-1024x614.jpg 1024w, https:\/\/rapid-interim.com\/wp-content\/uploads\/2025\/02\/tdt_27032023_industrie_facts1015271032928732920-300x180.jpg 300w, https:\/\/rapid-interim.com\/wp-content\/uploads\/2025\/02\/tdt_27032023_industrie_facts1015271032928732920-768x461.jpg 768w, https:\/\/rapid-interim.com\/wp-content\/uploads\/2025\/02\/tdt_27032023_industrie_facts1015271032928732920-1536x922.jpg 1536w, https:\/\/rapid-interim.com\/wp-content\/uploads\/2025\/02\/tdt_27032023_industrie_facts1015271032928732920-600x360.jpg 600w, https:\/\/rapid-interim.com\/wp-content\/uploads\/2025\/02\/tdt_27032023_industrie_facts1015271032928732920.jpg 2000w\" sizes=\"(max-width: 1024px) 100vw, 1024px\" \/><\/figure>\n\n\n\n<p class=\"wp-block-paragraph\">De plus, certains syndicats en Europe ont exprim\u00e9 des inqui\u00e9tudes concernant les <a href=\"https:\/\/rapid-interim.com\/index.php\/2025\/01\/22\/les-conditions-de-travail-des-interimaires-roumains-dans-le-secteur-de-la-logistique\/\" data-internallinksmanager029f6b8e52c=\"46\" title=\"conditions de travail\">conditions de travail<\/a> des <a href=\"https:\/\/rapid-interim.com\/index.php\/2025\/02\/18\/travailleurs-interimaires-roumains-dans-lindustrie-laitiere-une-reponse-aux-besoins-en-main-doeuvre-qualifiee\/\" data-internallinksmanager029f6b8e52c=\"49\" title=\"Int\u00e9rimaires roumains : un atout pour l\u2019industrie laiti\u00e8re\">travailleurs int\u00e9rimaires<\/a>. Les cas de <a href=\"https:\/\/rapid-interim.com\/index.php\/2025\/01\/22\/les-conditions-de-travail-des-interimaires-roumains-dans-le-secteur-de-la-logistique\/\" data-internallinksmanager029f6b8e52c=\"46\" title=\"conditions de travail\">conditions de travail<\/a> moins favorables (moins de protections sociales, de cong\u00e9s pay\u00e9s, ou de r\u00e9mun\u00e9ration \u00e9quivalente) sont de plus en plus fr\u00e9quents et n\u00e9cessitent une attention particuli\u00e8re dans les politiques RH des entreprises.<\/p>\n\n\n\n<h3 class=\"wp-block-heading\">IV. Les bonnes pratiques de gestion RH face \u00e0 l\u2019int\u00e9rim roumain<\/h3>\n\n\n\n<p class=\"wp-block-paragraph\">Les entreprises doivent adopter des strat\u00e9gies RH adapt\u00e9es pour tirer le meilleur parti de l&rsquo;int\u00e9rim roumain, tout en minimisant les risques associ\u00e9s. Cela implique la mise en place de pratiques d\u2019int\u00e9gration efficaces, de gestion de la diversit\u00e9, et de formation continue.<\/p>\n\n\n\n<h4 class=\"wp-block-heading\">1. Formation et d\u00e9veloppement des comp\u00e9tences<\/h4>\n\n\n\n<p class=\"wp-block-paragraph\">Il est essentiel que les entreprises investissent dans la formation de leurs <a href=\"https:\/\/rapid-interim.com\/index.php\/2025\/02\/18\/travailleurs-interimaires-roumains-dans-lindustrie-laitiere-une-reponse-aux-besoins-en-main-doeuvre-qualifiee\/\" data-internallinksmanager029f6b8e52c=\"49\" title=\"Int\u00e9rimaires roumains : un atout pour l\u2019industrie laiti\u00e8re\">travailleurs int\u00e9rimaires<\/a>, y compris ceux en provenance de Roumanie. Cela peut inclure des formations sur les normes de s\u00e9curit\u00e9, les proc\u00e9d\u00e9s de production, et m\u00eame la langue de travail. En investissant dans la formation, les entreprises b\u00e9n\u00e9ficient d&rsquo;une main-d&rsquo;\u0153uvre plus comp\u00e9tente et plus productive, ce qui contribue \u00e0 la flexibilit\u00e9 du march\u00e9 du travail tout en maintenant un haut niveau de qualit\u00e9.<\/p>\n\n\n\n<h4 class=\"wp-block-heading\">2. Favoriser l&rsquo;inclusion et la diversit\u00e9<\/h4>\n\n\n\n<p class=\"wp-block-paragraph\">Les entreprises doivent aussi promouvoir un environnement de travail inclusif pour garantir l\u2019int\u00e9gration des <a href=\"https:\/\/rapid-interim.com\/index.php\/2025\/02\/18\/travailleurs-interimaires-roumains-dans-lindustrie-laitiere-une-reponse-aux-besoins-en-main-doeuvre-qualifiee\/\" data-internallinksmanager029f6b8e52c=\"49\" title=\"Int\u00e9rimaires roumains : un atout pour l\u2019industrie laiti\u00e8re\">travailleurs int\u00e9rimaires<\/a>. La cr\u00e9ation de programmes d\u2019int\u00e9gration qui facilitent l\u2019adaptation des <a href=\"https:\/\/rapid-interim.com\/index.php\/2025\/02\/24\/reglementation-europeenne-et-detachement-des-travailleurs-roumains\/\" data-internallinksmanager029f6b8e52c=\"28\" title=\"Travailleurs roumains\">travailleurs roumains<\/a> \u00e0 leur nouveau cadre de travail peut pr\u00e9venir des conflits culturels et am\u00e9liorer la productivit\u00e9.<\/p>\n\n\n\n<h4 class=\"wp-block-heading\">3. Assurer l\u2019\u00e9galit\u00e9 de traitement<\/h4>\n\n\n\n<p class=\"wp-block-paragraph\">Enfin, les entreprises doivent s\u2019assurer qu\u2019elles respectent les principes d\u2019\u00e9galit\u00e9 de traitement en mati\u00e8re de salaire, de s\u00e9curit\u00e9 sociale et de <a href=\"https:\/\/rapid-interim.com\/index.php\/2025\/01\/22\/les-conditions-de-travail-des-interimaires-roumains-dans-le-secteur-de-la-logistique\/\" data-internallinksmanager029f6b8e52c=\"46\" title=\"conditions de travail\">conditions de travail<\/a>. Bien que les <a href=\"https:\/\/rapid-interim.com\/index.php\/2025\/02\/18\/travailleurs-interimaires-roumains-dans-lindustrie-laitiere-une-reponse-aux-besoins-en-main-doeuvre-qualifiee\/\" data-internallinksmanager029f6b8e52c=\"49\" title=\"Int\u00e9rimaires roumains : un atout pour l\u2019industrie laiti\u00e8re\">travailleurs int\u00e9rimaires<\/a> ne soient pas employ\u00e9s de mani\u00e8re permanente, ils doivent b\u00e9n\u00e9ficier des m\u00eames droits que les autres salari\u00e9s, afin d\u2019\u00e9viter des tensions sociales et de garantir une relation de travail \u00e9quitable.<\/p>\n\n\n\n<h3 class=\"wp-block-heading\">V. Conclusion<\/h3>\n\n\n\n<p class=\"wp-block-paragraph\">L\u2019int\u00e9rim roumain joue un r\u00f4le cl\u00e9 dans l\u2019augmentation de la flexibilit\u00e9 du march\u00e9 du travail dans l\u2019industrie europ\u00e9enne. En permettant aux entreprises de r\u00e9agir rapidement aux besoins changeants, tout en offrant des \u00e9conomies de co\u00fbts substantielles, l\u2019int\u00e9rim roumain r\u00e9pond \u00e0 un besoin pressant dans des secteurs cl\u00e9s tels que l\u2019automobile, la construction et la logistique. Toutefois, cette flexibilit\u00e9 entra\u00eene \u00e9galement des d\u00e9fis pour les gestionnaires de ressources humaines, qui doivent veiller \u00e0 la formation, \u00e0 l\u2019int\u00e9gration, \u00e0 la gestion de la diversit\u00e9 et \u00e0 la s\u00e9curit\u00e9 des <a href=\"https:\/\/rapid-interim.com\/index.php\/2025\/02\/18\/travailleurs-interimaires-roumains-dans-lindustrie-laitiere-une-reponse-aux-besoins-en-main-doeuvre-qualifiee\/\" data-internallinksmanager029f6b8e52c=\"49\" title=\"Int\u00e9rimaires roumains : un atout pour l\u2019industrie laiti\u00e8re\">travailleurs int\u00e9rimaires<\/a>.<\/p>\n\n\n\n<p class=\"wp-block-paragraph\">Si ces d\u00e9fis sont surmont\u00e9s, l\u2019int\u00e9rim roumain peut continuer \u00e0 \u00eatre un pilier essentiel pour la comp\u00e9titivit\u00e9 des industries europ\u00e9ennes, tout en offrant une opportunit\u00e9 d\u2019\u00e9volution professionnelle pour une main-d&rsquo;\u0153uvre europ\u00e9enne plus mobile et plus diversifi\u00e9e.<\/p>\n","protected":false},"excerpt":{"rendered":"<p>L\u2019industrie europ\u00e9enne, en constante \u00e9volution et de plus en plus comp\u00e9titive, a d\u00fb s\u2019adapter \u00e0 des changements rapides, notamment en mati\u00e8re de flexibilit\u00e9 du march\u00e9 du travail. Dans ce contexte, l\u2019int\u00e9rim est devenu une solution privil\u00e9gi\u00e9e pour r\u00e9pondre aux besoins de main-d\u2019\u0153uvre ponctuels et sp\u00e9cifiques. Parmi les travailleurs int\u00e9rimaires, la pr\u00e9sence croissante des travailleurs roumains [&hellip;]<\/p>\n","protected":false},"author":1,"featured_media":21907,"comment_status":"open","ping_status":"open","sticky":false,"template":"","format":"standard","meta":{"_crdt_document":"","_jetpack_memberships_contains_paid_content":false,"footnotes":""},"categories":[1,147],"tags":[128,127,111],"class_list":["post-21908","post","type-post","status-publish","format-standard","has-post-thumbnail","hentry","category-blog","category-industrie","tag-agence-interim-europeene","tag-agence-interim-travailleur-etranger","tag-apiculteurs-roumains"],"yoast_head":"<!-- This site is optimized with the Yoast SEO plugin v27.5 - https:\/\/yoast.com\/product\/yoast-seo-wordpress\/ -->\n<title>L&#039;impact de l&#039;int\u00e9rim roumain sur la flexibilit\u00e9 du march\u00e9 du travail dans l&#039;industrie europ\u00e9enne - rapid-interim<\/title>\n<meta name=\"robots\" content=\"index, follow, max-snippet:-1, max-image-preview:large, max-video-preview:-1\" \/>\n<link rel=\"canonical\" href=\"https:\/\/rapid-interim.com\/index.php\/2025\/01\/30\/limpact-de-linterim-roumain-sur-la-flexibilite-du-marche-du-travail-dans-lindustrie-europeenne\/\" \/>\n<meta property=\"og:locale\" content=\"fr_FR\" \/>\n<meta property=\"og:type\" content=\"article\" \/>\n<meta property=\"og:title\" content=\"L&#039;impact de l&#039;int\u00e9rim roumain sur la flexibilit\u00e9 du march\u00e9 du travail dans l&#039;industrie europ\u00e9enne - rapid-interim\" \/>\n<meta property=\"og:description\" content=\"L\u2019industrie europ\u00e9enne, en constante \u00e9volution et de plus en plus comp\u00e9titive, a d\u00fb s\u2019adapter \u00e0 des changements rapides, notamment en mati\u00e8re de flexibilit\u00e9 du march\u00e9 du travail. Dans ce contexte, l\u2019int\u00e9rim est devenu une solution privil\u00e9gi\u00e9e pour r\u00e9pondre aux besoins de main-d\u2019\u0153uvre ponctuels et sp\u00e9cifiques. Parmi les travailleurs int\u00e9rimaires, la pr\u00e9sence croissante des travailleurs roumains [&hellip;]\" \/>\n<meta property=\"og:url\" content=\"https:\/\/rapid-interim.com\/index.php\/2025\/01\/30\/limpact-de-linterim-roumain-sur-la-flexibilite-du-marche-du-travail-dans-lindustrie-europeenne\/\" \/>\n<meta property=\"og:site_name\" content=\"rapid-interim\" \/>\n<meta property=\"article:published_time\" content=\"2025-01-30T03:33:13+00:00\" \/>\n<meta property=\"og:image\" content=\"https:\/\/rapid-interim.com\/wp-content\/uploads\/2025\/02\/industria-dei-fluidi-e-dei-servizi.jpeg\" \/>\n\t<meta property=\"og:image:width\" content=\"1600\" \/>\n\t<meta property=\"og:image:height\" content=\"1067\" \/>\n\t<meta property=\"og:image:type\" content=\"image\/jpeg\" \/>\n<meta name=\"author\" content=\"Marie Dubois\" \/>\n<meta name=\"twitter:card\" content=\"summary_large_image\" \/>\n<meta name=\"twitter:label1\" content=\"\u00c9crit par\" \/>\n\t<meta name=\"twitter:data1\" content=\"Marie Dubois\" \/>\n\t<meta name=\"twitter:label2\" content=\"Dur\u00e9e de lecture estim\u00e9e\" \/>\n\t<meta name=\"twitter:data2\" content=\"8 minutes\" \/>\n<script type=\"application\/ld+json\" class=\"yoast-schema-graph\">{\"@context\":\"https:\\\/\\\/schema.org\",\"@graph\":[{\"@type\":\"Article\",\"@id\":\"https:\\\/\\\/rapid-interim.com\\\/index.php\\\/2025\\\/01\\\/30\\\/limpact-de-linterim-roumain-sur-la-flexibilite-du-marche-du-travail-dans-lindustrie-europeenne\\\/#article\",\"isPartOf\":{\"@id\":\"https:\\\/\\\/rapid-interim.com\\\/index.php\\\/2025\\\/01\\\/30\\\/limpact-de-linterim-roumain-sur-la-flexibilite-du-marche-du-travail-dans-lindustrie-europeenne\\\/\"},\"author\":{\"name\":\"Marie Dubois\",\"@id\":\"https:\\\/\\\/rapid-interim.com\\\/#\\\/schema\\\/person\\\/c80cf67768e43267c59b9c4095fac056\"},\"headline\":\"L&rsquo;impact de l&rsquo;int\u00e9rim roumain sur la flexibilit\u00e9 du march\u00e9 du travail dans l&rsquo;industrie europ\u00e9enne\",\"datePublished\":\"2025-01-30T03:33:13+00:00\",\"mainEntityOfPage\":{\"@id\":\"https:\\\/\\\/rapid-interim.com\\\/index.php\\\/2025\\\/01\\\/30\\\/limpact-de-linterim-roumain-sur-la-flexibilite-du-marche-du-travail-dans-lindustrie-europeenne\\\/\"},\"wordCount\":1691,\"commentCount\":0,\"publisher\":{\"@id\":\"https:\\\/\\\/rapid-interim.com\\\/#organization\"},\"image\":{\"@id\":\"https:\\\/\\\/rapid-interim.com\\\/index.php\\\/2025\\\/01\\\/30\\\/limpact-de-linterim-roumain-sur-la-flexibilite-du-marche-du-travail-dans-lindustrie-europeenne\\\/#primaryimage\"},\"thumbnailUrl\":\"https:\\\/\\\/rapid-interim.com\\\/wp-content\\\/uploads\\\/2025\\\/02\\\/industria-dei-fluidi-e-dei-servizi.jpeg\",\"keywords\":[\"agence interim europeene\",\"agence interim travailleur etranger\",\"Apiculteurs Roumains\"],\"articleSection\":[\"Blog\",\"Industrie\"],\"inLanguage\":\"fr-FR\",\"potentialAction\":[{\"@type\":\"CommentAction\",\"name\":\"Comment\",\"target\":[\"https:\\\/\\\/rapid-interim.com\\\/index.php\\\/2025\\\/01\\\/30\\\/limpact-de-linterim-roumain-sur-la-flexibilite-du-marche-du-travail-dans-lindustrie-europeenne\\\/#respond\"]}]},{\"@type\":\"WebPage\",\"@id\":\"https:\\\/\\\/rapid-interim.com\\\/index.php\\\/2025\\\/01\\\/30\\\/limpact-de-linterim-roumain-sur-la-flexibilite-du-marche-du-travail-dans-lindustrie-europeenne\\\/\",\"url\":\"https:\\\/\\\/rapid-interim.com\\\/index.php\\\/2025\\\/01\\\/30\\\/limpact-de-linterim-roumain-sur-la-flexibilite-du-marche-du-travail-dans-lindustrie-europeenne\\\/\",\"name\":\"L'impact de l'int\u00e9rim roumain sur la flexibilit\u00e9 du march\u00e9 du travail dans l'industrie europ\u00e9enne - rapid-interim\",\"isPartOf\":{\"@id\":\"https:\\\/\\\/rapid-interim.com\\\/#website\"},\"primaryImageOfPage\":{\"@id\":\"https:\\\/\\\/rapid-interim.com\\\/index.php\\\/2025\\\/01\\\/30\\\/limpact-de-linterim-roumain-sur-la-flexibilite-du-marche-du-travail-dans-lindustrie-europeenne\\\/#primaryimage\"},\"image\":{\"@id\":\"https:\\\/\\\/rapid-interim.com\\\/index.php\\\/2025\\\/01\\\/30\\\/limpact-de-linterim-roumain-sur-la-flexibilite-du-marche-du-travail-dans-lindustrie-europeenne\\\/#primaryimage\"},\"thumbnailUrl\":\"https:\\\/\\\/rapid-interim.com\\\/wp-content\\\/uploads\\\/2025\\\/02\\\/industria-dei-fluidi-e-dei-servizi.jpeg\",\"datePublished\":\"2025-01-30T03:33:13+00:00\",\"breadcrumb\":{\"@id\":\"https:\\\/\\\/rapid-interim.com\\\/index.php\\\/2025\\\/01\\\/30\\\/limpact-de-linterim-roumain-sur-la-flexibilite-du-marche-du-travail-dans-lindustrie-europeenne\\\/#breadcrumb\"},\"inLanguage\":\"fr-FR\",\"potentialAction\":[{\"@type\":\"ReadAction\",\"target\":[\"https:\\\/\\\/rapid-interim.com\\\/index.php\\\/2025\\\/01\\\/30\\\/limpact-de-linterim-roumain-sur-la-flexibilite-du-marche-du-travail-dans-lindustrie-europeenne\\\/\"]}]},{\"@type\":\"ImageObject\",\"inLanguage\":\"fr-FR\",\"@id\":\"https:\\\/\\\/rapid-interim.com\\\/index.php\\\/2025\\\/01\\\/30\\\/limpact-de-linterim-roumain-sur-la-flexibilite-du-marche-du-travail-dans-lindustrie-europeenne\\\/#primaryimage\",\"url\":\"https:\\\/\\\/rapid-interim.com\\\/wp-content\\\/uploads\\\/2025\\\/02\\\/industria-dei-fluidi-e-dei-servizi.jpeg\",\"contentUrl\":\"https:\\\/\\\/rapid-interim.com\\\/wp-content\\\/uploads\\\/2025\\\/02\\\/industria-dei-fluidi-e-dei-servizi.jpeg\",\"width\":1600,\"height\":1067},{\"@type\":\"BreadcrumbList\",\"@id\":\"https:\\\/\\\/rapid-interim.com\\\/index.php\\\/2025\\\/01\\\/30\\\/limpact-de-linterim-roumain-sur-la-flexibilite-du-marche-du-travail-dans-lindustrie-europeenne\\\/#breadcrumb\",\"itemListElement\":[{\"@type\":\"ListItem\",\"position\":1,\"name\":\"Accueil\",\"item\":\"https:\\\/\\\/rapid-interim.com\\\/\"},{\"@type\":\"ListItem\",\"position\":2,\"name\":\"L&rsquo;impact de l&rsquo;int\u00e9rim roumain sur la flexibilit\u00e9 du march\u00e9 du travail dans l&rsquo;industrie europ\u00e9enne\"}]},{\"@type\":\"WebSite\",\"@id\":\"https:\\\/\\\/rapid-interim.com\\\/#website\",\"url\":\"https:\\\/\\\/rapid-interim.com\\\/\",\"name\":\"rapid-interim\",\"description\":\"Interim et travail temporaire\",\"publisher\":{\"@id\":\"https:\\\/\\\/rapid-interim.com\\\/#organization\"},\"potentialAction\":[{\"@type\":\"SearchAction\",\"target\":{\"@type\":\"EntryPoint\",\"urlTemplate\":\"https:\\\/\\\/rapid-interim.com\\\/?s={search_term_string}\"},\"query-input\":{\"@type\":\"PropertyValueSpecification\",\"valueRequired\":true,\"valueName\":\"search_term_string\"}}],\"inLanguage\":\"fr-FR\"},{\"@type\":\"Organization\",\"@id\":\"https:\\\/\\\/rapid-interim.com\\\/#organization\",\"name\":\"rapid-interim\",\"url\":\"https:\\\/\\\/rapid-interim.com\\\/\",\"logo\":{\"@type\":\"ImageObject\",\"inLanguage\":\"fr-FR\",\"@id\":\"https:\\\/\\\/rapid-interim.com\\\/#\\\/schema\\\/logo\\\/image\\\/\",\"url\":\"https:\\\/\\\/rapid-interim.com\\\/wp-content\\\/uploads\\\/2022\\\/06\\\/cropped-rapid-inetrim.png\",\"contentUrl\":\"https:\\\/\\\/rapid-interim.com\\\/wp-content\\\/uploads\\\/2022\\\/06\\\/cropped-rapid-inetrim.png\",\"width\":314,\"height\":137,\"caption\":\"rapid-interim\"},\"image\":{\"@id\":\"https:\\\/\\\/rapid-interim.com\\\/#\\\/schema\\\/logo\\\/image\\\/\"}},{\"@type\":\"Person\",\"@id\":\"https:\\\/\\\/rapid-interim.com\\\/#\\\/schema\\\/person\\\/c80cf67768e43267c59b9c4095fac056\",\"name\":\"Marie Dubois\",\"image\":{\"@type\":\"ImageObject\",\"inLanguage\":\"fr-FR\",\"@id\":\"https:\\\/\\\/secure.gravatar.com\\\/avatar\\\/c5d9a389371c49a3eb3d5c05c1bdb9d2124cabb2c990e1eb227c370b66139bfe?s=96&d=mm&r=g\",\"url\":\"https:\\\/\\\/secure.gravatar.com\\\/avatar\\\/c5d9a389371c49a3eb3d5c05c1bdb9d2124cabb2c990e1eb227c370b66139bfe?s=96&d=mm&r=g\",\"contentUrl\":\"https:\\\/\\\/secure.gravatar.com\\\/avatar\\\/c5d9a389371c49a3eb3d5c05c1bdb9d2124cabb2c990e1eb227c370b66139bfe?s=96&d=mm&r=g\",\"caption\":\"Marie Dubois\"},\"sameAs\":[\"http:\\\/\\\/rapid-interim.com\"],\"url\":\"https:\\\/\\\/rapid-interim.com\\\/index.php\\\/author\\\/rapid-interim-com\\\/\"}]}<\/script>\n<!-- \/ Yoast SEO plugin. -->","yoast_head_json":{"title":"L'impact de l'int\u00e9rim roumain sur la flexibilit\u00e9 du march\u00e9 du travail dans l'industrie europ\u00e9enne - rapid-interim","robots":{"index":"index","follow":"follow","max-snippet":"max-snippet:-1","max-image-preview":"max-image-preview:large","max-video-preview":"max-video-preview:-1"},"canonical":"https:\/\/rapid-interim.com\/index.php\/2025\/01\/30\/limpact-de-linterim-roumain-sur-la-flexibilite-du-marche-du-travail-dans-lindustrie-europeenne\/","og_locale":"fr_FR","og_type":"article","og_title":"L'impact de l'int\u00e9rim roumain sur la flexibilit\u00e9 du march\u00e9 du travail dans l'industrie europ\u00e9enne - rapid-interim","og_description":"L\u2019industrie europ\u00e9enne, en constante \u00e9volution et de plus en plus comp\u00e9titive, a d\u00fb s\u2019adapter \u00e0 des changements rapides, notamment en mati\u00e8re de flexibilit\u00e9 du march\u00e9 du travail. Dans ce contexte, l\u2019int\u00e9rim est devenu une solution privil\u00e9gi\u00e9e pour r\u00e9pondre aux besoins de main-d\u2019\u0153uvre ponctuels et sp\u00e9cifiques. Parmi les travailleurs int\u00e9rimaires, la pr\u00e9sence croissante des travailleurs roumains [&hellip;]","og_url":"https:\/\/rapid-interim.com\/index.php\/2025\/01\/30\/limpact-de-linterim-roumain-sur-la-flexibilite-du-marche-du-travail-dans-lindustrie-europeenne\/","og_site_name":"rapid-interim","article_published_time":"2025-01-30T03:33:13+00:00","og_image":[{"width":1600,"height":1067,"url":"https:\/\/rapid-interim.com\/wp-content\/uploads\/2025\/02\/industria-dei-fluidi-e-dei-servizi.jpeg","type":"image\/jpeg"}],"author":"Marie Dubois","twitter_card":"summary_large_image","twitter_misc":{"\u00c9crit par":"Marie Dubois","Dur\u00e9e de lecture estim\u00e9e":"8 minutes"},"schema":{"@context":"https:\/\/schema.org","@graph":[{"@type":"Article","@id":"https:\/\/rapid-interim.com\/index.php\/2025\/01\/30\/limpact-de-linterim-roumain-sur-la-flexibilite-du-marche-du-travail-dans-lindustrie-europeenne\/#article","isPartOf":{"@id":"https:\/\/rapid-interim.com\/index.php\/2025\/01\/30\/limpact-de-linterim-roumain-sur-la-flexibilite-du-marche-du-travail-dans-lindustrie-europeenne\/"},"author":{"name":"Marie Dubois","@id":"https:\/\/rapid-interim.com\/#\/schema\/person\/c80cf67768e43267c59b9c4095fac056"},"headline":"L&rsquo;impact de l&rsquo;int\u00e9rim roumain sur la flexibilit\u00e9 du march\u00e9 du travail dans l&rsquo;industrie europ\u00e9enne","datePublished":"2025-01-30T03:33:13+00:00","mainEntityOfPage":{"@id":"https:\/\/rapid-interim.com\/index.php\/2025\/01\/30\/limpact-de-linterim-roumain-sur-la-flexibilite-du-marche-du-travail-dans-lindustrie-europeenne\/"},"wordCount":1691,"commentCount":0,"publisher":{"@id":"https:\/\/rapid-interim.com\/#organization"},"image":{"@id":"https:\/\/rapid-interim.com\/index.php\/2025\/01\/30\/limpact-de-linterim-roumain-sur-la-flexibilite-du-marche-du-travail-dans-lindustrie-europeenne\/#primaryimage"},"thumbnailUrl":"https:\/\/rapid-interim.com\/wp-content\/uploads\/2025\/02\/industria-dei-fluidi-e-dei-servizi.jpeg","keywords":["agence interim europeene","agence interim travailleur etranger","Apiculteurs Roumains"],"articleSection":["Blog","Industrie"],"inLanguage":"fr-FR","potentialAction":[{"@type":"CommentAction","name":"Comment","target":["https:\/\/rapid-interim.com\/index.php\/2025\/01\/30\/limpact-de-linterim-roumain-sur-la-flexibilite-du-marche-du-travail-dans-lindustrie-europeenne\/#respond"]}]},{"@type":"WebPage","@id":"https:\/\/rapid-interim.com\/index.php\/2025\/01\/30\/limpact-de-linterim-roumain-sur-la-flexibilite-du-marche-du-travail-dans-lindustrie-europeenne\/","url":"https:\/\/rapid-interim.com\/index.php\/2025\/01\/30\/limpact-de-linterim-roumain-sur-la-flexibilite-du-marche-du-travail-dans-lindustrie-europeenne\/","name":"L'impact de l'int\u00e9rim roumain sur la flexibilit\u00e9 du march\u00e9 du travail dans l'industrie europ\u00e9enne - rapid-interim","isPartOf":{"@id":"https:\/\/rapid-interim.com\/#website"},"primaryImageOfPage":{"@id":"https:\/\/rapid-interim.com\/index.php\/2025\/01\/30\/limpact-de-linterim-roumain-sur-la-flexibilite-du-marche-du-travail-dans-lindustrie-europeenne\/#primaryimage"},"image":{"@id":"https:\/\/rapid-interim.com\/index.php\/2025\/01\/30\/limpact-de-linterim-roumain-sur-la-flexibilite-du-marche-du-travail-dans-lindustrie-europeenne\/#primaryimage"},"thumbnailUrl":"https:\/\/rapid-interim.com\/wp-content\/uploads\/2025\/02\/industria-dei-fluidi-e-dei-servizi.jpeg","datePublished":"2025-01-30T03:33:13+00:00","breadcrumb":{"@id":"https:\/\/rapid-interim.com\/index.php\/2025\/01\/30\/limpact-de-linterim-roumain-sur-la-flexibilite-du-marche-du-travail-dans-lindustrie-europeenne\/#breadcrumb"},"inLanguage":"fr-FR","potentialAction":[{"@type":"ReadAction","target":["https:\/\/rapid-interim.com\/index.php\/2025\/01\/30\/limpact-de-linterim-roumain-sur-la-flexibilite-du-marche-du-travail-dans-lindustrie-europeenne\/"]}]},{"@type":"ImageObject","inLanguage":"fr-FR","@id":"https:\/\/rapid-interim.com\/index.php\/2025\/01\/30\/limpact-de-linterim-roumain-sur-la-flexibilite-du-marche-du-travail-dans-lindustrie-europeenne\/#primaryimage","url":"https:\/\/rapid-interim.com\/wp-content\/uploads\/2025\/02\/industria-dei-fluidi-e-dei-servizi.jpeg","contentUrl":"https:\/\/rapid-interim.com\/wp-content\/uploads\/2025\/02\/industria-dei-fluidi-e-dei-servizi.jpeg","width":1600,"height":1067},{"@type":"BreadcrumbList","@id":"https:\/\/rapid-interim.com\/index.php\/2025\/01\/30\/limpact-de-linterim-roumain-sur-la-flexibilite-du-marche-du-travail-dans-lindustrie-europeenne\/#breadcrumb","itemListElement":[{"@type":"ListItem","position":1,"name":"Accueil","item":"https:\/\/rapid-interim.com\/"},{"@type":"ListItem","position":2,"name":"L&rsquo;impact de l&rsquo;int\u00e9rim roumain sur la flexibilit\u00e9 du march\u00e9 du travail dans l&rsquo;industrie europ\u00e9enne"}]},{"@type":"WebSite","@id":"https:\/\/rapid-interim.com\/#website","url":"https:\/\/rapid-interim.com\/","name":"rapid-interim","description":"Interim et travail temporaire","publisher":{"@id":"https:\/\/rapid-interim.com\/#organization"},"potentialAction":[{"@type":"SearchAction","target":{"@type":"EntryPoint","urlTemplate":"https:\/\/rapid-interim.com\/?s={search_term_string}"},"query-input":{"@type":"PropertyValueSpecification","valueRequired":true,"valueName":"search_term_string"}}],"inLanguage":"fr-FR"},{"@type":"Organization","@id":"https:\/\/rapid-interim.com\/#organization","name":"rapid-interim","url":"https:\/\/rapid-interim.com\/","logo":{"@type":"ImageObject","inLanguage":"fr-FR","@id":"https:\/\/rapid-interim.com\/#\/schema\/logo\/image\/","url":"https:\/\/rapid-interim.com\/wp-content\/uploads\/2022\/06\/cropped-rapid-inetrim.png","contentUrl":"https:\/\/rapid-interim.com\/wp-content\/uploads\/2022\/06\/cropped-rapid-inetrim.png","width":314,"height":137,"caption":"rapid-interim"},"image":{"@id":"https:\/\/rapid-interim.com\/#\/schema\/logo\/image\/"}},{"@type":"Person","@id":"https:\/\/rapid-interim.com\/#\/schema\/person\/c80cf67768e43267c59b9c4095fac056","name":"Marie Dubois","image":{"@type":"ImageObject","inLanguage":"fr-FR","@id":"https:\/\/secure.gravatar.com\/avatar\/c5d9a389371c49a3eb3d5c05c1bdb9d2124cabb2c990e1eb227c370b66139bfe?s=96&d=mm&r=g","url":"https:\/\/secure.gravatar.com\/avatar\/c5d9a389371c49a3eb3d5c05c1bdb9d2124cabb2c990e1eb227c370b66139bfe?s=96&d=mm&r=g","contentUrl":"https:\/\/secure.gravatar.com\/avatar\/c5d9a389371c49a3eb3d5c05c1bdb9d2124cabb2c990e1eb227c370b66139bfe?s=96&d=mm&r=g","caption":"Marie Dubois"},"sameAs":["http:\/\/rapid-interim.com"],"url":"https:\/\/rapid-interim.com\/index.php\/author\/rapid-interim-com\/"}]}},"jetpack_featured_media_url":"https:\/\/rapid-interim.com\/wp-content\/uploads\/2025\/02\/industria-dei-fluidi-e-dei-servizi.jpeg","jetpack_sharing_enabled":true,"_links":{"self":[{"href":"https:\/\/rapid-interim.com\/index.php\/wp-json\/wp\/v2\/posts\/21908","targetHints":{"allow":["GET"]}}],"collection":[{"href":"https:\/\/rapid-interim.com\/index.php\/wp-json\/wp\/v2\/posts"}],"about":[{"href":"https:\/\/rapid-interim.com\/index.php\/wp-json\/wp\/v2\/types\/post"}],"author":[{"embeddable":true,"href":"https:\/\/rapid-interim.com\/index.php\/wp-json\/wp\/v2\/users\/1"}],"replies":[{"embeddable":true,"href":"https:\/\/rapid-interim.com\/index.php\/wp-json\/wp\/v2\/comments?post=21908"}],"version-history":[{"count":0,"href":"https:\/\/rapid-interim.com\/index.php\/wp-json\/wp\/v2\/posts\/21908\/revisions"}],"wp:featuredmedia":[{"embeddable":true,"href":"https:\/\/rapid-interim.com\/index.php\/wp-json\/wp\/v2\/media\/21907"}],"wp:attachment":[{"href":"https:\/\/rapid-interim.com\/index.php\/wp-json\/wp\/v2\/media?parent=21908"}],"wp:term":[{"taxonomy":"category","embeddable":true,"href":"https:\/\/rapid-interim.com\/index.php\/wp-json\/wp\/v2\/categories?post=21908"},{"taxonomy":"post_tag","embeddable":true,"href":"https:\/\/rapid-interim.com\/index.php\/wp-json\/wp\/v2\/tags?post=21908"}],"curies":[{"name":"wp","href":"https:\/\/api.w.org\/{rel}","templated":true}]}}