{"id":21895,"date":"2025-01-28T21:31:31","date_gmt":"2025-01-28T20:31:31","guid":{"rendered":"https:\/\/rapid-interim.com\/?p=21895"},"modified":"2025-01-28T21:31:31","modified_gmt":"2025-01-28T20:31:31","slug":"role-des-agences-dinterim-dans-lintegration-des-travailleurs-roumains-dans-le-secteur-logistique-defis-et-opportunites","status":"publish","type":"post","link":"https:\/\/rapid-interim.com\/index.php\/2025\/01\/28\/role-des-agences-dinterim-dans-lintegration-des-travailleurs-roumains-dans-le-secteur-logistique-defis-et-opportunites\/","title":{"rendered":"R\u00f4le des agences d&rsquo;int\u00e9rim dans l&rsquo;int\u00e9gration des travailleurs roumains dans le secteur logistique : d\u00e9fis et opportunit\u00e9s"},"content":{"rendered":"\n<p class=\"wp-block-paragraph\">Le secteur de la logistique, essentiel au bon fonctionnement des \u00e9conomies europ\u00e9ennes, repose largement sur la flexibilit\u00e9 de la main-d&rsquo;\u0153uvre int\u00e9rimaire. Dans ce contexte, les <a href=\"https:\/\/rapid-interim.com\/\" data-internallinksmanager029f6b8e52c=\"47\" title=\"agences d\u2019int\u00e9rim\">agences d&rsquo;int\u00e9rim<\/a> jouent un r\u00f4le crucial dans l&rsquo;int\u00e9gration des <a href=\"https:\/\/rapid-interim.com\/index.php\/2025\/02\/24\/reglementation-europeenne-et-detachement-des-travailleurs-roumains\/\" data-internallinksmanager029f6b8e52c=\"28\" title=\"Travailleurs roumains\">travailleurs roumains<\/a> dans les pays de l&rsquo;Union Europ\u00e9enne (UE). Ces travailleurs, souvent d\u00e9tach\u00e9s, sont recrut\u00e9s pour r\u00e9pondre aux besoins en main-d&rsquo;\u0153uvre dans un secteur qui demande des comp\u00e9tences sp\u00e9cifiques et une grande adaptabilit\u00e9. Les <a href=\"https:\/\/rapid-interim.com\/\" data-internallinksmanager029f6b8e52c=\"47\" title=\"agences d\u2019int\u00e9rim\">agences d&rsquo;int\u00e9rim<\/a> agissent comme des interm\u00e9diaires entre les entreprises et ces travailleurs, mais leur r\u00f4le ne se limite pas \u00e0 la simple <a href=\"https:\/\/rapid-interim.com\/\" data-internallinksmanager029f6b8e52c=\"44\" title=\"Accueil - Agence d&#039;interim roumaine\">mise \u00e0 disposition<\/a> de personnel. Elles sont \u00e9galement responsables de l&rsquo;int\u00e9gration de ces travailleurs dans des environnements de travail souvent nouveaux et parfois difficiles \u00e0 appr\u00e9hender. Cet article explore le r\u00f4le des <a href=\"https:\/\/rapid-interim.com\/\" data-internallinksmanager029f6b8e52c=\"47\" title=\"agences d\u2019int\u00e9rim\">agences d&rsquo;int\u00e9rim<\/a> dans cette int\u00e9gration, les d\u00e9fis qu\u2019elles rencontrent et les opportunit\u00e9s qu\u2019elles offrent \u00e0 la fois aux <a href=\"https:\/\/rapid-interim.com\/index.php\/2025\/02\/24\/reglementation-europeenne-et-detachement-des-travailleurs-roumains\/\" data-internallinksmanager029f6b8e52c=\"28\" title=\"Travailleurs roumains\">travailleurs roumains<\/a> et aux entreprises du secteur logistique.<\/p>\n\n\n\n<h3 class=\"wp-block-heading\">1. <strong>Le r\u00f4le central des agences d&rsquo;int\u00e9rim dans le recrutement et l&rsquo;int\u00e9gration<\/strong><\/h3>\n\n\n\n<h4 class=\"wp-block-heading\">1.1. <strong>Recrutement de travailleurs roumains pour le secteur logistique<\/strong><\/h4>\n\n\n\n<p class=\"wp-block-paragraph\">Le secteur logistique, avec ses besoins saisonniers ou ponctuels, fait appel \u00e0 une main-d&rsquo;\u0153uvre int\u00e9rimaire pour g\u00e9rer des pics d&rsquo;activit\u00e9, des remplacements, ou des missions temporaires. Les <a href=\"https:\/\/rapid-interim.com\/\" data-internallinksmanager029f6b8e52c=\"47\" title=\"agences d\u2019int\u00e9rim\">agences d&rsquo;int\u00e9rim<\/a> sont les principaux acteurs dans le <a href=\"https:\/\/rapid-interim.com\/\" data-internallinksmanager029f6b8e52c=\"44\" title=\"Accueil - Agence d&#039;interim roumaine\">recrutement<\/a> de ces travailleurs. En Roumanie, elles identifient et forment des candidats en fonction des exigences sp\u00e9cifiques des entreprises du secteur logistique, telles que la conduite de chariots \u00e9l\u00e9vateurs, la gestion des stocks, ou la manutention de marchandises.<\/p>\n\n\n\n<figure class=\"wp-block-image size-large\"><img fetchpriority=\"high\" decoding=\"async\" width=\"1024\" height=\"766\" src=\"https:\/\/rapid-interim.com\/wp-content\/uploads\/2024\/11\/magasinier-cariste-1-min-compressed-1024x766.jpg\" alt=\"\" class=\"wp-image-21816\" srcset=\"https:\/\/rapid-interim.com\/wp-content\/uploads\/2024\/11\/magasinier-cariste-1-min-compressed-1024x766.jpg 1024w, https:\/\/rapid-interim.com\/wp-content\/uploads\/2024\/11\/magasinier-cariste-1-min-compressed-300x224.jpg 300w, https:\/\/rapid-interim.com\/wp-content\/uploads\/2024\/11\/magasinier-cariste-1-min-compressed-768x574.jpg 768w, https:\/\/rapid-interim.com\/wp-content\/uploads\/2024\/11\/magasinier-cariste-1-min-compressed-1536x1148.jpg 1536w, https:\/\/rapid-interim.com\/wp-content\/uploads\/2024\/11\/magasinier-cariste-1-min-compressed-2048x1531.jpg 2048w, https:\/\/rapid-interim.com\/wp-content\/uploads\/2024\/11\/magasinier-cariste-1-min-compressed-600x449.jpg 600w\" sizes=\"(max-width: 1024px) 100vw, 1024px\" \/><\/figure>\n\n\n\n<p class=\"wp-block-paragraph\">Une fois recrut\u00e9s, ces travailleurs sont envoy\u00e9s dans divers pays de l&rsquo;UE, o\u00f9 les <a href=\"https:\/\/rapid-interim.com\/\" data-internallinksmanager029f6b8e52c=\"47\" title=\"agences d\u2019int\u00e9rim\">agences d&rsquo;int\u00e9rim<\/a> facilitent leur insertion professionnelle. Les agences doivent s&rsquo;assurer que les <a href=\"https:\/\/rapid-interim.com\/index.php\/2025\/02\/24\/reglementation-europeenne-et-detachement-des-travailleurs-roumains\/\" data-internallinksmanager029f6b8e52c=\"28\" title=\"Travailleurs roumains\">travailleurs roumains<\/a> poss\u00e8dent les comp\u00e9tences n\u00e9cessaires et sont pr\u00eats \u00e0 s&rsquo;adapter aux standards de qualit\u00e9 et de s\u00e9curit\u00e9 des pays d&rsquo;accueil.<\/p>\n\n\n\n<h4 class=\"wp-block-heading\">1.2. <strong>Facilitation de l&rsquo;adaptation culturelle et professionnelle<\/strong><\/h4>\n\n\n\n<p class=\"wp-block-paragraph\">L&rsquo;int\u00e9gration des <a href=\"https:\/\/rapid-interim.com\/index.php\/2025\/02\/24\/reglementation-europeenne-et-detachement-des-travailleurs-roumains\/\" data-internallinksmanager029f6b8e52c=\"28\" title=\"Travailleurs roumains\">travailleurs roumains<\/a> dans un environnement de travail diff\u00e9rent du leur n\u2019est pas toujours facile, notamment en raison de barri\u00e8res linguistiques, culturelles et professionnelles. Les <a href=\"https:\/\/rapid-interim.com\/\" data-internallinksmanager029f6b8e52c=\"47\" title=\"agences d\u2019int\u00e9rim\">agences d&rsquo;int\u00e9rim<\/a> jouent un r\u00f4le fondamental dans la pr\u00e9paration de ces travailleurs. Elles leur fournissent souvent des formations pr\u00e9alables \u00e0 leur d\u00e9part, notamment sur les r\u00e8gles de s\u00e9curit\u00e9, les attentes des employeurs, et les diff\u00e9rences culturelles dans le milieu de travail.<\/p>\n\n\n\n<p class=\"wp-block-paragraph\">Les agences offrent \u00e9galement des programmes d&rsquo;initiation \u00e0 la langue locale ou des interpr\u00e8tes sur place pour faciliter la communication et l&rsquo;int\u00e9gration dans l&rsquo;\u00e9quipe. Cela permet de r\u00e9duire les malentendus et de rendre les <a href=\"https:\/\/rapid-interim.com\/index.php\/2025\/02\/24\/reglementation-europeenne-et-detachement-des-travailleurs-roumains\/\" data-internallinksmanager029f6b8e52c=\"28\" title=\"Travailleurs roumains\">travailleurs roumains<\/a> plus efficaces et plus en confiance dans leurs fonctions.<\/p>\n\n\n\n<h4 class=\"wp-block-heading\">1.3. <strong>Gestion administrative et l\u00e9gale<\/strong><\/h4>\n\n\n\n<p class=\"wp-block-paragraph\">Les <a href=\"https:\/\/rapid-interim.com\/\" data-internallinksmanager029f6b8e52c=\"47\" title=\"agences d\u2019int\u00e9rim\">agences d&rsquo;int\u00e9rim<\/a> jouent \u00e9galement un r\u00f4le cl\u00e9 dans la gestion des aspects administratifs et l\u00e9gaux li\u00e9s au d\u00e9tachement des <a href=\"https:\/\/rapid-interim.com\/index.php\/2025\/02\/24\/reglementation-europeenne-et-detachement-des-travailleurs-roumains\/\" data-internallinksmanager029f6b8e52c=\"28\" title=\"Travailleurs roumains\">travailleurs roumains<\/a>. Elles sont responsables de la r\u00e9daction des contrats de travail, de la gestion de la paie, et de la conformit\u00e9 aux l\u00e9gislations nationales et europ\u00e9ennes, notamment en ce qui concerne les salaires, les <a href=\"https:\/\/rapid-interim.com\/index.php\/2025\/01\/22\/les-conditions-de-travail-des-interimaires-roumains-dans-le-secteur-de-la-logistique\/\" data-internallinksmanager029f6b8e52c=\"46\" title=\"conditions de travail\">conditions de travail<\/a> et la s\u00e9curit\u00e9 sociale. Cela garantit que les travailleurs sont prot\u00e9g\u00e9s et respectent leurs droits, et que les entreprises du secteur logistique respectent les obligations l\u00e9gales relatives au d\u00e9tachement.<\/p>\n\n\n\n<p class=\"wp-block-paragraph\">L\u2019une des principales responsabilit\u00e9s des <a href=\"https:\/\/rapid-interim.com\/\" data-internallinksmanager029f6b8e52c=\"47\" title=\"agences d\u2019int\u00e9rim\">agences d&rsquo;int\u00e9rim<\/a> est de s&rsquo;assurer que les <a href=\"https:\/\/rapid-interim.com\/index.php\/2025\/01\/22\/les-conditions-de-travail-des-interimaires-roumains-dans-le-secteur-de-la-logistique\/\" data-internallinksmanager029f6b8e52c=\"46\" title=\"conditions de travail\">conditions de travail<\/a> des <a href=\"https:\/\/rapid-interim.com\/index.php\/2025\/02\/24\/reglementation-europeenne-et-detachement-des-travailleurs-roumains\/\" data-internallinksmanager029f6b8e52c=\"28\" title=\"Travailleurs roumains\">travailleurs roumains<\/a> sont en conformit\u00e9 avec les lois du pays d&rsquo;accueil, qu\u2019il s\u2019agisse du respect des salaires minimaux, des horaires de travail ou des mesures de s\u00e9curit\u00e9.<\/p>\n\n\n\n<h3 class=\"wp-block-heading\">2. <strong>D\u00e9fis rencontr\u00e9s par les agences d&rsquo;int\u00e9rim dans l&rsquo;int\u00e9gration des travailleurs roumains<\/strong><\/h3>\n\n\n\n<h4 class=\"wp-block-heading\">2.1. <strong>Barri\u00e8res linguistiques et culturelles<\/strong><\/h4>\n\n\n\n<p class=\"wp-block-paragraph\">L&rsquo;une des difficult\u00e9s majeures pour les <a href=\"https:\/\/rapid-interim.com\/\" data-internallinksmanager029f6b8e52c=\"47\" title=\"agences d\u2019int\u00e9rim\">agences d&rsquo;int\u00e9rim<\/a> est la barri\u00e8re linguistique. Les <a href=\"https:\/\/rapid-interim.com\/index.php\/2025\/02\/24\/reglementation-europeenne-et-detachement-des-travailleurs-roumains\/\" data-internallinksmanager029f6b8e52c=\"28\" title=\"Travailleurs roumains\">travailleurs roumains<\/a> peuvent avoir du mal \u00e0 comprendre les instructions de s\u00e9curit\u00e9 ou \u00e0 communiquer avec leurs coll\u00e8gues, ce qui augmente les risques d&rsquo;accidents du travail. Les agences doivent investir dans des solutions de formation linguistique adapt\u00e9es ou fournir des traducteurs sur site pour garantir une bonne communication dans l&rsquo;environnement de travail.<\/p>\n\n\n\n<p class=\"wp-block-paragraph\">Les diff\u00e9rences culturelles peuvent \u00e9galement constituer un obstacle \u00e0 l&rsquo;int\u00e9gration. Par exemple, les pratiques de travail ou les attentes en mati\u00e8re de comportement professionnel peuvent varier d&rsquo;un pays \u00e0 l&rsquo;autre. Les agences doivent s&rsquo;assurer que les <a href=\"https:\/\/rapid-interim.com\/index.php\/2025\/02\/24\/reglementation-europeenne-et-detachement-des-travailleurs-roumains\/\" data-internallinksmanager029f6b8e52c=\"28\" title=\"Travailleurs roumains\">travailleurs roumains<\/a> comprennent non seulement les exigences sp\u00e9cifiques du travail, mais aussi les normes sociales et comportementales du pays d\u2019accueil.<\/p>\n\n\n\n<h4 class=\"wp-block-heading\">2.2. <strong>Conditions de travail et pr\u00e9carit\u00e9<\/strong><\/h4>\n\n\n\n<p class=\"wp-block-paragraph\">Bien que les <a href=\"https:\/\/rapid-interim.com\/\" data-internallinksmanager029f6b8e52c=\"47\" title=\"agences d\u2019int\u00e9rim\">agences d&rsquo;int\u00e9rim<\/a> soient cens\u00e9es garantir des <a href=\"https:\/\/rapid-interim.com\/index.php\/2025\/01\/22\/les-conditions-de-travail-des-interimaires-roumains-dans-le-secteur-de-la-logistique\/\" data-internallinksmanager029f6b8e52c=\"46\" title=\"conditions de travail\">conditions de travail<\/a> \u00e9quitables et transparentes, la pr\u00e9carit\u00e9 des contrats temporaires et l&rsquo;instabilit\u00e9 des missions peuvent constituer un d\u00e9fi pour l\u2019int\u00e9gration des <a href=\"https:\/\/rapid-interim.com\/index.php\/2025\/02\/24\/reglementation-europeenne-et-detachement-des-travailleurs-roumains\/\" data-internallinksmanager029f6b8e52c=\"28\" title=\"Travailleurs roumains\">travailleurs roumains<\/a>. La nature temporaire de leur emploi peut cr\u00e9er une situation de vuln\u00e9rabilit\u00e9, o\u00f9 les travailleurs h\u00e9sitent \u00e0 revendiquer leurs droits de peur de perdre leur poste.<\/p>\n\n\n\n<p class=\"wp-block-paragraph\">De plus, certains travailleurs peuvent \u00eatre confront\u00e9s \u00e0 des <a href=\"https:\/\/rapid-interim.com\/index.php\/2025\/01\/22\/les-conditions-de-travail-des-interimaires-roumains-dans-le-secteur-de-la-logistique\/\" data-internallinksmanager029f6b8e52c=\"46\" title=\"conditions de travail\">conditions de travail<\/a> difficiles, notamment en mati\u00e8re de logement et de transport. Parfois, les <a href=\"https:\/\/rapid-interim.com\/index.php\/2025\/02\/18\/travailleurs-interimaires-roumains-dans-lindustrie-laitiere-une-reponse-aux-besoins-en-main-doeuvre-qualifiee\/\" data-internallinksmanager029f6b8e52c=\"49\" title=\"Int\u00e9rimaires roumains : un atout pour l\u2019industrie laiti\u00e8re\">travailleurs int\u00e9rimaires<\/a> sont log\u00e9s dans des conditions pr\u00e9caires ou doivent supporter des frais de transport \u00e9lev\u00e9s pour rejoindre leur lieu de travail, ce qui peut affecter leur moral et leur efficacit\u00e9.<\/p>\n\n\n\n<h4 class=\"wp-block-heading\">2.3. <strong>Acc\u00e8s \u00e0 la formation continue et \u00e0 l\u2019\u00e9volution professionnelle<\/strong><\/h4>\n\n\n\n<p class=\"wp-block-paragraph\">Les <a href=\"https:\/\/rapid-interim.com\/\" data-internallinksmanager029f6b8e52c=\"47\" title=\"agences d\u2019int\u00e9rim\">agences d&rsquo;int\u00e9rim<\/a> ont parfois du mal \u00e0 offrir des opportunit\u00e9s de formation continue ou d&rsquo;\u00e9volution professionnelle aux <a href=\"https:\/\/rapid-interim.com\/index.php\/2025\/02\/24\/reglementation-europeenne-et-detachement-des-travailleurs-roumains\/\" data-internallinksmanager029f6b8e52c=\"28\" title=\"Travailleurs roumains\">travailleurs roumains<\/a> dans le secteur logistique. Bien que les agences organisent des formations initiales, peu de travailleurs b\u00e9n\u00e9ficient de formations suppl\u00e9mentaires qui pourraient am\u00e9liorer leurs comp\u00e9tences ou leur permettre d&rsquo;\u00e9voluer vers des postes plus qualifi\u00e9s. Cela peut limiter l&rsquo;engagement \u00e0 long terme des travailleurs et leur satisfaction professionnelle.<\/p>\n\n\n\n<h3 class=\"wp-block-heading\">3. <strong>Opportunit\u00e9s offertes par les agences d&rsquo;int\u00e9rim dans le secteur logistique<\/strong><\/h3>\n\n\n\n<figure class=\"wp-block-image size-large\"><img decoding=\"async\" width=\"1024\" height=\"683\" src=\"https:\/\/rapid-interim.com\/wp-content\/uploads\/2025\/01\/ef5cf87e6f525afc3e43efde54c7407f-istock-1368965886-1-1024x683.jpg\" alt=\"\" class=\"wp-image-21888\" srcset=\"https:\/\/rapid-interim.com\/wp-content\/uploads\/2025\/01\/ef5cf87e6f525afc3e43efde54c7407f-istock-1368965886-1-1024x683.jpg 1024w, https:\/\/rapid-interim.com\/wp-content\/uploads\/2025\/01\/ef5cf87e6f525afc3e43efde54c7407f-istock-1368965886-1-300x200.jpg 300w, https:\/\/rapid-interim.com\/wp-content\/uploads\/2025\/01\/ef5cf87e6f525afc3e43efde54c7407f-istock-1368965886-1-768x512.jpg 768w, https:\/\/rapid-interim.com\/wp-content\/uploads\/2025\/01\/ef5cf87e6f525afc3e43efde54c7407f-istock-1368965886-1-1536x1024.jpg 1536w, https:\/\/rapid-interim.com\/wp-content\/uploads\/2025\/01\/ef5cf87e6f525afc3e43efde54c7407f-istock-1368965886-1-2048x1365.jpg 2048w, https:\/\/rapid-interim.com\/wp-content\/uploads\/2025\/01\/ef5cf87e6f525afc3e43efde54c7407f-istock-1368965886-1-600x400.jpg 600w\" sizes=\"(max-width: 1024px) 100vw, 1024px\" \/><figcaption class=\"wp-element-caption\">Young bearded man reading some papers and tour documents before he starts with a new driving tour. View from above inside of truck cabin.<\/figcaption><\/figure>\n\n\n\n<h4 class=\"wp-block-heading\">3.1. <strong>Am\u00e9lioration des conditions de travail et r\u00e9mun\u00e9ration<\/strong><\/h4>\n\n\n\n<p class=\"wp-block-paragraph\">Les <a href=\"https:\/\/rapid-interim.com\/\" data-internallinksmanager029f6b8e52c=\"47\" title=\"agences d\u2019int\u00e9rim\">agences d&rsquo;int\u00e9rim<\/a> ont la possibilit\u00e9 d&rsquo;am\u00e9liorer les <a href=\"https:\/\/rapid-interim.com\/index.php\/2025\/01\/22\/les-conditions-de-travail-des-interimaires-roumains-dans-le-secteur-de-la-logistique\/\" data-internallinksmanager029f6b8e52c=\"46\" title=\"conditions de travail\">conditions de travail<\/a> des <a href=\"https:\/\/rapid-interim.com\/index.php\/2025\/02\/18\/travailleurs-interimaires-roumains-dans-lindustrie-laitiere-une-reponse-aux-besoins-en-main-doeuvre-qualifiee\/\" data-internallinksmanager029f6b8e52c=\"26\" title=\"Interimaires Roumains\">int\u00e9rimaires roumains<\/a> en leur offrant des salaires comp\u00e9titifs et des contrats qui respectent les normes en vigueur dans les pays d\u2019accueil. Elles peuvent \u00e9galement aider \u00e0 garantir que les int\u00e9rimaires b\u00e9n\u00e9ficient des avantages sociaux et des protections n\u00e9cessaires, notamment en mati\u00e8re de sant\u00e9 et de s\u00e9curit\u00e9.<\/p>\n\n\n\n<p class=\"wp-block-paragraph\">En \u00e9tablissant des partenariats solides avec les entreprises du secteur logistique, les agences peuvent n\u00e9gocier des <a href=\"https:\/\/rapid-interim.com\/index.php\/2025\/01\/22\/les-conditions-de-travail-des-interimaires-roumains-dans-le-secteur-de-la-logistique\/\" data-internallinksmanager029f6b8e52c=\"46\" title=\"conditions de travail\">conditions de travail<\/a> plus favorables pour les <a href=\"https:\/\/rapid-interim.com\/index.php\/2025\/02\/24\/reglementation-europeenne-et-detachement-des-travailleurs-roumains\/\" data-internallinksmanager029f6b8e52c=\"28\" title=\"Travailleurs roumains\">travailleurs roumains<\/a>, notamment des primes de d\u00e9placement, des indemnit\u00e9s pour les horaires d\u00e9cal\u00e9s, ou des formations sp\u00e9cifiques \u00e0 des t\u00e2ches sp\u00e9cialis\u00e9es.<\/p>\n\n\n\n<h4 class=\"wp-block-heading\">3.2. <strong>Accompagnement personnalis\u00e9 et d\u00e9veloppement de carri\u00e8re<\/strong><\/h4>\n\n\n\n<p class=\"wp-block-paragraph\">Certaines <a href=\"https:\/\/rapid-interim.com\/\" data-internallinksmanager029f6b8e52c=\"47\" title=\"agences d\u2019int\u00e9rim\">agences d&rsquo;int\u00e9rim<\/a> offrent un accompagnement personnalis\u00e9 aux travailleurs <a href=\"https:\/\/rapid-interim.com\/index.php\/2025\/02\/18\/travailleurs-interimaires-roumains-dans-lindustrie-laitiere-une-reponse-aux-besoins-en-main-doeuvre-qualifiee\/\" data-internallinksmanager029f6b8e52c=\"26\" title=\"Interimaires Roumains\">int\u00e9rimaires roumains<\/a>, ce qui favorise leur int\u00e9gration \u00e0 long terme dans le secteur logistique. Cela peut inclure la mise en place de mentorats, la possibilit\u00e9 de suivre des formations continues ou de passer des certifications reconnues dans le secteur. Ce type d\u2019accompagnement peut am\u00e9liorer la satisfaction des travailleurs et leur permettre d\u2019\u00e9voluer professionnellement, tout en contribuant \u00e0 leur fid\u00e9lisation.<\/p>\n\n\n\n<h4 class=\"wp-block-heading\">3.3. <strong>Renforcement des liens sociaux et de l&rsquo;int\u00e9gration communautaire<\/strong><\/h4>\n\n\n\n<p class=\"wp-block-paragraph\">Les <a href=\"https:\/\/rapid-interim.com\/\" data-internallinksmanager029f6b8e52c=\"47\" title=\"agences d\u2019int\u00e9rim\">agences d&rsquo;int\u00e9rim<\/a> jouent \u00e9galement un r\u00f4le important dans l&rsquo;int\u00e9gration sociale des <a href=\"https:\/\/rapid-interim.com\/index.php\/2025\/02\/24\/reglementation-europeenne-et-detachement-des-travailleurs-roumains\/\" data-internallinksmanager029f6b8e52c=\"28\" title=\"Travailleurs roumains\">travailleurs roumains<\/a>. Elles peuvent organiser des \u00e9v\u00e9nements sociaux, des activit\u00e9s culturelles ou des r\u00e9unions d\u2019information pour aider les travailleurs \u00e0 mieux comprendre la culture locale et \u00e0 s&rsquo;int\u00e9grer dans leur nouvel environnement. En renfor\u00e7ant les liens sociaux, les agences contribuent \u00e0 r\u00e9duire l&rsquo;isolement des travailleurs et \u00e0 am\u00e9liorer leur bien-\u00eatre g\u00e9n\u00e9ral.<\/p>\n\n\n\n<h3 class=\"wp-block-heading\">Conclusion<\/h3>\n\n\n\n<p class=\"wp-block-paragraph\">Les <a href=\"https:\/\/rapid-interim.com\/\" data-internallinksmanager029f6b8e52c=\"47\" title=\"agences d\u2019int\u00e9rim\">agences d&rsquo;int\u00e9rim<\/a> jouent un r\u00f4le cl\u00e9 dans l\u2019int\u00e9gration des <a href=\"https:\/\/rapid-interim.com\/index.php\/2025\/02\/24\/reglementation-europeenne-et-detachement-des-travailleurs-roumains\/\" data-internallinksmanager029f6b8e52c=\"28\" title=\"Travailleurs roumains\">travailleurs roumains<\/a> dans le secteur logistique, en facilitant leur <a href=\"https:\/\/rapid-interim.com\/\" data-internallinksmanager029f6b8e52c=\"44\" title=\"Accueil - Agence d&#039;interim roumaine\">recrutement<\/a>, leur adaptation et leur d\u00e9veloppement professionnel. Toutefois, elles rencontrent plusieurs d\u00e9fis, notamment les barri\u00e8res linguistiques, les <a href=\"https:\/\/rapid-interim.com\/index.php\/2025\/01\/22\/les-conditions-de-travail-des-interimaires-roumains-dans-le-secteur-de-la-logistique\/\" data-internallinksmanager029f6b8e52c=\"46\" title=\"conditions de travail\">conditions de travail<\/a> pr\u00e9caires et le manque d&rsquo;opportunit\u00e9s de formation. Pour maximiser les avantages de l\u2019int\u00e9rim, les agences doivent renforcer leur r\u00f4le d\u2019accompagnement, offrir des <a href=\"https:\/\/rapid-interim.com\/index.php\/2025\/01\/22\/les-conditions-de-travail-des-interimaires-roumains-dans-le-secteur-de-la-logistique\/\" data-internallinksmanager029f6b8e52c=\"46\" title=\"conditions de travail\">conditions de travail<\/a> plus \u00e9quitables, et am\u00e9liorer l\u2019acc\u00e8s \u00e0 des formations continues et \u00e0 des perspectives de carri\u00e8re. Par une meilleure gestion de ces aspects, elles peuvent non seulement am\u00e9liorer l&rsquo;int\u00e9gration des <a href=\"https:\/\/rapid-interim.com\/index.php\/2025\/02\/24\/reglementation-europeenne-et-detachement-des-travailleurs-roumains\/\" data-internallinksmanager029f6b8e52c=\"28\" title=\"Travailleurs roumains\">travailleurs roumains<\/a>, mais aussi contribuer au dynamisme et \u00e0 la comp\u00e9titivit\u00e9 du secteur logistique europ\u00e9en.<\/p>\n","protected":false},"excerpt":{"rendered":"<p>Le secteur de la logistique, essentiel au bon fonctionnement des \u00e9conomies europ\u00e9ennes, repose largement sur la flexibilit\u00e9 de la main-d&rsquo;\u0153uvre int\u00e9rimaire. Dans ce contexte, les agences d&rsquo;int\u00e9rim jouent un r\u00f4le crucial dans l&rsquo;int\u00e9gration des travailleurs roumains dans les pays de l&rsquo;Union Europ\u00e9enne (UE). Ces travailleurs, souvent d\u00e9tach\u00e9s, sont recrut\u00e9s pour r\u00e9pondre aux besoins en main-d&rsquo;\u0153uvre [&hellip;]<\/p>\n","protected":false},"author":1,"featured_media":21366,"comment_status":"open","ping_status":"open","sticky":false,"template":"","format":"standard","meta":{"_crdt_document":"","_jetpack_memberships_contains_paid_content":false,"footnotes":""},"categories":[1,101,100],"tags":[73,127,83,82],"class_list":["post-21895","post","type-post","status-publish","format-standard","has-post-thumbnail","hentry","category-blog","category-logistique","category-transport","tag-agence-interim-roumanie","tag-agence-interim-travailleur-etranger","tag-recruter-temporairement","tag-travailleurs-detaches"],"yoast_head":"<!-- This site is optimized with the Yoast SEO plugin v27.5 - https:\/\/yoast.com\/product\/yoast-seo-wordpress\/ -->\n<title>R\u00f4le des agences d&#039;int\u00e9rim dans l&#039;int\u00e9gration des travailleurs roumains dans le secteur logistique : d\u00e9fis et opportunit\u00e9s - rapid-interim<\/title>\n<meta name=\"robots\" content=\"index, follow, max-snippet:-1, max-image-preview:large, max-video-preview:-1\" \/>\n<link rel=\"canonical\" href=\"https:\/\/rapid-interim.com\/index.php\/2025\/01\/28\/role-des-agences-dinterim-dans-lintegration-des-travailleurs-roumains-dans-le-secteur-logistique-defis-et-opportunites\/\" \/>\n<meta property=\"og:locale\" content=\"fr_FR\" \/>\n<meta property=\"og:type\" content=\"article\" \/>\n<meta property=\"og:title\" content=\"R\u00f4le des agences d&#039;int\u00e9rim dans l&#039;int\u00e9gration des travailleurs roumains dans le secteur logistique : d\u00e9fis et opportunit\u00e9s - rapid-interim\" \/>\n<meta property=\"og:description\" content=\"Le secteur de la logistique, essentiel au bon fonctionnement des \u00e9conomies europ\u00e9ennes, repose largement sur la flexibilit\u00e9 de la main-d&rsquo;\u0153uvre int\u00e9rimaire. Dans ce contexte, les agences d&rsquo;int\u00e9rim jouent un r\u00f4le crucial dans l&rsquo;int\u00e9gration des travailleurs roumains dans les pays de l&rsquo;Union Europ\u00e9enne (UE). Ces travailleurs, souvent d\u00e9tach\u00e9s, sont recrut\u00e9s pour r\u00e9pondre aux besoins en main-d&rsquo;\u0153uvre [&hellip;]\" \/>\n<meta property=\"og:url\" content=\"https:\/\/rapid-interim.com\/index.php\/2025\/01\/28\/role-des-agences-dinterim-dans-lintegration-des-travailleurs-roumains-dans-le-secteur-logistique-defis-et-opportunites\/\" \/>\n<meta property=\"og:site_name\" content=\"rapid-interim\" \/>\n<meta property=\"article:published_time\" content=\"2025-01-28T20:31:31+00:00\" \/>\n<meta property=\"og:image\" content=\"https:\/\/rapid-interim.com\/wp-content\/uploads\/2019\/09\/28-scaled-e1705539392497-1200x810-1.webp\" \/>\n\t<meta property=\"og:image:width\" content=\"1200\" \/>\n\t<meta property=\"og:image:height\" content=\"810\" \/>\n\t<meta property=\"og:image:type\" content=\"image\/webp\" \/>\n<meta name=\"author\" content=\"Marie Dubois\" \/>\n<meta name=\"twitter:card\" content=\"summary_large_image\" \/>\n<meta name=\"twitter:label1\" content=\"\u00c9crit par\" \/>\n\t<meta name=\"twitter:data1\" content=\"Marie Dubois\" \/>\n\t<meta name=\"twitter:label2\" content=\"Dur\u00e9e de lecture estim\u00e9e\" \/>\n\t<meta name=\"twitter:data2\" content=\"7 minutes\" \/>\n<script type=\"application\/ld+json\" class=\"yoast-schema-graph\">{\"@context\":\"https:\\\/\\\/schema.org\",\"@graph\":[{\"@type\":\"Article\",\"@id\":\"https:\\\/\\\/rapid-interim.com\\\/index.php\\\/2025\\\/01\\\/28\\\/role-des-agences-dinterim-dans-lintegration-des-travailleurs-roumains-dans-le-secteur-logistique-defis-et-opportunites\\\/#article\",\"isPartOf\":{\"@id\":\"https:\\\/\\\/rapid-interim.com\\\/index.php\\\/2025\\\/01\\\/28\\\/role-des-agences-dinterim-dans-lintegration-des-travailleurs-roumains-dans-le-secteur-logistique-defis-et-opportunites\\\/\"},\"author\":{\"name\":\"Marie Dubois\",\"@id\":\"https:\\\/\\\/rapid-interim.com\\\/#\\\/schema\\\/person\\\/c80cf67768e43267c59b9c4095fac056\"},\"headline\":\"R\u00f4le des agences d&rsquo;int\u00e9rim dans l&rsquo;int\u00e9gration des travailleurs roumains dans le secteur logistique : d\u00e9fis et opportunit\u00e9s\",\"datePublished\":\"2025-01-28T20:31:31+00:00\",\"mainEntityOfPage\":{\"@id\":\"https:\\\/\\\/rapid-interim.com\\\/index.php\\\/2025\\\/01\\\/28\\\/role-des-agences-dinterim-dans-lintegration-des-travailleurs-roumains-dans-le-secteur-logistique-defis-et-opportunites\\\/\"},\"wordCount\":1502,\"commentCount\":0,\"publisher\":{\"@id\":\"https:\\\/\\\/rapid-interim.com\\\/#organization\"},\"image\":{\"@id\":\"https:\\\/\\\/rapid-interim.com\\\/index.php\\\/2025\\\/01\\\/28\\\/role-des-agences-dinterim-dans-lintegration-des-travailleurs-roumains-dans-le-secteur-logistique-defis-et-opportunites\\\/#primaryimage\"},\"thumbnailUrl\":\"https:\\\/\\\/rapid-interim.com\\\/wp-content\\\/uploads\\\/2019\\\/09\\\/28-scaled-e1705539392497-1200x810-1.webp\",\"keywords\":[\"AGENCE INTERIM ROUMANIE\",\"agence interim travailleur etranger\",\"recruter temporairement\",\"travailleurs d\u00e9tach\u00e9s\"],\"articleSection\":[\"Blog\",\"Logistique\",\"Transport\"],\"inLanguage\":\"fr-FR\",\"potentialAction\":[{\"@type\":\"CommentAction\",\"name\":\"Comment\",\"target\":[\"https:\\\/\\\/rapid-interim.com\\\/index.php\\\/2025\\\/01\\\/28\\\/role-des-agences-dinterim-dans-lintegration-des-travailleurs-roumains-dans-le-secteur-logistique-defis-et-opportunites\\\/#respond\"]}]},{\"@type\":\"WebPage\",\"@id\":\"https:\\\/\\\/rapid-interim.com\\\/index.php\\\/2025\\\/01\\\/28\\\/role-des-agences-dinterim-dans-lintegration-des-travailleurs-roumains-dans-le-secteur-logistique-defis-et-opportunites\\\/\",\"url\":\"https:\\\/\\\/rapid-interim.com\\\/index.php\\\/2025\\\/01\\\/28\\\/role-des-agences-dinterim-dans-lintegration-des-travailleurs-roumains-dans-le-secteur-logistique-defis-et-opportunites\\\/\",\"name\":\"R\u00f4le des agences d'int\u00e9rim dans l'int\u00e9gration des travailleurs roumains dans le secteur logistique : d\u00e9fis et opportunit\u00e9s - rapid-interim\",\"isPartOf\":{\"@id\":\"https:\\\/\\\/rapid-interim.com\\\/#website\"},\"primaryImageOfPage\":{\"@id\":\"https:\\\/\\\/rapid-interim.com\\\/index.php\\\/2025\\\/01\\\/28\\\/role-des-agences-dinterim-dans-lintegration-des-travailleurs-roumains-dans-le-secteur-logistique-defis-et-opportunites\\\/#primaryimage\"},\"image\":{\"@id\":\"https:\\\/\\\/rapid-interim.com\\\/index.php\\\/2025\\\/01\\\/28\\\/role-des-agences-dinterim-dans-lintegration-des-travailleurs-roumains-dans-le-secteur-logistique-defis-et-opportunites\\\/#primaryimage\"},\"thumbnailUrl\":\"https:\\\/\\\/rapid-interim.com\\\/wp-content\\\/uploads\\\/2019\\\/09\\\/28-scaled-e1705539392497-1200x810-1.webp\",\"datePublished\":\"2025-01-28T20:31:31+00:00\",\"breadcrumb\":{\"@id\":\"https:\\\/\\\/rapid-interim.com\\\/index.php\\\/2025\\\/01\\\/28\\\/role-des-agences-dinterim-dans-lintegration-des-travailleurs-roumains-dans-le-secteur-logistique-defis-et-opportunites\\\/#breadcrumb\"},\"inLanguage\":\"fr-FR\",\"potentialAction\":[{\"@type\":\"ReadAction\",\"target\":[\"https:\\\/\\\/rapid-interim.com\\\/index.php\\\/2025\\\/01\\\/28\\\/role-des-agences-dinterim-dans-lintegration-des-travailleurs-roumains-dans-le-secteur-logistique-defis-et-opportunites\\\/\"]}]},{\"@type\":\"ImageObject\",\"inLanguage\":\"fr-FR\",\"@id\":\"https:\\\/\\\/rapid-interim.com\\\/index.php\\\/2025\\\/01\\\/28\\\/role-des-agences-dinterim-dans-lintegration-des-travailleurs-roumains-dans-le-secteur-logistique-defis-et-opportunites\\\/#primaryimage\",\"url\":\"https:\\\/\\\/rapid-interim.com\\\/wp-content\\\/uploads\\\/2019\\\/09\\\/28-scaled-e1705539392497-1200x810-1.webp\",\"contentUrl\":\"https:\\\/\\\/rapid-interim.com\\\/wp-content\\\/uploads\\\/2019\\\/09\\\/28-scaled-e1705539392497-1200x810-1.webp\",\"width\":1200,\"height\":810},{\"@type\":\"BreadcrumbList\",\"@id\":\"https:\\\/\\\/rapid-interim.com\\\/index.php\\\/2025\\\/01\\\/28\\\/role-des-agences-dinterim-dans-lintegration-des-travailleurs-roumains-dans-le-secteur-logistique-defis-et-opportunites\\\/#breadcrumb\",\"itemListElement\":[{\"@type\":\"ListItem\",\"position\":1,\"name\":\"Accueil\",\"item\":\"https:\\\/\\\/rapid-interim.com\\\/\"},{\"@type\":\"ListItem\",\"position\":2,\"name\":\"R\u00f4le des agences d&rsquo;int\u00e9rim dans l&rsquo;int\u00e9gration des travailleurs roumains dans le secteur logistique : d\u00e9fis et opportunit\u00e9s\"}]},{\"@type\":\"WebSite\",\"@id\":\"https:\\\/\\\/rapid-interim.com\\\/#website\",\"url\":\"https:\\\/\\\/rapid-interim.com\\\/\",\"name\":\"rapid-interim\",\"description\":\"Interim et travail temporaire\",\"publisher\":{\"@id\":\"https:\\\/\\\/rapid-interim.com\\\/#organization\"},\"potentialAction\":[{\"@type\":\"SearchAction\",\"target\":{\"@type\":\"EntryPoint\",\"urlTemplate\":\"https:\\\/\\\/rapid-interim.com\\\/?s={search_term_string}\"},\"query-input\":{\"@type\":\"PropertyValueSpecification\",\"valueRequired\":true,\"valueName\":\"search_term_string\"}}],\"inLanguage\":\"fr-FR\"},{\"@type\":\"Organization\",\"@id\":\"https:\\\/\\\/rapid-interim.com\\\/#organization\",\"name\":\"rapid-interim\",\"url\":\"https:\\\/\\\/rapid-interim.com\\\/\",\"logo\":{\"@type\":\"ImageObject\",\"inLanguage\":\"fr-FR\",\"@id\":\"https:\\\/\\\/rapid-interim.com\\\/#\\\/schema\\\/logo\\\/image\\\/\",\"url\":\"https:\\\/\\\/rapid-interim.com\\\/wp-content\\\/uploads\\\/2022\\\/06\\\/cropped-rapid-inetrim.png\",\"contentUrl\":\"https:\\\/\\\/rapid-interim.com\\\/wp-content\\\/uploads\\\/2022\\\/06\\\/cropped-rapid-inetrim.png\",\"width\":314,\"height\":137,\"caption\":\"rapid-interim\"},\"image\":{\"@id\":\"https:\\\/\\\/rapid-interim.com\\\/#\\\/schema\\\/logo\\\/image\\\/\"}},{\"@type\":\"Person\",\"@id\":\"https:\\\/\\\/rapid-interim.com\\\/#\\\/schema\\\/person\\\/c80cf67768e43267c59b9c4095fac056\",\"name\":\"Marie Dubois\",\"image\":{\"@type\":\"ImageObject\",\"inLanguage\":\"fr-FR\",\"@id\":\"https:\\\/\\\/secure.gravatar.com\\\/avatar\\\/c5d9a389371c49a3eb3d5c05c1bdb9d2124cabb2c990e1eb227c370b66139bfe?s=96&d=mm&r=g\",\"url\":\"https:\\\/\\\/secure.gravatar.com\\\/avatar\\\/c5d9a389371c49a3eb3d5c05c1bdb9d2124cabb2c990e1eb227c370b66139bfe?s=96&d=mm&r=g\",\"contentUrl\":\"https:\\\/\\\/secure.gravatar.com\\\/avatar\\\/c5d9a389371c49a3eb3d5c05c1bdb9d2124cabb2c990e1eb227c370b66139bfe?s=96&d=mm&r=g\",\"caption\":\"Marie Dubois\"},\"sameAs\":[\"http:\\\/\\\/rapid-interim.com\"],\"url\":\"https:\\\/\\\/rapid-interim.com\\\/index.php\\\/author\\\/rapid-interim-com\\\/\"}]}<\/script>\n<!-- \/ Yoast SEO plugin. -->","yoast_head_json":{"title":"R\u00f4le des agences d'int\u00e9rim dans l'int\u00e9gration des travailleurs roumains dans le secteur logistique : d\u00e9fis et opportunit\u00e9s - rapid-interim","robots":{"index":"index","follow":"follow","max-snippet":"max-snippet:-1","max-image-preview":"max-image-preview:large","max-video-preview":"max-video-preview:-1"},"canonical":"https:\/\/rapid-interim.com\/index.php\/2025\/01\/28\/role-des-agences-dinterim-dans-lintegration-des-travailleurs-roumains-dans-le-secteur-logistique-defis-et-opportunites\/","og_locale":"fr_FR","og_type":"article","og_title":"R\u00f4le des agences d'int\u00e9rim dans l'int\u00e9gration des travailleurs roumains dans le secteur logistique : d\u00e9fis et opportunit\u00e9s - rapid-interim","og_description":"Le secteur de la logistique, essentiel au bon fonctionnement des \u00e9conomies europ\u00e9ennes, repose largement sur la flexibilit\u00e9 de la main-d&rsquo;\u0153uvre int\u00e9rimaire. Dans ce contexte, les agences d&rsquo;int\u00e9rim jouent un r\u00f4le crucial dans l&rsquo;int\u00e9gration des travailleurs roumains dans les pays de l&rsquo;Union Europ\u00e9enne (UE). Ces travailleurs, souvent d\u00e9tach\u00e9s, sont recrut\u00e9s pour r\u00e9pondre aux besoins en main-d&rsquo;\u0153uvre [&hellip;]","og_url":"https:\/\/rapid-interim.com\/index.php\/2025\/01\/28\/role-des-agences-dinterim-dans-lintegration-des-travailleurs-roumains-dans-le-secteur-logistique-defis-et-opportunites\/","og_site_name":"rapid-interim","article_published_time":"2025-01-28T20:31:31+00:00","og_image":[{"width":1200,"height":810,"url":"https:\/\/rapid-interim.com\/wp-content\/uploads\/2019\/09\/28-scaled-e1705539392497-1200x810-1.webp","type":"image\/webp"}],"author":"Marie Dubois","twitter_card":"summary_large_image","twitter_misc":{"\u00c9crit par":"Marie Dubois","Dur\u00e9e de lecture estim\u00e9e":"7 minutes"},"schema":{"@context":"https:\/\/schema.org","@graph":[{"@type":"Article","@id":"https:\/\/rapid-interim.com\/index.php\/2025\/01\/28\/role-des-agences-dinterim-dans-lintegration-des-travailleurs-roumains-dans-le-secteur-logistique-defis-et-opportunites\/#article","isPartOf":{"@id":"https:\/\/rapid-interim.com\/index.php\/2025\/01\/28\/role-des-agences-dinterim-dans-lintegration-des-travailleurs-roumains-dans-le-secteur-logistique-defis-et-opportunites\/"},"author":{"name":"Marie Dubois","@id":"https:\/\/rapid-interim.com\/#\/schema\/person\/c80cf67768e43267c59b9c4095fac056"},"headline":"R\u00f4le des agences d&rsquo;int\u00e9rim dans l&rsquo;int\u00e9gration des travailleurs roumains dans le secteur logistique : d\u00e9fis et opportunit\u00e9s","datePublished":"2025-01-28T20:31:31+00:00","mainEntityOfPage":{"@id":"https:\/\/rapid-interim.com\/index.php\/2025\/01\/28\/role-des-agences-dinterim-dans-lintegration-des-travailleurs-roumains-dans-le-secteur-logistique-defis-et-opportunites\/"},"wordCount":1502,"commentCount":0,"publisher":{"@id":"https:\/\/rapid-interim.com\/#organization"},"image":{"@id":"https:\/\/rapid-interim.com\/index.php\/2025\/01\/28\/role-des-agences-dinterim-dans-lintegration-des-travailleurs-roumains-dans-le-secteur-logistique-defis-et-opportunites\/#primaryimage"},"thumbnailUrl":"https:\/\/rapid-interim.com\/wp-content\/uploads\/2019\/09\/28-scaled-e1705539392497-1200x810-1.webp","keywords":["AGENCE INTERIM ROUMANIE","agence interim travailleur etranger","recruter temporairement","travailleurs d\u00e9tach\u00e9s"],"articleSection":["Blog","Logistique","Transport"],"inLanguage":"fr-FR","potentialAction":[{"@type":"CommentAction","name":"Comment","target":["https:\/\/rapid-interim.com\/index.php\/2025\/01\/28\/role-des-agences-dinterim-dans-lintegration-des-travailleurs-roumains-dans-le-secteur-logistique-defis-et-opportunites\/#respond"]}]},{"@type":"WebPage","@id":"https:\/\/rapid-interim.com\/index.php\/2025\/01\/28\/role-des-agences-dinterim-dans-lintegration-des-travailleurs-roumains-dans-le-secteur-logistique-defis-et-opportunites\/","url":"https:\/\/rapid-interim.com\/index.php\/2025\/01\/28\/role-des-agences-dinterim-dans-lintegration-des-travailleurs-roumains-dans-le-secteur-logistique-defis-et-opportunites\/","name":"R\u00f4le des agences d'int\u00e9rim dans l'int\u00e9gration des travailleurs roumains dans le secteur logistique : d\u00e9fis et opportunit\u00e9s - rapid-interim","isPartOf":{"@id":"https:\/\/rapid-interim.com\/#website"},"primaryImageOfPage":{"@id":"https:\/\/rapid-interim.com\/index.php\/2025\/01\/28\/role-des-agences-dinterim-dans-lintegration-des-travailleurs-roumains-dans-le-secteur-logistique-defis-et-opportunites\/#primaryimage"},"image":{"@id":"https:\/\/rapid-interim.com\/index.php\/2025\/01\/28\/role-des-agences-dinterim-dans-lintegration-des-travailleurs-roumains-dans-le-secteur-logistique-defis-et-opportunites\/#primaryimage"},"thumbnailUrl":"https:\/\/rapid-interim.com\/wp-content\/uploads\/2019\/09\/28-scaled-e1705539392497-1200x810-1.webp","datePublished":"2025-01-28T20:31:31+00:00","breadcrumb":{"@id":"https:\/\/rapid-interim.com\/index.php\/2025\/01\/28\/role-des-agences-dinterim-dans-lintegration-des-travailleurs-roumains-dans-le-secteur-logistique-defis-et-opportunites\/#breadcrumb"},"inLanguage":"fr-FR","potentialAction":[{"@type":"ReadAction","target":["https:\/\/rapid-interim.com\/index.php\/2025\/01\/28\/role-des-agences-dinterim-dans-lintegration-des-travailleurs-roumains-dans-le-secteur-logistique-defis-et-opportunites\/"]}]},{"@type":"ImageObject","inLanguage":"fr-FR","@id":"https:\/\/rapid-interim.com\/index.php\/2025\/01\/28\/role-des-agences-dinterim-dans-lintegration-des-travailleurs-roumains-dans-le-secteur-logistique-defis-et-opportunites\/#primaryimage","url":"https:\/\/rapid-interim.com\/wp-content\/uploads\/2019\/09\/28-scaled-e1705539392497-1200x810-1.webp","contentUrl":"https:\/\/rapid-interim.com\/wp-content\/uploads\/2019\/09\/28-scaled-e1705539392497-1200x810-1.webp","width":1200,"height":810},{"@type":"BreadcrumbList","@id":"https:\/\/rapid-interim.com\/index.php\/2025\/01\/28\/role-des-agences-dinterim-dans-lintegration-des-travailleurs-roumains-dans-le-secteur-logistique-defis-et-opportunites\/#breadcrumb","itemListElement":[{"@type":"ListItem","position":1,"name":"Accueil","item":"https:\/\/rapid-interim.com\/"},{"@type":"ListItem","position":2,"name":"R\u00f4le des agences d&rsquo;int\u00e9rim dans l&rsquo;int\u00e9gration des travailleurs roumains dans le secteur logistique : d\u00e9fis et opportunit\u00e9s"}]},{"@type":"WebSite","@id":"https:\/\/rapid-interim.com\/#website","url":"https:\/\/rapid-interim.com\/","name":"rapid-interim","description":"Interim et travail temporaire","publisher":{"@id":"https:\/\/rapid-interim.com\/#organization"},"potentialAction":[{"@type":"SearchAction","target":{"@type":"EntryPoint","urlTemplate":"https:\/\/rapid-interim.com\/?s={search_term_string}"},"query-input":{"@type":"PropertyValueSpecification","valueRequired":true,"valueName":"search_term_string"}}],"inLanguage":"fr-FR"},{"@type":"Organization","@id":"https:\/\/rapid-interim.com\/#organization","name":"rapid-interim","url":"https:\/\/rapid-interim.com\/","logo":{"@type":"ImageObject","inLanguage":"fr-FR","@id":"https:\/\/rapid-interim.com\/#\/schema\/logo\/image\/","url":"https:\/\/rapid-interim.com\/wp-content\/uploads\/2022\/06\/cropped-rapid-inetrim.png","contentUrl":"https:\/\/rapid-interim.com\/wp-content\/uploads\/2022\/06\/cropped-rapid-inetrim.png","width":314,"height":137,"caption":"rapid-interim"},"image":{"@id":"https:\/\/rapid-interim.com\/#\/schema\/logo\/image\/"}},{"@type":"Person","@id":"https:\/\/rapid-interim.com\/#\/schema\/person\/c80cf67768e43267c59b9c4095fac056","name":"Marie Dubois","image":{"@type":"ImageObject","inLanguage":"fr-FR","@id":"https:\/\/secure.gravatar.com\/avatar\/c5d9a389371c49a3eb3d5c05c1bdb9d2124cabb2c990e1eb227c370b66139bfe?s=96&d=mm&r=g","url":"https:\/\/secure.gravatar.com\/avatar\/c5d9a389371c49a3eb3d5c05c1bdb9d2124cabb2c990e1eb227c370b66139bfe?s=96&d=mm&r=g","contentUrl":"https:\/\/secure.gravatar.com\/avatar\/c5d9a389371c49a3eb3d5c05c1bdb9d2124cabb2c990e1eb227c370b66139bfe?s=96&d=mm&r=g","caption":"Marie Dubois"},"sameAs":["http:\/\/rapid-interim.com"],"url":"https:\/\/rapid-interim.com\/index.php\/author\/rapid-interim-com\/"}]}},"jetpack_featured_media_url":"https:\/\/rapid-interim.com\/wp-content\/uploads\/2019\/09\/28-scaled-e1705539392497-1200x810-1.webp","jetpack_sharing_enabled":true,"_links":{"self":[{"href":"https:\/\/rapid-interim.com\/index.php\/wp-json\/wp\/v2\/posts\/21895","targetHints":{"allow":["GET"]}}],"collection":[{"href":"https:\/\/rapid-interim.com\/index.php\/wp-json\/wp\/v2\/posts"}],"about":[{"href":"https:\/\/rapid-interim.com\/index.php\/wp-json\/wp\/v2\/types\/post"}],"author":[{"embeddable":true,"href":"https:\/\/rapid-interim.com\/index.php\/wp-json\/wp\/v2\/users\/1"}],"replies":[{"embeddable":true,"href":"https:\/\/rapid-interim.com\/index.php\/wp-json\/wp\/v2\/comments?post=21895"}],"version-history":[{"count":1,"href":"https:\/\/rapid-interim.com\/index.php\/wp-json\/wp\/v2\/posts\/21895\/revisions"}],"predecessor-version":[{"id":21903,"href":"https:\/\/rapid-interim.com\/index.php\/wp-json\/wp\/v2\/posts\/21895\/revisions\/21903"}],"wp:featuredmedia":[{"embeddable":true,"href":"https:\/\/rapid-interim.com\/index.php\/wp-json\/wp\/v2\/media\/21366"}],"wp:attachment":[{"href":"https:\/\/rapid-interim.com\/index.php\/wp-json\/wp\/v2\/media?parent=21895"}],"wp:term":[{"taxonomy":"category","embeddable":true,"href":"https:\/\/rapid-interim.com\/index.php\/wp-json\/wp\/v2\/categories?post=21895"},{"taxonomy":"post_tag","embeddable":true,"href":"https:\/\/rapid-interim.com\/index.php\/wp-json\/wp\/v2\/tags?post=21895"}],"curies":[{"name":"wp","href":"https:\/\/api.w.org\/{rel}","templated":true}]}}