{"id":21891,"date":"2025-02-24T14:27:47","date_gmt":"2025-02-24T13:27:47","guid":{"rendered":"https:\/\/rapid-interim.com\/?p=21891"},"modified":"2025-03-03T20:33:42","modified_gmt":"2025-03-03T19:33:42","slug":"reglementation-europeenne-et-detachement-des-travailleurs-roumains","status":"publish","type":"post","link":"https:\/\/rapid-interim.com\/index.php\/2025\/02\/24\/reglementation-europeenne-et-detachement-des-travailleurs-roumains\/","title":{"rendered":"R\u00e9glementation europ\u00e9enne et d\u00e9tachement des travailleurs roumains"},"content":{"rendered":"\r\n<p class=\"wp-block-paragraph\">Le d\u00e9tachement des travailleurs au sein de l\u2019Union Europ\u00e9enne est une pratique courante qui permet aux entreprises d\u2019engager des employ\u00e9s temporaires d\u2019un autre pays de l\u2019UE pour travailler sur leur territoire. Les travailleurs roumains, en particulier, sont nombreux \u00e0 \u00eatre d\u00e9tach\u00e9s dans des secteurs tels que la construction, la logistique, et le transport. Cependant, cette pratique soul\u00e8ve des questions sur les <a href=\"https:\/\/rapid-interim.com\/index.php\/2025\/01\/22\/les-conditions-de-travail-des-interimaires-roumains-dans-le-secteur-de-la-logistique\/\" data-internallinksmanager029f6b8e52c=\"46\" title=\"conditions de travail\">conditions de travail<\/a>, les droits sociaux et l\u2019application des r\u00e8gles de protection des travailleurs. La r\u00e9glementation europ\u00e9enne, qui encadre le d\u00e9tachement des travailleurs, vise \u00e0 garantir un \u00e9quilibre entre la libre circulation des travailleurs et la protection de leurs droits. Cet article examine les principales r\u00e8gles europ\u00e9ennes concernant le d\u00e9tachement des travailleurs roumains, ainsi que les d\u00e9fis li\u00e9s \u00e0 leur application.<\/p>\r\n\r\n\r\n\r\n<h3 class=\"wp-block-heading\">1. <strong>La Directive 96\/71\/CE : cadre juridique de base pour le d\u00e9tachement des travailleurs<\/strong><\/h3>\r\n\r\n\r\n\r\n<p class=\"wp-block-paragraph\">La Directive 96\/71\/CE du Parlement Europ\u00e9en et du Conseil, adopt\u00e9e en 1996, constitue le principal texte l\u00e9gislatif encadrant le d\u00e9tachement des travailleurs dans l\u2019UE. Cette directive vise \u00e0 garantir que les travailleurs d\u00e9tach\u00e9s b\u00e9n\u00e9ficient des <a href=\"https:\/\/rapid-interim.com\/index.php\/2025\/01\/22\/les-conditions-de-travail-des-interimaires-roumains-dans-le-secteur-de-la-logistique\/\" data-internallinksmanager029f6b8e52c=\"46\" title=\"conditions de travail\">conditions de travail<\/a> et des droits sociaux minimaux du pays d\u2019accueil, tout en respectant les principes de la libre circulation des travailleurs et des services au sein du march\u00e9 unique europ\u00e9en.<\/p>\r\n\r\n\r\n\r\n<figure class=\"wp-block-image size-large\"><img fetchpriority=\"high\" decoding=\"async\" width=\"1024\" height=\"580\" class=\"wp-image-21796\" src=\"https:\/\/rapid-interim.com\/wp-content\/uploads\/2024\/11\/1200x680_preparateur_commande_entrepot-1024x580.jpg\" alt=\"\" srcset=\"https:\/\/rapid-interim.com\/wp-content\/uploads\/2024\/11\/1200x680_preparateur_commande_entrepot-1024x580.jpg 1024w, https:\/\/rapid-interim.com\/wp-content\/uploads\/2024\/11\/1200x680_preparateur_commande_entrepot-300x170.jpg 300w, https:\/\/rapid-interim.com\/wp-content\/uploads\/2024\/11\/1200x680_preparateur_commande_entrepot-768x435.jpg 768w, https:\/\/rapid-interim.com\/wp-content\/uploads\/2024\/11\/1200x680_preparateur_commande_entrepot-600x340.jpg 600w, https:\/\/rapid-interim.com\/wp-content\/uploads\/2024\/11\/1200x680_preparateur_commande_entrepot.jpg 1200w\" sizes=\"(max-width: 1024px) 100vw, 1024px\" \/><\/figure>\r\n\r\n\r\n\r\n<p class=\"wp-block-paragraph\">Selon cette directive, lorsqu\u2019un employeur envoie un travailleur dans un autre \u00c9tat membre pour effectuer des prestations de services temporairement, le travailleur doit b\u00e9n\u00e9ficier des conditions suivantes, quelle que soit la l\u00e9gislation applicable \u00e0 son contrat de travail :<\/p>\r\n\r\n\r\n\r\n<ul class=\"wp-block-list\">\r\n<li>Le respect des salaires minimums en vigueur dans le pays d\u2019accueil.<\/li>\r\n\r\n\r\n\r\n<li>Le respect des normes en mati\u00e8re de temps de travail et de repos.<\/li>\r\n\r\n\r\n\r\n<li>La protection en mati\u00e8re de sant\u00e9 et de s\u00e9curit\u00e9 au travail.<\/li>\r\n\r\n\r\n\r\n<li>L&rsquo;acc\u00e8s aux droits sociaux, notamment la protection sociale, les indemnit\u00e9s de maladie et de cong\u00e9s pay\u00e9s.<\/li>\r\n<\/ul>\r\n\r\n\r\n\r\n<p class=\"wp-block-paragraph\">Ainsi, cette directive garantit que les travailleurs roumains d\u00e9tach\u00e9s doivent b\u00e9n\u00e9ficier de <a href=\"https:\/\/rapid-interim.com\/index.php\/2025\/01\/22\/les-conditions-de-travail-des-interimaires-roumains-dans-le-secteur-de-la-logistique\/\" data-internallinksmanager029f6b8e52c=\"46\" title=\"conditions de travail\">conditions de travail<\/a> comparables \u00e0 celles des travailleurs locaux dans le pays d\u2019accueil. Cependant, des d\u00e9fis subsistent concernant l\u2019application effective de ces droits.<\/p>\r\n\r\n\r\n\r\n<h3 class=\"wp-block-heading\">2. <strong>Les r\u00e9visions r\u00e9centes de la r\u00e9glementation : la Directive 2018\/957\/UE<\/strong><\/h3>\r\n\r\n\r\n\r\n<p class=\"wp-block-paragraph\">En 2018, l\u2019UE a adopt\u00e9 une r\u00e9vision importante de la directive sur le d\u00e9tachement des travailleurs, la directive 2018\/957\/UE, souvent appel\u00e9e \u00ab\u00a0r\u00e9forme du d\u00e9tachement\u00a0\u00bb. Cette r\u00e9forme visait \u00e0 renforcer la protection des travailleurs d\u00e9tach\u00e9s, en r\u00e9ponse aux pr\u00e9occupations croissantes concernant les abus et les in\u00e9galit\u00e9s entre les travailleurs locaux et d\u00e9tach\u00e9s. Les principales modifications apport\u00e9es par cette r\u00e9vision sont les suivantes :<\/p>\r\n\r\n\r\n\r\n<ul class=\"wp-block-list\">\r\n<li><strong>\u00c9galit\u00e9 de r\u00e9mun\u00e9ration<\/strong> : Les travailleurs d\u00e9tach\u00e9s doivent d\u00e9sormais recevoir la m\u00eame r\u00e9mun\u00e9ration que les travailleurs locaux, non seulement en ce qui concerne le salaire de base, mais aussi les primes, les bonus et autres avantages en nature. Cela vise \u00e0 limiter les \u00e9carts salariaux entre les travailleurs d\u00e9tach\u00e9s et les travailleurs locaux.<\/li>\r\n\r\n\r\n\r\n<li><strong>Dur\u00e9e maximale du d\u00e9tachement<\/strong> : Un autre aspect de cette r\u00e9forme est la limitation de la dur\u00e9e maximale du d\u00e9tachement. Au-del\u00e0 de 12 mois, un <a href=\"https:\/\/rapid-interim.com\/index.php\/2024\/06\/20\/recruter-un-travailleur-detache\/\" data-internallinksmanager029f6b8e52c=\"35\" title=\"travailleur d\u00e9tach\u00e9\">travailleur d\u00e9tach\u00e9<\/a> doit b\u00e9n\u00e9ficier des <a href=\"https:\/\/rapid-interim.com\/index.php\/2025\/01\/22\/les-conditions-de-travail-des-interimaires-roumains-dans-le-secteur-de-la-logistique\/\" data-internallinksmanager029f6b8e52c=\"46\" title=\"conditions de travail\">conditions de travail<\/a> du pays d\u2019accueil sur une base permanente, et non plus temporaire. Cette mesure vise \u00e0 \u00e9viter que les travailleurs soient d\u00e9tach\u00e9s sur de longues p\u00e9riodes dans des conditions moins avantageuses.<\/li>\r\n\r\n\r\n\r\n<li><strong>Renforcement des contr\u00f4les et sanctions<\/strong> : La directive renforce les obligations de transparence pour les employeurs en mati\u00e8re de <a href=\"https:\/\/rapid-interim.com\/index.php\/2025\/01\/22\/les-conditions-de-travail-des-interimaires-roumains-dans-le-secteur-de-la-logistique\/\" data-internallinksmanager029f6b8e52c=\"46\" title=\"conditions de travail\">conditions de travail<\/a> des travailleurs d\u00e9tach\u00e9s. Elle pr\u00e9voit \u00e9galement des mesures pour am\u00e9liorer la coop\u00e9ration entre les autorit\u00e9s nationales et faciliter les contr\u00f4les afin de lutter contre le <a href=\"https:\/\/rapid-interim.com\/index.php\/2025\/02\/20\/travail-detache-en-france-impact-sur-leconomie-locale\/\" data-internallinksmanager029f6b8e52c=\"25\" title=\"Travail d\u00e9tach\u00e9\">travail d\u00e9tach\u00e9<\/a> abusif et les fraudes.<\/li>\r\n<\/ul>\r\n\r\n\r\n\r\n<p class=\"wp-block-paragraph\">Ces changements ont eu un impact significatif pour les travailleurs roumains, qui b\u00e9n\u00e9ficient d\u00e9sormais de meilleures protections en mati\u00e8re de r\u00e9mun\u00e9ration et de <a href=\"https:\/\/rapid-interim.com\/index.php\/2025\/01\/22\/les-conditions-de-travail-des-interimaires-roumains-dans-le-secteur-de-la-logistique\/\" data-internallinksmanager029f6b8e52c=\"46\" title=\"conditions de travail\">conditions de travail<\/a> apr\u00e8s une p\u00e9riode prolong\u00e9e de d\u00e9tachement. Cependant, l\u2019application effective de ces r\u00e9formes reste un d\u00e9fi majeur dans certains pays, et des disparit\u00e9s persistent quant \u00e0 la mise en \u0153uvre des nouvelles r\u00e8gles.<\/p>\r\n\r\n\r\n\r\n<h3 class=\"wp-block-heading\">3. <strong>Les d\u00e9fis li\u00e9s \u00e0 l&rsquo;application de la r\u00e9glementation<\/strong><\/h3>\r\n\r\n\r\n\r\n<figure class=\"wp-block-image size-large\"><img decoding=\"async\" width=\"1024\" height=\"580\" class=\"wp-image-21570\" src=\"https:\/\/rapid-interim.com\/wp-content\/uploads\/2024\/09\/1200x680_411886-d4hykuhp8u-whr-1024x580.jpg\" alt=\"\" srcset=\"https:\/\/rapid-interim.com\/wp-content\/uploads\/2024\/09\/1200x680_411886-d4hykuhp8u-whr-1024x580.jpg 1024w, https:\/\/rapid-interim.com\/wp-content\/uploads\/2024\/09\/1200x680_411886-d4hykuhp8u-whr-300x170.jpg 300w, https:\/\/rapid-interim.com\/wp-content\/uploads\/2024\/09\/1200x680_411886-d4hykuhp8u-whr-768x435.jpg 768w, https:\/\/rapid-interim.com\/wp-content\/uploads\/2024\/09\/1200x680_411886-d4hykuhp8u-whr-600x340.jpg 600w, https:\/\/rapid-interim.com\/wp-content\/uploads\/2024\/09\/1200x680_411886-d4hykuhp8u-whr.jpg 1200w\" sizes=\"(max-width: 1024px) 100vw, 1024px\" \/><\/figure>\r\n\r\n\r\n\r\n<p class=\"wp-block-paragraph\">Malgr\u00e9 les progr\u00e8s r\u00e9alis\u00e9s avec la r\u00e9vision de la directive, plusieurs d\u00e9fis demeurent concernant l\u2019application des r\u00e8gles de d\u00e9tachement dans l\u2019UE.<\/p>\r\n\r\n\r\n\r\n<ul class=\"wp-block-list\">\r\n<li><strong>In\u00e9galit\u00e9 d\u2019application des r\u00e8gles<\/strong> : Bien que la l\u00e9gislation europ\u00e9enne soit claire, l\u2019application des r\u00e8gles varie d\u2019un pays \u00e0 l\u2019autre. Dans certains pays, les autorit\u00e9s ne mettent pas suffisamment en place de m\u00e9canismes de contr\u00f4le pour v\u00e9rifier si les employeurs respectent les obligations li\u00e9es au d\u00e9tachement des travailleurs. Les travailleurs roumains peuvent parfois se retrouver confront\u00e9s \u00e0 des <a href=\"https:\/\/rapid-interim.com\/index.php\/2025\/01\/22\/les-conditions-de-travail-des-interimaires-roumains-dans-le-secteur-de-la-logistique\/\" data-internallinksmanager029f6b8e52c=\"46\" title=\"conditions de travail\">conditions de travail<\/a> moins favorables que celles qui leur sont l\u00e9galement dues.<\/li>\r\n\r\n\r\n\r\n<li><strong>Abus et fraudes<\/strong> : Les abus sont fr\u00e9quents dans le cadre du d\u00e9tachement des travailleurs, notamment en ce qui concerne le non-respect des conditions salariales et des droits sociaux. Certaines entreprises utilisent des soci\u00e9t\u00e9s \u00e9crans ou des <a href=\"https:\/\/rapid-interim.com\/\" data-internallinksmanager029f6b8e52c=\"47\" title=\"agences d\u2019int\u00e9rim\">agences d\u2019int\u00e9rim<\/a> pour contourner les r\u00e8gles, r\u00e9duisant ainsi les droits des travailleurs. Les travailleurs roumains peuvent se retrouver dans une situation de pr\u00e9carit\u00e9, avec des salaires inf\u00e9rieurs \u00e0 ceux auxquels ils devraient avoir droit.<\/li>\r\n\r\n\r\n\r\n<li><strong>Acc\u00e8s aux droits sociaux et \u00e0 la s\u00e9curit\u00e9 sociale<\/strong> : Les travailleurs roumains d\u00e9tach\u00e9s peuvent \u00e9galement rencontrer des difficult\u00e9s pour acc\u00e9der aux droits sociaux dans le pays d\u2019accueil. Bien que la l\u00e9gislation europ\u00e9enne stipule que les travailleurs d\u00e9tach\u00e9s doivent b\u00e9n\u00e9ficier des m\u00eames droits que les travailleurs locaux en mati\u00e8re de sant\u00e9, de s\u00e9curit\u00e9 sociale et de cong\u00e9s, l&rsquo;acc\u00e8s effectif \u00e0 ces droits peut \u00eatre compliqu\u00e9 par des obstacles administratifs ou une mauvaise information.<\/li>\r\n<\/ul>\r\n\r\n\r\n\r\n<h3 class=\"wp-block-heading\">4. <strong>La n\u00e9cessit\u00e9 d\u2019une coop\u00e9ration renforc\u00e9e entre les \u00c9tats membres<\/strong><\/h3>\r\n\r\n\r\n\r\n<p class=\"wp-block-paragraph\">Pour garantir une application efficace de la r\u00e9glementation europ\u00e9enne sur le d\u00e9tachement des travailleurs, il est essentiel que les \u00c9tats membres coop\u00e8rent davantage. Cela inclut le partage d\u2019informations entre les autorit\u00e9s nationales, l\u2019augmentation des contr\u00f4les transfrontaliers et la mise en place de m\u00e9canismes de sanction plus stricts pour les entreprises qui ne respectent pas la l\u00e9gislation. Les travailleurs d\u00e9tach\u00e9s, y compris les travailleurs roumains, doivent pouvoir compter sur un cadre juridique solide et une surveillance rigoureuse pour garantir qu\u2019ils b\u00e9n\u00e9ficient r\u00e9ellement des droits et des protections qui leur sont dus.<\/p>\r\n\r\n\r\n\r\n<h3 class=\"wp-block-heading\">Conclusion<\/h3>\r\n\r\n\r\n\r\n<p class=\"wp-block-paragraph\">La r\u00e9glementation europ\u00e9enne sur le d\u00e9tachement des travailleurs, bien qu\u2019am\u00e9lior\u00e9e par la r\u00e9vision de la directive en 2018, reste un domaine complexe o\u00f9 des d\u00e9fis persistent. Pour les travailleurs roumains d\u00e9tach\u00e9s, la l\u00e9gislation vise \u00e0 garantir des <a href=\"https:\/\/rapid-interim.com\/index.php\/2025\/01\/22\/les-conditions-de-travail-des-interimaires-roumains-dans-le-secteur-de-la-logistique\/\" data-internallinksmanager029f6b8e52c=\"46\" title=\"conditions de travail\">conditions de travail<\/a> \u00e9quitables et des protections sociales ad\u00e9quates. Toutefois, l\u2019application in\u00e9gale de ces r\u00e8gles et les abus qui continuent d\u2019exister soulignent la n\u00e9cessit\u00e9 d\u2019une vigilance continue, d\u2019une coop\u00e9ration renforc\u00e9e entre les \u00c9tats membres et de contr\u00f4les plus rigoureux. L\u2019objectif final reste de garantir une meilleure protection des travailleurs d\u00e9tach\u00e9s tout en maintenant les principes fondamentaux du march\u00e9 unique europ\u00e9en.<\/p>\r\n","protected":false},"excerpt":{"rendered":"<p>Le d\u00e9tachement des travailleurs au sein de l\u2019Union Europ\u00e9enne est une pratique courante qui permet aux entreprises d\u2019engager des employ\u00e9s temporaires d\u2019un autre pays de l\u2019UE pour travailler sur leur territoire. Les travailleurs roumains, en particulier, sont nombreux \u00e0 \u00eatre d\u00e9tach\u00e9s dans des secteurs tels que la construction, la logistique, et le transport. Cependant, cette [&hellip;]<\/p>\n","protected":false},"author":1,"featured_media":21580,"comment_status":"open","ping_status":"open","sticky":false,"template":"","format":"standard","meta":{"_crdt_document":"","_jetpack_memberships_contains_paid_content":false,"footnotes":""},"categories":[1,101,100],"tags":[119,75,82,124],"class_list":["post-21891","post","type-post","status-publish","format-standard","has-post-thumbnail","hentry","category-blog","category-logistique","category-transport","tag-travail-detache-roumain","tag-travail-detache-roumanie","tag-travailleurs-detaches","tag-travaillleur-detache-roumain"],"yoast_head":"<!-- This site is optimized with the Yoast SEO plugin v27.5 - https:\/\/yoast.com\/product\/yoast-seo-wordpress\/ -->\n<title>R\u00e9glementation europ\u00e9enne et d\u00e9tachement des travailleurs roumains<\/title>\n<meta name=\"description\" content=\"R\u00e9glementation europ\u00e9enne et d\u00e9tachement des travailleurs roumains : droits, obligations et garanties pour assurer des conditions de travail.\" \/>\n<meta name=\"robots\" content=\"index, follow, max-snippet:-1, max-image-preview:large, max-video-preview:-1\" \/>\n<link rel=\"canonical\" href=\"https:\/\/rapid-interim.com\/index.php\/2025\/02\/24\/reglementation-europeenne-et-detachement-des-travailleurs-roumains\/\" \/>\n<meta property=\"og:locale\" content=\"fr_FR\" \/>\n<meta property=\"og:type\" content=\"article\" \/>\n<meta property=\"og:title\" content=\"R\u00e9glementation europ\u00e9enne et d\u00e9tachement des travailleurs roumains\" \/>\n<meta property=\"og:description\" content=\"R\u00e9glementation europ\u00e9enne et d\u00e9tachement des travailleurs roumains : droits, obligations et garanties pour assurer des conditions de travail.\" \/>\n<meta property=\"og:url\" content=\"https:\/\/rapid-interim.com\/index.php\/2025\/02\/24\/reglementation-europeenne-et-detachement-des-travailleurs-roumains\/\" \/>\n<meta property=\"og:site_name\" content=\"rapid-interim\" \/>\n<meta property=\"article:published_time\" content=\"2025-02-24T13:27:47+00:00\" \/>\n<meta property=\"article:modified_time\" content=\"2025-03-03T19:33:42+00:00\" \/>\n<meta name=\"author\" content=\"Marie Dubois\" \/>\n<meta name=\"twitter:card\" content=\"summary_large_image\" \/>\n<meta name=\"twitter:label1\" content=\"\u00c9crit par\" \/>\n\t<meta name=\"twitter:data1\" content=\"Marie Dubois\" \/>\n\t<meta name=\"twitter:label2\" content=\"Dur\u00e9e de lecture estim\u00e9e\" \/>\n\t<meta name=\"twitter:data2\" content=\"7 minutes\" \/>\n<script type=\"application\/ld+json\" class=\"yoast-schema-graph\">{\"@context\":\"https:\\\/\\\/schema.org\",\"@graph\":[{\"@type\":\"Article\",\"@id\":\"https:\\\/\\\/rapid-interim.com\\\/index.php\\\/2025\\\/02\\\/24\\\/reglementation-europeenne-et-detachement-des-travailleurs-roumains\\\/#article\",\"isPartOf\":{\"@id\":\"https:\\\/\\\/rapid-interim.com\\\/index.php\\\/2025\\\/02\\\/24\\\/reglementation-europeenne-et-detachement-des-travailleurs-roumains\\\/\"},\"author\":{\"name\":\"Marie Dubois\",\"@id\":\"https:\\\/\\\/rapid-interim.com\\\/#\\\/schema\\\/person\\\/c80cf67768e43267c59b9c4095fac056\"},\"headline\":\"R\u00e9glementation europ\u00e9enne et d\u00e9tachement des travailleurs roumains\",\"datePublished\":\"2025-02-24T13:27:47+00:00\",\"dateModified\":\"2025-03-03T19:33:42+00:00\",\"mainEntityOfPage\":{\"@id\":\"https:\\\/\\\/rapid-interim.com\\\/index.php\\\/2025\\\/02\\\/24\\\/reglementation-europeenne-et-detachement-des-travailleurs-roumains\\\/\"},\"wordCount\":1268,\"commentCount\":0,\"publisher\":{\"@id\":\"https:\\\/\\\/rapid-interim.com\\\/#organization\"},\"image\":{\"@id\":\"https:\\\/\\\/rapid-interim.com\\\/index.php\\\/2025\\\/02\\\/24\\\/reglementation-europeenne-et-detachement-des-travailleurs-roumains\\\/#primaryimage\"},\"thumbnailUrl\":\"https:\\\/\\\/rapid-interim.com\\\/wp-content\\\/uploads\\\/2024\\\/09\\\/banner_ausbildung-kfz-mechatroniker_1920x1080.avif\",\"keywords\":[\"travail detache roumain\",\"TRAVAIL DETACHE ROUMANIE\",\"travailleurs d\u00e9tach\u00e9s\",\"travaillleur detache roumain\"],\"articleSection\":[\"Blog\",\"Logistique\",\"Transport\"],\"inLanguage\":\"fr-FR\",\"potentialAction\":[{\"@type\":\"CommentAction\",\"name\":\"Comment\",\"target\":[\"https:\\\/\\\/rapid-interim.com\\\/index.php\\\/2025\\\/02\\\/24\\\/reglementation-europeenne-et-detachement-des-travailleurs-roumains\\\/#respond\"]}]},{\"@type\":\"WebPage\",\"@id\":\"https:\\\/\\\/rapid-interim.com\\\/index.php\\\/2025\\\/02\\\/24\\\/reglementation-europeenne-et-detachement-des-travailleurs-roumains\\\/\",\"url\":\"https:\\\/\\\/rapid-interim.com\\\/index.php\\\/2025\\\/02\\\/24\\\/reglementation-europeenne-et-detachement-des-travailleurs-roumains\\\/\",\"name\":\"R\u00e9glementation europ\u00e9enne et d\u00e9tachement des travailleurs roumains\",\"isPartOf\":{\"@id\":\"https:\\\/\\\/rapid-interim.com\\\/#website\"},\"primaryImageOfPage\":{\"@id\":\"https:\\\/\\\/rapid-interim.com\\\/index.php\\\/2025\\\/02\\\/24\\\/reglementation-europeenne-et-detachement-des-travailleurs-roumains\\\/#primaryimage\"},\"image\":{\"@id\":\"https:\\\/\\\/rapid-interim.com\\\/index.php\\\/2025\\\/02\\\/24\\\/reglementation-europeenne-et-detachement-des-travailleurs-roumains\\\/#primaryimage\"},\"thumbnailUrl\":\"https:\\\/\\\/rapid-interim.com\\\/wp-content\\\/uploads\\\/2024\\\/09\\\/banner_ausbildung-kfz-mechatroniker_1920x1080.avif\",\"datePublished\":\"2025-02-24T13:27:47+00:00\",\"dateModified\":\"2025-03-03T19:33:42+00:00\",\"description\":\"R\u00e9glementation europ\u00e9enne et d\u00e9tachement des travailleurs roumains : droits, obligations et garanties pour assurer des conditions de travail.\",\"breadcrumb\":{\"@id\":\"https:\\\/\\\/rapid-interim.com\\\/index.php\\\/2025\\\/02\\\/24\\\/reglementation-europeenne-et-detachement-des-travailleurs-roumains\\\/#breadcrumb\"},\"inLanguage\":\"fr-FR\",\"potentialAction\":[{\"@type\":\"ReadAction\",\"target\":[\"https:\\\/\\\/rapid-interim.com\\\/index.php\\\/2025\\\/02\\\/24\\\/reglementation-europeenne-et-detachement-des-travailleurs-roumains\\\/\"]}]},{\"@type\":\"ImageObject\",\"inLanguage\":\"fr-FR\",\"@id\":\"https:\\\/\\\/rapid-interim.com\\\/index.php\\\/2025\\\/02\\\/24\\\/reglementation-europeenne-et-detachement-des-travailleurs-roumains\\\/#primaryimage\",\"url\":\"https:\\\/\\\/rapid-interim.com\\\/wp-content\\\/uploads\\\/2024\\\/09\\\/banner_ausbildung-kfz-mechatroniker_1920x1080.avif\",\"contentUrl\":\"https:\\\/\\\/rapid-interim.com\\\/wp-content\\\/uploads\\\/2024\\\/09\\\/banner_ausbildung-kfz-mechatroniker_1920x1080.avif\",\"width\":1440,\"height\":810},{\"@type\":\"BreadcrumbList\",\"@id\":\"https:\\\/\\\/rapid-interim.com\\\/index.php\\\/2025\\\/02\\\/24\\\/reglementation-europeenne-et-detachement-des-travailleurs-roumains\\\/#breadcrumb\",\"itemListElement\":[{\"@type\":\"ListItem\",\"position\":1,\"name\":\"Accueil\",\"item\":\"https:\\\/\\\/rapid-interim.com\\\/\"},{\"@type\":\"ListItem\",\"position\":2,\"name\":\"R\u00e9glementation europ\u00e9enne et d\u00e9tachement des travailleurs roumains\"}]},{\"@type\":\"WebSite\",\"@id\":\"https:\\\/\\\/rapid-interim.com\\\/#website\",\"url\":\"https:\\\/\\\/rapid-interim.com\\\/\",\"name\":\"rapid-interim\",\"description\":\"Interim et travail temporaire\",\"publisher\":{\"@id\":\"https:\\\/\\\/rapid-interim.com\\\/#organization\"},\"potentialAction\":[{\"@type\":\"SearchAction\",\"target\":{\"@type\":\"EntryPoint\",\"urlTemplate\":\"https:\\\/\\\/rapid-interim.com\\\/?s={search_term_string}\"},\"query-input\":{\"@type\":\"PropertyValueSpecification\",\"valueRequired\":true,\"valueName\":\"search_term_string\"}}],\"inLanguage\":\"fr-FR\"},{\"@type\":\"Organization\",\"@id\":\"https:\\\/\\\/rapid-interim.com\\\/#organization\",\"name\":\"rapid-interim\",\"url\":\"https:\\\/\\\/rapid-interim.com\\\/\",\"logo\":{\"@type\":\"ImageObject\",\"inLanguage\":\"fr-FR\",\"@id\":\"https:\\\/\\\/rapid-interim.com\\\/#\\\/schema\\\/logo\\\/image\\\/\",\"url\":\"https:\\\/\\\/rapid-interim.com\\\/wp-content\\\/uploads\\\/2022\\\/06\\\/cropped-rapid-inetrim.png\",\"contentUrl\":\"https:\\\/\\\/rapid-interim.com\\\/wp-content\\\/uploads\\\/2022\\\/06\\\/cropped-rapid-inetrim.png\",\"width\":314,\"height\":137,\"caption\":\"rapid-interim\"},\"image\":{\"@id\":\"https:\\\/\\\/rapid-interim.com\\\/#\\\/schema\\\/logo\\\/image\\\/\"}},{\"@type\":\"Person\",\"@id\":\"https:\\\/\\\/rapid-interim.com\\\/#\\\/schema\\\/person\\\/c80cf67768e43267c59b9c4095fac056\",\"name\":\"Marie Dubois\",\"image\":{\"@type\":\"ImageObject\",\"inLanguage\":\"fr-FR\",\"@id\":\"https:\\\/\\\/secure.gravatar.com\\\/avatar\\\/c5d9a389371c49a3eb3d5c05c1bdb9d2124cabb2c990e1eb227c370b66139bfe?s=96&d=mm&r=g\",\"url\":\"https:\\\/\\\/secure.gravatar.com\\\/avatar\\\/c5d9a389371c49a3eb3d5c05c1bdb9d2124cabb2c990e1eb227c370b66139bfe?s=96&d=mm&r=g\",\"contentUrl\":\"https:\\\/\\\/secure.gravatar.com\\\/avatar\\\/c5d9a389371c49a3eb3d5c05c1bdb9d2124cabb2c990e1eb227c370b66139bfe?s=96&d=mm&r=g\",\"caption\":\"Marie Dubois\"},\"sameAs\":[\"http:\\\/\\\/rapid-interim.com\"],\"url\":\"https:\\\/\\\/rapid-interim.com\\\/index.php\\\/author\\\/rapid-interim-com\\\/\"}]}<\/script>\n<!-- \/ Yoast SEO plugin. -->","yoast_head_json":{"title":"R\u00e9glementation europ\u00e9enne et d\u00e9tachement des travailleurs roumains","description":"R\u00e9glementation europ\u00e9enne et d\u00e9tachement des travailleurs roumains : droits, obligations et garanties pour assurer des conditions de travail.","robots":{"index":"index","follow":"follow","max-snippet":"max-snippet:-1","max-image-preview":"max-image-preview:large","max-video-preview":"max-video-preview:-1"},"canonical":"https:\/\/rapid-interim.com\/index.php\/2025\/02\/24\/reglementation-europeenne-et-detachement-des-travailleurs-roumains\/","og_locale":"fr_FR","og_type":"article","og_title":"R\u00e9glementation europ\u00e9enne et d\u00e9tachement des travailleurs roumains","og_description":"R\u00e9glementation europ\u00e9enne et d\u00e9tachement des travailleurs roumains : droits, obligations et garanties pour assurer des conditions de travail.","og_url":"https:\/\/rapid-interim.com\/index.php\/2025\/02\/24\/reglementation-europeenne-et-detachement-des-travailleurs-roumains\/","og_site_name":"rapid-interim","article_published_time":"2025-02-24T13:27:47+00:00","article_modified_time":"2025-03-03T19:33:42+00:00","author":"Marie Dubois","twitter_card":"summary_large_image","twitter_misc":{"\u00c9crit par":"Marie Dubois","Dur\u00e9e de lecture estim\u00e9e":"7 minutes"},"schema":{"@context":"https:\/\/schema.org","@graph":[{"@type":"Article","@id":"https:\/\/rapid-interim.com\/index.php\/2025\/02\/24\/reglementation-europeenne-et-detachement-des-travailleurs-roumains\/#article","isPartOf":{"@id":"https:\/\/rapid-interim.com\/index.php\/2025\/02\/24\/reglementation-europeenne-et-detachement-des-travailleurs-roumains\/"},"author":{"name":"Marie Dubois","@id":"https:\/\/rapid-interim.com\/#\/schema\/person\/c80cf67768e43267c59b9c4095fac056"},"headline":"R\u00e9glementation europ\u00e9enne et d\u00e9tachement des travailleurs roumains","datePublished":"2025-02-24T13:27:47+00:00","dateModified":"2025-03-03T19:33:42+00:00","mainEntityOfPage":{"@id":"https:\/\/rapid-interim.com\/index.php\/2025\/02\/24\/reglementation-europeenne-et-detachement-des-travailleurs-roumains\/"},"wordCount":1268,"commentCount":0,"publisher":{"@id":"https:\/\/rapid-interim.com\/#organization"},"image":{"@id":"https:\/\/rapid-interim.com\/index.php\/2025\/02\/24\/reglementation-europeenne-et-detachement-des-travailleurs-roumains\/#primaryimage"},"thumbnailUrl":"https:\/\/rapid-interim.com\/wp-content\/uploads\/2024\/09\/banner_ausbildung-kfz-mechatroniker_1920x1080.avif","keywords":["travail detache roumain","TRAVAIL DETACHE ROUMANIE","travailleurs d\u00e9tach\u00e9s","travaillleur detache roumain"],"articleSection":["Blog","Logistique","Transport"],"inLanguage":"fr-FR","potentialAction":[{"@type":"CommentAction","name":"Comment","target":["https:\/\/rapid-interim.com\/index.php\/2025\/02\/24\/reglementation-europeenne-et-detachement-des-travailleurs-roumains\/#respond"]}]},{"@type":"WebPage","@id":"https:\/\/rapid-interim.com\/index.php\/2025\/02\/24\/reglementation-europeenne-et-detachement-des-travailleurs-roumains\/","url":"https:\/\/rapid-interim.com\/index.php\/2025\/02\/24\/reglementation-europeenne-et-detachement-des-travailleurs-roumains\/","name":"R\u00e9glementation europ\u00e9enne et d\u00e9tachement des travailleurs roumains","isPartOf":{"@id":"https:\/\/rapid-interim.com\/#website"},"primaryImageOfPage":{"@id":"https:\/\/rapid-interim.com\/index.php\/2025\/02\/24\/reglementation-europeenne-et-detachement-des-travailleurs-roumains\/#primaryimage"},"image":{"@id":"https:\/\/rapid-interim.com\/index.php\/2025\/02\/24\/reglementation-europeenne-et-detachement-des-travailleurs-roumains\/#primaryimage"},"thumbnailUrl":"https:\/\/rapid-interim.com\/wp-content\/uploads\/2024\/09\/banner_ausbildung-kfz-mechatroniker_1920x1080.avif","datePublished":"2025-02-24T13:27:47+00:00","dateModified":"2025-03-03T19:33:42+00:00","description":"R\u00e9glementation europ\u00e9enne et d\u00e9tachement des travailleurs roumains : droits, obligations et garanties pour assurer des conditions de travail.","breadcrumb":{"@id":"https:\/\/rapid-interim.com\/index.php\/2025\/02\/24\/reglementation-europeenne-et-detachement-des-travailleurs-roumains\/#breadcrumb"},"inLanguage":"fr-FR","potentialAction":[{"@type":"ReadAction","target":["https:\/\/rapid-interim.com\/index.php\/2025\/02\/24\/reglementation-europeenne-et-detachement-des-travailleurs-roumains\/"]}]},{"@type":"ImageObject","inLanguage":"fr-FR","@id":"https:\/\/rapid-interim.com\/index.php\/2025\/02\/24\/reglementation-europeenne-et-detachement-des-travailleurs-roumains\/#primaryimage","url":"https:\/\/rapid-interim.com\/wp-content\/uploads\/2024\/09\/banner_ausbildung-kfz-mechatroniker_1920x1080.avif","contentUrl":"https:\/\/rapid-interim.com\/wp-content\/uploads\/2024\/09\/banner_ausbildung-kfz-mechatroniker_1920x1080.avif","width":1440,"height":810},{"@type":"BreadcrumbList","@id":"https:\/\/rapid-interim.com\/index.php\/2025\/02\/24\/reglementation-europeenne-et-detachement-des-travailleurs-roumains\/#breadcrumb","itemListElement":[{"@type":"ListItem","position":1,"name":"Accueil","item":"https:\/\/rapid-interim.com\/"},{"@type":"ListItem","position":2,"name":"R\u00e9glementation europ\u00e9enne et d\u00e9tachement des travailleurs roumains"}]},{"@type":"WebSite","@id":"https:\/\/rapid-interim.com\/#website","url":"https:\/\/rapid-interim.com\/","name":"rapid-interim","description":"Interim et travail temporaire","publisher":{"@id":"https:\/\/rapid-interim.com\/#organization"},"potentialAction":[{"@type":"SearchAction","target":{"@type":"EntryPoint","urlTemplate":"https:\/\/rapid-interim.com\/?s={search_term_string}"},"query-input":{"@type":"PropertyValueSpecification","valueRequired":true,"valueName":"search_term_string"}}],"inLanguage":"fr-FR"},{"@type":"Organization","@id":"https:\/\/rapid-interim.com\/#organization","name":"rapid-interim","url":"https:\/\/rapid-interim.com\/","logo":{"@type":"ImageObject","inLanguage":"fr-FR","@id":"https:\/\/rapid-interim.com\/#\/schema\/logo\/image\/","url":"https:\/\/rapid-interim.com\/wp-content\/uploads\/2022\/06\/cropped-rapid-inetrim.png","contentUrl":"https:\/\/rapid-interim.com\/wp-content\/uploads\/2022\/06\/cropped-rapid-inetrim.png","width":314,"height":137,"caption":"rapid-interim"},"image":{"@id":"https:\/\/rapid-interim.com\/#\/schema\/logo\/image\/"}},{"@type":"Person","@id":"https:\/\/rapid-interim.com\/#\/schema\/person\/c80cf67768e43267c59b9c4095fac056","name":"Marie Dubois","image":{"@type":"ImageObject","inLanguage":"fr-FR","@id":"https:\/\/secure.gravatar.com\/avatar\/c5d9a389371c49a3eb3d5c05c1bdb9d2124cabb2c990e1eb227c370b66139bfe?s=96&d=mm&r=g","url":"https:\/\/secure.gravatar.com\/avatar\/c5d9a389371c49a3eb3d5c05c1bdb9d2124cabb2c990e1eb227c370b66139bfe?s=96&d=mm&r=g","contentUrl":"https:\/\/secure.gravatar.com\/avatar\/c5d9a389371c49a3eb3d5c05c1bdb9d2124cabb2c990e1eb227c370b66139bfe?s=96&d=mm&r=g","caption":"Marie Dubois"},"sameAs":["http:\/\/rapid-interim.com"],"url":"https:\/\/rapid-interim.com\/index.php\/author\/rapid-interim-com\/"}]}},"jetpack_featured_media_url":"https:\/\/rapid-interim.com\/wp-content\/uploads\/2024\/09\/banner_ausbildung-kfz-mechatroniker_1920x1080.avif","jetpack_sharing_enabled":true,"_links":{"self":[{"href":"https:\/\/rapid-interim.com\/index.php\/wp-json\/wp\/v2\/posts\/21891","targetHints":{"allow":["GET"]}}],"collection":[{"href":"https:\/\/rapid-interim.com\/index.php\/wp-json\/wp\/v2\/posts"}],"about":[{"href":"https:\/\/rapid-interim.com\/index.php\/wp-json\/wp\/v2\/types\/post"}],"author":[{"embeddable":true,"href":"https:\/\/rapid-interim.com\/index.php\/wp-json\/wp\/v2\/users\/1"}],"replies":[{"embeddable":true,"href":"https:\/\/rapid-interim.com\/index.php\/wp-json\/wp\/v2\/comments?post=21891"}],"version-history":[{"count":2,"href":"https:\/\/rapid-interim.com\/index.php\/wp-json\/wp\/v2\/posts\/21891\/revisions"}],"predecessor-version":[{"id":22022,"href":"https:\/\/rapid-interim.com\/index.php\/wp-json\/wp\/v2\/posts\/21891\/revisions\/22022"}],"wp:featuredmedia":[{"embeddable":true,"href":"https:\/\/rapid-interim.com\/index.php\/wp-json\/wp\/v2\/media\/21580"}],"wp:attachment":[{"href":"https:\/\/rapid-interim.com\/index.php\/wp-json\/wp\/v2\/media?parent=21891"}],"wp:term":[{"taxonomy":"category","embeddable":true,"href":"https:\/\/rapid-interim.com\/index.php\/wp-json\/wp\/v2\/categories?post=21891"},{"taxonomy":"post_tag","embeddable":true,"href":"https:\/\/rapid-interim.com\/index.php\/wp-json\/wp\/v2\/tags?post=21891"}],"curies":[{"name":"wp","href":"https:\/\/api.w.org\/{rel}","templated":true}]}}