{"id":21883,"date":"2025-02-21T06:29:54","date_gmt":"2025-02-21T05:29:54","guid":{"rendered":"https:\/\/rapid-interim.com\/?p=21883"},"modified":"2025-03-03T20:37:11","modified_gmt":"2025-03-03T19:37:11","slug":"ladaptation-des-formations-et-certifications-des-travailleurs-detaches-dans-le-secteur-de-la-construction","status":"publish","type":"post","link":"https:\/\/rapid-interim.com\/index.php\/2025\/02\/21\/ladaptation-des-formations-et-certifications-des-travailleurs-detaches-dans-le-secteur-de-la-construction\/","title":{"rendered":"Adaptation des formations des travailleurs d\u00e9tach\u00e9s en construction"},"content":{"rendered":"\r\n<p class=\"wp-block-paragraph\">La mobilit\u00e9 des travailleurs au sein de l&rsquo;Union europ\u00e9enne a entra\u00een\u00e9 une augmentation significative du recours aux travailleurs d\u00e9tach\u00e9s dans divers secteurs, notamment dans le secteur de la construction. Si cette pratique offre de nombreux avantages, elle pose \u00e9galement des d\u00e9fis, notamment en ce qui concerne l\u2019adaptation des formations et certifications des travailleurs d\u00e9tach\u00e9s. Le secteur de la construction, \u00e9tant tr\u00e8s sp\u00e9cifique en termes de comp\u00e9tences requises et de normes de s\u00e9curit\u00e9, doit faire face \u00e0 des questions li\u00e9es \u00e0 la reconnaissance des qualifications, \u00e0 la formation continue et \u00e0 l\u2019harmonisation des certifications entre les diff\u00e9rents pays de l&rsquo;UE.<\/p>\r\n\r\n\r\n\r\n<p class=\"wp-block-paragraph\">Cet article explore les enjeux li\u00e9s \u00e0 l\u2019adaptation des formations et certifications des travailleurs d\u00e9tach\u00e9s dans le secteur de la construction, en examinant les initiatives prises pour r\u00e9pondre \u00e0 ces d\u00e9fis tout en garantissant la qualit\u00e9, la s\u00e9curit\u00e9 et la comp\u00e9titivit\u00e9 du secteur.<\/p>\r\n\r\n\r\n\r\n<h4 class=\"wp-block-heading\">1. L\u2019importance de la formation et des certifications dans le secteur de la construction<\/h4>\r\n\r\n\r\n\r\n<p class=\"wp-block-paragraph\">Le secteur de la construction, \u00e9tant l&rsquo;un des plus dynamiques et des plus diversifi\u00e9s, exige des travailleurs qu&rsquo;ils poss\u00e8dent des comp\u00e9tences sp\u00e9cifiques et une formation pointue pour garantir la s\u00e9curit\u00e9 sur les chantiers et la qualit\u00e9 des constructions. Cela comprend non seulement des comp\u00e9tences techniques telles que la ma\u00e7onnerie, la plomberie, l\u2019\u00e9lectricit\u00e9, ou la charpenterie, mais aussi des connaissances li\u00e9es \u00e0 la s\u00e9curit\u00e9, \u00e0 la gestion de projet et \u00e0 la conformit\u00e9 avec les normes de construction locales.<\/p>\r\n\r\n\r\n\r\n<figure class=\"wp-block-image size-large\"><img fetchpriority=\"high\" decoding=\"async\" width=\"1000\" height=\"666\" class=\"wp-image-21622\" src=\"https:\/\/rapid-interim.com\/wp-content\/uploads\/2024\/09\/490_122482581.jpg\" alt=\"\" srcset=\"https:\/\/rapid-interim.com\/wp-content\/uploads\/2024\/09\/490_122482581.jpg 1000w, https:\/\/rapid-interim.com\/wp-content\/uploads\/2024\/09\/490_122482581-300x200.jpg 300w, https:\/\/rapid-interim.com\/wp-content\/uploads\/2024\/09\/490_122482581-768x511.jpg 768w, https:\/\/rapid-interim.com\/wp-content\/uploads\/2024\/09\/490_122482581-600x400.jpg 600w\" sizes=\"(max-width: 1000px) 100vw, 1000px\" \/><\/figure>\r\n\r\n\r\n\r\n<p class=\"wp-block-paragraph\">La diversit\u00e9 des comp\u00e9tences n\u00e9cessaires pour travailler dans ce secteur, combin\u00e9e \u00e0 la n\u00e9cessit\u00e9 d\u2019une formation r\u00e9guli\u00e8re pour rester \u00e0 jour avec les nouvelles technologies, les normes environnementales et les r\u00e9glementations en constante \u00e9volution, souligne l&rsquo;importance de disposer de syst\u00e8mes de formation et de certification adapt\u00e9s et reconnus \u00e0 l\u2019\u00e9chelle europ\u00e9enne.<\/p>\r\n\r\n\r\n\r\n<h4 class=\"wp-block-heading\">2. Les d\u00e9fis li\u00e9s \u00e0 l\u2019adaptation des formations pour les travailleurs d\u00e9tach\u00e9s<\/h4>\r\n\r\n\r\n\r\n<p class=\"wp-block-paragraph\"><strong>a. Diff\u00e9rences dans les syst\u00e8mes de formation et de certification entre les \u00c9tats membres<\/strong><br \/>L\u2019un des d\u00e9fis majeurs auxquels sont confront\u00e9s les travailleurs d\u00e9tach\u00e9s dans le secteur de la construction est la diversit\u00e9 des syst\u00e8mes de formation et des certifications entre les diff\u00e9rents pays de l\u2019UE. Chaque pays de l\u2019Union europ\u00e9enne poss\u00e8de son propre cadre de formation et de certification pour les m\u00e9tiers de la construction, ce qui entra\u00eene parfois une certaine confusion pour les travailleurs et les employeurs. Par exemple, un \u00e9lectricien form\u00e9 en Pologne pourrait ne pas avoir une qualification reconnue de mani\u00e8re automatique en France, m\u00eame si les comp\u00e9tences sont similaires.<\/p>\r\n\r\n\r\n\r\n<p class=\"wp-block-paragraph\">Ces diff\u00e9rences dans les syst\u00e8mes \u00e9ducatifs et de certification compliquent la mobilit\u00e9 des travailleurs et peuvent engendrer des co\u00fbts suppl\u00e9mentaires pour les employeurs qui doivent assurer la validation des comp\u00e9tences des travailleurs d\u00e9tach\u00e9s. Elles peuvent aussi cr\u00e9er des barri\u00e8res pour les travailleurs qui souhaitent exercer dans un autre pays sans avoir \u00e0 passer par un processus de r\u00e9\u00e9valuation ou de formation compl\u00e9mentaire.<\/p>\r\n\r\n\r\n\r\n<p class=\"wp-block-paragraph\"><strong>b. L&rsquo;impact des diff\u00e9rences de normes de s\u00e9curit\u00e9 et de qualit\u00e9<\/strong><br \/>La construction \u00e9tant un secteur o\u00f9 la s\u00e9curit\u00e9 est primordiale, les travailleurs doivent non seulement \u00eatre qualifi\u00e9s sur le plan technique, mais aussi comprendre et appliquer les normes de s\u00e9curit\u00e9 en vigueur dans le pays o\u00f9 ils travaillent. Les exigences en mati\u00e8re de s\u00e9curit\u00e9 peuvent varier d\u2019un pays \u00e0 l\u2019autre, ce qui pose un probl\u00e8me suppl\u00e9mentaire pour les travailleurs d\u00e9tach\u00e9s. Par exemple, un <a href=\"https:\/\/rapid-interim.com\/index.php\/2024\/06\/20\/recruter-un-travailleur-detache\/\" data-internallinksmanager029f6b8e52c=\"35\" title=\"travailleur d\u00e9tach\u00e9\">travailleur d\u00e9tach\u00e9<\/a> venant d\u2019un pays o\u00f9 les normes de s\u00e9curit\u00e9 sont moins strictes pourrait ne pas \u00eatre inform\u00e9 des exigences locales en mati\u00e8re de protection contre les risques sur les chantiers, ce qui pourrait entra\u00eener des accidents de travail.<\/p>\r\n\r\n\r\n\r\n<p class=\"wp-block-paragraph\"><strong>c. Manque de reconnaissance mutuelle des qualifications<\/strong><br \/>Bien que l\u2019UE ait mis en place des m\u00e9canismes pour favoriser la reconnaissance des qualifications professionnelles entre les \u00c9tats membres, cela reste un d\u00e9fi de taille, en particulier pour les m\u00e9tiers de la construction, qui sont souvent per\u00e7us comme moins standardis\u00e9s que d\u2019autres secteurs, comme l\u2019ing\u00e9nierie ou les professions m\u00e9dicales. Cela peut rendre difficile pour les travailleurs d\u00e9tach\u00e9s de prouver leurs qualifications aupr\u00e8s des employeurs ou des autorit\u00e9s locales dans le pays d\u2019accueil.<\/p>\r\n\r\n\r\n\r\n<h4 class=\"wp-block-heading\">3. Les initiatives europ\u00e9ennes pour l\u2019adaptation des formations et certifications<\/h4>\r\n\r\n\r\n\r\n<p class=\"wp-block-paragraph\"><strong>a. La directive sur la reconnaissance des qualifications professionnelles<\/strong><br \/>L\u2019Union europ\u00e9enne a pris des mesures pour faciliter la reconnaissance des qualifications professionnelles entre ses \u00c9tats membres. La directive 2005\/36\/CE, modifi\u00e9e en 2013, permet aux travailleurs de faire valider leurs qualifications obtenues dans un autre pays de l&rsquo;UE et d\u2019exercer leur profession dans un autre \u00c9tat membre. Cette directive, bien qu\u2019importante, n\u2019est pas toujours suffisante dans des secteurs aussi sp\u00e9cialis\u00e9s que la construction. Les qualifications sp\u00e9cifiques au secteur de la construction, notamment les formations li\u00e9es \u00e0 la s\u00e9curit\u00e9, \u00e0 l\u2019utilisation des \u00e9quipements ou \u00e0 la conformit\u00e9 avec les normes locales, sont souvent laiss\u00e9es en dehors du champ d\u2019application de la directive, ce qui entra\u00eene une reconnaissance partielle des qualifications des travailleurs.<\/p>\r\n\r\n\r\n\r\n<p class=\"wp-block-paragraph\">Cependant, cette l\u00e9gislation a permis de mettre en place des m\u00e9canismes de reconnaissance automatique pour certains m\u00e9tiers et qualifications dans des secteurs sp\u00e9cifiques, ce qui constitue un pas en avant dans la facilitation de la mobilit\u00e9 des travailleurs.<\/p>\r\n\r\n\r\n\r\n<figure class=\"wp-block-image size-large\"><img decoding=\"async\" width=\"1024\" height=\"683\" class=\"wp-image-21643\" src=\"https:\/\/rapid-interim.com\/wp-content\/uploads\/2024\/09\/constructeur_en_voirie_urbaine-2-1024x683.png\" alt=\"\" srcset=\"https:\/\/rapid-interim.com\/wp-content\/uploads\/2024\/09\/constructeur_en_voirie_urbaine-2-1024x683.png 1024w, https:\/\/rapid-interim.com\/wp-content\/uploads\/2024\/09\/constructeur_en_voirie_urbaine-2-300x200.png 300w, https:\/\/rapid-interim.com\/wp-content\/uploads\/2024\/09\/constructeur_en_voirie_urbaine-2-768x512.png 768w, https:\/\/rapid-interim.com\/wp-content\/uploads\/2024\/09\/constructeur_en_voirie_urbaine-2-600x400.png 600w, https:\/\/rapid-interim.com\/wp-content\/uploads\/2024\/09\/constructeur_en_voirie_urbaine-2.png 1086w\" sizes=\"(max-width: 1024px) 100vw, 1024px\" \/><\/figure>\r\n\r\n\r\n\r\n<p class=\"wp-block-paragraph\"><strong>b. Le syst\u00e8me Europass et les portefeuilles de comp\u00e9tences<\/strong><br \/>Le syst\u00e8me Europass, lanc\u00e9 par l\u2019UE, permet aux travailleurs de cr\u00e9er un CV europ\u00e9en standardis\u00e9 qui inclut des informations sur leurs qualifications, comp\u00e9tences et exp\u00e9riences professionnelles. Il sert \u00e9galement de moyen pour les travailleurs de faire reconna\u00eetre leurs comp\u00e9tences et leur parcours professionnel dans diff\u00e9rents pays europ\u00e9ens. Le Europass peut \u00eatre particuli\u00e8rement utile pour les travailleurs d\u00e9tach\u00e9s dans la construction, car il leur permet de documenter et de pr\u00e9senter leurs qualifications de mani\u00e8re claire et facilement compr\u00e9hensible par les employeurs des autres \u00c9tats membres.<\/p>\r\n\r\n\r\n\r\n<p class=\"wp-block-paragraph\">En outre, certaines initiatives ont permis la cr\u00e9ation de portefeuilles de comp\u00e9tences et de formations en ligne, sp\u00e9cifiques aux m\u00e9tiers de la construction, afin d&rsquo;am\u00e9liorer l\u2019adaptabilit\u00e9 des travailleurs et la reconnaissance des comp\u00e9tences dans diff\u00e9rents pays.<\/p>\r\n\r\n\r\n\r\n<p class=\"wp-block-paragraph\"><strong>c. Le r\u00f4le des certifications europ\u00e9ennes pour la s\u00e9curit\u00e9 et la qualit\u00e9<\/strong><br \/>Dans le secteur de la construction, certaines certifications sont d&rsquo;ores et d\u00e9j\u00e0 reconnues au niveau europ\u00e9en pour garantir que les travailleurs d\u00e9tach\u00e9s respectent les normes de s\u00e9curit\u00e9 et de qualit\u00e9. Par exemple, la certification \u00ab\u00a0Qualibat\u00a0\u00bb en France ou la certification \u00ab\u00a0Niveau 2\u00a0\u00bb en Allemagne sont bien \u00e9tablies et peuvent \u00eatre reconnues dans d&rsquo;autres pays gr\u00e2ce aux accords bilat\u00e9raux ou aux initiatives europ\u00e9ennes.<\/p>\r\n\r\n\r\n\r\n<p class=\"wp-block-paragraph\">L\u2019UE encourage \u00e9galement les pays membres \u00e0 harmoniser leurs syst\u00e8mes de formation en mati\u00e8re de s\u00e9curit\u00e9, en particulier dans le cadre du \u00ab\u00a0Paquet s\u00e9curit\u00e9\u00a0\u00bb, qui vise \u00e0 r\u00e9duire le nombre d\u2019accidents sur les chantiers et \u00e0 promouvoir des pratiques de s\u00e9curit\u00e9 uniformes \u00e0 travers l\u2019Union.<\/p>\r\n\r\n\r\n\r\n<h4 class=\"wp-block-heading\">4. Les bonnes pratiques pour adapter la formation et les certifications des travailleurs d\u00e9tach\u00e9s<\/h4>\r\n\r\n\r\n\r\n<figure class=\"wp-block-image size-large\"><img decoding=\"async\" width=\"1024\" height=\"683\" class=\"wp-image-21613\" src=\"https:\/\/rapid-interim.com\/wp-content\/uploads\/2024\/09\/Modele-devis-macon-1024x683.webp\" alt=\"\" srcset=\"https:\/\/rapid-interim.com\/wp-content\/uploads\/2024\/09\/Modele-devis-macon-1024x683.webp 1024w, https:\/\/rapid-interim.com\/wp-content\/uploads\/2024\/09\/Modele-devis-macon-300x200.webp 300w, https:\/\/rapid-interim.com\/wp-content\/uploads\/2024\/09\/Modele-devis-macon-768x512.webp 768w, https:\/\/rapid-interim.com\/wp-content\/uploads\/2024\/09\/Modele-devis-macon-600x400.webp 600w, https:\/\/rapid-interim.com\/wp-content\/uploads\/2024\/09\/Modele-devis-macon.webp 1254w\" sizes=\"(max-width: 1024px) 100vw, 1024px\" \/><\/figure>\r\n\r\n\r\n\r\n<p class=\"wp-block-paragraph\"><strong>a. Renforcement de la formation continue<\/strong><br \/>Pour garantir que les travailleurs d\u00e9tach\u00e9s soient bien form\u00e9s aux normes de s\u00e9curit\u00e9 et aux exigences locales, les entreprises de construction doivent investir dans la formation continue. Cela inclut non seulement la formation technique li\u00e9e aux m\u00e9tiers sp\u00e9cifiques, mais aussi la formation \u00e0 la s\u00e9curit\u00e9, aux r\u00e9glementations locales et aux normes de qualit\u00e9. Les travailleurs doivent \u00eatre inform\u00e9s des diff\u00e9rences possibles en mati\u00e8re de r\u00e9glementation et des pratiques locales avant de commencer \u00e0 travailler sur un chantier dans un autre pays de l\u2019UE.<\/p>\r\n\r\n\r\n\r\n<p class=\"wp-block-paragraph\">Les entreprises devraient organiser des sessions de formation avant le d\u00e9but des projets, mais aussi en cours de chantier, afin de s\u2019assurer que les travailleurs restent au fait des \u00e9volutions l\u00e9gislatives ou des changements dans les pratiques locales.<\/p>\r\n\r\n\r\n\r\n<p class=\"wp-block-paragraph\"><strong>b. Collaboration avec des institutions de formation et des organismes de certification<\/strong><br \/>Les entreprises et les agences de <a href=\"https:\/\/rapid-interim.com\/\" data-internallinksmanager029f6b8e52c=\"44\" title=\"Accueil - Agence d&#039;interim roumaine\">recrutement<\/a> sp\u00e9cialis\u00e9es dans le d\u00e9tachement de travailleurs doivent travailler en \u00e9troite collaboration avec les institutions de formation et les organismes de certification pour s\u2019assurer que les travailleurs sont correctement form\u00e9s et certifi\u00e9s. Cela inclut la validation des qualifications professionnelles avant leur d\u00e9tachement, ainsi que la mise en place de m\u00e9canismes de reconnaissance des qualifications transfrontali\u00e8res.<\/p>\r\n\r\n\r\n\r\n<p class=\"wp-block-paragraph\">Les institutions de formation europ\u00e9ennes pourraient \u00e9galement jouer un r\u00f4le cl\u00e9 en proposant des programmes de formation adapt\u00e9s aux exigences des travailleurs d\u00e9tach\u00e9s, y compris des formations linguistiques et des cours sur les normes de s\u00e9curit\u00e9 sp\u00e9cifiques \u00e0 chaque pays.<\/p>\r\n\r\n\r\n\r\n<h4 class=\"wp-block-heading\">5. Conclusion<\/h4>\r\n\r\n\r\n\r\n<p class=\"wp-block-paragraph\">L\u2019adaptation des formations et certifications des travailleurs d\u00e9tach\u00e9s dans le secteur de la construction est un enjeu majeur pour garantir la comp\u00e9titivit\u00e9 et la s\u00e9curit\u00e9 du secteur. Si des initiatives europ\u00e9ennes ont permis des avanc\u00e9es notables en mati\u00e8re de reconnaissance des qualifications et de s\u00e9curit\u00e9 sur les chantiers, des d\u00e9fis persistent, notamment en raison de la diversit\u00e9 des syst\u00e8mes de formation et des certifications entre les \u00c9tats membres.<\/p>\r\n\r\n\r\n\r\n<p class=\"wp-block-paragraph\">Pour relever ces d\u00e9fis, il est essentiel que les entreprises investissent dans la formation continue de leurs travailleurs d\u00e9tach\u00e9s et qu\u2019elles collaborent \u00e9troitement avec les institutions de formation et de certification pour garantir que les qualifications des travailleurs soient reconnues et adapt\u00e9es aux normes locales. L\u2019harmonisation des certifications et des formations dans le secteur de la construction constitue une priorit\u00e9 pour permettre une v\u00e9ritable mobilit\u00e9 des travailleurs tout en maintenant des standards \u00e9lev\u00e9s de s\u00e9curit\u00e9, de qualit\u00e9 et de comp\u00e9titivit\u00e9.<\/p>\r\n","protected":false},"excerpt":{"rendered":"<p>La mobilit\u00e9 des travailleurs au sein de l&rsquo;Union europ\u00e9enne a entra\u00een\u00e9 une augmentation significative du recours aux travailleurs d\u00e9tach\u00e9s dans divers secteurs, notamment dans le secteur de la construction. Si cette pratique offre de nombreux avantages, elle pose \u00e9galement des d\u00e9fis, notamment en ce qui concerne l\u2019adaptation des formations et certifications des travailleurs d\u00e9tach\u00e9s. Le [&hellip;]<\/p>\n","protected":false},"author":1,"featured_media":21617,"comment_status":"open","ping_status":"open","sticky":false,"template":"","format":"standard","meta":{"_crdt_document":"","_jetpack_memberships_contains_paid_content":false,"footnotes":""},"categories":[1,146],"tags":[128,73,127,112,138,56,125,139,71,123,134,83,74,75,126,82],"class_list":["post-21883","post","type-post","status-publish","format-standard","has-post-thumbnail","hentry","category-blog","category-construction","tag-agence-interim-europeene","tag-agence-interim-roumanie","tag-agence-interim-travailleur-etranger","tag-agriculteurs-roumains","tag-charpentiers-roumains","tag-construction","tag-detachement-roumain","tag-etancheurs-roumains-interimaires","tag-interimaire-roumain","tag-interimaires-roumains","tag-logisticiens-roumains","tag-recruter-temporairement","tag-travail-detache","tag-travail-detache-roumanie","tag-travailleur-temporaire-roumain","tag-travailleurs-detaches"],"yoast_head":"<!-- This site is optimized with the Yoast SEO plugin v27.4 - https:\/\/yoast.com\/product\/yoast-seo-wordpress\/ -->\n<title>Adaptation des formations des travailleurs d\u00e9tach\u00e9s en construction - rapid-interim<\/title>\n<meta name=\"description\" content=\"L\u2019adaptation des formations et certifications des travailleurs d\u00e9tach\u00e9s dans le secteur de la construction : garantir comp\u00e9tences, s\u00e9curit\u00e9\" \/>\n<meta name=\"robots\" content=\"index, follow, max-snippet:-1, max-image-preview:large, max-video-preview:-1\" \/>\n<link rel=\"canonical\" href=\"https:\/\/rapid-interim.com\/index.php\/2025\/02\/21\/ladaptation-des-formations-et-certifications-des-travailleurs-detaches-dans-le-secteur-de-la-construction\/\" \/>\n<meta property=\"og:locale\" content=\"fr_FR\" \/>\n<meta property=\"og:type\" content=\"article\" \/>\n<meta property=\"og:title\" content=\"Adaptation des formations des travailleurs d\u00e9tach\u00e9s en construction - rapid-interim\" \/>\n<meta property=\"og:description\" content=\"L\u2019adaptation des formations et certifications des travailleurs d\u00e9tach\u00e9s dans le secteur de la construction : garantir comp\u00e9tences, s\u00e9curit\u00e9\" \/>\n<meta property=\"og:url\" content=\"https:\/\/rapid-interim.com\/index.php\/2025\/02\/21\/ladaptation-des-formations-et-certifications-des-travailleurs-detaches-dans-le-secteur-de-la-construction\/\" \/>\n<meta property=\"og:site_name\" content=\"rapid-interim\" \/>\n<meta property=\"article:published_time\" content=\"2025-02-21T05:29:54+00:00\" \/>\n<meta property=\"article:modified_time\" content=\"2025-03-03T19:37:11+00:00\" \/>\n<meta property=\"og:image\" content=\"https:\/\/rapid-interim.com\/wp-content\/uploads\/2024\/09\/constructeur_en_beton_arme-1.png\" \/>\n\t<meta property=\"og:image:width\" content=\"751\" \/>\n\t<meta property=\"og:image:height\" content=\"625\" \/>\n\t<meta property=\"og:image:type\" content=\"image\/png\" \/>\n<meta name=\"author\" content=\"Marie Dubois\" \/>\n<meta name=\"twitter:card\" content=\"summary_large_image\" \/>\n<meta name=\"twitter:label1\" content=\"\u00c9crit par\" \/>\n\t<meta name=\"twitter:data1\" content=\"Marie Dubois\" \/>\n\t<meta name=\"twitter:label2\" content=\"Dur\u00e9e de lecture estim\u00e9e\" \/>\n\t<meta name=\"twitter:data2\" content=\"9 minutes\" \/>\n<script type=\"application\/ld+json\" class=\"yoast-schema-graph\">{\"@context\":\"https:\\\/\\\/schema.org\",\"@graph\":[{\"@type\":\"Article\",\"@id\":\"https:\\\/\\\/rapid-interim.com\\\/index.php\\\/2025\\\/02\\\/21\\\/ladaptation-des-formations-et-certifications-des-travailleurs-detaches-dans-le-secteur-de-la-construction\\\/#article\",\"isPartOf\":{\"@id\":\"https:\\\/\\\/rapid-interim.com\\\/index.php\\\/2025\\\/02\\\/21\\\/ladaptation-des-formations-et-certifications-des-travailleurs-detaches-dans-le-secteur-de-la-construction\\\/\"},\"author\":{\"name\":\"Marie Dubois\",\"@id\":\"https:\\\/\\\/rapid-interim.com\\\/#\\\/schema\\\/person\\\/c80cf67768e43267c59b9c4095fac056\"},\"headline\":\"Adaptation des formations des travailleurs d\u00e9tach\u00e9s en construction\",\"datePublished\":\"2025-02-21T05:29:54+00:00\",\"dateModified\":\"2025-03-03T19:37:11+00:00\",\"mainEntityOfPage\":{\"@id\":\"https:\\\/\\\/rapid-interim.com\\\/index.php\\\/2025\\\/02\\\/21\\\/ladaptation-des-formations-et-certifications-des-travailleurs-detaches-dans-le-secteur-de-la-construction\\\/\"},\"wordCount\":1700,\"commentCount\":0,\"publisher\":{\"@id\":\"https:\\\/\\\/rapid-interim.com\\\/#organization\"},\"image\":{\"@id\":\"https:\\\/\\\/rapid-interim.com\\\/index.php\\\/2025\\\/02\\\/21\\\/ladaptation-des-formations-et-certifications-des-travailleurs-detaches-dans-le-secteur-de-la-construction\\\/#primaryimage\"},\"thumbnailUrl\":\"https:\\\/\\\/rapid-interim.com\\\/wp-content\\\/uploads\\\/2024\\\/09\\\/constructeur_en_beton_arme-1.png\",\"keywords\":[\"agence interim europeene\",\"AGENCE INTERIM ROUMANIE\",\"agence interim travailleur etranger\",\"agriculteurs roumains\",\"charpentiers roumains\",\"Construction\",\"detachement roumain\",\"\u00c9tancheurs Roumains Int\u00e9rimaires\",\"INTERIMAIRE ROUMAIN\",\"Interimaires roumains\",\"Logisticiens Roumains\",\"recruter temporairement\",\"TRAVAIL DETACHE\",\"TRAVAIL DETACHE ROUMANIE\",\"travailleur temporaire roumain\",\"travailleurs d\u00e9tach\u00e9s\"],\"articleSection\":[\"Blog\",\"Construction\"],\"inLanguage\":\"fr-FR\",\"potentialAction\":[{\"@type\":\"CommentAction\",\"name\":\"Comment\",\"target\":[\"https:\\\/\\\/rapid-interim.com\\\/index.php\\\/2025\\\/02\\\/21\\\/ladaptation-des-formations-et-certifications-des-travailleurs-detaches-dans-le-secteur-de-la-construction\\\/#respond\"]}]},{\"@type\":\"WebPage\",\"@id\":\"https:\\\/\\\/rapid-interim.com\\\/index.php\\\/2025\\\/02\\\/21\\\/ladaptation-des-formations-et-certifications-des-travailleurs-detaches-dans-le-secteur-de-la-construction\\\/\",\"url\":\"https:\\\/\\\/rapid-interim.com\\\/index.php\\\/2025\\\/02\\\/21\\\/ladaptation-des-formations-et-certifications-des-travailleurs-detaches-dans-le-secteur-de-la-construction\\\/\",\"name\":\"Adaptation des formations des travailleurs d\u00e9tach\u00e9s en construction - rapid-interim\",\"isPartOf\":{\"@id\":\"https:\\\/\\\/rapid-interim.com\\\/#website\"},\"primaryImageOfPage\":{\"@id\":\"https:\\\/\\\/rapid-interim.com\\\/index.php\\\/2025\\\/02\\\/21\\\/ladaptation-des-formations-et-certifications-des-travailleurs-detaches-dans-le-secteur-de-la-construction\\\/#primaryimage\"},\"image\":{\"@id\":\"https:\\\/\\\/rapid-interim.com\\\/index.php\\\/2025\\\/02\\\/21\\\/ladaptation-des-formations-et-certifications-des-travailleurs-detaches-dans-le-secteur-de-la-construction\\\/#primaryimage\"},\"thumbnailUrl\":\"https:\\\/\\\/rapid-interim.com\\\/wp-content\\\/uploads\\\/2024\\\/09\\\/constructeur_en_beton_arme-1.png\",\"datePublished\":\"2025-02-21T05:29:54+00:00\",\"dateModified\":\"2025-03-03T19:37:11+00:00\",\"description\":\"L\u2019adaptation des formations et certifications des travailleurs d\u00e9tach\u00e9s dans le secteur de la construction : garantir comp\u00e9tences, s\u00e9curit\u00e9\",\"breadcrumb\":{\"@id\":\"https:\\\/\\\/rapid-interim.com\\\/index.php\\\/2025\\\/02\\\/21\\\/ladaptation-des-formations-et-certifications-des-travailleurs-detaches-dans-le-secteur-de-la-construction\\\/#breadcrumb\"},\"inLanguage\":\"fr-FR\",\"potentialAction\":[{\"@type\":\"ReadAction\",\"target\":[\"https:\\\/\\\/rapid-interim.com\\\/index.php\\\/2025\\\/02\\\/21\\\/ladaptation-des-formations-et-certifications-des-travailleurs-detaches-dans-le-secteur-de-la-construction\\\/\"]}]},{\"@type\":\"ImageObject\",\"inLanguage\":\"fr-FR\",\"@id\":\"https:\\\/\\\/rapid-interim.com\\\/index.php\\\/2025\\\/02\\\/21\\\/ladaptation-des-formations-et-certifications-des-travailleurs-detaches-dans-le-secteur-de-la-construction\\\/#primaryimage\",\"url\":\"https:\\\/\\\/rapid-interim.com\\\/wp-content\\\/uploads\\\/2024\\\/09\\\/constructeur_en_beton_arme-1.png\",\"contentUrl\":\"https:\\\/\\\/rapid-interim.com\\\/wp-content\\\/uploads\\\/2024\\\/09\\\/constructeur_en_beton_arme-1.png\",\"width\":751,\"height\":625},{\"@type\":\"BreadcrumbList\",\"@id\":\"https:\\\/\\\/rapid-interim.com\\\/index.php\\\/2025\\\/02\\\/21\\\/ladaptation-des-formations-et-certifications-des-travailleurs-detaches-dans-le-secteur-de-la-construction\\\/#breadcrumb\",\"itemListElement\":[{\"@type\":\"ListItem\",\"position\":1,\"name\":\"Accueil\",\"item\":\"https:\\\/\\\/rapid-interim.com\\\/\"},{\"@type\":\"ListItem\",\"position\":2,\"name\":\"Adaptation des formations des travailleurs d\u00e9tach\u00e9s en construction\"}]},{\"@type\":\"WebSite\",\"@id\":\"https:\\\/\\\/rapid-interim.com\\\/#website\",\"url\":\"https:\\\/\\\/rapid-interim.com\\\/\",\"name\":\"rapid-interim\",\"description\":\"Interim et travail temporaire\",\"publisher\":{\"@id\":\"https:\\\/\\\/rapid-interim.com\\\/#organization\"},\"potentialAction\":[{\"@type\":\"SearchAction\",\"target\":{\"@type\":\"EntryPoint\",\"urlTemplate\":\"https:\\\/\\\/rapid-interim.com\\\/?s={search_term_string}\"},\"query-input\":{\"@type\":\"PropertyValueSpecification\",\"valueRequired\":true,\"valueName\":\"search_term_string\"}}],\"inLanguage\":\"fr-FR\"},{\"@type\":\"Organization\",\"@id\":\"https:\\\/\\\/rapid-interim.com\\\/#organization\",\"name\":\"rapid-interim\",\"url\":\"https:\\\/\\\/rapid-interim.com\\\/\",\"logo\":{\"@type\":\"ImageObject\",\"inLanguage\":\"fr-FR\",\"@id\":\"https:\\\/\\\/rapid-interim.com\\\/#\\\/schema\\\/logo\\\/image\\\/\",\"url\":\"https:\\\/\\\/rapid-interim.com\\\/wp-content\\\/uploads\\\/2022\\\/06\\\/cropped-rapid-inetrim.png\",\"contentUrl\":\"https:\\\/\\\/rapid-interim.com\\\/wp-content\\\/uploads\\\/2022\\\/06\\\/cropped-rapid-inetrim.png\",\"width\":314,\"height\":137,\"caption\":\"rapid-interim\"},\"image\":{\"@id\":\"https:\\\/\\\/rapid-interim.com\\\/#\\\/schema\\\/logo\\\/image\\\/\"}},{\"@type\":\"Person\",\"@id\":\"https:\\\/\\\/rapid-interim.com\\\/#\\\/schema\\\/person\\\/c80cf67768e43267c59b9c4095fac056\",\"name\":\"Marie Dubois\",\"image\":{\"@type\":\"ImageObject\",\"inLanguage\":\"fr-FR\",\"@id\":\"https:\\\/\\\/secure.gravatar.com\\\/avatar\\\/c5d9a389371c49a3eb3d5c05c1bdb9d2124cabb2c990e1eb227c370b66139bfe?s=96&d=mm&r=g\",\"url\":\"https:\\\/\\\/secure.gravatar.com\\\/avatar\\\/c5d9a389371c49a3eb3d5c05c1bdb9d2124cabb2c990e1eb227c370b66139bfe?s=96&d=mm&r=g\",\"contentUrl\":\"https:\\\/\\\/secure.gravatar.com\\\/avatar\\\/c5d9a389371c49a3eb3d5c05c1bdb9d2124cabb2c990e1eb227c370b66139bfe?s=96&d=mm&r=g\",\"caption\":\"Marie Dubois\"},\"sameAs\":[\"http:\\\/\\\/rapid-interim.com\"],\"url\":\"https:\\\/\\\/rapid-interim.com\\\/index.php\\\/author\\\/rapid-interim-com\\\/\"}]}<\/script>\n<!-- \/ Yoast SEO plugin. -->","yoast_head_json":{"title":"Adaptation des formations des travailleurs d\u00e9tach\u00e9s en construction - rapid-interim","description":"L\u2019adaptation des formations et certifications des travailleurs d\u00e9tach\u00e9s dans le secteur de la construction : garantir comp\u00e9tences, s\u00e9curit\u00e9","robots":{"index":"index","follow":"follow","max-snippet":"max-snippet:-1","max-image-preview":"max-image-preview:large","max-video-preview":"max-video-preview:-1"},"canonical":"https:\/\/rapid-interim.com\/index.php\/2025\/02\/21\/ladaptation-des-formations-et-certifications-des-travailleurs-detaches-dans-le-secteur-de-la-construction\/","og_locale":"fr_FR","og_type":"article","og_title":"Adaptation des formations des travailleurs d\u00e9tach\u00e9s en construction - rapid-interim","og_description":"L\u2019adaptation des formations et certifications des travailleurs d\u00e9tach\u00e9s dans le secteur de la construction : garantir comp\u00e9tences, s\u00e9curit\u00e9","og_url":"https:\/\/rapid-interim.com\/index.php\/2025\/02\/21\/ladaptation-des-formations-et-certifications-des-travailleurs-detaches-dans-le-secteur-de-la-construction\/","og_site_name":"rapid-interim","article_published_time":"2025-02-21T05:29:54+00:00","article_modified_time":"2025-03-03T19:37:11+00:00","og_image":[{"width":751,"height":625,"url":"https:\/\/rapid-interim.com\/wp-content\/uploads\/2024\/09\/constructeur_en_beton_arme-1.png","type":"image\/png"}],"author":"Marie Dubois","twitter_card":"summary_large_image","twitter_misc":{"\u00c9crit par":"Marie Dubois","Dur\u00e9e de lecture estim\u00e9e":"9 minutes"},"schema":{"@context":"https:\/\/schema.org","@graph":[{"@type":"Article","@id":"https:\/\/rapid-interim.com\/index.php\/2025\/02\/21\/ladaptation-des-formations-et-certifications-des-travailleurs-detaches-dans-le-secteur-de-la-construction\/#article","isPartOf":{"@id":"https:\/\/rapid-interim.com\/index.php\/2025\/02\/21\/ladaptation-des-formations-et-certifications-des-travailleurs-detaches-dans-le-secteur-de-la-construction\/"},"author":{"name":"Marie Dubois","@id":"https:\/\/rapid-interim.com\/#\/schema\/person\/c80cf67768e43267c59b9c4095fac056"},"headline":"Adaptation des formations des travailleurs d\u00e9tach\u00e9s en construction","datePublished":"2025-02-21T05:29:54+00:00","dateModified":"2025-03-03T19:37:11+00:00","mainEntityOfPage":{"@id":"https:\/\/rapid-interim.com\/index.php\/2025\/02\/21\/ladaptation-des-formations-et-certifications-des-travailleurs-detaches-dans-le-secteur-de-la-construction\/"},"wordCount":1700,"commentCount":0,"publisher":{"@id":"https:\/\/rapid-interim.com\/#organization"},"image":{"@id":"https:\/\/rapid-interim.com\/index.php\/2025\/02\/21\/ladaptation-des-formations-et-certifications-des-travailleurs-detaches-dans-le-secteur-de-la-construction\/#primaryimage"},"thumbnailUrl":"https:\/\/rapid-interim.com\/wp-content\/uploads\/2024\/09\/constructeur_en_beton_arme-1.png","keywords":["agence interim europeene","AGENCE INTERIM ROUMANIE","agence interim travailleur etranger","agriculteurs roumains","charpentiers roumains","Construction","detachement roumain","\u00c9tancheurs Roumains Int\u00e9rimaires","INTERIMAIRE ROUMAIN","Interimaires roumains","Logisticiens Roumains","recruter temporairement","TRAVAIL DETACHE","TRAVAIL DETACHE ROUMANIE","travailleur temporaire roumain","travailleurs d\u00e9tach\u00e9s"],"articleSection":["Blog","Construction"],"inLanguage":"fr-FR","potentialAction":[{"@type":"CommentAction","name":"Comment","target":["https:\/\/rapid-interim.com\/index.php\/2025\/02\/21\/ladaptation-des-formations-et-certifications-des-travailleurs-detaches-dans-le-secteur-de-la-construction\/#respond"]}]},{"@type":"WebPage","@id":"https:\/\/rapid-interim.com\/index.php\/2025\/02\/21\/ladaptation-des-formations-et-certifications-des-travailleurs-detaches-dans-le-secteur-de-la-construction\/","url":"https:\/\/rapid-interim.com\/index.php\/2025\/02\/21\/ladaptation-des-formations-et-certifications-des-travailleurs-detaches-dans-le-secteur-de-la-construction\/","name":"Adaptation des formations des travailleurs d\u00e9tach\u00e9s en construction - rapid-interim","isPartOf":{"@id":"https:\/\/rapid-interim.com\/#website"},"primaryImageOfPage":{"@id":"https:\/\/rapid-interim.com\/index.php\/2025\/02\/21\/ladaptation-des-formations-et-certifications-des-travailleurs-detaches-dans-le-secteur-de-la-construction\/#primaryimage"},"image":{"@id":"https:\/\/rapid-interim.com\/index.php\/2025\/02\/21\/ladaptation-des-formations-et-certifications-des-travailleurs-detaches-dans-le-secteur-de-la-construction\/#primaryimage"},"thumbnailUrl":"https:\/\/rapid-interim.com\/wp-content\/uploads\/2024\/09\/constructeur_en_beton_arme-1.png","datePublished":"2025-02-21T05:29:54+00:00","dateModified":"2025-03-03T19:37:11+00:00","description":"L\u2019adaptation des formations et certifications des travailleurs d\u00e9tach\u00e9s dans le secteur de la construction : garantir comp\u00e9tences, s\u00e9curit\u00e9","breadcrumb":{"@id":"https:\/\/rapid-interim.com\/index.php\/2025\/02\/21\/ladaptation-des-formations-et-certifications-des-travailleurs-detaches-dans-le-secteur-de-la-construction\/#breadcrumb"},"inLanguage":"fr-FR","potentialAction":[{"@type":"ReadAction","target":["https:\/\/rapid-interim.com\/index.php\/2025\/02\/21\/ladaptation-des-formations-et-certifications-des-travailleurs-detaches-dans-le-secteur-de-la-construction\/"]}]},{"@type":"ImageObject","inLanguage":"fr-FR","@id":"https:\/\/rapid-interim.com\/index.php\/2025\/02\/21\/ladaptation-des-formations-et-certifications-des-travailleurs-detaches-dans-le-secteur-de-la-construction\/#primaryimage","url":"https:\/\/rapid-interim.com\/wp-content\/uploads\/2024\/09\/constructeur_en_beton_arme-1.png","contentUrl":"https:\/\/rapid-interim.com\/wp-content\/uploads\/2024\/09\/constructeur_en_beton_arme-1.png","width":751,"height":625},{"@type":"BreadcrumbList","@id":"https:\/\/rapid-interim.com\/index.php\/2025\/02\/21\/ladaptation-des-formations-et-certifications-des-travailleurs-detaches-dans-le-secteur-de-la-construction\/#breadcrumb","itemListElement":[{"@type":"ListItem","position":1,"name":"Accueil","item":"https:\/\/rapid-interim.com\/"},{"@type":"ListItem","position":2,"name":"Adaptation des formations des travailleurs d\u00e9tach\u00e9s en construction"}]},{"@type":"WebSite","@id":"https:\/\/rapid-interim.com\/#website","url":"https:\/\/rapid-interim.com\/","name":"rapid-interim","description":"Interim et travail temporaire","publisher":{"@id":"https:\/\/rapid-interim.com\/#organization"},"potentialAction":[{"@type":"SearchAction","target":{"@type":"EntryPoint","urlTemplate":"https:\/\/rapid-interim.com\/?s={search_term_string}"},"query-input":{"@type":"PropertyValueSpecification","valueRequired":true,"valueName":"search_term_string"}}],"inLanguage":"fr-FR"},{"@type":"Organization","@id":"https:\/\/rapid-interim.com\/#organization","name":"rapid-interim","url":"https:\/\/rapid-interim.com\/","logo":{"@type":"ImageObject","inLanguage":"fr-FR","@id":"https:\/\/rapid-interim.com\/#\/schema\/logo\/image\/","url":"https:\/\/rapid-interim.com\/wp-content\/uploads\/2022\/06\/cropped-rapid-inetrim.png","contentUrl":"https:\/\/rapid-interim.com\/wp-content\/uploads\/2022\/06\/cropped-rapid-inetrim.png","width":314,"height":137,"caption":"rapid-interim"},"image":{"@id":"https:\/\/rapid-interim.com\/#\/schema\/logo\/image\/"}},{"@type":"Person","@id":"https:\/\/rapid-interim.com\/#\/schema\/person\/c80cf67768e43267c59b9c4095fac056","name":"Marie Dubois","image":{"@type":"ImageObject","inLanguage":"fr-FR","@id":"https:\/\/secure.gravatar.com\/avatar\/c5d9a389371c49a3eb3d5c05c1bdb9d2124cabb2c990e1eb227c370b66139bfe?s=96&d=mm&r=g","url":"https:\/\/secure.gravatar.com\/avatar\/c5d9a389371c49a3eb3d5c05c1bdb9d2124cabb2c990e1eb227c370b66139bfe?s=96&d=mm&r=g","contentUrl":"https:\/\/secure.gravatar.com\/avatar\/c5d9a389371c49a3eb3d5c05c1bdb9d2124cabb2c990e1eb227c370b66139bfe?s=96&d=mm&r=g","caption":"Marie Dubois"},"sameAs":["http:\/\/rapid-interim.com"],"url":"https:\/\/rapid-interim.com\/index.php\/author\/rapid-interim-com\/"}]}},"jetpack_featured_media_url":"https:\/\/rapid-interim.com\/wp-content\/uploads\/2024\/09\/constructeur_en_beton_arme-1.png","jetpack_sharing_enabled":true,"_links":{"self":[{"href":"https:\/\/rapid-interim.com\/index.php\/wp-json\/wp\/v2\/posts\/21883","targetHints":{"allow":["GET"]}}],"collection":[{"href":"https:\/\/rapid-interim.com\/index.php\/wp-json\/wp\/v2\/posts"}],"about":[{"href":"https:\/\/rapid-interim.com\/index.php\/wp-json\/wp\/v2\/types\/post"}],"author":[{"embeddable":true,"href":"https:\/\/rapid-interim.com\/index.php\/wp-json\/wp\/v2\/users\/1"}],"replies":[{"embeddable":true,"href":"https:\/\/rapid-interim.com\/index.php\/wp-json\/wp\/v2\/comments?post=21883"}],"version-history":[{"count":3,"href":"https:\/\/rapid-interim.com\/index.php\/wp-json\/wp\/v2\/posts\/21883\/revisions"}],"predecessor-version":[{"id":22024,"href":"https:\/\/rapid-interim.com\/index.php\/wp-json\/wp\/v2\/posts\/21883\/revisions\/22024"}],"wp:featuredmedia":[{"embeddable":true,"href":"https:\/\/rapid-interim.com\/index.php\/wp-json\/wp\/v2\/media\/21617"}],"wp:attachment":[{"href":"https:\/\/rapid-interim.com\/index.php\/wp-json\/wp\/v2\/media?parent=21883"}],"wp:term":[{"taxonomy":"category","embeddable":true,"href":"https:\/\/rapid-interim.com\/index.php\/wp-json\/wp\/v2\/categories?post=21883"},{"taxonomy":"post_tag","embeddable":true,"href":"https:\/\/rapid-interim.com\/index.php\/wp-json\/wp\/v2\/tags?post=21883"}],"curies":[{"name":"wp","href":"https:\/\/api.w.org\/{rel}","templated":true}]}}