{"id":21881,"date":"2025-01-10T22:16:58","date_gmt":"2025-01-10T21:16:58","guid":{"rendered":"https:\/\/rapid-interim.com\/index.php\/2025\/01\/10\/le-detachement-de-travailleurs-et-la-lutte-contre-le-travail-illegal-dans-la-construction\/"},"modified":"2025-01-10T22:16:58","modified_gmt":"2025-01-10T21:16:58","slug":"le-detachement-de-travailleurs-et-la-lutte-contre-le-travail-illegal-dans-la-construction","status":"publish","type":"post","link":"https:\/\/rapid-interim.com\/index.php\/2025\/01\/10\/le-detachement-de-travailleurs-et-la-lutte-contre-le-travail-illegal-dans-la-construction\/","title":{"rendered":"Le d\u00e9tachement de travailleurs et la lutte contre le travail ill\u00e9gal dans la construction"},"content":{"rendered":"\n<p class=\"wp-block-paragraph\">Le d\u00e9tachement de travailleurs dans le secteur de la construction est une pratique courante au sein de l\u2019Union europ\u00e9enne, permettant aux entreprises de r\u00e9pondre \u00e0 une demande fluctuante en <a href=\"https:\/\/rapid-interim.com\/\" data-internallinksmanager029f6b8e52c=\"45\" title=\"Main-d\u2019\u0153uvre qualifi\u00e9e\">main-d\u2019\u0153uvre qualifi\u00e9e<\/a>, notamment pour des projets temporaires ou de grande envergure. Cependant, cette pratique, bien que l\u00e9gale lorsqu\u2019elle est correctement r\u00e9gul\u00e9e, peut \u00e9galement \u00eatre d\u00e9tourn\u00e9e \u00e0 des fins ill\u00e9gales. Le travail ill\u00e9gal dans le secteur de la construction, souvent li\u00e9 au d\u00e9tachement non conforme de travailleurs, repr\u00e9sente un d\u00e9fi majeur pour les autorit\u00e9s nationales et europ\u00e9ennes. Dans ce contexte, il est primordial de comprendre les enjeux du d\u00e9tachement de travailleurs tout en luttant efficacement contre le travail ill\u00e9gal dans ce secteur sp\u00e9cifique.<\/p>\n\n\n\n<p class=\"wp-block-paragraph\">Cet article explore les liens entre le d\u00e9tachement de travailleurs dans la construction et la lutte contre le travail ill\u00e9gal, ainsi que les mesures mises en place pour encadrer cette pratique et en limiter les abus.<\/p>\n\n\n\n<h4 class=\"wp-block-heading\">1. Comprendre le d\u00e9tachement de travailleurs dans la construction<\/h4>\n\n\n\n<p class=\"wp-block-paragraph\">Le d\u00e9tachement de travailleurs consiste \u00e0 envoyer des employ\u00e9s d&rsquo;une entreprise \u00e9tablie dans un pays de l\u2019UE pour travailler temporairement dans un autre pays de l&rsquo;UE. Ces travailleurs conservent leur contrat avec l&rsquo;entreprise d\u2019origine et b\u00e9n\u00e9ficient des <a href=\"https:\/\/rapid-interim.com\/index.php\/2025\/01\/22\/les-conditions-de-travail-des-interimaires-roumains-dans-le-secteur-de-la-logistique\/\" data-internallinksmanager029f6b8e52c=\"46\" title=\"conditions de travail\">conditions de travail<\/a> et de r\u00e9mun\u00e9ration \u00e9tablies par le droit du pays d\u2019accueil. Le d\u00e9tachement est particuli\u00e8rement pertinent dans des secteurs comme la construction, o\u00f9 des comp\u00e9tences sp\u00e9cifiques peuvent \u00eatre requises pour des p\u00e9riodes limit\u00e9es.<\/p>\n\n\n\n<figure class=\"wp-block-image size-large\"><img fetchpriority=\"high\" decoding=\"async\" width=\"1024\" height=\"683\" src=\"https:\/\/rapid-interim.com\/wp-content\/uploads\/2024\/12\/metier-en-demande-construction-charpentier-menuisier-1-1024x683.jpeg\" alt=\"\" class=\"wp-image-21838\" srcset=\"https:\/\/rapid-interim.com\/wp-content\/uploads\/2024\/12\/metier-en-demande-construction-charpentier-menuisier-1-1024x683.jpeg 1024w, https:\/\/rapid-interim.com\/wp-content\/uploads\/2024\/12\/metier-en-demande-construction-charpentier-menuisier-1-300x200.jpeg 300w, https:\/\/rapid-interim.com\/wp-content\/uploads\/2024\/12\/metier-en-demande-construction-charpentier-menuisier-1-768x512.jpeg 768w, https:\/\/rapid-interim.com\/wp-content\/uploads\/2024\/12\/metier-en-demande-construction-charpentier-menuisier-1-600x400.jpeg 600w, https:\/\/rapid-interim.com\/wp-content\/uploads\/2024\/12\/metier-en-demande-construction-charpentier-menuisier-1.jpeg 1200w\" sizes=\"(max-width: 1024px) 100vw, 1024px\" \/><\/figure>\n\n\n\n<p class=\"wp-block-paragraph\">Le secteur de la construction, en raison de ses sp\u00e9cificit\u00e9s \u2013 chantiers temporaires, projets internationaux, besoin de main-d&rsquo;\u0153uvre sp\u00e9cialis\u00e9e \u2013 est particuli\u00e8rement touch\u00e9 par cette pratique. Les entreprises de construction, notamment dans les pays de l\u2019Union europ\u00e9enne o\u00f9 la demande de main-d&rsquo;\u0153uvre est sup\u00e9rieure \u00e0 l\u2019offre locale, se tournent fr\u00e9quemment vers des travailleurs d\u00e9tach\u00e9s. Ces travailleurs viennent souvent de pays o\u00f9 les co\u00fbts salariaux sont moins \u00e9lev\u00e9s, ce qui permet aux entreprises de b\u00e9n\u00e9ficier d\u2019une main-d&rsquo;\u0153uvre plus abordable.<\/p>\n\n\n\n<p class=\"wp-block-paragraph\">Cependant, le d\u00e9tachement de travailleurs peut aussi ouvrir la voie \u00e0 des abus. C\u2019est dans ce contexte que la lutte contre le travail ill\u00e9gal prend toute son importance.<\/p>\n\n\n\n<h4 class=\"wp-block-heading\">2. Le travail ill\u00e9gal dans la construction : Une probl\u00e9matique persistante<\/h4>\n\n\n\n<p class=\"wp-block-paragraph\">Le travail ill\u00e9gal, ou travail non d\u00e9clar\u00e9, fait r\u00e9f\u00e9rence \u00e0 des situations o\u00f9 des travailleurs sont employ\u00e9s sans \u00eatre enregistr\u00e9s aupr\u00e8s des autorit\u00e9s comp\u00e9tentes, sans contrat de travail formel, ou sous des conditions qui ne respectent pas les lois du pays d\u2019accueil, comme le non-paiement des salaires minimaux, le non-respect des normes de s\u00e9curit\u00e9 ou des <a href=\"https:\/\/rapid-interim.com\/index.php\/2025\/01\/22\/les-conditions-de-travail-des-interimaires-roumains-dans-le-secteur-de-la-logistique\/\" data-internallinksmanager029f6b8e52c=\"46\" title=\"conditions de travail\">conditions de travail<\/a> indignes.<\/p>\n\n\n\n<p class=\"wp-block-paragraph\">Dans le secteur de la construction, le travail ill\u00e9gal est particuli\u00e8rement r\u00e9pandu. Les causes sont multiples :<\/p>\n\n\n\n<ul class=\"wp-block-list\">\n<li><strong>Le recours \u00e0 des travailleurs d\u00e9tach\u00e9s non d\u00e9clar\u00e9s<\/strong> : Certains employeurs n&rsquo;effectuent pas les d\u00e9marches n\u00e9cessaires pour d\u00e9clarer les travailleurs d\u00e9tach\u00e9s ou les exploitent dans des conditions non conformes aux lois locales.<\/li>\n\n\n\n<li><strong>La sous-d\u00e9claration des heures de travail<\/strong> : Les employeurs peuvent d\u00e9clarer des heures de travail moins nombreuses que celles r\u00e9ellement effectu\u00e9es pour r\u00e9duire les charges sociales et les imp\u00f4ts.<\/li>\n\n\n\n<li><strong>Le non-respect des conventions collectives<\/strong> : Certains employeurs ne respectent pas les conventions collectives locales, en particulier en mati\u00e8re de r\u00e9mun\u00e9ration et de conditions de s\u00e9curit\u00e9.<\/li>\n\n\n\n<li><strong>L\u2019exploitation des travailleurs<\/strong> : Les travailleurs peuvent \u00eatre contraints de travailler dans des conditions inhumaines, souvent sous-pay\u00e9s et expos\u00e9s \u00e0 des risques pour leur s\u00e9curit\u00e9.<\/li>\n<\/ul>\n\n\n\n<p class=\"wp-block-paragraph\">Le travail ill\u00e9gal dans la construction pr\u00e9sente de graves cons\u00e9quences : non seulement il nuit aux travailleurs concern\u00e9s, qui peuvent \u00eatre expos\u00e9s \u00e0 des <a href=\"https:\/\/rapid-interim.com\/index.php\/2025\/01\/22\/les-conditions-de-travail-des-interimaires-roumains-dans-le-secteur-de-la-logistique\/\" data-internallinksmanager029f6b8e52c=\"46\" title=\"conditions de travail\">conditions de travail<\/a> pr\u00e9caires et dangereuses, mais il fausse \u00e9galement la concurrence, car les entreprises qui respectent les r\u00e8gles se retrouvent d\u00e9savantag\u00e9es face \u00e0 celles qui pratiquent le travail ill\u00e9gal.<\/p>\n\n\n\n<h4 class=\"wp-block-heading\">3. Les mesures l\u00e9gislatives et r\u00e9glementaires contre le travail ill\u00e9gal<\/h4>\n\n\n\n<p class=\"wp-block-paragraph\">L\u2019Union europ\u00e9enne et les \u00c9tats membres ont mis en place plusieurs mesures pour encadrer le d\u00e9tachement de travailleurs et lutter contre le travail ill\u00e9gal. Ces mesures visent \u00e0 garantir que le d\u00e9tachement soit conforme aux normes locales et \u00e0 limiter les abus.<\/p>\n\n\n\n<p class=\"wp-block-paragraph\"><strong>a. La directive europ\u00e9enne sur le d\u00e9tachement des travailleurs<\/strong><br \/>La directive 96\/71\/CE, modifi\u00e9e par la directive 2014\/67\/UE, encadre le d\u00e9tachement de travailleurs dans l\u2019UE. Elle impose que les travailleurs d\u00e9tach\u00e9s b\u00e9n\u00e9ficient des m\u00eames <a href=\"https:\/\/rapid-interim.com\/index.php\/2025\/01\/22\/les-conditions-de-travail-des-interimaires-roumains-dans-le-secteur-de-la-logistique\/\" data-internallinksmanager029f6b8e52c=\"46\" title=\"conditions de travail\">conditions de travail<\/a> et de r\u00e9mun\u00e9ration que les travailleurs locaux dans le pays d\u2019accueil, notamment en mati\u00e8re de salaires, de dur\u00e9e du travail, de cong\u00e9s, et de conditions de s\u00e9curit\u00e9 et de sant\u00e9 au travail.<\/p>\n\n\n\n<p class=\"wp-block-paragraph\">L\u2019un des objectifs principaux de ces r\u00e9formes est de mettre fin \u00e0 la concurrence d\u00e9loyale entre les entreprises, en assurant que celles qui d\u00e9tachent des travailleurs respectent les normes du pays d\u2019accueil, ce qui limite les risques de travail ill\u00e9gal. La directive oblige \u00e9galement les entreprises \u00e0 d\u00e9clarer leurs travailleurs d\u00e9tach\u00e9s aupr\u00e8s des autorit\u00e9s comp\u00e9tentes et \u00e0 fournir des informations d\u00e9taill\u00e9es sur les <a href=\"https:\/\/rapid-interim.com\/index.php\/2025\/01\/22\/les-conditions-de-travail-des-interimaires-roumains-dans-le-secteur-de-la-logistique\/\" data-internallinksmanager029f6b8e52c=\"46\" title=\"conditions de travail\">conditions de travail<\/a>.<\/p>\n\n\n\n<p class=\"wp-block-paragraph\"><strong>b. L\u2019application des r\u00e8gles et des inspections renforc\u00e9es<\/strong><br \/>Pour lutter efficacement contre le travail ill\u00e9gal, les autorit\u00e9s comp\u00e9tentes doivent mener des inspections r\u00e9guli\u00e8res sur les chantiers. Dans ce cadre, des contr\u00f4les peuvent \u00eatre effectu\u00e9s pour v\u00e9rifier si les travailleurs d\u00e9tach\u00e9s b\u00e9n\u00e9ficient des droits pr\u00e9vus par la l\u00e9gislation europ\u00e9enne et locale. Ces inspections incluent des v\u00e9rifications des contrats de travail, des heures de travail, des conditions de s\u00e9curit\u00e9, et des salaires vers\u00e9s.<\/p>\n\n\n\n<p class=\"wp-block-paragraph\">Les autorit\u00e9s peuvent \u00e9galement effectuer des contr\u00f4les al\u00e9atoires ou suite \u00e0 des plaintes concernant des <a href=\"https:\/\/rapid-interim.com\/index.php\/2025\/01\/22\/les-conditions-de-travail-des-interimaires-roumains-dans-le-secteur-de-la-logistique\/\" data-internallinksmanager029f6b8e52c=\"46\" title=\"conditions de travail\">conditions de travail<\/a> non conformes. Dans certains pays, des \u00e9quipes sp\u00e9cialis\u00e9es dans la lutte contre le travail ill\u00e9gal sont mobilis\u00e9es pour surveiller les chantiers et traquer les pratiques abusives.<\/p>\n\n\n\n<figure class=\"wp-block-image size-large\"><img decoding=\"async\" width=\"1000\" height=\"666\" src=\"https:\/\/rapid-interim.com\/wp-content\/uploads\/2024\/09\/490_122482581.jpg\" alt=\"\" class=\"wp-image-21622\" srcset=\"https:\/\/rapid-interim.com\/wp-content\/uploads\/2024\/09\/490_122482581.jpg 1000w, https:\/\/rapid-interim.com\/wp-content\/uploads\/2024\/09\/490_122482581-300x200.jpg 300w, https:\/\/rapid-interim.com\/wp-content\/uploads\/2024\/09\/490_122482581-768x511.jpg 768w, https:\/\/rapid-interim.com\/wp-content\/uploads\/2024\/09\/490_122482581-600x400.jpg 600w\" sizes=\"(max-width: 1000px) 100vw, 1000px\" \/><\/figure>\n\n\n\n<p class=\"wp-block-paragraph\"><strong>c. L\u2019extension des obligations des entreprises donneuses d\u2019ordre<\/strong><br \/>Les entreprises qui recrutent des travailleurs d\u00e9tach\u00e9s ont la responsabilit\u00e9 de v\u00e9rifier la conformit\u00e9 des sous-traitants aux exigences l\u00e9gales du pays d\u2019accueil. Cette obligation de vigilance vise \u00e0 \u00e9viter que des entreprises ne fassent appel \u00e0 des prestataires qui recourent au travail ill\u00e9gal. Les entreprises principales peuvent \u00eatre tenues responsables si elles font appel \u00e0 des sous-traitants qui ne respectent pas les r\u00e8gles du d\u00e9tachement.<\/p>\n\n\n\n<p class=\"wp-block-paragraph\"><strong>d. Des sanctions pour les pratiques ill\u00e9gales<\/strong><br \/>Les sanctions contre les entreprises qui ne respectent pas les r\u00e8gles du d\u00e9tachement ou qui recourent au travail ill\u00e9gal peuvent \u00eatre lourdes. Elles incluent des amendes, des interdictions d\u2019op\u00e9rer, ainsi que des sanctions p\u00e9nales pour les employeurs qui exploitent des travailleurs dans des conditions inacceptables. Ces sanctions visent \u00e0 dissuader les pratiques ill\u00e9gales et \u00e0 prot\u00e9ger les travailleurs.<\/p>\n\n\n\n<h4 class=\"wp-block-heading\">4. Le r\u00f4le des agences de recrutement sp\u00e9cialis\u00e9es dans la r\u00e9gulation du d\u00e9tachement<\/h4>\n\n\n\n<p class=\"wp-block-paragraph\">Les agences de <a href=\"https:\/\/rapid-interim.com\/\" data-internallinksmanager029f6b8e52c=\"44\" title=\"Accueil - Agence d&#039;interim roumaine\">recrutement<\/a> sp\u00e9cialis\u00e9es dans le d\u00e9tachement de travailleurs jouent un r\u00f4le crucial dans la lutte contre le travail ill\u00e9gal. En tant qu&rsquo;interm\u00e9diaires entre les entreprises de construction et les travailleurs d\u00e9tach\u00e9s, elles sont responsables de la s\u00e9lection des candidats, de l\u2019organisation de leur d\u00e9tachement, et de la gestion des d\u00e9marches administratives.<\/p>\n\n\n\n<p class=\"wp-block-paragraph\"><strong>a. Garantir la conformit\u00e9<\/strong><br \/>Les agences sp\u00e9cialis\u00e9es doivent s\u2019assurer que les travailleurs d\u00e9tach\u00e9s sont employ\u00e9s dans des conditions conformes \u00e0 la l\u00e9gislation du pays d\u2019accueil, ce qui inclut le respect des salaires minimaux, des horaires de travail et des conditions de s\u00e9curit\u00e9. Elles ont \u00e9galement l\u2019obligation de v\u00e9rifier que les entreprises pour lesquelles elles d\u00e9tachent des travailleurs respectent les r\u00e8gles sur le d\u00e9tachement.<\/p>\n\n\n\n<p class=\"wp-block-paragraph\"><strong>b. Information et transparence<\/strong><br \/>Les agences jouent un r\u00f4le important dans l\u2019information des travailleurs d\u00e9tach\u00e9s sur leurs droits et leurs obligations. Elles doivent fournir aux travailleurs des informations claires sur leurs contrats, leurs salaires, et leurs <a href=\"https:\/\/rapid-interim.com\/index.php\/2025\/01\/22\/les-conditions-de-travail-des-interimaires-roumains-dans-le-secteur-de-la-logistique\/\" data-internallinksmanager029f6b8e52c=\"46\" title=\"conditions de travail\">conditions de travail<\/a>. De plus, les agences doivent s&rsquo;assurer que les travailleurs sont bien inform\u00e9s de leurs droits \u00e0 la s\u00e9curit\u00e9 sociale, aux cong\u00e9s et \u00e0 la protection en cas d&rsquo;accident de travail.<\/p>\n\n\n\n<h4 class=\"wp-block-heading\">5. Conclusion : Vers une meilleure r\u00e9gulation du d\u00e9tachement<\/h4>\n\n\n\n<p class=\"wp-block-paragraph\">Le d\u00e9tachement de travailleurs dans la construction, lorsqu\u2019il est correctement encadr\u00e9, peut \u00eatre b\u00e9n\u00e9fique pour les entreprises comme pour les travailleurs. Toutefois, il est imp\u00e9ratif de lutter contre le travail ill\u00e9gal, qui nuit \u00e0 la fois aux travailleurs concern\u00e9s et \u00e0 l\u2019\u00e9quit\u00e9 des march\u00e9s du travail.<\/p>\n\n\n\n<p class=\"wp-block-paragraph\">Les r\u00e9gulations europ\u00e9ennes, les inspections renforc\u00e9es et la responsabilit\u00e9 accrue des entreprises donneuses d&rsquo;ordre constituent des mesures essentielles pour lutter contre le travail ill\u00e9gal. Par ailleurs, les agences de <a href=\"https:\/\/rapid-interim.com\/\" data-internallinksmanager029f6b8e52c=\"44\" title=\"Accueil - Agence d&#039;interim roumaine\">recrutement<\/a> sp\u00e9cialis\u00e9es jouent un r\u00f4le cl\u00e9 en garantissant la conformit\u00e9 des d\u00e9tachements et en veillant \u00e0 la protection des droits des travailleurs.<\/p>\n\n\n\n<p class=\"wp-block-paragraph\">En somme, la lutte contre le travail ill\u00e9gal dans le secteur de la construction passe par une r\u00e9gulation stricte du d\u00e9tachement, une coop\u00e9ration entre les autorit\u00e9s, les entreprises et les agences de <a href=\"https:\/\/rapid-interim.com\/\" data-internallinksmanager029f6b8e52c=\"44\" title=\"Accueil - Agence d&#039;interim roumaine\">recrutement<\/a>, et un engagement continu \u00e0 prot\u00e9ger les travailleurs et \u00e0 promouvoir des pratiques de travail transparentes et \u00e9quitables.<\/p>\n","protected":false},"excerpt":{"rendered":"<p>Le d\u00e9tachement de travailleurs dans le secteur de la construction est une pratique courante au sein de l\u2019Union europ\u00e9enne, permettant aux entreprises de r\u00e9pondre \u00e0 une demande fluctuante en main-d\u2019\u0153uvre qualifi\u00e9e, notamment pour des projets temporaires ou de grande envergure. Cependant, cette pratique, bien que l\u00e9gale lorsqu\u2019elle est correctement r\u00e9gul\u00e9e, peut \u00e9galement \u00eatre d\u00e9tourn\u00e9e \u00e0 [&hellip;]<\/p>\n","protected":false},"author":1,"featured_media":21618,"comment_status":"open","ping_status":"open","sticky":false,"template":"","format":"standard","meta":{"_crdt_document":"","_jetpack_memberships_contains_paid_content":false,"footnotes":""},"categories":[1,146],"tags":[128,73,127,138,56,125,139,118,120,121,69,71,134,75,70],"class_list":["post-21881","post","type-post","status-publish","format-standard","has-post-thumbnail","hentry","category-blog","category-construction","tag-agence-interim-europeene","tag-agence-interim-roumanie","tag-agence-interim-travailleur-etranger","tag-charpentiers-roumains","tag-construction","tag-detachement-roumain","tag-etancheurs-roumains-interimaires","tag-interim-detache","tag-interim-etranger","tag-interim-etranger-roumain","tag-interim-roumanie","tag-interimaire-roumain","tag-logisticiens-roumains","tag-travail-detache-roumanie","tag-travailleur-roumain"],"yoast_head":"<!-- This site is optimized with the Yoast SEO plugin v27.5 - https:\/\/yoast.com\/product\/yoast-seo-wordpress\/ -->\n<title>Le d\u00e9tachement de travailleurs et la lutte contre le travail ill\u00e9gal dans la construction - rapid-interim<\/title>\n<meta name=\"robots\" content=\"index, follow, max-snippet:-1, max-image-preview:large, max-video-preview:-1\" \/>\n<link rel=\"canonical\" href=\"https:\/\/rapid-interim.com\/index.php\/2025\/01\/10\/le-detachement-de-travailleurs-et-la-lutte-contre-le-travail-illegal-dans-la-construction\/\" \/>\n<meta property=\"og:locale\" content=\"fr_FR\" \/>\n<meta property=\"og:type\" content=\"article\" \/>\n<meta property=\"og:title\" content=\"Le d\u00e9tachement de travailleurs et la lutte contre le travail ill\u00e9gal dans la construction - rapid-interim\" \/>\n<meta property=\"og:description\" content=\"Le d\u00e9tachement de travailleurs dans le secteur de la construction est une pratique courante au sein de l\u2019Union europ\u00e9enne, permettant aux entreprises de r\u00e9pondre \u00e0 une demande fluctuante en main-d\u2019\u0153uvre qualifi\u00e9e, notamment pour des projets temporaires ou de grande envergure. Cependant, cette pratique, bien que l\u00e9gale lorsqu\u2019elle est correctement r\u00e9gul\u00e9e, peut \u00e9galement \u00eatre d\u00e9tourn\u00e9e \u00e0 [&hellip;]\" \/>\n<meta property=\"og:url\" content=\"https:\/\/rapid-interim.com\/index.php\/2025\/01\/10\/le-detachement-de-travailleurs-et-la-lutte-contre-le-travail-illegal-dans-la-construction\/\" \/>\n<meta property=\"og:site_name\" content=\"rapid-interim\" \/>\n<meta property=\"article:published_time\" content=\"2025-01-10T21:16:58+00:00\" \/>\n<meta property=\"og:image\" content=\"https:\/\/rapid-interim.com\/wp-content\/uploads\/2024\/09\/beton-arme.jpg\" \/>\n\t<meta property=\"og:image:width\" content=\"1020\" \/>\n\t<meta property=\"og:image:height\" content=\"540\" \/>\n\t<meta property=\"og:image:type\" content=\"image\/jpeg\" \/>\n<meta name=\"author\" content=\"Marie Dubois\" \/>\n<meta name=\"twitter:card\" content=\"summary_large_image\" \/>\n<meta name=\"twitter:label1\" content=\"\u00c9crit par\" \/>\n\t<meta name=\"twitter:data1\" content=\"Marie Dubois\" \/>\n\t<meta name=\"twitter:label2\" content=\"Dur\u00e9e de lecture estim\u00e9e\" \/>\n\t<meta name=\"twitter:data2\" content=\"8 minutes\" \/>\n<script type=\"application\/ld+json\" class=\"yoast-schema-graph\">{\"@context\":\"https:\\\/\\\/schema.org\",\"@graph\":[{\"@type\":\"Article\",\"@id\":\"https:\\\/\\\/rapid-interim.com\\\/index.php\\\/2025\\\/01\\\/10\\\/le-detachement-de-travailleurs-et-la-lutte-contre-le-travail-illegal-dans-la-construction\\\/#article\",\"isPartOf\":{\"@id\":\"https:\\\/\\\/rapid-interim.com\\\/index.php\\\/2025\\\/01\\\/10\\\/le-detachement-de-travailleurs-et-la-lutte-contre-le-travail-illegal-dans-la-construction\\\/\"},\"author\":{\"name\":\"Marie Dubois\",\"@id\":\"https:\\\/\\\/rapid-interim.com\\\/#\\\/schema\\\/person\\\/c80cf67768e43267c59b9c4095fac056\"},\"headline\":\"Le d\u00e9tachement de travailleurs et la lutte contre le travail ill\u00e9gal dans la construction\",\"datePublished\":\"2025-01-10T21:16:58+00:00\",\"mainEntityOfPage\":{\"@id\":\"https:\\\/\\\/rapid-interim.com\\\/index.php\\\/2025\\\/01\\\/10\\\/le-detachement-de-travailleurs-et-la-lutte-contre-le-travail-illegal-dans-la-construction\\\/\"},\"wordCount\":1623,\"commentCount\":0,\"publisher\":{\"@id\":\"https:\\\/\\\/rapid-interim.com\\\/#organization\"},\"image\":{\"@id\":\"https:\\\/\\\/rapid-interim.com\\\/index.php\\\/2025\\\/01\\\/10\\\/le-detachement-de-travailleurs-et-la-lutte-contre-le-travail-illegal-dans-la-construction\\\/#primaryimage\"},\"thumbnailUrl\":\"https:\\\/\\\/rapid-interim.com\\\/wp-content\\\/uploads\\\/2024\\\/09\\\/beton-arme.jpg\",\"keywords\":[\"agence interim europeene\",\"AGENCE INTERIM ROUMANIE\",\"agence interim travailleur etranger\",\"charpentiers roumains\",\"Construction\",\"detachement roumain\",\"\u00c9tancheurs Roumains Int\u00e9rimaires\",\"interim d\u00e9tache\",\"interim etranger\",\"interim \u00e9tranger roumain\",\"INTERIM ROUMANIE\",\"INTERIMAIRE ROUMAIN\",\"Logisticiens Roumains\",\"TRAVAIL DETACHE ROUMANIE\",\"TRAVAILLEUR ROUMAIN\"],\"articleSection\":[\"Blog\",\"Construction\"],\"inLanguage\":\"fr-FR\",\"potentialAction\":[{\"@type\":\"CommentAction\",\"name\":\"Comment\",\"target\":[\"https:\\\/\\\/rapid-interim.com\\\/index.php\\\/2025\\\/01\\\/10\\\/le-detachement-de-travailleurs-et-la-lutte-contre-le-travail-illegal-dans-la-construction\\\/#respond\"]}]},{\"@type\":\"WebPage\",\"@id\":\"https:\\\/\\\/rapid-interim.com\\\/index.php\\\/2025\\\/01\\\/10\\\/le-detachement-de-travailleurs-et-la-lutte-contre-le-travail-illegal-dans-la-construction\\\/\",\"url\":\"https:\\\/\\\/rapid-interim.com\\\/index.php\\\/2025\\\/01\\\/10\\\/le-detachement-de-travailleurs-et-la-lutte-contre-le-travail-illegal-dans-la-construction\\\/\",\"name\":\"Le d\u00e9tachement de travailleurs et la lutte contre le travail ill\u00e9gal dans la construction - rapid-interim\",\"isPartOf\":{\"@id\":\"https:\\\/\\\/rapid-interim.com\\\/#website\"},\"primaryImageOfPage\":{\"@id\":\"https:\\\/\\\/rapid-interim.com\\\/index.php\\\/2025\\\/01\\\/10\\\/le-detachement-de-travailleurs-et-la-lutte-contre-le-travail-illegal-dans-la-construction\\\/#primaryimage\"},\"image\":{\"@id\":\"https:\\\/\\\/rapid-interim.com\\\/index.php\\\/2025\\\/01\\\/10\\\/le-detachement-de-travailleurs-et-la-lutte-contre-le-travail-illegal-dans-la-construction\\\/#primaryimage\"},\"thumbnailUrl\":\"https:\\\/\\\/rapid-interim.com\\\/wp-content\\\/uploads\\\/2024\\\/09\\\/beton-arme.jpg\",\"datePublished\":\"2025-01-10T21:16:58+00:00\",\"breadcrumb\":{\"@id\":\"https:\\\/\\\/rapid-interim.com\\\/index.php\\\/2025\\\/01\\\/10\\\/le-detachement-de-travailleurs-et-la-lutte-contre-le-travail-illegal-dans-la-construction\\\/#breadcrumb\"},\"inLanguage\":\"fr-FR\",\"potentialAction\":[{\"@type\":\"ReadAction\",\"target\":[\"https:\\\/\\\/rapid-interim.com\\\/index.php\\\/2025\\\/01\\\/10\\\/le-detachement-de-travailleurs-et-la-lutte-contre-le-travail-illegal-dans-la-construction\\\/\"]}]},{\"@type\":\"ImageObject\",\"inLanguage\":\"fr-FR\",\"@id\":\"https:\\\/\\\/rapid-interim.com\\\/index.php\\\/2025\\\/01\\\/10\\\/le-detachement-de-travailleurs-et-la-lutte-contre-le-travail-illegal-dans-la-construction\\\/#primaryimage\",\"url\":\"https:\\\/\\\/rapid-interim.com\\\/wp-content\\\/uploads\\\/2024\\\/09\\\/beton-arme.jpg\",\"contentUrl\":\"https:\\\/\\\/rapid-interim.com\\\/wp-content\\\/uploads\\\/2024\\\/09\\\/beton-arme.jpg\",\"width\":1020,\"height\":540},{\"@type\":\"BreadcrumbList\",\"@id\":\"https:\\\/\\\/rapid-interim.com\\\/index.php\\\/2025\\\/01\\\/10\\\/le-detachement-de-travailleurs-et-la-lutte-contre-le-travail-illegal-dans-la-construction\\\/#breadcrumb\",\"itemListElement\":[{\"@type\":\"ListItem\",\"position\":1,\"name\":\"Accueil\",\"item\":\"https:\\\/\\\/rapid-interim.com\\\/\"},{\"@type\":\"ListItem\",\"position\":2,\"name\":\"Le d\u00e9tachement de travailleurs et la lutte contre le travail ill\u00e9gal dans la construction\"}]},{\"@type\":\"WebSite\",\"@id\":\"https:\\\/\\\/rapid-interim.com\\\/#website\",\"url\":\"https:\\\/\\\/rapid-interim.com\\\/\",\"name\":\"rapid-interim\",\"description\":\"Interim et travail temporaire\",\"publisher\":{\"@id\":\"https:\\\/\\\/rapid-interim.com\\\/#organization\"},\"potentialAction\":[{\"@type\":\"SearchAction\",\"target\":{\"@type\":\"EntryPoint\",\"urlTemplate\":\"https:\\\/\\\/rapid-interim.com\\\/?s={search_term_string}\"},\"query-input\":{\"@type\":\"PropertyValueSpecification\",\"valueRequired\":true,\"valueName\":\"search_term_string\"}}],\"inLanguage\":\"fr-FR\"},{\"@type\":\"Organization\",\"@id\":\"https:\\\/\\\/rapid-interim.com\\\/#organization\",\"name\":\"rapid-interim\",\"url\":\"https:\\\/\\\/rapid-interim.com\\\/\",\"logo\":{\"@type\":\"ImageObject\",\"inLanguage\":\"fr-FR\",\"@id\":\"https:\\\/\\\/rapid-interim.com\\\/#\\\/schema\\\/logo\\\/image\\\/\",\"url\":\"https:\\\/\\\/rapid-interim.com\\\/wp-content\\\/uploads\\\/2022\\\/06\\\/cropped-rapid-inetrim.png\",\"contentUrl\":\"https:\\\/\\\/rapid-interim.com\\\/wp-content\\\/uploads\\\/2022\\\/06\\\/cropped-rapid-inetrim.png\",\"width\":314,\"height\":137,\"caption\":\"rapid-interim\"},\"image\":{\"@id\":\"https:\\\/\\\/rapid-interim.com\\\/#\\\/schema\\\/logo\\\/image\\\/\"}},{\"@type\":\"Person\",\"@id\":\"https:\\\/\\\/rapid-interim.com\\\/#\\\/schema\\\/person\\\/c80cf67768e43267c59b9c4095fac056\",\"name\":\"Marie Dubois\",\"image\":{\"@type\":\"ImageObject\",\"inLanguage\":\"fr-FR\",\"@id\":\"https:\\\/\\\/secure.gravatar.com\\\/avatar\\\/c5d9a389371c49a3eb3d5c05c1bdb9d2124cabb2c990e1eb227c370b66139bfe?s=96&d=mm&r=g\",\"url\":\"https:\\\/\\\/secure.gravatar.com\\\/avatar\\\/c5d9a389371c49a3eb3d5c05c1bdb9d2124cabb2c990e1eb227c370b66139bfe?s=96&d=mm&r=g\",\"contentUrl\":\"https:\\\/\\\/secure.gravatar.com\\\/avatar\\\/c5d9a389371c49a3eb3d5c05c1bdb9d2124cabb2c990e1eb227c370b66139bfe?s=96&d=mm&r=g\",\"caption\":\"Marie Dubois\"},\"sameAs\":[\"http:\\\/\\\/rapid-interim.com\"],\"url\":\"https:\\\/\\\/rapid-interim.com\\\/index.php\\\/author\\\/rapid-interim-com\\\/\"}]}<\/script>\n<!-- \/ Yoast SEO plugin. -->","yoast_head_json":{"title":"Le d\u00e9tachement de travailleurs et la lutte contre le travail ill\u00e9gal dans la construction - rapid-interim","robots":{"index":"index","follow":"follow","max-snippet":"max-snippet:-1","max-image-preview":"max-image-preview:large","max-video-preview":"max-video-preview:-1"},"canonical":"https:\/\/rapid-interim.com\/index.php\/2025\/01\/10\/le-detachement-de-travailleurs-et-la-lutte-contre-le-travail-illegal-dans-la-construction\/","og_locale":"fr_FR","og_type":"article","og_title":"Le d\u00e9tachement de travailleurs et la lutte contre le travail ill\u00e9gal dans la construction - rapid-interim","og_description":"Le d\u00e9tachement de travailleurs dans le secteur de la construction est une pratique courante au sein de l\u2019Union europ\u00e9enne, permettant aux entreprises de r\u00e9pondre \u00e0 une demande fluctuante en main-d\u2019\u0153uvre qualifi\u00e9e, notamment pour des projets temporaires ou de grande envergure. Cependant, cette pratique, bien que l\u00e9gale lorsqu\u2019elle est correctement r\u00e9gul\u00e9e, peut \u00e9galement \u00eatre d\u00e9tourn\u00e9e \u00e0 [&hellip;]","og_url":"https:\/\/rapid-interim.com\/index.php\/2025\/01\/10\/le-detachement-de-travailleurs-et-la-lutte-contre-le-travail-illegal-dans-la-construction\/","og_site_name":"rapid-interim","article_published_time":"2025-01-10T21:16:58+00:00","og_image":[{"width":1020,"height":540,"url":"https:\/\/rapid-interim.com\/wp-content\/uploads\/2024\/09\/beton-arme.jpg","type":"image\/jpeg"}],"author":"Marie Dubois","twitter_card":"summary_large_image","twitter_misc":{"\u00c9crit par":"Marie Dubois","Dur\u00e9e de lecture estim\u00e9e":"8 minutes"},"schema":{"@context":"https:\/\/schema.org","@graph":[{"@type":"Article","@id":"https:\/\/rapid-interim.com\/index.php\/2025\/01\/10\/le-detachement-de-travailleurs-et-la-lutte-contre-le-travail-illegal-dans-la-construction\/#article","isPartOf":{"@id":"https:\/\/rapid-interim.com\/index.php\/2025\/01\/10\/le-detachement-de-travailleurs-et-la-lutte-contre-le-travail-illegal-dans-la-construction\/"},"author":{"name":"Marie Dubois","@id":"https:\/\/rapid-interim.com\/#\/schema\/person\/c80cf67768e43267c59b9c4095fac056"},"headline":"Le d\u00e9tachement de travailleurs et la lutte contre le travail ill\u00e9gal dans la construction","datePublished":"2025-01-10T21:16:58+00:00","mainEntityOfPage":{"@id":"https:\/\/rapid-interim.com\/index.php\/2025\/01\/10\/le-detachement-de-travailleurs-et-la-lutte-contre-le-travail-illegal-dans-la-construction\/"},"wordCount":1623,"commentCount":0,"publisher":{"@id":"https:\/\/rapid-interim.com\/#organization"},"image":{"@id":"https:\/\/rapid-interim.com\/index.php\/2025\/01\/10\/le-detachement-de-travailleurs-et-la-lutte-contre-le-travail-illegal-dans-la-construction\/#primaryimage"},"thumbnailUrl":"https:\/\/rapid-interim.com\/wp-content\/uploads\/2024\/09\/beton-arme.jpg","keywords":["agence interim europeene","AGENCE INTERIM ROUMANIE","agence interim travailleur etranger","charpentiers roumains","Construction","detachement roumain","\u00c9tancheurs Roumains Int\u00e9rimaires","interim d\u00e9tache","interim etranger","interim \u00e9tranger roumain","INTERIM ROUMANIE","INTERIMAIRE ROUMAIN","Logisticiens Roumains","TRAVAIL DETACHE ROUMANIE","TRAVAILLEUR ROUMAIN"],"articleSection":["Blog","Construction"],"inLanguage":"fr-FR","potentialAction":[{"@type":"CommentAction","name":"Comment","target":["https:\/\/rapid-interim.com\/index.php\/2025\/01\/10\/le-detachement-de-travailleurs-et-la-lutte-contre-le-travail-illegal-dans-la-construction\/#respond"]}]},{"@type":"WebPage","@id":"https:\/\/rapid-interim.com\/index.php\/2025\/01\/10\/le-detachement-de-travailleurs-et-la-lutte-contre-le-travail-illegal-dans-la-construction\/","url":"https:\/\/rapid-interim.com\/index.php\/2025\/01\/10\/le-detachement-de-travailleurs-et-la-lutte-contre-le-travail-illegal-dans-la-construction\/","name":"Le d\u00e9tachement de travailleurs et la lutte contre le travail ill\u00e9gal dans la construction - rapid-interim","isPartOf":{"@id":"https:\/\/rapid-interim.com\/#website"},"primaryImageOfPage":{"@id":"https:\/\/rapid-interim.com\/index.php\/2025\/01\/10\/le-detachement-de-travailleurs-et-la-lutte-contre-le-travail-illegal-dans-la-construction\/#primaryimage"},"image":{"@id":"https:\/\/rapid-interim.com\/index.php\/2025\/01\/10\/le-detachement-de-travailleurs-et-la-lutte-contre-le-travail-illegal-dans-la-construction\/#primaryimage"},"thumbnailUrl":"https:\/\/rapid-interim.com\/wp-content\/uploads\/2024\/09\/beton-arme.jpg","datePublished":"2025-01-10T21:16:58+00:00","breadcrumb":{"@id":"https:\/\/rapid-interim.com\/index.php\/2025\/01\/10\/le-detachement-de-travailleurs-et-la-lutte-contre-le-travail-illegal-dans-la-construction\/#breadcrumb"},"inLanguage":"fr-FR","potentialAction":[{"@type":"ReadAction","target":["https:\/\/rapid-interim.com\/index.php\/2025\/01\/10\/le-detachement-de-travailleurs-et-la-lutte-contre-le-travail-illegal-dans-la-construction\/"]}]},{"@type":"ImageObject","inLanguage":"fr-FR","@id":"https:\/\/rapid-interim.com\/index.php\/2025\/01\/10\/le-detachement-de-travailleurs-et-la-lutte-contre-le-travail-illegal-dans-la-construction\/#primaryimage","url":"https:\/\/rapid-interim.com\/wp-content\/uploads\/2024\/09\/beton-arme.jpg","contentUrl":"https:\/\/rapid-interim.com\/wp-content\/uploads\/2024\/09\/beton-arme.jpg","width":1020,"height":540},{"@type":"BreadcrumbList","@id":"https:\/\/rapid-interim.com\/index.php\/2025\/01\/10\/le-detachement-de-travailleurs-et-la-lutte-contre-le-travail-illegal-dans-la-construction\/#breadcrumb","itemListElement":[{"@type":"ListItem","position":1,"name":"Accueil","item":"https:\/\/rapid-interim.com\/"},{"@type":"ListItem","position":2,"name":"Le d\u00e9tachement de travailleurs et la lutte contre le travail ill\u00e9gal dans la construction"}]},{"@type":"WebSite","@id":"https:\/\/rapid-interim.com\/#website","url":"https:\/\/rapid-interim.com\/","name":"rapid-interim","description":"Interim et travail temporaire","publisher":{"@id":"https:\/\/rapid-interim.com\/#organization"},"potentialAction":[{"@type":"SearchAction","target":{"@type":"EntryPoint","urlTemplate":"https:\/\/rapid-interim.com\/?s={search_term_string}"},"query-input":{"@type":"PropertyValueSpecification","valueRequired":true,"valueName":"search_term_string"}}],"inLanguage":"fr-FR"},{"@type":"Organization","@id":"https:\/\/rapid-interim.com\/#organization","name":"rapid-interim","url":"https:\/\/rapid-interim.com\/","logo":{"@type":"ImageObject","inLanguage":"fr-FR","@id":"https:\/\/rapid-interim.com\/#\/schema\/logo\/image\/","url":"https:\/\/rapid-interim.com\/wp-content\/uploads\/2022\/06\/cropped-rapid-inetrim.png","contentUrl":"https:\/\/rapid-interim.com\/wp-content\/uploads\/2022\/06\/cropped-rapid-inetrim.png","width":314,"height":137,"caption":"rapid-interim"},"image":{"@id":"https:\/\/rapid-interim.com\/#\/schema\/logo\/image\/"}},{"@type":"Person","@id":"https:\/\/rapid-interim.com\/#\/schema\/person\/c80cf67768e43267c59b9c4095fac056","name":"Marie Dubois","image":{"@type":"ImageObject","inLanguage":"fr-FR","@id":"https:\/\/secure.gravatar.com\/avatar\/c5d9a389371c49a3eb3d5c05c1bdb9d2124cabb2c990e1eb227c370b66139bfe?s=96&d=mm&r=g","url":"https:\/\/secure.gravatar.com\/avatar\/c5d9a389371c49a3eb3d5c05c1bdb9d2124cabb2c990e1eb227c370b66139bfe?s=96&d=mm&r=g","contentUrl":"https:\/\/secure.gravatar.com\/avatar\/c5d9a389371c49a3eb3d5c05c1bdb9d2124cabb2c990e1eb227c370b66139bfe?s=96&d=mm&r=g","caption":"Marie Dubois"},"sameAs":["http:\/\/rapid-interim.com"],"url":"https:\/\/rapid-interim.com\/index.php\/author\/rapid-interim-com\/"}]}},"jetpack_featured_media_url":"https:\/\/rapid-interim.com\/wp-content\/uploads\/2024\/09\/beton-arme.jpg","jetpack_sharing_enabled":true,"_links":{"self":[{"href":"https:\/\/rapid-interim.com\/index.php\/wp-json\/wp\/v2\/posts\/21881","targetHints":{"allow":["GET"]}}],"collection":[{"href":"https:\/\/rapid-interim.com\/index.php\/wp-json\/wp\/v2\/posts"}],"about":[{"href":"https:\/\/rapid-interim.com\/index.php\/wp-json\/wp\/v2\/types\/post"}],"author":[{"embeddable":true,"href":"https:\/\/rapid-interim.com\/index.php\/wp-json\/wp\/v2\/users\/1"}],"replies":[{"embeddable":true,"href":"https:\/\/rapid-interim.com\/index.php\/wp-json\/wp\/v2\/comments?post=21881"}],"version-history":[{"count":0,"href":"https:\/\/rapid-interim.com\/index.php\/wp-json\/wp\/v2\/posts\/21881\/revisions"}],"wp:featuredmedia":[{"embeddable":true,"href":"https:\/\/rapid-interim.com\/index.php\/wp-json\/wp\/v2\/media\/21618"}],"wp:attachment":[{"href":"https:\/\/rapid-interim.com\/index.php\/wp-json\/wp\/v2\/media?parent=21881"}],"wp:term":[{"taxonomy":"category","embeddable":true,"href":"https:\/\/rapid-interim.com\/index.php\/wp-json\/wp\/v2\/categories?post=21881"},{"taxonomy":"post_tag","embeddable":true,"href":"https:\/\/rapid-interim.com\/index.php\/wp-json\/wp\/v2\/tags?post=21881"}],"curies":[{"name":"wp","href":"https:\/\/api.w.org\/{rel}","templated":true}]}}