{"id":21877,"date":"2025-02-17T00:55:00","date_gmt":"2025-02-16T23:55:00","guid":{"rendered":"https:\/\/rapid-interim.com\/index.php\/2025\/01\/17\/les-defis-lies-a-la-gestion-des-travailleurs-detaches-sur-les-chantiers-de-construction\/"},"modified":"2025-03-03T21:26:18","modified_gmt":"2025-03-03T20:26:18","slug":"les-defis-lies-a-la-gestion-des-travailleurs-detaches-sur-les-chantiers-de-construction","status":"publish","type":"post","link":"https:\/\/rapid-interim.com\/index.php\/2025\/02\/17\/les-defis-lies-a-la-gestion-des-travailleurs-detaches-sur-les-chantiers-de-construction\/","title":{"rendered":"D\u00e9fis li\u00e9s \u00e0 la gestion des travailleurs d\u00e9tach\u00e9s sur les chantiers de construction"},"content":{"rendered":"\r\n<p class=\"wp-block-paragraph\">Le d\u00e9tachement de travailleurs dans le secteur de la construction est devenu une pratique courante en Europe, surtout dans un contexte de mobilit\u00e9 accrue au sein de l&rsquo;Union europ\u00e9enne (UE). Les travailleurs d\u00e9tach\u00e9s sont envoy\u00e9s temporairement dans un autre pays pour accomplir des missions sp\u00e9cifiques, souvent sur des chantiers de construction, o\u00f9 leur main-d&rsquo;\u0153uvre est indispensable. Si cette mobilit\u00e9 est b\u00e9n\u00e9fique pour les entreprises, elle pr\u00e9sente aussi de nombreux d\u00e9fis en mati\u00e8re de gestion, tant pour les employeurs que pour les travailleurs eux-m\u00eames.<\/p>\r\n\r\n\r\n\r\n<p class=\"wp-block-paragraph\">L&rsquo;organisation et la gestion des \u00e9quipes compos\u00e9es de travailleurs d\u00e9tach\u00e9s sur un chantier de construction n\u00e9cessitent une attention particuli\u00e8re, car les enjeux sont multiples : respect des normes juridiques, coordination des \u00e9quipes multiculturelles, gestion des risques de s\u00e9curit\u00e9, suivi administratif et conformit\u00e9 avec les l\u00e9gislations locales. Dans cet article, nous explorerons les principaux d\u00e9fis auxquels les entreprises doivent faire face lorsqu&rsquo;elles g\u00e8rent des travailleurs d\u00e9tach\u00e9s sur leurs chantiers.<\/p>\r\n\r\n\r\n\r\n<figure class=\"wp-block-image size-large\"><img fetchpriority=\"high\" decoding=\"async\" width=\"1024\" height=\"680\" class=\"wp-image-21644\" src=\"https:\/\/rapid-interim.com\/wp-content\/uploads\/2024\/09\/constructeur-voirie-urbaine-fiche-metier-1024x680.jpg\" alt=\"\" srcset=\"https:\/\/rapid-interim.com\/wp-content\/uploads\/2024\/09\/constructeur-voirie-urbaine-fiche-metier-1024x680.jpg 1024w, https:\/\/rapid-interim.com\/wp-content\/uploads\/2024\/09\/constructeur-voirie-urbaine-fiche-metier-300x199.jpg 300w, https:\/\/rapid-interim.com\/wp-content\/uploads\/2024\/09\/constructeur-voirie-urbaine-fiche-metier-768x510.jpg 768w, https:\/\/rapid-interim.com\/wp-content\/uploads\/2024\/09\/constructeur-voirie-urbaine-fiche-metier-1536x1020.jpg 1536w, https:\/\/rapid-interim.com\/wp-content\/uploads\/2024\/09\/constructeur-voirie-urbaine-fiche-metier-2048x1360.jpg 2048w, https:\/\/rapid-interim.com\/wp-content\/uploads\/2024\/09\/constructeur-voirie-urbaine-fiche-metier-600x399.jpg 600w\" sizes=\"(max-width: 1024px) 100vw, 1024px\" \/><\/figure>\r\n\r\n\r\n\r\n<h4 class=\"wp-block-heading\">1. La conformit\u00e9 l\u00e9gale et r\u00e9glementaire<\/h4>\r\n\r\n\r\n\r\n<p class=\"wp-block-paragraph\">L&rsquo;un des premiers d\u00e9fis li\u00e9s au d\u00e9tachement de travailleurs dans la construction r\u00e9side dans le respect des normes l\u00e9gales et des r\u00e9glementations sp\u00e9cifiques du pays d&rsquo;accueil. En vertu de la directive europ\u00e9enne sur le d\u00e9tachement des travailleurs (directive 96\/71\/CE modifi\u00e9e par la directive 2014\/67\/UE), les employeurs doivent garantir que leurs travailleurs d\u00e9tach\u00e9s b\u00e9n\u00e9ficient des m\u00eames droits que les travailleurs locaux en mati\u00e8re de r\u00e9mun\u00e9ration, de <a href=\"https:\/\/rapid-interim.com\/index.php\/2025\/01\/22\/les-conditions-de-travail-des-interimaires-roumains-dans-le-secteur-de-la-logistique\/\" data-internallinksmanager029f6b8e52c=\"46\" title=\"conditions de travail\">conditions de travail<\/a>, de s\u00e9curit\u00e9, de sant\u00e9 et d\u2019avantages sociaux.<\/p>\r\n\r\n\r\n\r\n<p class=\"wp-block-paragraph\"><strong>Les obligations administratives<\/strong><br \/>Les entreprises doivent respecter des formalit\u00e9s administratives rigoureuses. Par exemple, elles doivent d\u00e9clarer le d\u00e9tachement des travailleurs aupr\u00e8s des autorit\u00e9s comp\u00e9tentes du pays d&rsquo;accueil avant de commencer toute mission. Cela implique de remplir des documents administratifs, de fournir des informations d\u00e9taill\u00e9es sur les <a href=\"https:\/\/rapid-interim.com\/index.php\/2025\/01\/22\/les-conditions-de-travail-des-interimaires-roumains-dans-le-secteur-de-la-logistique\/\" data-internallinksmanager029f6b8e52c=\"46\" title=\"conditions de travail\">conditions de travail<\/a> des travailleurs d\u00e9tach\u00e9s et de garantir que les salaires et <a href=\"https:\/\/rapid-interim.com\/index.php\/2025\/01\/22\/les-conditions-de-travail-des-interimaires-roumains-dans-le-secteur-de-la-logistique\/\" data-internallinksmanager029f6b8e52c=\"46\" title=\"conditions de travail\">conditions de travail<\/a> respectent les standards locaux, notamment en mati\u00e8re de r\u00e9mun\u00e9ration minimale et de droits sociaux.<\/p>\r\n\r\n\r\n\r\n<p class=\"wp-block-paragraph\">Dans le secteur de la construction, o\u00f9 les r\u00e8gles de s\u00e9curit\u00e9 et les conventions collectives peuvent varier consid\u00e9rablement d&rsquo;un pays \u00e0 l&rsquo;autre, il devient essentiel pour les employeurs de se tenir constamment inform\u00e9s des exigences l\u00e9gales en vigueur dans chaque pays d&rsquo;accueil.<\/p>\r\n\r\n\r\n\r\n<p class=\"wp-block-paragraph\"><strong>Les risques de non-conformit\u00e9<\/strong><br \/>Le non-respect de ces obligations administratives peut entra\u00eener des sanctions importantes, allant de lourdes amendes \u00e0 des poursuites judiciaires. En cas de litige ou de non-respect des droits des travailleurs d\u00e9tach\u00e9s, les entreprises peuvent se retrouver confront\u00e9es \u00e0 des proc\u00e9dures longues et co\u00fbteuses. De plus, les mauvaises pratiques peuvent nuire \u00e0 la r\u00e9putation de l\u2019entreprise sur le march\u00e9, ce qui peut affecter sa comp\u00e9titivit\u00e9 \u00e0 long terme.<\/p>\r\n\r\n\r\n\r\n<h4 class=\"wp-block-heading\">2. La gestion des \u00e9quipes multiculturelles et des diff\u00e9rences culturelles<\/h4>\r\n\r\n\r\n\r\n<p class=\"wp-block-paragraph\">L&rsquo;une des particularit\u00e9s majeures du d\u00e9tachement de travailleurs est la diversit\u00e9 culturelle des \u00e9quipes. Sur un chantier de construction, des travailleurs peuvent provenir de diff\u00e9rents pays, avec des pratiques professionnelles et des comportements culturels vari\u00e9s. Cette diversit\u00e9 peut poser des probl\u00e8mes de communication, de coordination et de coh\u00e9sion au sein de l\u2019\u00e9quipe.<\/p>\r\n\r\n\r\n\r\n<p class=\"wp-block-paragraph\"><strong>Les barri\u00e8res linguistiques<\/strong><br \/>L\u2019une des difficult\u00e9s les plus courantes est la barri\u00e8re linguistique. Sur un chantier o\u00f9 plusieurs nationalit\u00e9s cohabitent, il est essentiel que les travailleurs puissent communiquer efficacement, non seulement pour accomplir les t\u00e2ches de mani\u00e8re optimale, mais aussi pour garantir la s\u00e9curit\u00e9 de tous. Une mauvaise communication peut entra\u00eener des erreurs, des malentendus et, dans le pire des cas, des accidents du travail. Les employeurs doivent donc pr\u00e9voir des formations linguistiques, ou du moins d\u00e9signer des interpr\u00e8tes, pour faciliter les \u00e9changes entre les membres de l&rsquo;\u00e9quipe.<\/p>\r\n\r\n\r\n\r\n<p class=\"wp-block-paragraph\"><strong>Les diff\u00e9rences de pratiques professionnelles<\/strong><br \/>Les travailleurs d\u00e9tach\u00e9s peuvent avoir des formations et des exp\u00e9riences professionnelles diff\u00e9rentes en fonction de leur pays d\u2019origine. Par exemple, un <a href=\"https:\/\/rapid-interim.com\/index.php\/2024\/06\/20\/recruter-un-travailleur-detache\/\" data-internallinksmanager029f6b8e52c=\"35\" title=\"travailleur d\u00e9tach\u00e9\">travailleur d\u00e9tach\u00e9<\/a> peut \u00eatre habitu\u00e9 \u00e0 des normes de s\u00e9curit\u00e9 moins strictes ou \u00e0 des m\u00e9thodes de travail diff\u00e9rentes de celles en vigueur dans le pays d\u2019accueil. Cela peut conduire \u00e0 des inefficacit\u00e9s ou \u00e0 des risques accrus si ces diff\u00e9rences ne sont pas prises en compte et g\u00e9r\u00e9es correctement.<\/p>\r\n\r\n\r\n\r\n<p class=\"wp-block-paragraph\">Les employeurs doivent donc investir dans des programmes de formation pour s&rsquo;assurer que tous les travailleurs, quel que soit leur pays d&rsquo;origine, comprennent et respectent les standards locaux en mati\u00e8re de s\u00e9curit\u00e9, de qualit\u00e9 du travail et de respect des d\u00e9lais.<\/p>\r\n\r\n\r\n\r\n<p class=\"wp-block-paragraph\"><strong>La gestion des conflits culturels<\/strong><br \/>Les diff\u00e9rences culturelles peuvent \u00e9galement donner lieu \u00e0 des tensions et des conflits. Les attentes en mati\u00e8re de hi\u00e9rarchie, de gestion du temps, de comportement sur le lieu de travail ou de relations interpersonnelles peuvent varier d&rsquo;une culture \u00e0 l&rsquo;autre. Ces diff\u00e9rences doivent \u00eatre anticip\u00e9es et g\u00e9r\u00e9es de mani\u00e8re proactive, notamment par la mise en place de formations interculturelles pour favoriser un environnement de travail harmonieux.<\/p>\r\n\r\n\r\n\r\n<h4 class=\"wp-block-heading\">3. La s\u00e9curit\u00e9 sur le chantier et les risques li\u00e9s aux travailleurs d\u00e9tach\u00e9s<\/h4>\r\n\r\n\r\n\r\n<p class=\"wp-block-paragraph\">Le secteur de la construction est l\u2019un des plus risqu\u00e9s en termes de s\u00e9curit\u00e9 au travail, avec des taux d\u2019accidents relativement \u00e9lev\u00e9s. L\u2019introduction de travailleurs d\u00e9tach\u00e9s sur les chantiers de construction peut accro\u00eetre ces risques, en particulier si les normes de s\u00e9curit\u00e9 ne sont pas strictement respect\u00e9es ou si les travailleurs ne sont pas correctement form\u00e9s.<\/p>\r\n\r\n\r\n\r\n<p class=\"wp-block-paragraph\"><strong>La formation \u00e0 la s\u00e9curit\u00e9<\/strong><br \/>Les travailleurs d\u00e9tach\u00e9s, en raison de leurs diff\u00e9rences d\u2019origine, peuvent ne pas \u00eatre familiaris\u00e9s avec les normes de s\u00e9curit\u00e9 sp\u00e9cifiques du pays d&rsquo;accueil. Ils peuvent ne pas \u00eatre form\u00e9s \u00e0 l&rsquo;utilisation de certains \u00e9quipements ou \u00e0 la gestion de risques sp\u00e9cifiques \u00e0 certains types de chantiers. Cela peut exposer les travailleurs \u00e0 des accidents, ce qui repr\u00e9sente un danger \u00e0 la fois pour leur s\u00e9curit\u00e9 et pour celle de leurs coll\u00e8gues.<\/p>\r\n\r\n\r\n\r\n<p class=\"wp-block-paragraph\">Les entreprises doivent fournir des formations \u00e0 la s\u00e9curit\u00e9 sp\u00e9cifiques aux travailleurs d\u00e9tach\u00e9s et s&rsquo;assurer qu&rsquo;ils connaissent et respectent les consignes locales de s\u00e9curit\u00e9. Cela inclut des s\u00e9ances de formation \u00e0 l\u2019utilisation des \u00e9quipements de protection individuelle (EPI), \u00e0 la gestion des risques sp\u00e9cifiques au chantier (comme les chutes, l&rsquo;exposition \u00e0 des substances dangereuses, etc.), et \u00e0 la gestion des situations d\u2019urgence.<\/p>\r\n\r\n\r\n\r\n<p class=\"wp-block-paragraph\"><strong>Les risques psychosociaux<\/strong><br \/>Le stress, l&rsquo;isolement et la pression peuvent \u00eatre exacerb\u00e9s chez les travailleurs d\u00e9tach\u00e9s, surtout lorsqu&rsquo;ils se retrouvent dans un environnement de travail exigeant, loin de leur pays et de leur famille. Ces facteurs peuvent entra\u00eener une d\u00e9t\u00e9rioration de la sant\u00e9 mentale des travailleurs, ce qui augmente le risque d\u2019accidents et d\u2019erreurs. Les employeurs doivent \u00eatre attentifs \u00e0 la dimension psychosociale du <a href=\"https:\/\/rapid-interim.com\/index.php\/2025\/02\/20\/travail-detache-en-france-impact-sur-leconomie-locale\/\" data-internallinksmanager029f6b8e52c=\"25\" title=\"Travail d\u00e9tach\u00e9\">travail d\u00e9tach\u00e9<\/a>, en fournissant des ressources pour soutenir le bien-\u00eatre des travailleurs, comme des programmes de soutien psychologique et des mesures d&rsquo;accompagnement.<\/p>\r\n\r\n\r\n\r\n<figure class=\"wp-block-image size-large\"><img decoding=\"async\" width=\"1024\" height=\"681\" class=\"wp-image-21640\" src=\"https:\/\/rapid-interim.com\/wp-content\/uploads\/2024\/09\/canalisateur-1024x681.webp\" alt=\"\" srcset=\"https:\/\/rapid-interim.com\/wp-content\/uploads\/2024\/09\/canalisateur-1024x681.webp 1024w, https:\/\/rapid-interim.com\/wp-content\/uploads\/2024\/09\/canalisateur-300x200.webp 300w, https:\/\/rapid-interim.com\/wp-content\/uploads\/2024\/09\/canalisateur-768x511.webp 768w, https:\/\/rapid-interim.com\/wp-content\/uploads\/2024\/09\/canalisateur-600x399.webp 600w, https:\/\/rapid-interim.com\/wp-content\/uploads\/2024\/09\/canalisateur.webp 1200w\" sizes=\"(max-width: 1024px) 100vw, 1024px\" \/><\/figure>\r\n\r\n\r\n\r\n<h4 class=\"wp-block-heading\">4. La gestion administrative et la conformit\u00e9 sociale<\/h4>\r\n\r\n\r\n\r\n<p class=\"wp-block-paragraph\">La gestion des travailleurs d\u00e9tach\u00e9s implique \u00e9galement un suivi administratif complexe. Outre les formalit\u00e9s li\u00e9es au d\u00e9tachement lui-m\u00eame, l&#8217;employeur doit s&rsquo;assurer que les travailleurs d\u00e9tach\u00e9s b\u00e9n\u00e9ficient des droits sociaux auxquels ils ont droit, notamment en mati\u00e8re de s\u00e9curit\u00e9 sociale, de retraite et d&rsquo;assurance ch\u00f4mage. La r\u00e9glementation peut diff\u00e9rer d\u2019un pays \u00e0 l\u2019autre, rendant la gestion des cotisations et des assurances plus complexe.<\/p>\r\n\r\n\r\n\r\n<p class=\"wp-block-paragraph\"><strong>Les probl\u00e8mes de fraude et de non-d\u00e9claration<\/strong><br \/>Certaines entreprises malintentionn\u00e9es peuvent tenter de contourner les r\u00e8gles de d\u00e9tachement en ne d\u00e9clarant pas correctement les travailleurs ou en ne versant pas les cotisations sociales requises. Ce type de fraude, bien que relativement rare, peut avoir des cons\u00e9quences importantes tant pour les travailleurs (qui se retrouvent sans couverture sociale) que pour l&rsquo;entreprise (qui s&rsquo;expose \u00e0 des sanctions s\u00e9v\u00e8res).<\/p>\r\n\r\n\r\n\r\n<p class=\"wp-block-paragraph\">Les employeurs doivent s&rsquo;assurer que leurs processus administratifs sont transparents et en conformit\u00e9 avec les l\u00e9gislations des pays concern\u00e9s. La mise en place de syst\u00e8mes de suivi efficaces, notamment en mati\u00e8re de d\u00e9clarations de d\u00e9tachement et de versement des cotisations, est indispensable pour \u00e9viter ces risques.<\/p>\r\n\r\n\r\n\r\n<h4 class=\"wp-block-heading\">5. Conclusion<\/h4>\r\n\r\n\r\n\r\n<p class=\"wp-block-paragraph\">La gestion des travailleurs d\u00e9tach\u00e9s sur les chantiers de construction pr\u00e9sente une s\u00e9rie de d\u00e9fis importants, qui vont de la conformit\u00e9 l\u00e9gale \u00e0 la gestion des \u00e9quipes multiculturelles, en passant par la s\u00e9curit\u00e9 et la gestion des risques sociaux et administratifs. Si les avantages du d\u00e9tachement, comme la flexibilit\u00e9 et la possibilit\u00e9 d&rsquo;acc\u00e9der \u00e0 une <a href=\"https:\/\/rapid-interim.com\/\" data-internallinksmanager029f6b8e52c=\"45\" title=\"Main-d\u2019\u0153uvre qualifi\u00e9e\">main-d&rsquo;\u0153uvre qualifi\u00e9e<\/a>, sont ind\u00e9niables, les employeurs doivent veiller \u00e0 mettre en place des processus de gestion rigoureux et \u00e0 investir dans la formation et le soutien des travailleurs pour garantir un environnement de travail s\u00fbr et respectueux des droits de tous les employ\u00e9s.<\/p>\r\n\r\n\r\n\r\n<p class=\"wp-block-paragraph\">La cl\u00e9 du succ\u00e8s r\u00e9side dans une gestion proactive des d\u00e9fis et dans l&rsquo;engagement \u00e0 respecter les normes locales et europ\u00e9ennes en mati\u00e8re de s\u00e9curit\u00e9, de r\u00e9mun\u00e9ration et de <a href=\"https:\/\/rapid-interim.com\/index.php\/2025\/01\/22\/les-conditions-de-travail-des-interimaires-roumains-dans-le-secteur-de-la-logistique\/\" data-internallinksmanager029f6b8e52c=\"46\" title=\"conditions de travail\">conditions de travail<\/a>. Les entreprises doivent ainsi prendre des mesures concr\u00e8tes pour int\u00e9grer les travailleurs d\u00e9tach\u00e9s de mani\u00e8re fluide et responsable sur leurs chantiers, tout en veillant \u00e0 leur bien-\u00eatre et \u00e0 la qualit\u00e9 de leur travail.<\/p>\r\n","protected":false},"excerpt":{"rendered":"<p>Le d\u00e9tachement de travailleurs dans le secteur de la construction est devenu une pratique courante en Europe, surtout dans un contexte de mobilit\u00e9 accrue au sein de l&rsquo;Union europ\u00e9enne (UE). Les travailleurs d\u00e9tach\u00e9s sont envoy\u00e9s temporairement dans un autre pays pour accomplir des missions sp\u00e9cifiques, souvent sur des chantiers de construction, o\u00f9 leur main-d&rsquo;\u0153uvre est [&hellip;]<\/p>\n","protected":false},"author":1,"featured_media":21629,"comment_status":"open","ping_status":"open","sticky":false,"template":"","format":"standard","meta":{"_crdt_document":"","_jetpack_memberships_contains_paid_content":false,"footnotes":""},"categories":[1,146],"tags":[129,128,73,112,56,125,139,118,121,69,74,75],"class_list":["post-21877","post","type-post","status-publish","format-standard","has-post-thumbnail","hentry","category-blog","category-construction","tag-agence-de-recrutement-roumanie","tag-agence-interim-europeene","tag-agence-interim-roumanie","tag-agriculteurs-roumains","tag-construction","tag-detachement-roumain","tag-etancheurs-roumains-interimaires","tag-interim-detache","tag-interim-etranger-roumain","tag-interim-roumanie","tag-travail-detache","tag-travail-detache-roumanie"],"yoast_head":"<!-- This site is optimized with the Yoast SEO plugin v27.5 - https:\/\/yoast.com\/product\/yoast-seo-wordpress\/ -->\n<title>D\u00e9fis li\u00e9s \u00e0 la gestion des travailleurs d\u00e9tach\u00e9s sur les chantiers de construction - rapid-interim<\/title>\n<meta name=\"description\" content=\"Les d\u00e9fis li\u00e9s \u00e0 la gestion des travailleurs d\u00e9tach\u00e9s sur les chantiers de construction : coordination, respect des normes de s\u00e9curit\u00e9.\" \/>\n<meta name=\"robots\" content=\"index, follow, max-snippet:-1, max-image-preview:large, max-video-preview:-1\" \/>\n<link rel=\"canonical\" href=\"https:\/\/rapid-interim.com\/index.php\/2025\/02\/17\/les-defis-lies-a-la-gestion-des-travailleurs-detaches-sur-les-chantiers-de-construction\/\" \/>\n<meta property=\"og:locale\" content=\"fr_FR\" \/>\n<meta property=\"og:type\" content=\"article\" \/>\n<meta property=\"og:title\" content=\"D\u00e9fis li\u00e9s \u00e0 la gestion des travailleurs d\u00e9tach\u00e9s sur les chantiers de construction - rapid-interim\" \/>\n<meta property=\"og:description\" content=\"Les d\u00e9fis li\u00e9s \u00e0 la gestion des travailleurs d\u00e9tach\u00e9s sur les chantiers de construction : coordination, respect des normes de s\u00e9curit\u00e9.\" \/>\n<meta property=\"og:url\" content=\"https:\/\/rapid-interim.com\/index.php\/2025\/02\/17\/les-defis-lies-a-la-gestion-des-travailleurs-detaches-sur-les-chantiers-de-construction\/\" \/>\n<meta property=\"og:site_name\" content=\"rapid-interim\" \/>\n<meta property=\"article:published_time\" content=\"2025-02-16T23:55:00+00:00\" \/>\n<meta property=\"article:modified_time\" content=\"2025-03-03T20:26:18+00:00\" \/>\n<meta property=\"og:image\" content=\"https:\/\/rapid-interim.com\/wp-content\/uploads\/2024\/09\/getbb.jpeg\" \/>\n\t<meta property=\"og:image:width\" content=\"1000\" \/>\n\t<meta property=\"og:image:height\" content=\"666\" \/>\n\t<meta property=\"og:image:type\" content=\"image\/jpeg\" \/>\n<meta name=\"author\" content=\"Marie Dubois\" \/>\n<meta name=\"twitter:card\" content=\"summary_large_image\" \/>\n<meta name=\"twitter:label1\" content=\"\u00c9crit par\" \/>\n\t<meta name=\"twitter:data1\" content=\"Marie Dubois\" \/>\n\t<meta name=\"twitter:label2\" content=\"Dur\u00e9e de lecture estim\u00e9e\" \/>\n\t<meta name=\"twitter:data2\" content=\"8 minutes\" \/>\n<script type=\"application\/ld+json\" class=\"yoast-schema-graph\">{\"@context\":\"https:\\\/\\\/schema.org\",\"@graph\":[{\"@type\":\"Article\",\"@id\":\"https:\\\/\\\/rapid-interim.com\\\/index.php\\\/2025\\\/02\\\/17\\\/les-defis-lies-a-la-gestion-des-travailleurs-detaches-sur-les-chantiers-de-construction\\\/#article\",\"isPartOf\":{\"@id\":\"https:\\\/\\\/rapid-interim.com\\\/index.php\\\/2025\\\/02\\\/17\\\/les-defis-lies-a-la-gestion-des-travailleurs-detaches-sur-les-chantiers-de-construction\\\/\"},\"author\":{\"name\":\"Marie Dubois\",\"@id\":\"https:\\\/\\\/rapid-interim.com\\\/#\\\/schema\\\/person\\\/c80cf67768e43267c59b9c4095fac056\"},\"headline\":\"D\u00e9fis li\u00e9s \u00e0 la gestion des travailleurs d\u00e9tach\u00e9s sur les chantiers de construction\",\"datePublished\":\"2025-02-16T23:55:00+00:00\",\"dateModified\":\"2025-03-03T20:26:18+00:00\",\"mainEntityOfPage\":{\"@id\":\"https:\\\/\\\/rapid-interim.com\\\/index.php\\\/2025\\\/02\\\/17\\\/les-defis-lies-a-la-gestion-des-travailleurs-detaches-sur-les-chantiers-de-construction\\\/\"},\"wordCount\":1636,\"commentCount\":0,\"publisher\":{\"@id\":\"https:\\\/\\\/rapid-interim.com\\\/#organization\"},\"image\":{\"@id\":\"https:\\\/\\\/rapid-interim.com\\\/index.php\\\/2025\\\/02\\\/17\\\/les-defis-lies-a-la-gestion-des-travailleurs-detaches-sur-les-chantiers-de-construction\\\/#primaryimage\"},\"thumbnailUrl\":\"https:\\\/\\\/rapid-interim.com\\\/wp-content\\\/uploads\\\/2024\\\/09\\\/getbb.jpeg\",\"keywords\":[\"agence de recrutement roumanie\",\"agence interim europeene\",\"AGENCE INTERIM ROUMANIE\",\"agriculteurs roumains\",\"Construction\",\"detachement roumain\",\"\u00c9tancheurs Roumains Int\u00e9rimaires\",\"interim d\u00e9tache\",\"interim \u00e9tranger roumain\",\"INTERIM ROUMANIE\",\"TRAVAIL DETACHE\",\"TRAVAIL DETACHE ROUMANIE\"],\"articleSection\":[\"Blog\",\"Construction\"],\"inLanguage\":\"fr-FR\",\"potentialAction\":[{\"@type\":\"CommentAction\",\"name\":\"Comment\",\"target\":[\"https:\\\/\\\/rapid-interim.com\\\/index.php\\\/2025\\\/02\\\/17\\\/les-defis-lies-a-la-gestion-des-travailleurs-detaches-sur-les-chantiers-de-construction\\\/#respond\"]}]},{\"@type\":\"WebPage\",\"@id\":\"https:\\\/\\\/rapid-interim.com\\\/index.php\\\/2025\\\/02\\\/17\\\/les-defis-lies-a-la-gestion-des-travailleurs-detaches-sur-les-chantiers-de-construction\\\/\",\"url\":\"https:\\\/\\\/rapid-interim.com\\\/index.php\\\/2025\\\/02\\\/17\\\/les-defis-lies-a-la-gestion-des-travailleurs-detaches-sur-les-chantiers-de-construction\\\/\",\"name\":\"D\u00e9fis li\u00e9s \u00e0 la gestion des travailleurs d\u00e9tach\u00e9s sur les chantiers de construction - rapid-interim\",\"isPartOf\":{\"@id\":\"https:\\\/\\\/rapid-interim.com\\\/#website\"},\"primaryImageOfPage\":{\"@id\":\"https:\\\/\\\/rapid-interim.com\\\/index.php\\\/2025\\\/02\\\/17\\\/les-defis-lies-a-la-gestion-des-travailleurs-detaches-sur-les-chantiers-de-construction\\\/#primaryimage\"},\"image\":{\"@id\":\"https:\\\/\\\/rapid-interim.com\\\/index.php\\\/2025\\\/02\\\/17\\\/les-defis-lies-a-la-gestion-des-travailleurs-detaches-sur-les-chantiers-de-construction\\\/#primaryimage\"},\"thumbnailUrl\":\"https:\\\/\\\/rapid-interim.com\\\/wp-content\\\/uploads\\\/2024\\\/09\\\/getbb.jpeg\",\"datePublished\":\"2025-02-16T23:55:00+00:00\",\"dateModified\":\"2025-03-03T20:26:18+00:00\",\"description\":\"Les d\u00e9fis li\u00e9s \u00e0 la gestion des travailleurs d\u00e9tach\u00e9s sur les chantiers de construction : coordination, respect des normes de s\u00e9curit\u00e9.\",\"breadcrumb\":{\"@id\":\"https:\\\/\\\/rapid-interim.com\\\/index.php\\\/2025\\\/02\\\/17\\\/les-defis-lies-a-la-gestion-des-travailleurs-detaches-sur-les-chantiers-de-construction\\\/#breadcrumb\"},\"inLanguage\":\"fr-FR\",\"potentialAction\":[{\"@type\":\"ReadAction\",\"target\":[\"https:\\\/\\\/rapid-interim.com\\\/index.php\\\/2025\\\/02\\\/17\\\/les-defis-lies-a-la-gestion-des-travailleurs-detaches-sur-les-chantiers-de-construction\\\/\"]}]},{\"@type\":\"ImageObject\",\"inLanguage\":\"fr-FR\",\"@id\":\"https:\\\/\\\/rapid-interim.com\\\/index.php\\\/2025\\\/02\\\/17\\\/les-defis-lies-a-la-gestion-des-travailleurs-detaches-sur-les-chantiers-de-construction\\\/#primaryimage\",\"url\":\"https:\\\/\\\/rapid-interim.com\\\/wp-content\\\/uploads\\\/2024\\\/09\\\/getbb.jpeg\",\"contentUrl\":\"https:\\\/\\\/rapid-interim.com\\\/wp-content\\\/uploads\\\/2024\\\/09\\\/getbb.jpeg\",\"width\":1000,\"height\":666},{\"@type\":\"BreadcrumbList\",\"@id\":\"https:\\\/\\\/rapid-interim.com\\\/index.php\\\/2025\\\/02\\\/17\\\/les-defis-lies-a-la-gestion-des-travailleurs-detaches-sur-les-chantiers-de-construction\\\/#breadcrumb\",\"itemListElement\":[{\"@type\":\"ListItem\",\"position\":1,\"name\":\"Accueil\",\"item\":\"https:\\\/\\\/rapid-interim.com\\\/\"},{\"@type\":\"ListItem\",\"position\":2,\"name\":\"D\u00e9fis li\u00e9s \u00e0 la gestion des travailleurs d\u00e9tach\u00e9s sur les chantiers de construction\"}]},{\"@type\":\"WebSite\",\"@id\":\"https:\\\/\\\/rapid-interim.com\\\/#website\",\"url\":\"https:\\\/\\\/rapid-interim.com\\\/\",\"name\":\"rapid-interim\",\"description\":\"Interim et travail temporaire\",\"publisher\":{\"@id\":\"https:\\\/\\\/rapid-interim.com\\\/#organization\"},\"potentialAction\":[{\"@type\":\"SearchAction\",\"target\":{\"@type\":\"EntryPoint\",\"urlTemplate\":\"https:\\\/\\\/rapid-interim.com\\\/?s={search_term_string}\"},\"query-input\":{\"@type\":\"PropertyValueSpecification\",\"valueRequired\":true,\"valueName\":\"search_term_string\"}}],\"inLanguage\":\"fr-FR\"},{\"@type\":\"Organization\",\"@id\":\"https:\\\/\\\/rapid-interim.com\\\/#organization\",\"name\":\"rapid-interim\",\"url\":\"https:\\\/\\\/rapid-interim.com\\\/\",\"logo\":{\"@type\":\"ImageObject\",\"inLanguage\":\"fr-FR\",\"@id\":\"https:\\\/\\\/rapid-interim.com\\\/#\\\/schema\\\/logo\\\/image\\\/\",\"url\":\"https:\\\/\\\/rapid-interim.com\\\/wp-content\\\/uploads\\\/2022\\\/06\\\/cropped-rapid-inetrim.png\",\"contentUrl\":\"https:\\\/\\\/rapid-interim.com\\\/wp-content\\\/uploads\\\/2022\\\/06\\\/cropped-rapid-inetrim.png\",\"width\":314,\"height\":137,\"caption\":\"rapid-interim\"},\"image\":{\"@id\":\"https:\\\/\\\/rapid-interim.com\\\/#\\\/schema\\\/logo\\\/image\\\/\"}},{\"@type\":\"Person\",\"@id\":\"https:\\\/\\\/rapid-interim.com\\\/#\\\/schema\\\/person\\\/c80cf67768e43267c59b9c4095fac056\",\"name\":\"Marie Dubois\",\"image\":{\"@type\":\"ImageObject\",\"inLanguage\":\"fr-FR\",\"@id\":\"https:\\\/\\\/secure.gravatar.com\\\/avatar\\\/c5d9a389371c49a3eb3d5c05c1bdb9d2124cabb2c990e1eb227c370b66139bfe?s=96&d=mm&r=g\",\"url\":\"https:\\\/\\\/secure.gravatar.com\\\/avatar\\\/c5d9a389371c49a3eb3d5c05c1bdb9d2124cabb2c990e1eb227c370b66139bfe?s=96&d=mm&r=g\",\"contentUrl\":\"https:\\\/\\\/secure.gravatar.com\\\/avatar\\\/c5d9a389371c49a3eb3d5c05c1bdb9d2124cabb2c990e1eb227c370b66139bfe?s=96&d=mm&r=g\",\"caption\":\"Marie Dubois\"},\"sameAs\":[\"http:\\\/\\\/rapid-interim.com\"],\"url\":\"https:\\\/\\\/rapid-interim.com\\\/index.php\\\/author\\\/rapid-interim-com\\\/\"}]}<\/script>\n<!-- \/ Yoast SEO plugin. -->","yoast_head_json":{"title":"D\u00e9fis li\u00e9s \u00e0 la gestion des travailleurs d\u00e9tach\u00e9s sur les chantiers de construction - rapid-interim","description":"Les d\u00e9fis li\u00e9s \u00e0 la gestion des travailleurs d\u00e9tach\u00e9s sur les chantiers de construction : coordination, respect des normes de s\u00e9curit\u00e9.","robots":{"index":"index","follow":"follow","max-snippet":"max-snippet:-1","max-image-preview":"max-image-preview:large","max-video-preview":"max-video-preview:-1"},"canonical":"https:\/\/rapid-interim.com\/index.php\/2025\/02\/17\/les-defis-lies-a-la-gestion-des-travailleurs-detaches-sur-les-chantiers-de-construction\/","og_locale":"fr_FR","og_type":"article","og_title":"D\u00e9fis li\u00e9s \u00e0 la gestion des travailleurs d\u00e9tach\u00e9s sur les chantiers de construction - rapid-interim","og_description":"Les d\u00e9fis li\u00e9s \u00e0 la gestion des travailleurs d\u00e9tach\u00e9s sur les chantiers de construction : coordination, respect des normes de s\u00e9curit\u00e9.","og_url":"https:\/\/rapid-interim.com\/index.php\/2025\/02\/17\/les-defis-lies-a-la-gestion-des-travailleurs-detaches-sur-les-chantiers-de-construction\/","og_site_name":"rapid-interim","article_published_time":"2025-02-16T23:55:00+00:00","article_modified_time":"2025-03-03T20:26:18+00:00","og_image":[{"width":1000,"height":666,"url":"https:\/\/rapid-interim.com\/wp-content\/uploads\/2024\/09\/getbb.jpeg","type":"image\/jpeg"}],"author":"Marie Dubois","twitter_card":"summary_large_image","twitter_misc":{"\u00c9crit par":"Marie Dubois","Dur\u00e9e de lecture estim\u00e9e":"8 minutes"},"schema":{"@context":"https:\/\/schema.org","@graph":[{"@type":"Article","@id":"https:\/\/rapid-interim.com\/index.php\/2025\/02\/17\/les-defis-lies-a-la-gestion-des-travailleurs-detaches-sur-les-chantiers-de-construction\/#article","isPartOf":{"@id":"https:\/\/rapid-interim.com\/index.php\/2025\/02\/17\/les-defis-lies-a-la-gestion-des-travailleurs-detaches-sur-les-chantiers-de-construction\/"},"author":{"name":"Marie Dubois","@id":"https:\/\/rapid-interim.com\/#\/schema\/person\/c80cf67768e43267c59b9c4095fac056"},"headline":"D\u00e9fis li\u00e9s \u00e0 la gestion des travailleurs d\u00e9tach\u00e9s sur les chantiers de construction","datePublished":"2025-02-16T23:55:00+00:00","dateModified":"2025-03-03T20:26:18+00:00","mainEntityOfPage":{"@id":"https:\/\/rapid-interim.com\/index.php\/2025\/02\/17\/les-defis-lies-a-la-gestion-des-travailleurs-detaches-sur-les-chantiers-de-construction\/"},"wordCount":1636,"commentCount":0,"publisher":{"@id":"https:\/\/rapid-interim.com\/#organization"},"image":{"@id":"https:\/\/rapid-interim.com\/index.php\/2025\/02\/17\/les-defis-lies-a-la-gestion-des-travailleurs-detaches-sur-les-chantiers-de-construction\/#primaryimage"},"thumbnailUrl":"https:\/\/rapid-interim.com\/wp-content\/uploads\/2024\/09\/getbb.jpeg","keywords":["agence de recrutement roumanie","agence interim europeene","AGENCE INTERIM ROUMANIE","agriculteurs roumains","Construction","detachement roumain","\u00c9tancheurs Roumains Int\u00e9rimaires","interim d\u00e9tache","interim \u00e9tranger roumain","INTERIM ROUMANIE","TRAVAIL DETACHE","TRAVAIL DETACHE ROUMANIE"],"articleSection":["Blog","Construction"],"inLanguage":"fr-FR","potentialAction":[{"@type":"CommentAction","name":"Comment","target":["https:\/\/rapid-interim.com\/index.php\/2025\/02\/17\/les-defis-lies-a-la-gestion-des-travailleurs-detaches-sur-les-chantiers-de-construction\/#respond"]}]},{"@type":"WebPage","@id":"https:\/\/rapid-interim.com\/index.php\/2025\/02\/17\/les-defis-lies-a-la-gestion-des-travailleurs-detaches-sur-les-chantiers-de-construction\/","url":"https:\/\/rapid-interim.com\/index.php\/2025\/02\/17\/les-defis-lies-a-la-gestion-des-travailleurs-detaches-sur-les-chantiers-de-construction\/","name":"D\u00e9fis li\u00e9s \u00e0 la gestion des travailleurs d\u00e9tach\u00e9s sur les chantiers de construction - rapid-interim","isPartOf":{"@id":"https:\/\/rapid-interim.com\/#website"},"primaryImageOfPage":{"@id":"https:\/\/rapid-interim.com\/index.php\/2025\/02\/17\/les-defis-lies-a-la-gestion-des-travailleurs-detaches-sur-les-chantiers-de-construction\/#primaryimage"},"image":{"@id":"https:\/\/rapid-interim.com\/index.php\/2025\/02\/17\/les-defis-lies-a-la-gestion-des-travailleurs-detaches-sur-les-chantiers-de-construction\/#primaryimage"},"thumbnailUrl":"https:\/\/rapid-interim.com\/wp-content\/uploads\/2024\/09\/getbb.jpeg","datePublished":"2025-02-16T23:55:00+00:00","dateModified":"2025-03-03T20:26:18+00:00","description":"Les d\u00e9fis li\u00e9s \u00e0 la gestion des travailleurs d\u00e9tach\u00e9s sur les chantiers de construction : coordination, respect des normes de s\u00e9curit\u00e9.","breadcrumb":{"@id":"https:\/\/rapid-interim.com\/index.php\/2025\/02\/17\/les-defis-lies-a-la-gestion-des-travailleurs-detaches-sur-les-chantiers-de-construction\/#breadcrumb"},"inLanguage":"fr-FR","potentialAction":[{"@type":"ReadAction","target":["https:\/\/rapid-interim.com\/index.php\/2025\/02\/17\/les-defis-lies-a-la-gestion-des-travailleurs-detaches-sur-les-chantiers-de-construction\/"]}]},{"@type":"ImageObject","inLanguage":"fr-FR","@id":"https:\/\/rapid-interim.com\/index.php\/2025\/02\/17\/les-defis-lies-a-la-gestion-des-travailleurs-detaches-sur-les-chantiers-de-construction\/#primaryimage","url":"https:\/\/rapid-interim.com\/wp-content\/uploads\/2024\/09\/getbb.jpeg","contentUrl":"https:\/\/rapid-interim.com\/wp-content\/uploads\/2024\/09\/getbb.jpeg","width":1000,"height":666},{"@type":"BreadcrumbList","@id":"https:\/\/rapid-interim.com\/index.php\/2025\/02\/17\/les-defis-lies-a-la-gestion-des-travailleurs-detaches-sur-les-chantiers-de-construction\/#breadcrumb","itemListElement":[{"@type":"ListItem","position":1,"name":"Accueil","item":"https:\/\/rapid-interim.com\/"},{"@type":"ListItem","position":2,"name":"D\u00e9fis li\u00e9s \u00e0 la gestion des travailleurs d\u00e9tach\u00e9s sur les chantiers de construction"}]},{"@type":"WebSite","@id":"https:\/\/rapid-interim.com\/#website","url":"https:\/\/rapid-interim.com\/","name":"rapid-interim","description":"Interim et travail temporaire","publisher":{"@id":"https:\/\/rapid-interim.com\/#organization"},"potentialAction":[{"@type":"SearchAction","target":{"@type":"EntryPoint","urlTemplate":"https:\/\/rapid-interim.com\/?s={search_term_string}"},"query-input":{"@type":"PropertyValueSpecification","valueRequired":true,"valueName":"search_term_string"}}],"inLanguage":"fr-FR"},{"@type":"Organization","@id":"https:\/\/rapid-interim.com\/#organization","name":"rapid-interim","url":"https:\/\/rapid-interim.com\/","logo":{"@type":"ImageObject","inLanguage":"fr-FR","@id":"https:\/\/rapid-interim.com\/#\/schema\/logo\/image\/","url":"https:\/\/rapid-interim.com\/wp-content\/uploads\/2022\/06\/cropped-rapid-inetrim.png","contentUrl":"https:\/\/rapid-interim.com\/wp-content\/uploads\/2022\/06\/cropped-rapid-inetrim.png","width":314,"height":137,"caption":"rapid-interim"},"image":{"@id":"https:\/\/rapid-interim.com\/#\/schema\/logo\/image\/"}},{"@type":"Person","@id":"https:\/\/rapid-interim.com\/#\/schema\/person\/c80cf67768e43267c59b9c4095fac056","name":"Marie Dubois","image":{"@type":"ImageObject","inLanguage":"fr-FR","@id":"https:\/\/secure.gravatar.com\/avatar\/c5d9a389371c49a3eb3d5c05c1bdb9d2124cabb2c990e1eb227c370b66139bfe?s=96&d=mm&r=g","url":"https:\/\/secure.gravatar.com\/avatar\/c5d9a389371c49a3eb3d5c05c1bdb9d2124cabb2c990e1eb227c370b66139bfe?s=96&d=mm&r=g","contentUrl":"https:\/\/secure.gravatar.com\/avatar\/c5d9a389371c49a3eb3d5c05c1bdb9d2124cabb2c990e1eb227c370b66139bfe?s=96&d=mm&r=g","caption":"Marie Dubois"},"sameAs":["http:\/\/rapid-interim.com"],"url":"https:\/\/rapid-interim.com\/index.php\/author\/rapid-interim-com\/"}]}},"jetpack_featured_media_url":"https:\/\/rapid-interim.com\/wp-content\/uploads\/2024\/09\/getbb.jpeg","jetpack_sharing_enabled":true,"_links":{"self":[{"href":"https:\/\/rapid-interim.com\/index.php\/wp-json\/wp\/v2\/posts\/21877","targetHints":{"allow":["GET"]}}],"collection":[{"href":"https:\/\/rapid-interim.com\/index.php\/wp-json\/wp\/v2\/posts"}],"about":[{"href":"https:\/\/rapid-interim.com\/index.php\/wp-json\/wp\/v2\/types\/post"}],"author":[{"embeddable":true,"href":"https:\/\/rapid-interim.com\/index.php\/wp-json\/wp\/v2\/users\/1"}],"replies":[{"embeddable":true,"href":"https:\/\/rapid-interim.com\/index.php\/wp-json\/wp\/v2\/comments?post=21877"}],"version-history":[{"count":2,"href":"https:\/\/rapid-interim.com\/index.php\/wp-json\/wp\/v2\/posts\/21877\/revisions"}],"predecessor-version":[{"id":22047,"href":"https:\/\/rapid-interim.com\/index.php\/wp-json\/wp\/v2\/posts\/21877\/revisions\/22047"}],"wp:featuredmedia":[{"embeddable":true,"href":"https:\/\/rapid-interim.com\/index.php\/wp-json\/wp\/v2\/media\/21629"}],"wp:attachment":[{"href":"https:\/\/rapid-interim.com\/index.php\/wp-json\/wp\/v2\/media?parent=21877"}],"wp:term":[{"taxonomy":"category","embeddable":true,"href":"https:\/\/rapid-interim.com\/index.php\/wp-json\/wp\/v2\/categories?post=21877"},{"taxonomy":"post_tag","embeddable":true,"href":"https:\/\/rapid-interim.com\/index.php\/wp-json\/wp\/v2\/tags?post=21877"}],"curies":[{"name":"wp","href":"https:\/\/api.w.org\/{rel}","templated":true}]}}