{"id":21852,"date":"2024-12-25T11:46:54","date_gmt":"2024-12-25T10:46:54","guid":{"rendered":"https:\/\/rapid-interim.com\/?p=21852"},"modified":"2024-12-23T11:58:26","modified_gmt":"2024-12-23T10:58:26","slug":"programmes-de-formation-pour-les-travailleurs-roumains-en-europe-2","status":"publish","type":"post","link":"https:\/\/rapid-interim.com\/index.php\/2024\/12\/25\/programmes-de-formation-pour-les-travailleurs-roumains-en-europe-2\/","title":{"rendered":"Programmes de Formation pour les Travailleurs Roumains en Europe"},"content":{"rendered":"<p>Les programmes de formation destin\u00e9s aux <a href=\"https:\/\/rapid-interim.com\/index.php\/2025\/02\/24\/reglementation-europeenne-et-detachement-des-travailleurs-roumains\/\" data-internallinksmanager029f6b8e52c=\"28\" title=\"Travailleurs roumains\">travailleurs roumains<\/a> en Europe jouent un r\u00f4le fondamental dans le renforcement de leurs comp\u00e9tences et dans leur int\u00e9gration r\u00e9ussie sur les march\u00e9s du travail \u00e9trangers. Ces initiatives permettent de r\u00e9pondre aux besoins de divers secteurs, en particulier le BTP, l&rsquo;industrie, et la logistique. Cet article explore les diff\u00e9rentes opportunit\u00e9s de formation disponibles et leur impact sur l&#8217;emploi des travailleurs d\u00e9tach\u00e9s.<\/p>\n<hr \/>\n<h3><strong>1. Des formations adapt\u00e9es aux standards europ\u00e9ens<\/strong><\/h3>\n<p>Les <a href=\"https:\/\/rapid-interim.com\/index.php\/2025\/02\/24\/reglementation-europeenne-et-detachement-des-travailleurs-roumains\/\" data-internallinksmanager029f6b8e52c=\"28\" title=\"Travailleurs roumains\">travailleurs roumains<\/a> b\u00e9n\u00e9ficient de formations sp\u00e9cifiques qui respectent les normes europ\u00e9ennes et facilitent leur insertion professionnelle.<img fetchpriority=\"high\" decoding=\"async\" class=\"alignnone size-full wp-image-21660\" src=\"https:\/\/rapid-interim.com\/wp-content\/uploads\/2024\/09\/1444x920_un-soudeur-lors-du-championnat-de-france-des-soud.jpeg\" alt=\"\" width=\"1444\" height=\"920\" srcset=\"https:\/\/rapid-interim.com\/wp-content\/uploads\/2024\/09\/1444x920_un-soudeur-lors-du-championnat-de-france-des-soud.jpeg 1444w, https:\/\/rapid-interim.com\/wp-content\/uploads\/2024\/09\/1444x920_un-soudeur-lors-du-championnat-de-france-des-soud-300x191.jpeg 300w, https:\/\/rapid-interim.com\/wp-content\/uploads\/2024\/09\/1444x920_un-soudeur-lors-du-championnat-de-france-des-soud-1024x652.jpeg 1024w, https:\/\/rapid-interim.com\/wp-content\/uploads\/2024\/09\/1444x920_un-soudeur-lors-du-championnat-de-france-des-soud-768x489.jpeg 768w, https:\/\/rapid-interim.com\/wp-content\/uploads\/2024\/09\/1444x920_un-soudeur-lors-du-championnat-de-france-des-soud-600x382.jpeg 600w\" sizes=\"(max-width: 1444px) 100vw, 1444px\" \/><\/p>\n<ul>\n<li><strong>Programmes techniques certifi\u00e9s<\/strong> : De nombreuses \u00e9coles professionnelles en Roumanie offrent des certifications reconnues dans l&rsquo;ensemble de l&rsquo;UE.<\/li>\n<li><strong>Formation continue<\/strong> : Les travailleurs peuvent suivre des modules de perfectionnement tout au long de leur carri\u00e8re pour s&rsquo;adapter aux \u00e9volutions technologiques et sectorielles.<\/li>\n<li><strong>Apprentissage des langues<\/strong> : Des cours de langues sont souvent int\u00e9gr\u00e9s aux programmes afin de favoriser la communication et l&rsquo;int\u00e9gration culturelle.<\/li>\n<\/ul>\n<hr \/>\n<h3><strong>2. Les secteurs b\u00e9n\u00e9ficiant de ces formations<\/strong><\/h3>\n<p>Certains secteurs europ\u00e9ens font appel en priorit\u00e9 \u00e0 des <a href=\"https:\/\/rapid-interim.com\/index.php\/2025\/02\/24\/reglementation-europeenne-et-detachement-des-travailleurs-roumains\/\" data-internallinksmanager029f6b8e52c=\"28\" title=\"Travailleurs roumains\">travailleurs roumains<\/a> form\u00e9s dans des domaines cl\u00e9s.<\/p>\n<ul>\n<li><strong>BTP<\/strong> : Formation en ma\u00e7onnerie, \u00e9lectricit\u00e9, plomberie et charpenterie.<\/li>\n<li><strong>Industrie<\/strong> : Programmes sp\u00e9cialis\u00e9s dans la m\u00e9tallurgie, la m\u00e9canique et l&rsquo;automatisation industrielle.<\/li>\n<li><strong>Transport et logistique<\/strong> : Formation \u00e0 la conduite de poids lourds, \u00e0 la gestion d\u2019entrep\u00f4t et aux syst\u00e8mes logistiques.<\/li>\n<\/ul>\n<hr \/>\n<h3><strong>3. Collaboration entre agences d&rsquo;int\u00e9rim et centres de formation<\/strong><\/h3>\n<p>Les <a href=\"https:\/\/rapid-interim.com\/\" data-internallinksmanager029f6b8e52c=\"47\" title=\"agences d\u2019int\u00e9rim\">agences d&rsquo;int\u00e9rim<\/a> jouent un r\u00f4le central dans l&rsquo;organisation des programmes de formation pour les travailleurs d\u00e9tach\u00e9s.<\/p>\n<ul>\n<li><strong>Partenariats locaux et europ\u00e9ens<\/strong> : De nombreux partenariats sont \u00e9tablis entre les <a href=\"https:\/\/rapid-interim.com\/\" data-internallinksmanager029f6b8e52c=\"47\" title=\"agences d\u2019int\u00e9rim\">agences d\u2019int\u00e9rim<\/a> et les centres de formation pour garantir un apprentissage cibl\u00e9.<\/li>\n<li><strong>Formations acc\u00e9l\u00e9r\u00e9es<\/strong> : Des formations intensives permettent de r\u00e9pondre rapidement aux besoins du march\u00e9.<\/li>\n<li><strong>Acc\u00e8s \u00e0 des certifications professionnelles<\/strong> : Les travailleurs obtiennent des qualifications leur permettant d\u2019\u00eatre op\u00e9rationnels d\u00e8s leur arriv\u00e9e sur les chantiers ou dans les entreprises.<\/li>\n<\/ul>\n<hr \/>\n<h3><strong>4. Impact positif sur l&#8217;emploi et la comp\u00e9titivit\u00e9<img decoding=\"async\" class=\"alignnone size-full wp-image-21647\" src=\"https:\/\/rapid-interim.com\/wp-content\/uploads\/2024\/09\/metiers_CT_metreur_deviseur_route.jpg\" alt=\"\" width=\"944\" height=\"630\" srcset=\"https:\/\/rapid-interim.com\/wp-content\/uploads\/2024\/09\/metiers_CT_metreur_deviseur_route.jpg 944w, https:\/\/rapid-interim.com\/wp-content\/uploads\/2024\/09\/metiers_CT_metreur_deviseur_route-300x200.jpg 300w, https:\/\/rapid-interim.com\/wp-content\/uploads\/2024\/09\/metiers_CT_metreur_deviseur_route-768x513.jpg 768w, https:\/\/rapid-interim.com\/wp-content\/uploads\/2024\/09\/metiers_CT_metreur_deviseur_route-600x400.jpg 600w\" sizes=\"(max-width: 944px) 100vw, 944px\" \/><\/strong><\/h3>\n<p>Les formations destin\u00e9es aux <a href=\"https:\/\/rapid-interim.com\/index.php\/2025\/02\/24\/reglementation-europeenne-et-detachement-des-travailleurs-roumains\/\" data-internallinksmanager029f6b8e52c=\"28\" title=\"Travailleurs roumains\">travailleurs roumains<\/a> renforcent leur employabilit\u00e9 et contribuent au dynamisme \u00e9conomique europ\u00e9en.<\/p>\n<ul>\n<li><strong>Mont\u00e9e en comp\u00e9tences<\/strong> : Les formations permettent aux travailleurs de s\u2019adapter \u00e0 des postes plus qualifi\u00e9s et mieux r\u00e9mun\u00e9r\u00e9s.<\/li>\n<li><strong>R\u00e9duction des p\u00e9nuries de main-d\u2019\u0153uvre<\/strong> : Les secteurs en tension b\u00e9n\u00e9ficient directement de l\u2019apport de travailleurs form\u00e9s et imm\u00e9diatement op\u00e9rationnels.<\/li>\n<li><strong>Int\u00e9gration facilit\u00e9e<\/strong> : La reconnaissance des qualifications au niveau europ\u00e9en acc\u00e9l\u00e8re l&rsquo;int\u00e9gration sur le march\u00e9 du travail.<\/li>\n<\/ul>\n<hr \/>\n<h3><strong>Conclusion<\/strong><\/h3>\n<p>Les programmes de formation pour les <a href=\"https:\/\/rapid-interim.com\/index.php\/2025\/02\/24\/reglementation-europeenne-et-detachement-des-travailleurs-roumains\/\" data-internallinksmanager029f6b8e52c=\"28\" title=\"Travailleurs roumains\">travailleurs roumains<\/a> sont essentiels pour assurer leur succ\u00e8s professionnel et r\u00e9pondre aux besoins croissants des entreprises europ\u00e9ennes. En investissant dans ces formations, les employeurs s&rsquo;assurent de disposer de ressources humaines qualifi\u00e9es et pr\u00eates \u00e0 relever les d\u00e9fis des diff\u00e9rents secteurs.<\/p>\n<p>Pour plus d&rsquo;informations ou pour toute question, contactez-nous \u00e0 <strong><a href=\"mailto:info@rapid-interim.com\">info@rapid-interim.com<\/a><\/strong>.<\/p>\n","protected":false},"excerpt":{"rendered":"<p>Les programmes de formation destin\u00e9s aux travailleurs roumains en Europe jouent un r\u00f4le fondamental dans le renforcement de leurs comp\u00e9tences et dans leur int\u00e9gration r\u00e9ussie sur les march\u00e9s du travail \u00e9trangers. Ces initiatives permettent de r\u00e9pondre aux besoins de divers secteurs, en particulier le BTP, l&rsquo;industrie, et la logistique. Cet article explore les diff\u00e9rentes opportunit\u00e9s [&hellip;]<\/p>\n","protected":false},"author":1,"featured_media":21512,"comment_status":"open","ping_status":"open","sticky":false,"template":"","format":"image","meta":{"_crdt_document":"","_jetpack_memberships_contains_paid_content":false,"footnotes":""},"categories":[1,133,102,101,117,100],"tags":[129,128,127,125,118,120,121,69,122,123,74,119,70,126,124],"class_list":["post-21852","post","type-post","status-publish","format-image","has-post-thumbnail","hentry","category-blog","category-distribution","category-hotellerie-et-restauration","category-logistique","category-sante","category-transport","tag-agence-de-recrutement-roumanie","tag-agence-interim-europeene","tag-agence-interim-travailleur-etranger","tag-detachement-roumain","tag-interim-detache","tag-interim-etranger","tag-interim-etranger-roumain","tag-interim-roumanie","tag-interimaire-etranger","tag-interimaires-roumains","tag-travail-detache","tag-travail-detache-roumain","tag-travailleur-roumain","tag-travailleur-temporaire-roumain","tag-travaillleur-detache-roumain","post_format-post-format-image","nd_cc_cpt_1_tax_1-agriculture","nd_cc_cpt_1_tax_1-construction","nd_cc_cpt_1_tax_1-distribution","nd_cc_cpt_1_tax_1-industrie","nd_cc_cpt_1_tax_1-logistique","nd_cc_cpt_1_tax_1-sante","nd_cc_cpt_1_tax_1-transport","nd_cc_cpt_1_tax_1-travaux-publics"],"yoast_head":"<!-- This site is optimized with the Yoast SEO plugin v27.5 - https:\/\/yoast.com\/product\/yoast-seo-wordpress\/ -->\n<title>Programmes de Formation pour les Travailleurs Roumains en Europe - rapid-interim<\/title>\n<meta name=\"robots\" content=\"index, follow, max-snippet:-1, max-image-preview:large, max-video-preview:-1\" \/>\n<link rel=\"canonical\" href=\"https:\/\/rapid-interim.com\/index.php\/2024\/12\/25\/programmes-de-formation-pour-les-travailleurs-roumains-en-europe-2\/\" \/>\n<meta property=\"og:locale\" content=\"fr_FR\" \/>\n<meta property=\"og:type\" content=\"article\" \/>\n<meta property=\"og:title\" content=\"Programmes de Formation pour les Travailleurs Roumains en Europe - rapid-interim\" \/>\n<meta property=\"og:description\" content=\"Les programmes de formation destin\u00e9s aux travailleurs roumains en Europe jouent un r\u00f4le fondamental dans le renforcement de leurs comp\u00e9tences et dans leur int\u00e9gration r\u00e9ussie sur les march\u00e9s du travail \u00e9trangers. Ces initiatives permettent de r\u00e9pondre aux besoins de divers secteurs, en particulier le BTP, l&rsquo;industrie, et la logistique. Cet article explore les diff\u00e9rentes opportunit\u00e9s [&hellip;]\" \/>\n<meta property=\"og:url\" content=\"https:\/\/rapid-interim.com\/index.php\/2024\/12\/25\/programmes-de-formation-pour-les-travailleurs-roumains-en-europe-2\/\" \/>\n<meta property=\"og:site_name\" content=\"rapid-interim\" \/>\n<meta property=\"article:published_time\" content=\"2024-12-25T10:46:54+00:00\" \/>\n<meta property=\"og:image\" content=\"https:\/\/rapid-interim.com\/wp-content\/uploads\/2024\/06\/conducteur-routier-Val-Thoermer-Fotolia.jpg\" \/>\n\t<meta property=\"og:image:width\" content=\"1200\" \/>\n\t<meta property=\"og:image:height\" content=\"800\" \/>\n\t<meta property=\"og:image:type\" content=\"image\/jpeg\" \/>\n<meta name=\"author\" content=\"Marie Dubois\" \/>\n<meta name=\"twitter:card\" content=\"summary_large_image\" \/>\n<meta name=\"twitter:label1\" content=\"\u00c9crit par\" \/>\n\t<meta name=\"twitter:data1\" content=\"Marie Dubois\" \/>\n\t<meta name=\"twitter:label2\" content=\"Dur\u00e9e de lecture estim\u00e9e\" \/>\n\t<meta name=\"twitter:data2\" content=\"3 minutes\" \/>\n<script type=\"application\/ld+json\" class=\"yoast-schema-graph\">{\"@context\":\"https:\\\/\\\/schema.org\",\"@graph\":[{\"@type\":\"Article\",\"@id\":\"https:\\\/\\\/rapid-interim.com\\\/index.php\\\/2024\\\/12\\\/25\\\/programmes-de-formation-pour-les-travailleurs-roumains-en-europe-2\\\/#article\",\"isPartOf\":{\"@id\":\"https:\\\/\\\/rapid-interim.com\\\/index.php\\\/2024\\\/12\\\/25\\\/programmes-de-formation-pour-les-travailleurs-roumains-en-europe-2\\\/\"},\"author\":{\"name\":\"Marie Dubois\",\"@id\":\"https:\\\/\\\/rapid-interim.com\\\/#\\\/schema\\\/person\\\/c80cf67768e43267c59b9c4095fac056\"},\"headline\":\"Programmes de Formation pour les Travailleurs Roumains en Europe\",\"datePublished\":\"2024-12-25T10:46:54+00:00\",\"mainEntityOfPage\":{\"@id\":\"https:\\\/\\\/rapid-interim.com\\\/index.php\\\/2024\\\/12\\\/25\\\/programmes-de-formation-pour-les-travailleurs-roumains-en-europe-2\\\/\"},\"wordCount\":527,\"commentCount\":0,\"publisher\":{\"@id\":\"https:\\\/\\\/rapid-interim.com\\\/#organization\"},\"image\":{\"@id\":\"https:\\\/\\\/rapid-interim.com\\\/index.php\\\/2024\\\/12\\\/25\\\/programmes-de-formation-pour-les-travailleurs-roumains-en-europe-2\\\/#primaryimage\"},\"thumbnailUrl\":\"https:\\\/\\\/rapid-interim.com\\\/wp-content\\\/uploads\\\/2024\\\/06\\\/conducteur-routier-Val-Thoermer-Fotolia.jpg\",\"keywords\":[\"agence de recrutement roumanie\",\"agence interim europeene\",\"agence interim travailleur etranger\",\"detachement roumain\",\"interim d\u00e9tache\",\"interim etranger\",\"interim \u00e9tranger roumain\",\"INTERIM ROUMANIE\",\"interimaire etranger\",\"Interimaires roumains\",\"TRAVAIL DETACHE\",\"travail detache roumain\",\"TRAVAILLEUR ROUMAIN\",\"travailleur temporaire roumain\",\"travaillleur detache roumain\"],\"articleSection\":[\"Blog\",\"Distribution\",\"H\u00f4tellerie et restauration\",\"Logistique\",\"Sant\u00e9\",\"Transport\"],\"inLanguage\":\"fr-FR\",\"potentialAction\":[{\"@type\":\"CommentAction\",\"name\":\"Comment\",\"target\":[\"https:\\\/\\\/rapid-interim.com\\\/index.php\\\/2024\\\/12\\\/25\\\/programmes-de-formation-pour-les-travailleurs-roumains-en-europe-2\\\/#respond\"]}]},{\"@type\":\"WebPage\",\"@id\":\"https:\\\/\\\/rapid-interim.com\\\/index.php\\\/2024\\\/12\\\/25\\\/programmes-de-formation-pour-les-travailleurs-roumains-en-europe-2\\\/\",\"url\":\"https:\\\/\\\/rapid-interim.com\\\/index.php\\\/2024\\\/12\\\/25\\\/programmes-de-formation-pour-les-travailleurs-roumains-en-europe-2\\\/\",\"name\":\"Programmes de Formation pour les Travailleurs Roumains en Europe - rapid-interim\",\"isPartOf\":{\"@id\":\"https:\\\/\\\/rapid-interim.com\\\/#website\"},\"primaryImageOfPage\":{\"@id\":\"https:\\\/\\\/rapid-interim.com\\\/index.php\\\/2024\\\/12\\\/25\\\/programmes-de-formation-pour-les-travailleurs-roumains-en-europe-2\\\/#primaryimage\"},\"image\":{\"@id\":\"https:\\\/\\\/rapid-interim.com\\\/index.php\\\/2024\\\/12\\\/25\\\/programmes-de-formation-pour-les-travailleurs-roumains-en-europe-2\\\/#primaryimage\"},\"thumbnailUrl\":\"https:\\\/\\\/rapid-interim.com\\\/wp-content\\\/uploads\\\/2024\\\/06\\\/conducteur-routier-Val-Thoermer-Fotolia.jpg\",\"datePublished\":\"2024-12-25T10:46:54+00:00\",\"breadcrumb\":{\"@id\":\"https:\\\/\\\/rapid-interim.com\\\/index.php\\\/2024\\\/12\\\/25\\\/programmes-de-formation-pour-les-travailleurs-roumains-en-europe-2\\\/#breadcrumb\"},\"inLanguage\":\"fr-FR\",\"potentialAction\":[{\"@type\":\"ReadAction\",\"target\":[\"https:\\\/\\\/rapid-interim.com\\\/index.php\\\/2024\\\/12\\\/25\\\/programmes-de-formation-pour-les-travailleurs-roumains-en-europe-2\\\/\"]}]},{\"@type\":\"ImageObject\",\"inLanguage\":\"fr-FR\",\"@id\":\"https:\\\/\\\/rapid-interim.com\\\/index.php\\\/2024\\\/12\\\/25\\\/programmes-de-formation-pour-les-travailleurs-roumains-en-europe-2\\\/#primaryimage\",\"url\":\"https:\\\/\\\/rapid-interim.com\\\/wp-content\\\/uploads\\\/2024\\\/06\\\/conducteur-routier-Val-Thoermer-Fotolia.jpg\",\"contentUrl\":\"https:\\\/\\\/rapid-interim.com\\\/wp-content\\\/uploads\\\/2024\\\/06\\\/conducteur-routier-Val-Thoermer-Fotolia.jpg\",\"width\":1200,\"height\":800},{\"@type\":\"BreadcrumbList\",\"@id\":\"https:\\\/\\\/rapid-interim.com\\\/index.php\\\/2024\\\/12\\\/25\\\/programmes-de-formation-pour-les-travailleurs-roumains-en-europe-2\\\/#breadcrumb\",\"itemListElement\":[{\"@type\":\"ListItem\",\"position\":1,\"name\":\"Accueil\",\"item\":\"https:\\\/\\\/rapid-interim.com\\\/\"},{\"@type\":\"ListItem\",\"position\":2,\"name\":\"Programmes de Formation pour les Travailleurs Roumains en Europe\"}]},{\"@type\":\"WebSite\",\"@id\":\"https:\\\/\\\/rapid-interim.com\\\/#website\",\"url\":\"https:\\\/\\\/rapid-interim.com\\\/\",\"name\":\"rapid-interim\",\"description\":\"Interim et travail temporaire\",\"publisher\":{\"@id\":\"https:\\\/\\\/rapid-interim.com\\\/#organization\"},\"potentialAction\":[{\"@type\":\"SearchAction\",\"target\":{\"@type\":\"EntryPoint\",\"urlTemplate\":\"https:\\\/\\\/rapid-interim.com\\\/?s={search_term_string}\"},\"query-input\":{\"@type\":\"PropertyValueSpecification\",\"valueRequired\":true,\"valueName\":\"search_term_string\"}}],\"inLanguage\":\"fr-FR\"},{\"@type\":\"Organization\",\"@id\":\"https:\\\/\\\/rapid-interim.com\\\/#organization\",\"name\":\"rapid-interim\",\"url\":\"https:\\\/\\\/rapid-interim.com\\\/\",\"logo\":{\"@type\":\"ImageObject\",\"inLanguage\":\"fr-FR\",\"@id\":\"https:\\\/\\\/rapid-interim.com\\\/#\\\/schema\\\/logo\\\/image\\\/\",\"url\":\"https:\\\/\\\/rapid-interim.com\\\/wp-content\\\/uploads\\\/2022\\\/06\\\/cropped-rapid-inetrim.png\",\"contentUrl\":\"https:\\\/\\\/rapid-interim.com\\\/wp-content\\\/uploads\\\/2022\\\/06\\\/cropped-rapid-inetrim.png\",\"width\":314,\"height\":137,\"caption\":\"rapid-interim\"},\"image\":{\"@id\":\"https:\\\/\\\/rapid-interim.com\\\/#\\\/schema\\\/logo\\\/image\\\/\"}},{\"@type\":\"Person\",\"@id\":\"https:\\\/\\\/rapid-interim.com\\\/#\\\/schema\\\/person\\\/c80cf67768e43267c59b9c4095fac056\",\"name\":\"Marie Dubois\",\"image\":{\"@type\":\"ImageObject\",\"inLanguage\":\"fr-FR\",\"@id\":\"https:\\\/\\\/secure.gravatar.com\\\/avatar\\\/c5d9a389371c49a3eb3d5c05c1bdb9d2124cabb2c990e1eb227c370b66139bfe?s=96&d=mm&r=g\",\"url\":\"https:\\\/\\\/secure.gravatar.com\\\/avatar\\\/c5d9a389371c49a3eb3d5c05c1bdb9d2124cabb2c990e1eb227c370b66139bfe?s=96&d=mm&r=g\",\"contentUrl\":\"https:\\\/\\\/secure.gravatar.com\\\/avatar\\\/c5d9a389371c49a3eb3d5c05c1bdb9d2124cabb2c990e1eb227c370b66139bfe?s=96&d=mm&r=g\",\"caption\":\"Marie Dubois\"},\"sameAs\":[\"http:\\\/\\\/rapid-interim.com\"],\"url\":\"https:\\\/\\\/rapid-interim.com\\\/index.php\\\/author\\\/rapid-interim-com\\\/\"}]}<\/script>\n<!-- \/ Yoast SEO plugin. -->","yoast_head_json":{"title":"Programmes de Formation pour les Travailleurs Roumains en Europe - rapid-interim","robots":{"index":"index","follow":"follow","max-snippet":"max-snippet:-1","max-image-preview":"max-image-preview:large","max-video-preview":"max-video-preview:-1"},"canonical":"https:\/\/rapid-interim.com\/index.php\/2024\/12\/25\/programmes-de-formation-pour-les-travailleurs-roumains-en-europe-2\/","og_locale":"fr_FR","og_type":"article","og_title":"Programmes de Formation pour les Travailleurs Roumains en Europe - rapid-interim","og_description":"Les programmes de formation destin\u00e9s aux travailleurs roumains en Europe jouent un r\u00f4le fondamental dans le renforcement de leurs comp\u00e9tences et dans leur int\u00e9gration r\u00e9ussie sur les march\u00e9s du travail \u00e9trangers. Ces initiatives permettent de r\u00e9pondre aux besoins de divers secteurs, en particulier le BTP, l&rsquo;industrie, et la logistique. Cet article explore les diff\u00e9rentes opportunit\u00e9s [&hellip;]","og_url":"https:\/\/rapid-interim.com\/index.php\/2024\/12\/25\/programmes-de-formation-pour-les-travailleurs-roumains-en-europe-2\/","og_site_name":"rapid-interim","article_published_time":"2024-12-25T10:46:54+00:00","og_image":[{"width":1200,"height":800,"url":"https:\/\/rapid-interim.com\/wp-content\/uploads\/2024\/06\/conducteur-routier-Val-Thoermer-Fotolia.jpg","type":"image\/jpeg"}],"author":"Marie Dubois","twitter_card":"summary_large_image","twitter_misc":{"\u00c9crit par":"Marie Dubois","Dur\u00e9e de lecture estim\u00e9e":"3 minutes"},"schema":{"@context":"https:\/\/schema.org","@graph":[{"@type":"Article","@id":"https:\/\/rapid-interim.com\/index.php\/2024\/12\/25\/programmes-de-formation-pour-les-travailleurs-roumains-en-europe-2\/#article","isPartOf":{"@id":"https:\/\/rapid-interim.com\/index.php\/2024\/12\/25\/programmes-de-formation-pour-les-travailleurs-roumains-en-europe-2\/"},"author":{"name":"Marie Dubois","@id":"https:\/\/rapid-interim.com\/#\/schema\/person\/c80cf67768e43267c59b9c4095fac056"},"headline":"Programmes de Formation pour les Travailleurs Roumains en Europe","datePublished":"2024-12-25T10:46:54+00:00","mainEntityOfPage":{"@id":"https:\/\/rapid-interim.com\/index.php\/2024\/12\/25\/programmes-de-formation-pour-les-travailleurs-roumains-en-europe-2\/"},"wordCount":527,"commentCount":0,"publisher":{"@id":"https:\/\/rapid-interim.com\/#organization"},"image":{"@id":"https:\/\/rapid-interim.com\/index.php\/2024\/12\/25\/programmes-de-formation-pour-les-travailleurs-roumains-en-europe-2\/#primaryimage"},"thumbnailUrl":"https:\/\/rapid-interim.com\/wp-content\/uploads\/2024\/06\/conducteur-routier-Val-Thoermer-Fotolia.jpg","keywords":["agence de recrutement roumanie","agence interim europeene","agence interim travailleur etranger","detachement roumain","interim d\u00e9tache","interim etranger","interim \u00e9tranger roumain","INTERIM ROUMANIE","interimaire etranger","Interimaires roumains","TRAVAIL DETACHE","travail detache roumain","TRAVAILLEUR ROUMAIN","travailleur temporaire roumain","travaillleur detache roumain"],"articleSection":["Blog","Distribution","H\u00f4tellerie et restauration","Logistique","Sant\u00e9","Transport"],"inLanguage":"fr-FR","potentialAction":[{"@type":"CommentAction","name":"Comment","target":["https:\/\/rapid-interim.com\/index.php\/2024\/12\/25\/programmes-de-formation-pour-les-travailleurs-roumains-en-europe-2\/#respond"]}]},{"@type":"WebPage","@id":"https:\/\/rapid-interim.com\/index.php\/2024\/12\/25\/programmes-de-formation-pour-les-travailleurs-roumains-en-europe-2\/","url":"https:\/\/rapid-interim.com\/index.php\/2024\/12\/25\/programmes-de-formation-pour-les-travailleurs-roumains-en-europe-2\/","name":"Programmes de Formation pour les Travailleurs Roumains en Europe - rapid-interim","isPartOf":{"@id":"https:\/\/rapid-interim.com\/#website"},"primaryImageOfPage":{"@id":"https:\/\/rapid-interim.com\/index.php\/2024\/12\/25\/programmes-de-formation-pour-les-travailleurs-roumains-en-europe-2\/#primaryimage"},"image":{"@id":"https:\/\/rapid-interim.com\/index.php\/2024\/12\/25\/programmes-de-formation-pour-les-travailleurs-roumains-en-europe-2\/#primaryimage"},"thumbnailUrl":"https:\/\/rapid-interim.com\/wp-content\/uploads\/2024\/06\/conducteur-routier-Val-Thoermer-Fotolia.jpg","datePublished":"2024-12-25T10:46:54+00:00","breadcrumb":{"@id":"https:\/\/rapid-interim.com\/index.php\/2024\/12\/25\/programmes-de-formation-pour-les-travailleurs-roumains-en-europe-2\/#breadcrumb"},"inLanguage":"fr-FR","potentialAction":[{"@type":"ReadAction","target":["https:\/\/rapid-interim.com\/index.php\/2024\/12\/25\/programmes-de-formation-pour-les-travailleurs-roumains-en-europe-2\/"]}]},{"@type":"ImageObject","inLanguage":"fr-FR","@id":"https:\/\/rapid-interim.com\/index.php\/2024\/12\/25\/programmes-de-formation-pour-les-travailleurs-roumains-en-europe-2\/#primaryimage","url":"https:\/\/rapid-interim.com\/wp-content\/uploads\/2024\/06\/conducteur-routier-Val-Thoermer-Fotolia.jpg","contentUrl":"https:\/\/rapid-interim.com\/wp-content\/uploads\/2024\/06\/conducteur-routier-Val-Thoermer-Fotolia.jpg","width":1200,"height":800},{"@type":"BreadcrumbList","@id":"https:\/\/rapid-interim.com\/index.php\/2024\/12\/25\/programmes-de-formation-pour-les-travailleurs-roumains-en-europe-2\/#breadcrumb","itemListElement":[{"@type":"ListItem","position":1,"name":"Accueil","item":"https:\/\/rapid-interim.com\/"},{"@type":"ListItem","position":2,"name":"Programmes de Formation pour les Travailleurs Roumains en Europe"}]},{"@type":"WebSite","@id":"https:\/\/rapid-interim.com\/#website","url":"https:\/\/rapid-interim.com\/","name":"rapid-interim","description":"Interim et travail temporaire","publisher":{"@id":"https:\/\/rapid-interim.com\/#organization"},"potentialAction":[{"@type":"SearchAction","target":{"@type":"EntryPoint","urlTemplate":"https:\/\/rapid-interim.com\/?s={search_term_string}"},"query-input":{"@type":"PropertyValueSpecification","valueRequired":true,"valueName":"search_term_string"}}],"inLanguage":"fr-FR"},{"@type":"Organization","@id":"https:\/\/rapid-interim.com\/#organization","name":"rapid-interim","url":"https:\/\/rapid-interim.com\/","logo":{"@type":"ImageObject","inLanguage":"fr-FR","@id":"https:\/\/rapid-interim.com\/#\/schema\/logo\/image\/","url":"https:\/\/rapid-interim.com\/wp-content\/uploads\/2022\/06\/cropped-rapid-inetrim.png","contentUrl":"https:\/\/rapid-interim.com\/wp-content\/uploads\/2022\/06\/cropped-rapid-inetrim.png","width":314,"height":137,"caption":"rapid-interim"},"image":{"@id":"https:\/\/rapid-interim.com\/#\/schema\/logo\/image\/"}},{"@type":"Person","@id":"https:\/\/rapid-interim.com\/#\/schema\/person\/c80cf67768e43267c59b9c4095fac056","name":"Marie Dubois","image":{"@type":"ImageObject","inLanguage":"fr-FR","@id":"https:\/\/secure.gravatar.com\/avatar\/c5d9a389371c49a3eb3d5c05c1bdb9d2124cabb2c990e1eb227c370b66139bfe?s=96&d=mm&r=g","url":"https:\/\/secure.gravatar.com\/avatar\/c5d9a389371c49a3eb3d5c05c1bdb9d2124cabb2c990e1eb227c370b66139bfe?s=96&d=mm&r=g","contentUrl":"https:\/\/secure.gravatar.com\/avatar\/c5d9a389371c49a3eb3d5c05c1bdb9d2124cabb2c990e1eb227c370b66139bfe?s=96&d=mm&r=g","caption":"Marie Dubois"},"sameAs":["http:\/\/rapid-interim.com"],"url":"https:\/\/rapid-interim.com\/index.php\/author\/rapid-interim-com\/"}]}},"jetpack_featured_media_url":"https:\/\/rapid-interim.com\/wp-content\/uploads\/2024\/06\/conducteur-routier-Val-Thoermer-Fotolia.jpg","jetpack_sharing_enabled":true,"_links":{"self":[{"href":"https:\/\/rapid-interim.com\/index.php\/wp-json\/wp\/v2\/posts\/21852","targetHints":{"allow":["GET"]}}],"collection":[{"href":"https:\/\/rapid-interim.com\/index.php\/wp-json\/wp\/v2\/posts"}],"about":[{"href":"https:\/\/rapid-interim.com\/index.php\/wp-json\/wp\/v2\/types\/post"}],"author":[{"embeddable":true,"href":"https:\/\/rapid-interim.com\/index.php\/wp-json\/wp\/v2\/users\/1"}],"replies":[{"embeddable":true,"href":"https:\/\/rapid-interim.com\/index.php\/wp-json\/wp\/v2\/comments?post=21852"}],"version-history":[{"count":3,"href":"https:\/\/rapid-interim.com\/index.php\/wp-json\/wp\/v2\/posts\/21852\/revisions"}],"predecessor-version":[{"id":21855,"href":"https:\/\/rapid-interim.com\/index.php\/wp-json\/wp\/v2\/posts\/21852\/revisions\/21855"}],"wp:featuredmedia":[{"embeddable":true,"href":"https:\/\/rapid-interim.com\/index.php\/wp-json\/wp\/v2\/media\/21512"}],"wp:attachment":[{"href":"https:\/\/rapid-interim.com\/index.php\/wp-json\/wp\/v2\/media?parent=21852"}],"wp:term":[{"taxonomy":"category","embeddable":true,"href":"https:\/\/rapid-interim.com\/index.php\/wp-json\/wp\/v2\/categories?post=21852"},{"taxonomy":"post_tag","embeddable":true,"href":"https:\/\/rapid-interim.com\/index.php\/wp-json\/wp\/v2\/tags?post=21852"}],"curies":[{"name":"wp","href":"https:\/\/api.w.org\/{rel}","templated":true}]}}