{"id":21830,"date":"2024-12-13T08:02:53","date_gmt":"2024-12-13T07:02:53","guid":{"rendered":"https:\/\/rapid-interim.com\/?p=21830"},"modified":"2024-12-09T18:08:09","modified_gmt":"2024-12-09T17:08:09","slug":"perspectives-davenir-pour-le-travail-detache-roumain","status":"publish","type":"post","link":"https:\/\/rapid-interim.com\/index.php\/2024\/12\/13\/perspectives-davenir-pour-le-travail-detache-roumain\/","title":{"rendered":"Perspectives d\u2019avenir pour le travail d\u00e9tach\u00e9 roumain"},"content":{"rendered":"<p>Le <a href=\"https:\/\/rapid-interim.com\/index.php\/2025\/02\/20\/travail-detache-en-france-impact-sur-leconomie-locale\/\" data-internallinksmanager029f6b8e52c=\"25\" title=\"Travail d\u00e9tach\u00e9\">travail d\u00e9tach\u00e9<\/a> roumain joue un r\u00f4le crucial dans l&rsquo;\u00e9conomie europ\u00e9enne, offrant une <a href=\"https:\/\/rapid-interim.com\/\" data-internallinksmanager029f6b8e52c=\"45\" title=\"Main-d\u2019\u0153uvre qualifi\u00e9e\">main-d&rsquo;\u0153uvre qualifi\u00e9e<\/a> et comp\u00e9titive pour r\u00e9pondre aux besoins des entreprises confront\u00e9es \u00e0 des p\u00e9nuries. Avec des milliers de <a href=\"https:\/\/rapid-interim.com\/index.php\/2025\/02\/24\/reglementation-europeenne-et-detachement-des-travailleurs-roumains\/\" data-internallinksmanager029f6b8e52c=\"28\" title=\"Travailleurs roumains\">travailleurs roumains<\/a> employ\u00e9s chaque ann\u00e9e dans divers secteurs, ce mod\u00e8le est une solution strat\u00e9gique. Cependant, les dynamiques \u00e9conomiques, les \u00e9volutions l\u00e9gislatives et les d\u00e9fis sociaux influencent son avenir. Cet article explore les perspectives du <a href=\"https:\/\/rapid-interim.com\/index.php\/2025\/02\/20\/travail-detache-en-france-impact-sur-leconomie-locale\/\" data-internallinksmanager029f6b8e52c=\"25\" title=\"Travail d\u00e9tach\u00e9\">travail d\u00e9tach\u00e9<\/a> roumain en Europe, en identifiant les opportunit\u00e9s et les d\u00e9fis \u00e0 venir.<\/p>\n<hr \/>\n<h2><strong>1. L\u2019importance croissante du travail d\u00e9tach\u00e9 roumain en Europe<\/strong><\/h2>\n<p>La Roumanie est l\u2019un des principaux pays fournisseurs de travailleurs d\u00e9tach\u00e9s en Europe, gr\u00e2ce \u00e0 :<\/p>\n<ul>\n<li><strong>Une <a href=\"https:\/\/rapid-interim.com\/\" data-internallinksmanager029f6b8e52c=\"45\" title=\"Main-d\u2019\u0153uvre qualifi\u00e9e\">main-d&rsquo;\u0153uvre qualifi\u00e9e<\/a><\/strong> : Les <a href=\"https:\/\/rapid-interim.com\/index.php\/2025\/02\/24\/reglementation-europeenne-et-detachement-des-travailleurs-roumains\/\" data-internallinksmanager029f6b8e52c=\"28\" title=\"Travailleurs roumains\">travailleurs roumains<\/a> sont r\u00e9put\u00e9s pour leurs comp\u00e9tences dans des secteurs vari\u00e9s, tels que la construction, l\u2019industrie, et la sant\u00e9.<\/li>\n<li><strong>Des co\u00fbts salariaux comp\u00e9titifs<\/strong> : Bien que soumis aux r\u00e9glementations salariales du pays d\u2019accueil, les co\u00fbts globaux restent avantageux pour les employeurs.<\/li>\n<li><strong>Une forte mobilit\u00e9<\/strong> : Les <a href=\"https:\/\/rapid-interim.com\/index.php\/2025\/02\/24\/reglementation-europeenne-et-detachement-des-travailleurs-roumains\/\" data-internallinksmanager029f6b8e52c=\"28\" title=\"Travailleurs roumains\">travailleurs roumains<\/a> sont souvent pr\u00eats \u00e0 se d\u00e9placer pour des opportunit\u00e9s mieux r\u00e9mun\u00e9r\u00e9es.<\/li>\n<\/ul>\n<p>Ces atouts positionnent les <a href=\"https:\/\/rapid-interim.com\/index.php\/2025\/02\/24\/reglementation-europeenne-et-detachement-des-travailleurs-roumains\/\" data-internallinksmanager029f6b8e52c=\"28\" title=\"Travailleurs roumains\">travailleurs roumains<\/a> comme un pilier essentiel pour r\u00e9pondre aux p\u00e9nuries de main-d&rsquo;\u0153uvre dans plusieurs \u00c9tats membres.<img fetchpriority=\"high\" decoding=\"async\" class=\"alignnone size-full wp-image-21679\" src=\"https:\/\/rapid-interim.com\/wp-content\/uploads\/2024\/10\/union-cantal_ACKU1VK52_web.jpg.webp\" alt=\"\" width=\"747\" height=\"498\" srcset=\"https:\/\/rapid-interim.com\/wp-content\/uploads\/2024\/10\/union-cantal_ACKU1VK52_web.jpg.webp 747w, https:\/\/rapid-interim.com\/wp-content\/uploads\/2024\/10\/union-cantal_ACKU1VK52_web.jpg-300x200.webp 300w, https:\/\/rapid-interim.com\/wp-content\/uploads\/2024\/10\/union-cantal_ACKU1VK52_web.jpg-600x400.webp 600w\" sizes=\"(max-width: 747px) 100vw, 747px\" \/><\/p>\n<hr \/>\n<h2><strong>2. Opportunit\u00e9s pour l\u2019avenir<\/strong><\/h2>\n<h3><strong>a) Expansion dans de nouveaux secteurs<\/strong><\/h3>\n<p>Le <a href=\"https:\/\/rapid-interim.com\/index.php\/2025\/02\/20\/travail-detache-en-france-impact-sur-leconomie-locale\/\" data-internallinksmanager029f6b8e52c=\"25\" title=\"Travail d\u00e9tach\u00e9\">travail d\u00e9tach\u00e9<\/a> roumain s\u2019\u00e9tend au-del\u00e0 des secteurs traditionnels comme la construction ou l\u2019agriculture pour r\u00e9pondre \u00e0 des besoins croissants dans des domaines tels que :<\/p>\n<ul>\n<li><strong>La sant\u00e9 et les services m\u00e9dico-sociaux<\/strong> : Infirmiers, aides-soignants et techniciens de laboratoire.<\/li>\n<li><strong>L\u2019informatique et les technologies de l\u2019information<\/strong> : D\u00e9veloppeurs et ing\u00e9nieurs informatiques.<\/li>\n<li><strong>La logistique<\/strong> : Conducteurs de poids lourds, techniciens en logistique et manutentionnaires.<\/li>\n<\/ul>\n<h3><strong>b) Le r\u00f4le des agences d\u2019int\u00e9rim<\/strong><\/h3>\n<p>Les agences sp\u00e9cialis\u00e9es, comme celles op\u00e9rant en Roumanie, facilitent les d\u00e9marches administratives et offrent des services personnalis\u00e9s pour les entreprises europ\u00e9ennes. Ces structures pourraient se d\u00e9velopper davantage en proposant des solutions cl\u00e9s en main, incluant :<\/p>\n<ul>\n<li>La formation des travailleurs.<\/li>\n<li>Le soutien \u00e0 l\u2019int\u00e9gration sociale.<\/li>\n<li>La gestion des aspects l\u00e9gaux et administratifs.<\/li>\n<\/ul>\n<h3><strong>c) Renforcement des qualifications des travailleurs roumains<\/strong><\/h3>\n<p>L\u2019avenir du <a href=\"https:\/\/rapid-interim.com\/index.php\/2025\/02\/20\/travail-detache-en-france-impact-sur-leconomie-locale\/\" data-internallinksmanager029f6b8e52c=\"25\" title=\"Travail d\u00e9tach\u00e9\">travail d\u00e9tach\u00e9<\/a> d\u00e9pendra \u00e9galement de l\u2019am\u00e9lioration continue des comp\u00e9tences des travailleurs. Des programmes de formation cibl\u00e9s peuvent :<\/p>\n<ul>\n<li>R\u00e9pondre aux besoins sp\u00e9cifiques des entreprises.<\/li>\n<li>Accro\u00eetre l\u2019employabilit\u00e9 des travailleurs.<\/li>\n<li>Favoriser leur adaptation aux innovations technologiques et aux nouvelles normes.<\/li>\n<\/ul>\n<hr \/>\n<h2><strong>3. D\u00e9fis \u00e0 surmonter<\/strong><\/h2>\n<h3><strong>a) Complexit\u00e9 r\u00e9glementaire croissante<\/strong><\/h3>\n<p>La directive europ\u00e9enne sur le d\u00e9tachement des travailleurs a renforc\u00e9 les droits des travailleurs d\u00e9tach\u00e9s, imposant :<\/p>\n<ul>\n<li>Une \u00e9galit\u00e9 de r\u00e9mun\u00e9ration par rapport aux travailleurs locaux.<\/li>\n<li>Un encadrement strict des dur\u00e9es de d\u00e9tachement.<\/li>\n<\/ul>\n<p>Si ces mesures visent \u00e0 garantir une concurrence \u00e9quitable, elles augmentent aussi les co\u00fbts et les obligations administratives pour les entreprises et les <a href=\"https:\/\/rapid-interim.com\/\" data-internallinksmanager029f6b8e52c=\"47\" title=\"agences d\u2019int\u00e9rim\">agences d\u2019int\u00e9rim<\/a>.<\/p>\n<h3><strong>b) P\u00e9nurie de main-d&rsquo;\u0153uvre en Roumanie<\/strong><\/h3>\n<p>Paradoxalement, la Roumanie fait face \u00e0 sa propre p\u00e9nurie de main-d\u2019\u0153uvre dans certains secteurs, en raison de :<\/p>\n<ul>\n<li>L\u2019\u00e9migration massive de travailleurs.<\/li>\n<li>Le vieillissement de la population active.<\/li>\n<\/ul>\n<p>Ce ph\u00e9nom\u00e8ne pourrait limiter la disponibilit\u00e9 de travailleurs d\u00e9tach\u00e9s \u00e0 l\u2019avenir, obligeant les agences et les employeurs \u00e0 revoir leurs strat\u00e9gies de <a href=\"https:\/\/rapid-interim.com\/\" data-internallinksmanager029f6b8e52c=\"44\" title=\"Accueil - Agence d&#039;interim roumaine\">recrutement<\/a>.<\/p>\n<h3><strong>c) Int\u00e9gration sociale et culturelle<\/strong><\/h3>\n<p>Les travailleurs d\u00e9tach\u00e9s roumains peuvent rencontrer des difficult\u00e9s d\u2019int\u00e9gration dans les pays d\u2019accueil, li\u00e9es \u00e0 :<\/p>\n<ul>\n<li>La barri\u00e8re linguistique.<\/li>\n<li>Les diff\u00e9rences culturelles.<\/li>\n<li>L\u2019acc\u00e8s aux services sociaux et de sant\u00e9.<\/li>\n<\/ul>\n<p>Ces d\u00e9fis n\u00e9cessitent des efforts accrus pour assurer une int\u00e9gration r\u00e9ussie, b\u00e9n\u00e9fique pour les travailleurs et les employeurs.<\/p>\n<hr \/>\n<h2><strong>4. Les tendances influen\u00e7ant l\u2019avenir du travail d\u00e9tach\u00e9 roumain<img decoding=\"async\" class=\"alignnone size-full wp-image-21628\" src=\"https:\/\/rapid-interim.com\/wp-content\/uploads\/2024\/09\/budget-etancheur.jpg\" alt=\"\" width=\"740\" height=\"492\" srcset=\"https:\/\/rapid-interim.com\/wp-content\/uploads\/2024\/09\/budget-etancheur.jpg 740w, https:\/\/rapid-interim.com\/wp-content\/uploads\/2024\/09\/budget-etancheur-300x199.jpg 300w, https:\/\/rapid-interim.com\/wp-content\/uploads\/2024\/09\/budget-etancheur-600x399.jpg 600w\" sizes=\"(max-width: 740px) 100vw, 740px\" \/><\/strong><\/h2>\n<h3><strong>a) Num\u00e9risation et automatisation<\/strong><\/h3>\n<p>Avec l\u2019automatisation croissante dans certains secteurs, le besoin en main-d\u2019\u0153uvre peu qualifi\u00e9e pourrait diminuer, tandis que la demande pour des travailleurs qualifi\u00e9s augmentera.<\/p>\n<h3><strong>b) Focus sur la durabilit\u00e9<\/strong><\/h3>\n<p>Les entreprises europ\u00e9ennes, sous la pression des r\u00e9gulations environnementales, pourraient privil\u00e9gier des pratiques durables, influen\u00e7ant les secteurs qui recrutent des travailleurs d\u00e9tach\u00e9s.<\/p>\n<h3><strong>c) \u00c9volution des relations internationales<\/strong><\/h3>\n<p>La Roumanie, en tant que membre de l\u2019Union europ\u00e9enne, b\u00e9n\u00e9ficie des accords de libre circulation. Cependant, les relations politiques et \u00e9conomiques entre les \u00c9tats membres influenceront directement le march\u00e9 du <a href=\"https:\/\/rapid-interim.com\/index.php\/2025\/02\/20\/travail-detache-en-france-impact-sur-leconomie-locale\/\" data-internallinksmanager029f6b8e52c=\"25\" title=\"Travail d\u00e9tach\u00e9\">travail d\u00e9tach\u00e9<\/a>.<\/p>\n<hr \/>\n<h2><strong>5. Perspectives positives malgr\u00e9 les d\u00e9fis<\/strong><\/h2>\n<p>Malgr\u00e9 les d\u00e9fis, le <a href=\"https:\/\/rapid-interim.com\/index.php\/2025\/02\/20\/travail-detache-en-france-impact-sur-leconomie-locale\/\" data-internallinksmanager029f6b8e52c=\"25\" title=\"Travail d\u00e9tach\u00e9\">travail d\u00e9tach\u00e9<\/a> roumain a un avenir prometteur. Les entreprises europ\u00e9ennes continueront \u00e0 s\u2019appuyer sur cette solution pour :<\/p>\n<ul>\n<li>R\u00e9pondre aux p\u00e9nuries de <a href=\"https:\/\/rapid-interim.com\/\" data-internallinksmanager029f6b8e52c=\"45\" title=\"Main-d\u2019\u0153uvre qualifi\u00e9e\">main-d\u2019\u0153uvre qualifi\u00e9e<\/a>.<\/li>\n<li>G\u00e9rer les pics d\u2019activit\u00e9 saisonniers ou ponctuels.<\/li>\n<li>Acc\u00e9der \u00e0 des comp\u00e9tences sp\u00e9cifiques.<\/li>\n<\/ul>\n<p>De leur c\u00f4t\u00e9, les <a href=\"https:\/\/rapid-interim.com\/index.php\/2025\/02\/24\/reglementation-europeenne-et-detachement-des-travailleurs-roumains\/\" data-internallinksmanager029f6b8e52c=\"28\" title=\"Travailleurs roumains\">travailleurs roumains<\/a> b\u00e9n\u00e9ficieront d\u2019opportunit\u00e9s professionnelles enrichissantes, tout en renfor\u00e7ant leur niveau de vie gr\u00e2ce \u00e0 des r\u00e9mun\u00e9rations comp\u00e9titives.<\/p>\n<hr \/>\n<h2><strong>Conclusion<\/strong><\/h2>\n<p>Le <a href=\"https:\/\/rapid-interim.com\/index.php\/2025\/02\/20\/travail-detache-en-france-impact-sur-leconomie-locale\/\" data-internallinksmanager029f6b8e52c=\"25\" title=\"Travail d\u00e9tach\u00e9\">travail d\u00e9tach\u00e9<\/a> roumain est un levier strat\u00e9gique pour les entreprises europ\u00e9ennes et un vecteur de mobilit\u00e9 pour les travailleurs. Son avenir repose sur la capacit\u00e9 des acteurs \u00e0 s\u2019adapter aux \u00e9volutions r\u00e9glementaires, technologiques et sociales.<\/p>\n<p><strong>Vous cherchez \u00e0 <a href=\"https:\/\/rapid-interim.com\/\" data-internallinksmanager029f6b8e52c=\"44\" title=\"Accueil - Agence d&#039;interim roumaine\">recruter<\/a> des travailleurs d\u00e9tach\u00e9s qualifi\u00e9s ?<\/strong><br \/>\n<strong>Contactez-nous :<\/strong><br \/>\n\ud83d\udce7 <strong><a href=\"mailto:info@rapid-interim.com\">info@rapid-interim.com<\/a><\/strong><br \/>\n<strong>Rapid Interim<\/strong>, votre partenaire de confiance pour un <a href=\"https:\/\/rapid-interim.com\/\" data-internallinksmanager029f6b8e52c=\"44\" title=\"Accueil - Agence d&#039;interim roumaine\">recrutement<\/a> efficace et conforme.<\/p>\n","protected":false},"excerpt":{"rendered":"<p>Le travail d\u00e9tach\u00e9 roumain joue un r\u00f4le crucial dans l&rsquo;\u00e9conomie europ\u00e9enne, offrant une main-d&rsquo;\u0153uvre qualifi\u00e9e et comp\u00e9titive pour r\u00e9pondre aux besoins des entreprises confront\u00e9es \u00e0 des p\u00e9nuries. Avec des milliers de travailleurs roumains employ\u00e9s chaque ann\u00e9e dans divers secteurs, ce mod\u00e8le est une solution strat\u00e9gique. Cependant, les dynamiques \u00e9conomiques, les \u00e9volutions l\u00e9gislatives et les d\u00e9fis [&hellip;]<\/p>\n","protected":false},"author":1,"featured_media":21681,"comment_status":"open","ping_status":"open","sticky":false,"template":"","format":"image","meta":{"_crdt_document":"","_jetpack_memberships_contains_paid_content":false,"footnotes":""},"categories":[1,102,101,117,100],"tags":[129,128,127,125,118,120,121,69,122,123,74,119,70,126,124],"class_list":["post-21830","post","type-post","status-publish","format-image","has-post-thumbnail","hentry","category-blog","category-hotellerie-et-restauration","category-logistique","category-sante","category-transport","tag-agence-de-recrutement-roumanie","tag-agence-interim-europeene","tag-agence-interim-travailleur-etranger","tag-detachement-roumain","tag-interim-detache","tag-interim-etranger","tag-interim-etranger-roumain","tag-interim-roumanie","tag-interimaire-etranger","tag-interimaires-roumains","tag-travail-detache","tag-travail-detache-roumain","tag-travailleur-roumain","tag-travailleur-temporaire-roumain","tag-travaillleur-detache-roumain","post_format-post-format-image","nd_cc_cpt_1_tax_1-agriculture","nd_cc_cpt_1_tax_1-construction","nd_cc_cpt_1_tax_1-distribution","nd_cc_cpt_1_tax_1-hotellerie-et-restauration","nd_cc_cpt_1_tax_1-industrie","nd_cc_cpt_1_tax_1-logistique","nd_cc_cpt_1_tax_1-sante","nd_cc_cpt_1_tax_1-transport","nd_cc_cpt_1_tax_1-travaux-publics"],"yoast_head":"<!-- This site is optimized with the Yoast SEO plugin v27.5 - https:\/\/yoast.com\/product\/yoast-seo-wordpress\/ -->\n<title>Perspectives d\u2019avenir pour le travail d\u00e9tach\u00e9 roumain - rapid-interim<\/title>\n<meta name=\"robots\" content=\"index, follow, max-snippet:-1, max-image-preview:large, max-video-preview:-1\" \/>\n<link rel=\"canonical\" href=\"https:\/\/rapid-interim.com\/index.php\/2024\/12\/13\/perspectives-davenir-pour-le-travail-detache-roumain\/\" \/>\n<meta property=\"og:locale\" content=\"fr_FR\" \/>\n<meta property=\"og:type\" content=\"article\" \/>\n<meta property=\"og:title\" content=\"Perspectives d\u2019avenir pour le travail d\u00e9tach\u00e9 roumain - rapid-interim\" \/>\n<meta property=\"og:description\" content=\"Le travail d\u00e9tach\u00e9 roumain joue un r\u00f4le crucial dans l&rsquo;\u00e9conomie europ\u00e9enne, offrant une main-d&rsquo;\u0153uvre qualifi\u00e9e et comp\u00e9titive pour r\u00e9pondre aux besoins des entreprises confront\u00e9es \u00e0 des p\u00e9nuries. Avec des milliers de travailleurs roumains employ\u00e9s chaque ann\u00e9e dans divers secteurs, ce mod\u00e8le est une solution strat\u00e9gique. Cependant, les dynamiques \u00e9conomiques, les \u00e9volutions l\u00e9gislatives et les d\u00e9fis [&hellip;]\" \/>\n<meta property=\"og:url\" content=\"https:\/\/rapid-interim.com\/index.php\/2024\/12\/13\/perspectives-davenir-pour-le-travail-detache-roumain\/\" \/>\n<meta property=\"og:site_name\" content=\"rapid-interim\" \/>\n<meta property=\"article:published_time\" content=\"2024-12-13T07:02:53+00:00\" \/>\n<meta property=\"og:image\" content=\"https:\/\/rapid-interim.com\/wp-content\/uploads\/2024\/10\/42M7NCJZSRABXAZSGWA7XU753U-1024x682.jpg\" \/>\n\t<meta property=\"og:image:width\" content=\"1024\" \/>\n\t<meta property=\"og:image:height\" content=\"682\" \/>\n\t<meta property=\"og:image:type\" content=\"image\/jpeg\" \/>\n<meta name=\"author\" content=\"Marie Dubois\" \/>\n<meta name=\"twitter:card\" content=\"summary_large_image\" \/>\n<meta name=\"twitter:label1\" content=\"\u00c9crit par\" \/>\n\t<meta name=\"twitter:data1\" content=\"Marie Dubois\" \/>\n\t<meta name=\"twitter:label2\" content=\"Dur\u00e9e de lecture estim\u00e9e\" \/>\n\t<meta name=\"twitter:data2\" content=\"5 minutes\" \/>\n<script type=\"application\/ld+json\" class=\"yoast-schema-graph\">{\"@context\":\"https:\\\/\\\/schema.org\",\"@graph\":[{\"@type\":\"Article\",\"@id\":\"https:\\\/\\\/rapid-interim.com\\\/index.php\\\/2024\\\/12\\\/13\\\/perspectives-davenir-pour-le-travail-detache-roumain\\\/#article\",\"isPartOf\":{\"@id\":\"https:\\\/\\\/rapid-interim.com\\\/index.php\\\/2024\\\/12\\\/13\\\/perspectives-davenir-pour-le-travail-detache-roumain\\\/\"},\"author\":{\"name\":\"Marie Dubois\",\"@id\":\"https:\\\/\\\/rapid-interim.com\\\/#\\\/schema\\\/person\\\/c80cf67768e43267c59b9c4095fac056\"},\"headline\":\"Perspectives d\u2019avenir pour le travail d\u00e9tach\u00e9 roumain\",\"datePublished\":\"2024-12-13T07:02:53+00:00\",\"mainEntityOfPage\":{\"@id\":\"https:\\\/\\\/rapid-interim.com\\\/index.php\\\/2024\\\/12\\\/13\\\/perspectives-davenir-pour-le-travail-detache-roumain\\\/\"},\"wordCount\":917,\"commentCount\":0,\"publisher\":{\"@id\":\"https:\\\/\\\/rapid-interim.com\\\/#organization\"},\"image\":{\"@id\":\"https:\\\/\\\/rapid-interim.com\\\/index.php\\\/2024\\\/12\\\/13\\\/perspectives-davenir-pour-le-travail-detache-roumain\\\/#primaryimage\"},\"thumbnailUrl\":\"https:\\\/\\\/rapid-interim.com\\\/wp-content\\\/uploads\\\/2024\\\/10\\\/42M7NCJZSRABXAZSGWA7XU753U.jpg\",\"keywords\":[\"agence de recrutement roumanie\",\"agence interim europeene\",\"agence interim travailleur etranger\",\"detachement roumain\",\"interim d\u00e9tache\",\"interim etranger\",\"interim \u00e9tranger roumain\",\"INTERIM ROUMANIE\",\"interimaire etranger\",\"Interimaires roumains\",\"TRAVAIL DETACHE\",\"travail detache roumain\",\"TRAVAILLEUR ROUMAIN\",\"travailleur temporaire roumain\",\"travaillleur detache roumain\"],\"articleSection\":[\"Blog\",\"H\u00f4tellerie et restauration\",\"Logistique\",\"Sant\u00e9\",\"Transport\"],\"inLanguage\":\"fr-FR\",\"potentialAction\":[{\"@type\":\"CommentAction\",\"name\":\"Comment\",\"target\":[\"https:\\\/\\\/rapid-interim.com\\\/index.php\\\/2024\\\/12\\\/13\\\/perspectives-davenir-pour-le-travail-detache-roumain\\\/#respond\"]}]},{\"@type\":\"WebPage\",\"@id\":\"https:\\\/\\\/rapid-interim.com\\\/index.php\\\/2024\\\/12\\\/13\\\/perspectives-davenir-pour-le-travail-detache-roumain\\\/\",\"url\":\"https:\\\/\\\/rapid-interim.com\\\/index.php\\\/2024\\\/12\\\/13\\\/perspectives-davenir-pour-le-travail-detache-roumain\\\/\",\"name\":\"Perspectives d\u2019avenir pour le travail d\u00e9tach\u00e9 roumain - rapid-interim\",\"isPartOf\":{\"@id\":\"https:\\\/\\\/rapid-interim.com\\\/#website\"},\"primaryImageOfPage\":{\"@id\":\"https:\\\/\\\/rapid-interim.com\\\/index.php\\\/2024\\\/12\\\/13\\\/perspectives-davenir-pour-le-travail-detache-roumain\\\/#primaryimage\"},\"image\":{\"@id\":\"https:\\\/\\\/rapid-interim.com\\\/index.php\\\/2024\\\/12\\\/13\\\/perspectives-davenir-pour-le-travail-detache-roumain\\\/#primaryimage\"},\"thumbnailUrl\":\"https:\\\/\\\/rapid-interim.com\\\/wp-content\\\/uploads\\\/2024\\\/10\\\/42M7NCJZSRABXAZSGWA7XU753U.jpg\",\"datePublished\":\"2024-12-13T07:02:53+00:00\",\"breadcrumb\":{\"@id\":\"https:\\\/\\\/rapid-interim.com\\\/index.php\\\/2024\\\/12\\\/13\\\/perspectives-davenir-pour-le-travail-detache-roumain\\\/#breadcrumb\"},\"inLanguage\":\"fr-FR\",\"potentialAction\":[{\"@type\":\"ReadAction\",\"target\":[\"https:\\\/\\\/rapid-interim.com\\\/index.php\\\/2024\\\/12\\\/13\\\/perspectives-davenir-pour-le-travail-detache-roumain\\\/\"]}]},{\"@type\":\"ImageObject\",\"inLanguage\":\"fr-FR\",\"@id\":\"https:\\\/\\\/rapid-interim.com\\\/index.php\\\/2024\\\/12\\\/13\\\/perspectives-davenir-pour-le-travail-detache-roumain\\\/#primaryimage\",\"url\":\"https:\\\/\\\/rapid-interim.com\\\/wp-content\\\/uploads\\\/2024\\\/10\\\/42M7NCJZSRABXAZSGWA7XU753U.jpg\",\"contentUrl\":\"https:\\\/\\\/rapid-interim.com\\\/wp-content\\\/uploads\\\/2024\\\/10\\\/42M7NCJZSRABXAZSGWA7XU753U.jpg\",\"width\":2123,\"height\":1413},{\"@type\":\"BreadcrumbList\",\"@id\":\"https:\\\/\\\/rapid-interim.com\\\/index.php\\\/2024\\\/12\\\/13\\\/perspectives-davenir-pour-le-travail-detache-roumain\\\/#breadcrumb\",\"itemListElement\":[{\"@type\":\"ListItem\",\"position\":1,\"name\":\"Accueil\",\"item\":\"https:\\\/\\\/rapid-interim.com\\\/\"},{\"@type\":\"ListItem\",\"position\":2,\"name\":\"Perspectives d\u2019avenir pour le travail d\u00e9tach\u00e9 roumain\"}]},{\"@type\":\"WebSite\",\"@id\":\"https:\\\/\\\/rapid-interim.com\\\/#website\",\"url\":\"https:\\\/\\\/rapid-interim.com\\\/\",\"name\":\"rapid-interim\",\"description\":\"Interim et travail temporaire\",\"publisher\":{\"@id\":\"https:\\\/\\\/rapid-interim.com\\\/#organization\"},\"potentialAction\":[{\"@type\":\"SearchAction\",\"target\":{\"@type\":\"EntryPoint\",\"urlTemplate\":\"https:\\\/\\\/rapid-interim.com\\\/?s={search_term_string}\"},\"query-input\":{\"@type\":\"PropertyValueSpecification\",\"valueRequired\":true,\"valueName\":\"search_term_string\"}}],\"inLanguage\":\"fr-FR\"},{\"@type\":\"Organization\",\"@id\":\"https:\\\/\\\/rapid-interim.com\\\/#organization\",\"name\":\"rapid-interim\",\"url\":\"https:\\\/\\\/rapid-interim.com\\\/\",\"logo\":{\"@type\":\"ImageObject\",\"inLanguage\":\"fr-FR\",\"@id\":\"https:\\\/\\\/rapid-interim.com\\\/#\\\/schema\\\/logo\\\/image\\\/\",\"url\":\"https:\\\/\\\/rapid-interim.com\\\/wp-content\\\/uploads\\\/2022\\\/06\\\/cropped-rapid-inetrim.png\",\"contentUrl\":\"https:\\\/\\\/rapid-interim.com\\\/wp-content\\\/uploads\\\/2022\\\/06\\\/cropped-rapid-inetrim.png\",\"width\":314,\"height\":137,\"caption\":\"rapid-interim\"},\"image\":{\"@id\":\"https:\\\/\\\/rapid-interim.com\\\/#\\\/schema\\\/logo\\\/image\\\/\"}},{\"@type\":\"Person\",\"@id\":\"https:\\\/\\\/rapid-interim.com\\\/#\\\/schema\\\/person\\\/c80cf67768e43267c59b9c4095fac056\",\"name\":\"Marie Dubois\",\"image\":{\"@type\":\"ImageObject\",\"inLanguage\":\"fr-FR\",\"@id\":\"https:\\\/\\\/secure.gravatar.com\\\/avatar\\\/c5d9a389371c49a3eb3d5c05c1bdb9d2124cabb2c990e1eb227c370b66139bfe?s=96&d=mm&r=g\",\"url\":\"https:\\\/\\\/secure.gravatar.com\\\/avatar\\\/c5d9a389371c49a3eb3d5c05c1bdb9d2124cabb2c990e1eb227c370b66139bfe?s=96&d=mm&r=g\",\"contentUrl\":\"https:\\\/\\\/secure.gravatar.com\\\/avatar\\\/c5d9a389371c49a3eb3d5c05c1bdb9d2124cabb2c990e1eb227c370b66139bfe?s=96&d=mm&r=g\",\"caption\":\"Marie Dubois\"},\"sameAs\":[\"http:\\\/\\\/rapid-interim.com\"],\"url\":\"https:\\\/\\\/rapid-interim.com\\\/index.php\\\/author\\\/rapid-interim-com\\\/\"}]}<\/script>\n<!-- \/ Yoast SEO plugin. -->","yoast_head_json":{"title":"Perspectives d\u2019avenir pour le travail d\u00e9tach\u00e9 roumain - rapid-interim","robots":{"index":"index","follow":"follow","max-snippet":"max-snippet:-1","max-image-preview":"max-image-preview:large","max-video-preview":"max-video-preview:-1"},"canonical":"https:\/\/rapid-interim.com\/index.php\/2024\/12\/13\/perspectives-davenir-pour-le-travail-detache-roumain\/","og_locale":"fr_FR","og_type":"article","og_title":"Perspectives d\u2019avenir pour le travail d\u00e9tach\u00e9 roumain - rapid-interim","og_description":"Le travail d\u00e9tach\u00e9 roumain joue un r\u00f4le crucial dans l&rsquo;\u00e9conomie europ\u00e9enne, offrant une main-d&rsquo;\u0153uvre qualifi\u00e9e et comp\u00e9titive pour r\u00e9pondre aux besoins des entreprises confront\u00e9es \u00e0 des p\u00e9nuries. Avec des milliers de travailleurs roumains employ\u00e9s chaque ann\u00e9e dans divers secteurs, ce mod\u00e8le est une solution strat\u00e9gique. Cependant, les dynamiques \u00e9conomiques, les \u00e9volutions l\u00e9gislatives et les d\u00e9fis [&hellip;]","og_url":"https:\/\/rapid-interim.com\/index.php\/2024\/12\/13\/perspectives-davenir-pour-le-travail-detache-roumain\/","og_site_name":"rapid-interim","article_published_time":"2024-12-13T07:02:53+00:00","og_image":[{"width":1024,"height":682,"url":"https:\/\/rapid-interim.com\/wp-content\/uploads\/2024\/10\/42M7NCJZSRABXAZSGWA7XU753U-1024x682.jpg","type":"image\/jpeg"}],"author":"Marie Dubois","twitter_card":"summary_large_image","twitter_misc":{"\u00c9crit par":"Marie Dubois","Dur\u00e9e de lecture estim\u00e9e":"5 minutes"},"schema":{"@context":"https:\/\/schema.org","@graph":[{"@type":"Article","@id":"https:\/\/rapid-interim.com\/index.php\/2024\/12\/13\/perspectives-davenir-pour-le-travail-detache-roumain\/#article","isPartOf":{"@id":"https:\/\/rapid-interim.com\/index.php\/2024\/12\/13\/perspectives-davenir-pour-le-travail-detache-roumain\/"},"author":{"name":"Marie Dubois","@id":"https:\/\/rapid-interim.com\/#\/schema\/person\/c80cf67768e43267c59b9c4095fac056"},"headline":"Perspectives d\u2019avenir pour le travail d\u00e9tach\u00e9 roumain","datePublished":"2024-12-13T07:02:53+00:00","mainEntityOfPage":{"@id":"https:\/\/rapid-interim.com\/index.php\/2024\/12\/13\/perspectives-davenir-pour-le-travail-detache-roumain\/"},"wordCount":917,"commentCount":0,"publisher":{"@id":"https:\/\/rapid-interim.com\/#organization"},"image":{"@id":"https:\/\/rapid-interim.com\/index.php\/2024\/12\/13\/perspectives-davenir-pour-le-travail-detache-roumain\/#primaryimage"},"thumbnailUrl":"https:\/\/rapid-interim.com\/wp-content\/uploads\/2024\/10\/42M7NCJZSRABXAZSGWA7XU753U.jpg","keywords":["agence de recrutement roumanie","agence interim europeene","agence interim travailleur etranger","detachement roumain","interim d\u00e9tache","interim etranger","interim \u00e9tranger roumain","INTERIM ROUMANIE","interimaire etranger","Interimaires roumains","TRAVAIL DETACHE","travail detache roumain","TRAVAILLEUR ROUMAIN","travailleur temporaire roumain","travaillleur detache roumain"],"articleSection":["Blog","H\u00f4tellerie et restauration","Logistique","Sant\u00e9","Transport"],"inLanguage":"fr-FR","potentialAction":[{"@type":"CommentAction","name":"Comment","target":["https:\/\/rapid-interim.com\/index.php\/2024\/12\/13\/perspectives-davenir-pour-le-travail-detache-roumain\/#respond"]}]},{"@type":"WebPage","@id":"https:\/\/rapid-interim.com\/index.php\/2024\/12\/13\/perspectives-davenir-pour-le-travail-detache-roumain\/","url":"https:\/\/rapid-interim.com\/index.php\/2024\/12\/13\/perspectives-davenir-pour-le-travail-detache-roumain\/","name":"Perspectives d\u2019avenir pour le travail d\u00e9tach\u00e9 roumain - rapid-interim","isPartOf":{"@id":"https:\/\/rapid-interim.com\/#website"},"primaryImageOfPage":{"@id":"https:\/\/rapid-interim.com\/index.php\/2024\/12\/13\/perspectives-davenir-pour-le-travail-detache-roumain\/#primaryimage"},"image":{"@id":"https:\/\/rapid-interim.com\/index.php\/2024\/12\/13\/perspectives-davenir-pour-le-travail-detache-roumain\/#primaryimage"},"thumbnailUrl":"https:\/\/rapid-interim.com\/wp-content\/uploads\/2024\/10\/42M7NCJZSRABXAZSGWA7XU753U.jpg","datePublished":"2024-12-13T07:02:53+00:00","breadcrumb":{"@id":"https:\/\/rapid-interim.com\/index.php\/2024\/12\/13\/perspectives-davenir-pour-le-travail-detache-roumain\/#breadcrumb"},"inLanguage":"fr-FR","potentialAction":[{"@type":"ReadAction","target":["https:\/\/rapid-interim.com\/index.php\/2024\/12\/13\/perspectives-davenir-pour-le-travail-detache-roumain\/"]}]},{"@type":"ImageObject","inLanguage":"fr-FR","@id":"https:\/\/rapid-interim.com\/index.php\/2024\/12\/13\/perspectives-davenir-pour-le-travail-detache-roumain\/#primaryimage","url":"https:\/\/rapid-interim.com\/wp-content\/uploads\/2024\/10\/42M7NCJZSRABXAZSGWA7XU753U.jpg","contentUrl":"https:\/\/rapid-interim.com\/wp-content\/uploads\/2024\/10\/42M7NCJZSRABXAZSGWA7XU753U.jpg","width":2123,"height":1413},{"@type":"BreadcrumbList","@id":"https:\/\/rapid-interim.com\/index.php\/2024\/12\/13\/perspectives-davenir-pour-le-travail-detache-roumain\/#breadcrumb","itemListElement":[{"@type":"ListItem","position":1,"name":"Accueil","item":"https:\/\/rapid-interim.com\/"},{"@type":"ListItem","position":2,"name":"Perspectives d\u2019avenir pour le travail d\u00e9tach\u00e9 roumain"}]},{"@type":"WebSite","@id":"https:\/\/rapid-interim.com\/#website","url":"https:\/\/rapid-interim.com\/","name":"rapid-interim","description":"Interim et travail temporaire","publisher":{"@id":"https:\/\/rapid-interim.com\/#organization"},"potentialAction":[{"@type":"SearchAction","target":{"@type":"EntryPoint","urlTemplate":"https:\/\/rapid-interim.com\/?s={search_term_string}"},"query-input":{"@type":"PropertyValueSpecification","valueRequired":true,"valueName":"search_term_string"}}],"inLanguage":"fr-FR"},{"@type":"Organization","@id":"https:\/\/rapid-interim.com\/#organization","name":"rapid-interim","url":"https:\/\/rapid-interim.com\/","logo":{"@type":"ImageObject","inLanguage":"fr-FR","@id":"https:\/\/rapid-interim.com\/#\/schema\/logo\/image\/","url":"https:\/\/rapid-interim.com\/wp-content\/uploads\/2022\/06\/cropped-rapid-inetrim.png","contentUrl":"https:\/\/rapid-interim.com\/wp-content\/uploads\/2022\/06\/cropped-rapid-inetrim.png","width":314,"height":137,"caption":"rapid-interim"},"image":{"@id":"https:\/\/rapid-interim.com\/#\/schema\/logo\/image\/"}},{"@type":"Person","@id":"https:\/\/rapid-interim.com\/#\/schema\/person\/c80cf67768e43267c59b9c4095fac056","name":"Marie Dubois","image":{"@type":"ImageObject","inLanguage":"fr-FR","@id":"https:\/\/secure.gravatar.com\/avatar\/c5d9a389371c49a3eb3d5c05c1bdb9d2124cabb2c990e1eb227c370b66139bfe?s=96&d=mm&r=g","url":"https:\/\/secure.gravatar.com\/avatar\/c5d9a389371c49a3eb3d5c05c1bdb9d2124cabb2c990e1eb227c370b66139bfe?s=96&d=mm&r=g","contentUrl":"https:\/\/secure.gravatar.com\/avatar\/c5d9a389371c49a3eb3d5c05c1bdb9d2124cabb2c990e1eb227c370b66139bfe?s=96&d=mm&r=g","caption":"Marie Dubois"},"sameAs":["http:\/\/rapid-interim.com"],"url":"https:\/\/rapid-interim.com\/index.php\/author\/rapid-interim-com\/"}]}},"jetpack_featured_media_url":"https:\/\/rapid-interim.com\/wp-content\/uploads\/2024\/10\/42M7NCJZSRABXAZSGWA7XU753U.jpg","jetpack_sharing_enabled":true,"_links":{"self":[{"href":"https:\/\/rapid-interim.com\/index.php\/wp-json\/wp\/v2\/posts\/21830","targetHints":{"allow":["GET"]}}],"collection":[{"href":"https:\/\/rapid-interim.com\/index.php\/wp-json\/wp\/v2\/posts"}],"about":[{"href":"https:\/\/rapid-interim.com\/index.php\/wp-json\/wp\/v2\/types\/post"}],"author":[{"embeddable":true,"href":"https:\/\/rapid-interim.com\/index.php\/wp-json\/wp\/v2\/users\/1"}],"replies":[{"embeddable":true,"href":"https:\/\/rapid-interim.com\/index.php\/wp-json\/wp\/v2\/comments?post=21830"}],"version-history":[{"count":4,"href":"https:\/\/rapid-interim.com\/index.php\/wp-json\/wp\/v2\/posts\/21830\/revisions"}],"predecessor-version":[{"id":21834,"href":"https:\/\/rapid-interim.com\/index.php\/wp-json\/wp\/v2\/posts\/21830\/revisions\/21834"}],"wp:featuredmedia":[{"embeddable":true,"href":"https:\/\/rapid-interim.com\/index.php\/wp-json\/wp\/v2\/media\/21681"}],"wp:attachment":[{"href":"https:\/\/rapid-interim.com\/index.php\/wp-json\/wp\/v2\/media?parent=21830"}],"wp:term":[{"taxonomy":"category","embeddable":true,"href":"https:\/\/rapid-interim.com\/index.php\/wp-json\/wp\/v2\/categories?post=21830"},{"taxonomy":"post_tag","embeddable":true,"href":"https:\/\/rapid-interim.com\/index.php\/wp-json\/wp\/v2\/tags?post=21830"}],"curies":[{"name":"wp","href":"https:\/\/api.w.org\/{rel}","templated":true}]}}