{"id":21828,"date":"2025-02-22T10:54:24","date_gmt":"2025-02-22T09:54:24","guid":{"rendered":"https:\/\/rapid-interim.com\/?p=21828"},"modified":"2025-03-03T20:44:52","modified_gmt":"2025-03-03T19:44:52","slug":"les-metiers-en-demande-dans-le-travail-detache-en-europe","status":"publish","type":"post","link":"https:\/\/rapid-interim.com\/index.php\/2025\/02\/22\/les-metiers-en-demande-dans-le-travail-detache-en-europe\/","title":{"rendered":"Les m\u00e9tiers en demande dans le travail d\u00e9tach\u00e9 en Europe"},"content":{"rendered":"<p style=\"text-align: left;\">Le <a href=\"https:\/\/rapid-interim.com\/index.php\/2025\/02\/20\/travail-detache-en-france-impact-sur-leconomie-locale\/\" data-internallinksmanager029f6b8e52c=\"25\" title=\"Travail d\u00e9tach\u00e9\">travail d\u00e9tach\u00e9<\/a>, en pleine expansion en Europe, est devenu une solution strat\u00e9gique pour les entreprises confront\u00e9es \u00e0 une p\u00e9nurie de main-d\u2019\u0153uvre dans des secteurs sp\u00e9cifiques. Ce dispositif, qui permet \u00e0 des entreprises d\u2019un pays europ\u00e9en d\u2019employer temporairement des travailleurs d\u2019autres \u00c9tats membres, r\u00e9pond \u00e0 des besoins vari\u00e9s en comp\u00e9tences et expertise. Quels sont les m\u00e9tiers les plus en demande dans ce cadre ? Voici une analyse approfondie des secteurs et professions qui dominent le march\u00e9 du <a href=\"https:\/\/rapid-interim.com\/index.php\/2025\/02\/20\/travail-detache-en-france-impact-sur-leconomie-locale\/\" data-internallinksmanager029f6b8e52c=\"25\" title=\"Travail d\u00e9tach\u00e9\">travail d\u00e9tach\u00e9<\/a>.<\/p>\n<hr \/>\n<h2><strong>1. Le secteur de la construction : un pilier du travail d\u00e9tach\u00e9<\/strong><\/h2>\n<p>La construction reste l\u2019un des secteurs les plus demandeurs en main-d\u2019\u0153uvre d\u00e9tach\u00e9e. Ce domaine exige des comp\u00e9tences sp\u00e9cifiques pour mener \u00e0 bien des projets souvent complexes, dans des d\u00e9lais serr\u00e9s.<\/p>\n<h3><strong>M\u00e9tiers en forte demande :<\/strong><\/h3>\n<ul>\n<li><strong>Ma\u00e7ons et ouvriers qualifi\u00e9s<\/strong> : Leur expertise est essentielle pour les travaux de gros \u0153uvre. La demande est particuli\u00e8rement \u00e9lev\u00e9e pour les chantiers de logements et d\u2019infrastructures publiques.<\/li>\n<li><strong>Charpentiers m\u00e9talliques et couvreurs<\/strong> : Ces m\u00e9tiers sont recherch\u00e9s pour la r\u00e9alisation de structures complexes, telles que les b\u00e2timents industriels et les ouvrages d\u2019art.<\/li>\n<li><strong>\u00c9lectriciens de chantier<\/strong> : Sp\u00e9cialis\u00e9s dans les installations \u00e9lectriques temporaires ou d\u00e9finitives, ils sont indispensables sur tout type de projet.<\/li>\n<li><strong>Canalisateurs<\/strong> : Leur r\u00f4le dans l\u2019installation et la maintenance des r\u00e9seaux d\u2019eau et de gaz est crucial, notamment dans les projets d\u2019urbanisation.<\/li>\n<\/ul>\n<h3><strong>Pourquoi une forte demande ?<\/strong><\/h3>\n<ul>\n<li>La croissance des projets d\u2019infrastructure dans plusieurs pays europ\u00e9ens.<\/li>\n<li>La raret\u00e9 de <a href=\"https:\/\/rapid-interim.com\/\" data-internallinksmanager029f6b8e52c=\"45\" title=\"Main-d\u2019\u0153uvre qualifi\u00e9e\">main-d\u2019\u0153uvre qualifi\u00e9e<\/a> localement.<\/li>\n<li>L\u2019expertise reconnue des travailleurs d\u00e9tach\u00e9s, notamment roumains.<\/li>\n<\/ul>\n<hr \/>\n<h2><strong>2. L\u2019industrie : un besoin croissant en techniciens qualifi\u00e9s<img fetchpriority=\"high\" decoding=\"async\" class=\"alignnone size-full wp-image-21767\" src=\"https:\/\/rapid-interim.com\/wp-content\/uploads\/2024\/11\/guide-aide-soignante-couv-min.jpeg\" alt=\"\" width=\"1920\" height=\"1270\" srcset=\"https:\/\/rapid-interim.com\/wp-content\/uploads\/2024\/11\/guide-aide-soignante-couv-min.jpeg 1920w, https:\/\/rapid-interim.com\/wp-content\/uploads\/2024\/11\/guide-aide-soignante-couv-min-300x198.jpeg 300w, https:\/\/rapid-interim.com\/wp-content\/uploads\/2024\/11\/guide-aide-soignante-couv-min-1024x677.jpeg 1024w, https:\/\/rapid-interim.com\/wp-content\/uploads\/2024\/11\/guide-aide-soignante-couv-min-768x508.jpeg 768w, https:\/\/rapid-interim.com\/wp-content\/uploads\/2024\/11\/guide-aide-soignante-couv-min-1536x1016.jpeg 1536w, https:\/\/rapid-interim.com\/wp-content\/uploads\/2024\/11\/guide-aide-soignante-couv-min-600x397.jpeg 600w\" sizes=\"(max-width: 1920px) 100vw, 1920px\" \/><\/strong><\/h2>\n<p>Avec l\u2019\u00e9volution technologique et la sp\u00e9cialisation des processus industriels, les entreprises europ\u00e9ennes recherchent des professionnels techniques capables de s\u2019adapter \u00e0 des environnements complexes.<\/p>\n<h3><strong>M\u00e9tiers en forte demande :<\/strong><\/h3>\n<ul>\n<li><strong>Soudeurs et chaudronniers<\/strong> : Essentiels pour les industries m\u00e9tallurgiques et p\u00e9trochimiques, ils ma\u00eetrisent des techniques pr\u00e9cises pour assembler ou r\u00e9parer des structures m\u00e9talliques.<\/li>\n<li><strong>Techniciens de maintenance industrielle<\/strong> : Leur r\u00f4le dans la pr\u00e9vention et la r\u00e9paration des \u00e9quipements est indispensable pour garantir la continuit\u00e9 des activit\u00e9s.<\/li>\n<li><strong>Op\u00e9rateurs de machines \u00e0 commande num\u00e9rique<\/strong> : Avec l\u2019automatisation croissante, ces experts sont recherch\u00e9s pour programmer et superviser des machines complexes.<\/li>\n<li><strong>Ing\u00e9nieurs sp\u00e9cialis\u00e9s<\/strong> : En g\u00e9nie m\u00e9canique, \u00e9lectrique ou chimique, leur expertise est n\u00e9cessaire pour g\u00e9rer des projets de grande envergure.<\/li>\n<\/ul>\n<h3><strong>Facteurs cl\u00e9s de la demande :<\/strong><\/h3>\n<ul>\n<li>Le vieillissement des infrastructures industrielles dans certains pays.<\/li>\n<li>Les investissements dans l\u2019automatisation et l\u2019innovation technologique.<\/li>\n<li>L\u2019insuffisance de comp\u00e9tences techniques locales face \u00e0 des besoins tr\u00e8s sp\u00e9cialis\u00e9s.<\/li>\n<\/ul>\n<hr \/>\n<h2><strong>3. Le transport et la logistique : des m\u00e9tiers indispensables<\/strong><\/h2>\n<p>Le commerce international et la logistique jouent un r\u00f4le essentiel dans l\u2019\u00e9conomie europ\u00e9enne, cr\u00e9ant une forte demande pour des travailleurs d\u00e9tach\u00e9s dans ce secteur.<\/p>\n<h3><strong>M\u00e9tiers en forte demande :<\/strong><\/h3>\n<ul>\n<li><strong>Conducteurs poids lourds et chauffeurs routiers<\/strong> : Ils assurent le transport de marchandises \u00e0 travers l\u2019Europe, un r\u00f4le cl\u00e9 dans les cha\u00eenes d\u2019approvisionnement.<\/li>\n<li><strong>Caristes et magasiniers<\/strong> : Essentiels dans les entrep\u00f4ts, ils participent \u00e0 la gestion et au stockage des marchandises.<\/li>\n<li><strong>Techniciens en logistique<\/strong> : Responsables de l\u2019organisation des flux de marchandises, ils optimisent les processus pour r\u00e9duire les co\u00fbts et les d\u00e9lais.<\/li>\n<\/ul>\n<h3><strong>Pourquoi ce secteur est-il si d\u00e9pendant du travail d\u00e9tach\u00e9 ?<\/strong><\/h3>\n<ul>\n<li>La hausse du commerce \u00e9lectronique, augmentant les besoins en logistique.<\/li>\n<li>Le manque de conducteurs locaux dans plusieurs pays europ\u00e9ens.<\/li>\n<li>La flexibilit\u00e9 des travailleurs d\u00e9tach\u00e9s, qui peuvent s\u2019adapter rapidement aux besoins changeants des entreprises.<\/li>\n<\/ul>\n<hr \/>\n<h2><strong>4. L\u2019agriculture : une d\u00e9pendance saisonni\u00e8re<\/strong><\/h2>\n<div id=\"attachment_21734\" style=\"width: 2570px\" class=\"wp-caption alignnone\"><img decoding=\"async\" aria-describedby=\"caption-attachment-21734\" class=\"size-full wp-image-21734\" src=\"https:\/\/rapid-interim.com\/wp-content\/uploads\/2024\/10\/e877b7f060ff11953e20b63d589723d9223d727c-scaled.jpeg\" alt=\"\" width=\"2560\" height=\"1920\" srcset=\"https:\/\/rapid-interim.com\/wp-content\/uploads\/2024\/10\/e877b7f060ff11953e20b63d589723d9223d727c-scaled.jpeg 2560w, https:\/\/rapid-interim.com\/wp-content\/uploads\/2024\/10\/e877b7f060ff11953e20b63d589723d9223d727c-300x225.jpeg 300w, https:\/\/rapid-interim.com\/wp-content\/uploads\/2024\/10\/e877b7f060ff11953e20b63d589723d9223d727c-1024x768.jpeg 1024w, https:\/\/rapid-interim.com\/wp-content\/uploads\/2024\/10\/e877b7f060ff11953e20b63d589723d9223d727c-768x576.jpeg 768w, https:\/\/rapid-interim.com\/wp-content\/uploads\/2024\/10\/e877b7f060ff11953e20b63d589723d9223d727c-1536x1152.jpeg 1536w, https:\/\/rapid-interim.com\/wp-content\/uploads\/2024\/10\/e877b7f060ff11953e20b63d589723d9223d727c-2048x1536.jpeg 2048w, https:\/\/rapid-interim.com\/wp-content\/uploads\/2024\/10\/e877b7f060ff11953e20b63d589723d9223d727c-600x450.jpeg 600w\" sizes=\"(max-width: 2560px) 100vw, 2560px\" \/><p id=\"caption-attachment-21734\" class=\"wp-caption-text\">Fermiers Roumains en Int\u00e9rim<\/p><\/div>\n<p>L\u2019agriculture est un secteur qui repose fortement sur les travailleurs d\u00e9tach\u00e9s, notamment pour les activit\u00e9s saisonni\u00e8res.<\/p>\n<h3><strong>M\u00e9tiers en forte demande :<\/strong><\/h3>\n<ul>\n<li><strong>Ouvriers agricoles<\/strong> : Recherch\u00e9s pour la r\u00e9colte, l\u2019entretien des cultures et les t\u00e2ches de production.<\/li>\n<li><strong>Apiculteurs et sp\u00e9cialistes en production animale<\/strong> : Ces professionnels apportent des comp\u00e9tences sp\u00e9cifiques pour des productions de niche.<\/li>\n<li><strong>Techniciens en machinisme agricole<\/strong> : Le d\u00e9veloppement de technologies agricoles exige des experts pour la maintenance des \u00e9quipements.<\/li>\n<\/ul>\n<h3><strong>Facteurs de la demande :<\/strong><\/h3>\n<ul>\n<li>La saisonnalit\u00e9 des activit\u00e9s agricoles.<\/li>\n<li>Les exigences de productivit\u00e9 dans un contexte de demande alimentaire croissante.<\/li>\n<li>Les p\u00e9nuries de main-d\u2019\u0153uvre locale, exacerb\u00e9es par la migration des travailleurs vers des secteurs urbains.<\/li>\n<\/ul>\n<hr \/>\n<h2><strong>5. La sant\u00e9 et le secteur m\u00e9dico-social : une priorit\u00e9 croissante<\/strong><\/h2>\n<p>Avec le vieillissement de la population en Europe, les besoins dans le secteur de la sant\u00e9 explosent, faisant du <a href=\"https:\/\/rapid-interim.com\/index.php\/2025\/02\/20\/travail-detache-en-france-impact-sur-leconomie-locale\/\" data-internallinksmanager029f6b8e52c=\"25\" title=\"Travail d\u00e9tach\u00e9\">travail d\u00e9tach\u00e9<\/a> une solution pour combler les p\u00e9nuries.<\/p>\n<h3><strong>M\u00e9tiers en forte demande :<\/strong><\/h3>\n<ul>\n<li><strong>Infirmiers et aides-soignants<\/strong> : Indispensables pour r\u00e9pondre \u00e0 la demande croissante dans les h\u00f4pitaux et les \u00e9tablissements de soins.<\/li>\n<li><strong>Kin\u00e9sith\u00e9rapeutes et m\u00e9decins g\u00e9n\u00e9ralistes<\/strong> : Tr\u00e8s recherch\u00e9s pour renforcer les \u00e9quipes m\u00e9dicales dans des zones sous-dot\u00e9es.<\/li>\n<li><strong>Techniciens de laboratoire<\/strong> : Essentiels pour les diagnostics m\u00e9dicaux, notamment dans le cadre de recherches ou de campagnes de sant\u00e9 publique.<\/li>\n<\/ul>\n<h3><strong>Pourquoi un tel besoin ?<\/strong><\/h3>\n<ul>\n<li>Le vieillissement d\u00e9mographique et l\u2019augmentation des maladies chroniques.<\/li>\n<li>Les d\u00e9parts \u00e0 la retraite dans le personnel soignant.<\/li>\n<li>L\u2019insuffisance de formation locale pour r\u00e9pondre \u00e0 la demande.<\/li>\n<\/ul>\n<hr \/>\n<h2><strong>6. Les services : un secteur diversifi\u00e9<img decoding=\"async\" class=\"alignnone size-full wp-image-21673\" src=\"https:\/\/rapid-interim.com\/wp-content\/uploads\/2024\/10\/maxresdefault.jpg\" alt=\"\" width=\"1280\" height=\"720\" srcset=\"https:\/\/rapid-interim.com\/wp-content\/uploads\/2024\/10\/maxresdefault.jpg 1280w, https:\/\/rapid-interim.com\/wp-content\/uploads\/2024\/10\/maxresdefault-300x169.jpg 300w, https:\/\/rapid-interim.com\/wp-content\/uploads\/2024\/10\/maxresdefault-1024x576.jpg 1024w, https:\/\/rapid-interim.com\/wp-content\/uploads\/2024\/10\/maxresdefault-768x432.jpg 768w, https:\/\/rapid-interim.com\/wp-content\/uploads\/2024\/10\/maxresdefault-600x338.jpg 600w\" sizes=\"(max-width: 1280px) 100vw, 1280px\" \/><\/strong><\/h2>\n<p>Le <a href=\"https:\/\/rapid-interim.com\/index.php\/2025\/02\/20\/travail-detache-en-france-impact-sur-leconomie-locale\/\" data-internallinksmanager029f6b8e52c=\"25\" title=\"Travail d\u00e9tach\u00e9\">travail d\u00e9tach\u00e9<\/a> touche \u00e9galement les services, notamment dans des domaines qui requi\u00e8rent une expertise ou une flexibilit\u00e9 particuli\u00e8re.<\/p>\n<h3><strong>M\u00e9tiers en forte demande :<\/strong><\/h3>\n<ul>\n<li><strong>Vendeurs et employ\u00e9s de rayon<\/strong> : Pour soutenir les activit\u00e9s commerciales, notamment pendant les p\u00e9riodes de forte affluence.<\/li>\n<li><strong>Agents d\u2019entretien et techniciens de surface<\/strong> : Recherch\u00e9s pour maintenir les standards de propret\u00e9 dans les entreprises et les collectivit\u00e9s.<\/li>\n<li><strong>Professionnels de l\u2019h\u00f4tellerie et de la restauration<\/strong> : Cuisiniers, serveurs et r\u00e9ceptionnistes sont essentiels pour un secteur fortement impact\u00e9 par les variations saisonni\u00e8res.<\/li>\n<\/ul>\n<h3><strong>Facteurs de la demande :<\/strong><\/h3>\n<ul>\n<li>La mont\u00e9e du tourisme dans certains pays europ\u00e9ens.<\/li>\n<li>Les exigences accrues en termes de services aux entreprises et aux particuliers.<\/li>\n<li>La difficult\u00e9 \u00e0 <a href=\"https:\/\/rapid-interim.com\/\" data-internallinksmanager029f6b8e52c=\"44\" title=\"Accueil - Agence d&#039;interim roumaine\">recruter<\/a> localement pour des postes peu valoris\u00e9s.<\/li>\n<\/ul>\n<hr \/>\n<h2><strong>Le r\u00f4le des agences d\u2019int\u00e9rim dans ce march\u00e9<\/strong><\/h2>\n<p>Les <a href=\"https:\/\/rapid-interim.com\/\" data-internallinksmanager029f6b8e52c=\"47\" title=\"agences d\u2019int\u00e9rim\">agences d\u2019int\u00e9rim<\/a> jouent un r\u00f4le essentiel pour r\u00e9pondre \u00e0 ces besoins en main-d\u2019\u0153uvre. Elles facilitent le <a href=\"https:\/\/rapid-interim.com\/\" data-internallinksmanager029f6b8e52c=\"44\" title=\"Accueil - Agence d&#039;interim roumaine\">recrutement<\/a> des travailleurs d\u00e9tach\u00e9s, assurent leur conformit\u00e9 aux r\u00e9glementations europ\u00e9ennes, et offrent un soutien pour leur int\u00e9gration dans l\u2019entreprise et le pays d\u2019accueil.<\/p>\n<p><strong>Rapid Interim<\/strong>, par exemple, se positionne comme un partenaire de confiance pour les entreprises europ\u00e9ennes. Gr\u00e2ce \u00e0 son expertise, elle identifie les talents qualifi\u00e9s en Roumanie et les met en relation avec les entreprises ayant des besoins sp\u00e9cifiques.<\/p>\n<hr \/>\n<h2><strong>Conclusion<\/strong><\/h2>\n<p>Le <a href=\"https:\/\/rapid-interim.com\/index.php\/2025\/02\/20\/travail-detache-en-france-impact-sur-leconomie-locale\/\" data-internallinksmanager029f6b8e52c=\"25\" title=\"Travail d\u00e9tach\u00e9\">travail d\u00e9tach\u00e9<\/a> reste une solution incontournable pour pallier les p\u00e9nuries de main-d\u2019\u0153uvre dans de nombreux secteurs en Europe. Les m\u00e9tiers en demande se concentrent principalement sur la construction, l\u2019industrie, l\u2019agriculture, la sant\u00e9, et la logistique, refl\u00e9tant les transformations et les besoins de l\u2019\u00e9conomie europ\u00e9enne.<\/p>\n<p>Si vous cherchez des solutions adapt\u00e9es pour <a href=\"https:\/\/rapid-interim.com\/\" data-internallinksmanager029f6b8e52c=\"44\" title=\"Accueil - Agence d&#039;interim roumaine\">recruter<\/a> des travailleurs d\u00e9tach\u00e9s qualifi\u00e9s, contactez-nous :<br \/>\n<strong>Email : <a href=\"mailto:info@rapid-interim.com\">info@rapid-interim.com<\/a><\/strong><br \/>\n<strong>Rapid Interim, votre partenaire pour un <a href=\"https:\/\/rapid-interim.com\/\" data-internallinksmanager029f6b8e52c=\"44\" title=\"Accueil - Agence d&#039;interim roumaine\">recrutement<\/a> efficace et conforme en Europe.<\/strong><\/p>\n","protected":false},"excerpt":{"rendered":"<p>Le travail d\u00e9tach\u00e9, en pleine expansion en Europe, est devenu une solution strat\u00e9gique pour les entreprises confront\u00e9es \u00e0 une p\u00e9nurie de main-d\u2019\u0153uvre dans des secteurs sp\u00e9cifiques. Ce dispositif, qui permet \u00e0 des entreprises d\u2019un pays europ\u00e9en d\u2019employer temporairement des travailleurs d\u2019autres \u00c9tats membres, r\u00e9pond \u00e0 des besoins vari\u00e9s en comp\u00e9tences et expertise. Quels sont les [&hellip;]<\/p>\n","protected":false},"author":1,"featured_media":21652,"comment_status":"open","ping_status":"open","sticky":false,"template":"","format":"image","meta":{"_crdt_document":"","_jetpack_memberships_contains_paid_content":false,"footnotes":""},"categories":[1,133,102,101,117,100],"tags":[129,128,127,125,118,120,121,69,122,123,74,119,70,126,124],"class_list":["post-21828","post","type-post","status-publish","format-image","has-post-thumbnail","hentry","category-blog","category-distribution","category-hotellerie-et-restauration","category-logistique","category-sante","category-transport","tag-agence-de-recrutement-roumanie","tag-agence-interim-europeene","tag-agence-interim-travailleur-etranger","tag-detachement-roumain","tag-interim-detache","tag-interim-etranger","tag-interim-etranger-roumain","tag-interim-roumanie","tag-interimaire-etranger","tag-interimaires-roumains","tag-travail-detache","tag-travail-detache-roumain","tag-travailleur-roumain","tag-travailleur-temporaire-roumain","tag-travaillleur-detache-roumain","post_format-post-format-image","nd_cc_cpt_1_tax_1-agriculture","nd_cc_cpt_1_tax_1-construction","nd_cc_cpt_1_tax_1-distribution","nd_cc_cpt_1_tax_1-hotellerie-et-restauration","nd_cc_cpt_1_tax_1-industrie","nd_cc_cpt_1_tax_1-logistique","nd_cc_cpt_1_tax_1-sante","nd_cc_cpt_1_tax_1-transport","nd_cc_cpt_1_tax_1-travaux-publics"],"yoast_head":"<!-- This site is optimized with the Yoast SEO plugin v27.4 - https:\/\/yoast.com\/product\/yoast-seo-wordpress\/ -->\n<title>Les m\u00e9tiers en demande dans le travail d\u00e9tach\u00e9 en Europe - rapid-interim<\/title>\n<meta name=\"description\" content=\"Les m\u00e9tiers en demande dans le travail d\u00e9tach\u00e9 en Europe : secteurs cl\u00e9s comme la construction, l\u2019agriculture, l\u2019h\u00f4tellerie et la logistique.\" \/>\n<meta name=\"robots\" content=\"index, follow, max-snippet:-1, max-image-preview:large, max-video-preview:-1\" \/>\n<link rel=\"canonical\" href=\"https:\/\/rapid-interim.com\/index.php\/2025\/02\/22\/les-metiers-en-demande-dans-le-travail-detache-en-europe\/\" \/>\n<meta property=\"og:locale\" content=\"fr_FR\" \/>\n<meta property=\"og:type\" content=\"article\" \/>\n<meta property=\"og:title\" content=\"Les m\u00e9tiers en demande dans le travail d\u00e9tach\u00e9 en Europe - rapid-interim\" \/>\n<meta property=\"og:description\" content=\"Les m\u00e9tiers en demande dans le travail d\u00e9tach\u00e9 en Europe : secteurs cl\u00e9s comme la construction, l\u2019agriculture, l\u2019h\u00f4tellerie et la logistique.\" \/>\n<meta property=\"og:url\" content=\"https:\/\/rapid-interim.com\/index.php\/2025\/02\/22\/les-metiers-en-demande-dans-le-travail-detache-en-europe\/\" \/>\n<meta property=\"og:site_name\" content=\"rapid-interim\" \/>\n<meta property=\"article:published_time\" content=\"2025-02-22T09:54:24+00:00\" \/>\n<meta property=\"article:modified_time\" content=\"2025-03-03T19:44:52+00:00\" \/>\n<meta property=\"og:image\" content=\"https:\/\/rapid-interim.com\/wp-content\/uploads\/2024\/09\/shutterstock_1315681733.jpg\" \/>\n\t<meta property=\"og:image:width\" content=\"1024\" \/>\n\t<meta property=\"og:image:height\" content=\"768\" \/>\n\t<meta property=\"og:image:type\" content=\"image\/jpeg\" \/>\n<meta name=\"author\" content=\"Marie Dubois\" \/>\n<meta name=\"twitter:card\" content=\"summary_large_image\" \/>\n<meta name=\"twitter:label1\" content=\"\u00c9crit par\" \/>\n\t<meta name=\"twitter:data1\" content=\"Marie Dubois\" \/>\n\t<meta name=\"twitter:label2\" content=\"Dur\u00e9e de lecture estim\u00e9e\" \/>\n\t<meta name=\"twitter:data2\" content=\"7 minutes\" \/>\n<script type=\"application\/ld+json\" class=\"yoast-schema-graph\">{\"@context\":\"https:\\\/\\\/schema.org\",\"@graph\":[{\"@type\":\"Article\",\"@id\":\"https:\\\/\\\/rapid-interim.com\\\/index.php\\\/2025\\\/02\\\/22\\\/les-metiers-en-demande-dans-le-travail-detache-en-europe\\\/#article\",\"isPartOf\":{\"@id\":\"https:\\\/\\\/rapid-interim.com\\\/index.php\\\/2025\\\/02\\\/22\\\/les-metiers-en-demande-dans-le-travail-detache-en-europe\\\/\"},\"author\":{\"name\":\"Marie Dubois\",\"@id\":\"https:\\\/\\\/rapid-interim.com\\\/#\\\/schema\\\/person\\\/c80cf67768e43267c59b9c4095fac056\"},\"headline\":\"Les m\u00e9tiers en demande dans le travail d\u00e9tach\u00e9 en Europe\",\"datePublished\":\"2025-02-22T09:54:24+00:00\",\"dateModified\":\"2025-03-03T19:44:52+00:00\",\"mainEntityOfPage\":{\"@id\":\"https:\\\/\\\/rapid-interim.com\\\/index.php\\\/2025\\\/02\\\/22\\\/les-metiers-en-demande-dans-le-travail-detache-en-europe\\\/\"},\"wordCount\":1245,\"commentCount\":0,\"publisher\":{\"@id\":\"https:\\\/\\\/rapid-interim.com\\\/#organization\"},\"image\":{\"@id\":\"https:\\\/\\\/rapid-interim.com\\\/index.php\\\/2025\\\/02\\\/22\\\/les-metiers-en-demande-dans-le-travail-detache-en-europe\\\/#primaryimage\"},\"thumbnailUrl\":\"https:\\\/\\\/rapid-interim.com\\\/wp-content\\\/uploads\\\/2024\\\/09\\\/shutterstock_1315681733.jpg\",\"keywords\":[\"agence de recrutement roumanie\",\"agence interim europeene\",\"agence interim travailleur etranger\",\"detachement roumain\",\"interim d\u00e9tache\",\"interim etranger\",\"interim \u00e9tranger roumain\",\"INTERIM ROUMANIE\",\"interimaire etranger\",\"Interimaires roumains\",\"TRAVAIL DETACHE\",\"travail detache roumain\",\"TRAVAILLEUR ROUMAIN\",\"travailleur temporaire roumain\",\"travaillleur detache roumain\"],\"articleSection\":[\"Blog\",\"Distribution\",\"H\u00f4tellerie et restauration\",\"Logistique\",\"Sant\u00e9\",\"Transport\"],\"inLanguage\":\"fr-FR\",\"potentialAction\":[{\"@type\":\"CommentAction\",\"name\":\"Comment\",\"target\":[\"https:\\\/\\\/rapid-interim.com\\\/index.php\\\/2025\\\/02\\\/22\\\/les-metiers-en-demande-dans-le-travail-detache-en-europe\\\/#respond\"]}]},{\"@type\":\"WebPage\",\"@id\":\"https:\\\/\\\/rapid-interim.com\\\/index.php\\\/2025\\\/02\\\/22\\\/les-metiers-en-demande-dans-le-travail-detache-en-europe\\\/\",\"url\":\"https:\\\/\\\/rapid-interim.com\\\/index.php\\\/2025\\\/02\\\/22\\\/les-metiers-en-demande-dans-le-travail-detache-en-europe\\\/\",\"name\":\"Les m\u00e9tiers en demande dans le travail d\u00e9tach\u00e9 en Europe - rapid-interim\",\"isPartOf\":{\"@id\":\"https:\\\/\\\/rapid-interim.com\\\/#website\"},\"primaryImageOfPage\":{\"@id\":\"https:\\\/\\\/rapid-interim.com\\\/index.php\\\/2025\\\/02\\\/22\\\/les-metiers-en-demande-dans-le-travail-detache-en-europe\\\/#primaryimage\"},\"image\":{\"@id\":\"https:\\\/\\\/rapid-interim.com\\\/index.php\\\/2025\\\/02\\\/22\\\/les-metiers-en-demande-dans-le-travail-detache-en-europe\\\/#primaryimage\"},\"thumbnailUrl\":\"https:\\\/\\\/rapid-interim.com\\\/wp-content\\\/uploads\\\/2024\\\/09\\\/shutterstock_1315681733.jpg\",\"datePublished\":\"2025-02-22T09:54:24+00:00\",\"dateModified\":\"2025-03-03T19:44:52+00:00\",\"description\":\"Les m\u00e9tiers en demande dans le travail d\u00e9tach\u00e9 en Europe : secteurs cl\u00e9s comme la construction, l\u2019agriculture, l\u2019h\u00f4tellerie et la logistique.\",\"breadcrumb\":{\"@id\":\"https:\\\/\\\/rapid-interim.com\\\/index.php\\\/2025\\\/02\\\/22\\\/les-metiers-en-demande-dans-le-travail-detache-en-europe\\\/#breadcrumb\"},\"inLanguage\":\"fr-FR\",\"potentialAction\":[{\"@type\":\"ReadAction\",\"target\":[\"https:\\\/\\\/rapid-interim.com\\\/index.php\\\/2025\\\/02\\\/22\\\/les-metiers-en-demande-dans-le-travail-detache-en-europe\\\/\"]}]},{\"@type\":\"ImageObject\",\"inLanguage\":\"fr-FR\",\"@id\":\"https:\\\/\\\/rapid-interim.com\\\/index.php\\\/2025\\\/02\\\/22\\\/les-metiers-en-demande-dans-le-travail-detache-en-europe\\\/#primaryimage\",\"url\":\"https:\\\/\\\/rapid-interim.com\\\/wp-content\\\/uploads\\\/2024\\\/09\\\/shutterstock_1315681733.jpg\",\"contentUrl\":\"https:\\\/\\\/rapid-interim.com\\\/wp-content\\\/uploads\\\/2024\\\/09\\\/shutterstock_1315681733.jpg\",\"width\":1024,\"height\":768},{\"@type\":\"BreadcrumbList\",\"@id\":\"https:\\\/\\\/rapid-interim.com\\\/index.php\\\/2025\\\/02\\\/22\\\/les-metiers-en-demande-dans-le-travail-detache-en-europe\\\/#breadcrumb\",\"itemListElement\":[{\"@type\":\"ListItem\",\"position\":1,\"name\":\"Accueil\",\"item\":\"https:\\\/\\\/rapid-interim.com\\\/\"},{\"@type\":\"ListItem\",\"position\":2,\"name\":\"Les m\u00e9tiers en demande dans le travail d\u00e9tach\u00e9 en Europe\"}]},{\"@type\":\"WebSite\",\"@id\":\"https:\\\/\\\/rapid-interim.com\\\/#website\",\"url\":\"https:\\\/\\\/rapid-interim.com\\\/\",\"name\":\"rapid-interim\",\"description\":\"Interim et travail temporaire\",\"publisher\":{\"@id\":\"https:\\\/\\\/rapid-interim.com\\\/#organization\"},\"potentialAction\":[{\"@type\":\"SearchAction\",\"target\":{\"@type\":\"EntryPoint\",\"urlTemplate\":\"https:\\\/\\\/rapid-interim.com\\\/?s={search_term_string}\"},\"query-input\":{\"@type\":\"PropertyValueSpecification\",\"valueRequired\":true,\"valueName\":\"search_term_string\"}}],\"inLanguage\":\"fr-FR\"},{\"@type\":\"Organization\",\"@id\":\"https:\\\/\\\/rapid-interim.com\\\/#organization\",\"name\":\"rapid-interim\",\"url\":\"https:\\\/\\\/rapid-interim.com\\\/\",\"logo\":{\"@type\":\"ImageObject\",\"inLanguage\":\"fr-FR\",\"@id\":\"https:\\\/\\\/rapid-interim.com\\\/#\\\/schema\\\/logo\\\/image\\\/\",\"url\":\"https:\\\/\\\/rapid-interim.com\\\/wp-content\\\/uploads\\\/2022\\\/06\\\/cropped-rapid-inetrim.png\",\"contentUrl\":\"https:\\\/\\\/rapid-interim.com\\\/wp-content\\\/uploads\\\/2022\\\/06\\\/cropped-rapid-inetrim.png\",\"width\":314,\"height\":137,\"caption\":\"rapid-interim\"},\"image\":{\"@id\":\"https:\\\/\\\/rapid-interim.com\\\/#\\\/schema\\\/logo\\\/image\\\/\"}},{\"@type\":\"Person\",\"@id\":\"https:\\\/\\\/rapid-interim.com\\\/#\\\/schema\\\/person\\\/c80cf67768e43267c59b9c4095fac056\",\"name\":\"Marie Dubois\",\"image\":{\"@type\":\"ImageObject\",\"inLanguage\":\"fr-FR\",\"@id\":\"https:\\\/\\\/secure.gravatar.com\\\/avatar\\\/c5d9a389371c49a3eb3d5c05c1bdb9d2124cabb2c990e1eb227c370b66139bfe?s=96&d=mm&r=g\",\"url\":\"https:\\\/\\\/secure.gravatar.com\\\/avatar\\\/c5d9a389371c49a3eb3d5c05c1bdb9d2124cabb2c990e1eb227c370b66139bfe?s=96&d=mm&r=g\",\"contentUrl\":\"https:\\\/\\\/secure.gravatar.com\\\/avatar\\\/c5d9a389371c49a3eb3d5c05c1bdb9d2124cabb2c990e1eb227c370b66139bfe?s=96&d=mm&r=g\",\"caption\":\"Marie Dubois\"},\"sameAs\":[\"http:\\\/\\\/rapid-interim.com\"],\"url\":\"https:\\\/\\\/rapid-interim.com\\\/index.php\\\/author\\\/rapid-interim-com\\\/\"}]}<\/script>\n<!-- \/ Yoast SEO plugin. -->","yoast_head_json":{"title":"Les m\u00e9tiers en demande dans le travail d\u00e9tach\u00e9 en Europe - rapid-interim","description":"Les m\u00e9tiers en demande dans le travail d\u00e9tach\u00e9 en Europe : secteurs cl\u00e9s comme la construction, l\u2019agriculture, l\u2019h\u00f4tellerie et la logistique.","robots":{"index":"index","follow":"follow","max-snippet":"max-snippet:-1","max-image-preview":"max-image-preview:large","max-video-preview":"max-video-preview:-1"},"canonical":"https:\/\/rapid-interim.com\/index.php\/2025\/02\/22\/les-metiers-en-demande-dans-le-travail-detache-en-europe\/","og_locale":"fr_FR","og_type":"article","og_title":"Les m\u00e9tiers en demande dans le travail d\u00e9tach\u00e9 en Europe - rapid-interim","og_description":"Les m\u00e9tiers en demande dans le travail d\u00e9tach\u00e9 en Europe : secteurs cl\u00e9s comme la construction, l\u2019agriculture, l\u2019h\u00f4tellerie et la logistique.","og_url":"https:\/\/rapid-interim.com\/index.php\/2025\/02\/22\/les-metiers-en-demande-dans-le-travail-detache-en-europe\/","og_site_name":"rapid-interim","article_published_time":"2025-02-22T09:54:24+00:00","article_modified_time":"2025-03-03T19:44:52+00:00","og_image":[{"width":1024,"height":768,"url":"https:\/\/rapid-interim.com\/wp-content\/uploads\/2024\/09\/shutterstock_1315681733.jpg","type":"image\/jpeg"}],"author":"Marie Dubois","twitter_card":"summary_large_image","twitter_misc":{"\u00c9crit par":"Marie Dubois","Dur\u00e9e de lecture estim\u00e9e":"7 minutes"},"schema":{"@context":"https:\/\/schema.org","@graph":[{"@type":"Article","@id":"https:\/\/rapid-interim.com\/index.php\/2025\/02\/22\/les-metiers-en-demande-dans-le-travail-detache-en-europe\/#article","isPartOf":{"@id":"https:\/\/rapid-interim.com\/index.php\/2025\/02\/22\/les-metiers-en-demande-dans-le-travail-detache-en-europe\/"},"author":{"name":"Marie Dubois","@id":"https:\/\/rapid-interim.com\/#\/schema\/person\/c80cf67768e43267c59b9c4095fac056"},"headline":"Les m\u00e9tiers en demande dans le travail d\u00e9tach\u00e9 en Europe","datePublished":"2025-02-22T09:54:24+00:00","dateModified":"2025-03-03T19:44:52+00:00","mainEntityOfPage":{"@id":"https:\/\/rapid-interim.com\/index.php\/2025\/02\/22\/les-metiers-en-demande-dans-le-travail-detache-en-europe\/"},"wordCount":1245,"commentCount":0,"publisher":{"@id":"https:\/\/rapid-interim.com\/#organization"},"image":{"@id":"https:\/\/rapid-interim.com\/index.php\/2025\/02\/22\/les-metiers-en-demande-dans-le-travail-detache-en-europe\/#primaryimage"},"thumbnailUrl":"https:\/\/rapid-interim.com\/wp-content\/uploads\/2024\/09\/shutterstock_1315681733.jpg","keywords":["agence de recrutement roumanie","agence interim europeene","agence interim travailleur etranger","detachement roumain","interim d\u00e9tache","interim etranger","interim \u00e9tranger roumain","INTERIM ROUMANIE","interimaire etranger","Interimaires roumains","TRAVAIL DETACHE","travail detache roumain","TRAVAILLEUR ROUMAIN","travailleur temporaire roumain","travaillleur detache roumain"],"articleSection":["Blog","Distribution","H\u00f4tellerie et restauration","Logistique","Sant\u00e9","Transport"],"inLanguage":"fr-FR","potentialAction":[{"@type":"CommentAction","name":"Comment","target":["https:\/\/rapid-interim.com\/index.php\/2025\/02\/22\/les-metiers-en-demande-dans-le-travail-detache-en-europe\/#respond"]}]},{"@type":"WebPage","@id":"https:\/\/rapid-interim.com\/index.php\/2025\/02\/22\/les-metiers-en-demande-dans-le-travail-detache-en-europe\/","url":"https:\/\/rapid-interim.com\/index.php\/2025\/02\/22\/les-metiers-en-demande-dans-le-travail-detache-en-europe\/","name":"Les m\u00e9tiers en demande dans le travail d\u00e9tach\u00e9 en Europe - rapid-interim","isPartOf":{"@id":"https:\/\/rapid-interim.com\/#website"},"primaryImageOfPage":{"@id":"https:\/\/rapid-interim.com\/index.php\/2025\/02\/22\/les-metiers-en-demande-dans-le-travail-detache-en-europe\/#primaryimage"},"image":{"@id":"https:\/\/rapid-interim.com\/index.php\/2025\/02\/22\/les-metiers-en-demande-dans-le-travail-detache-en-europe\/#primaryimage"},"thumbnailUrl":"https:\/\/rapid-interim.com\/wp-content\/uploads\/2024\/09\/shutterstock_1315681733.jpg","datePublished":"2025-02-22T09:54:24+00:00","dateModified":"2025-03-03T19:44:52+00:00","description":"Les m\u00e9tiers en demande dans le travail d\u00e9tach\u00e9 en Europe : secteurs cl\u00e9s comme la construction, l\u2019agriculture, l\u2019h\u00f4tellerie et la logistique.","breadcrumb":{"@id":"https:\/\/rapid-interim.com\/index.php\/2025\/02\/22\/les-metiers-en-demande-dans-le-travail-detache-en-europe\/#breadcrumb"},"inLanguage":"fr-FR","potentialAction":[{"@type":"ReadAction","target":["https:\/\/rapid-interim.com\/index.php\/2025\/02\/22\/les-metiers-en-demande-dans-le-travail-detache-en-europe\/"]}]},{"@type":"ImageObject","inLanguage":"fr-FR","@id":"https:\/\/rapid-interim.com\/index.php\/2025\/02\/22\/les-metiers-en-demande-dans-le-travail-detache-en-europe\/#primaryimage","url":"https:\/\/rapid-interim.com\/wp-content\/uploads\/2024\/09\/shutterstock_1315681733.jpg","contentUrl":"https:\/\/rapid-interim.com\/wp-content\/uploads\/2024\/09\/shutterstock_1315681733.jpg","width":1024,"height":768},{"@type":"BreadcrumbList","@id":"https:\/\/rapid-interim.com\/index.php\/2025\/02\/22\/les-metiers-en-demande-dans-le-travail-detache-en-europe\/#breadcrumb","itemListElement":[{"@type":"ListItem","position":1,"name":"Accueil","item":"https:\/\/rapid-interim.com\/"},{"@type":"ListItem","position":2,"name":"Les m\u00e9tiers en demande dans le travail d\u00e9tach\u00e9 en Europe"}]},{"@type":"WebSite","@id":"https:\/\/rapid-interim.com\/#website","url":"https:\/\/rapid-interim.com\/","name":"rapid-interim","description":"Interim et travail temporaire","publisher":{"@id":"https:\/\/rapid-interim.com\/#organization"},"potentialAction":[{"@type":"SearchAction","target":{"@type":"EntryPoint","urlTemplate":"https:\/\/rapid-interim.com\/?s={search_term_string}"},"query-input":{"@type":"PropertyValueSpecification","valueRequired":true,"valueName":"search_term_string"}}],"inLanguage":"fr-FR"},{"@type":"Organization","@id":"https:\/\/rapid-interim.com\/#organization","name":"rapid-interim","url":"https:\/\/rapid-interim.com\/","logo":{"@type":"ImageObject","inLanguage":"fr-FR","@id":"https:\/\/rapid-interim.com\/#\/schema\/logo\/image\/","url":"https:\/\/rapid-interim.com\/wp-content\/uploads\/2022\/06\/cropped-rapid-inetrim.png","contentUrl":"https:\/\/rapid-interim.com\/wp-content\/uploads\/2022\/06\/cropped-rapid-inetrim.png","width":314,"height":137,"caption":"rapid-interim"},"image":{"@id":"https:\/\/rapid-interim.com\/#\/schema\/logo\/image\/"}},{"@type":"Person","@id":"https:\/\/rapid-interim.com\/#\/schema\/person\/c80cf67768e43267c59b9c4095fac056","name":"Marie Dubois","image":{"@type":"ImageObject","inLanguage":"fr-FR","@id":"https:\/\/secure.gravatar.com\/avatar\/c5d9a389371c49a3eb3d5c05c1bdb9d2124cabb2c990e1eb227c370b66139bfe?s=96&d=mm&r=g","url":"https:\/\/secure.gravatar.com\/avatar\/c5d9a389371c49a3eb3d5c05c1bdb9d2124cabb2c990e1eb227c370b66139bfe?s=96&d=mm&r=g","contentUrl":"https:\/\/secure.gravatar.com\/avatar\/c5d9a389371c49a3eb3d5c05c1bdb9d2124cabb2c990e1eb227c370b66139bfe?s=96&d=mm&r=g","caption":"Marie Dubois"},"sameAs":["http:\/\/rapid-interim.com"],"url":"https:\/\/rapid-interim.com\/index.php\/author\/rapid-interim-com\/"}]}},"jetpack_featured_media_url":"https:\/\/rapid-interim.com\/wp-content\/uploads\/2024\/09\/shutterstock_1315681733.jpg","jetpack_sharing_enabled":true,"_links":{"self":[{"href":"https:\/\/rapid-interim.com\/index.php\/wp-json\/wp\/v2\/posts\/21828","targetHints":{"allow":["GET"]}}],"collection":[{"href":"https:\/\/rapid-interim.com\/index.php\/wp-json\/wp\/v2\/posts"}],"about":[{"href":"https:\/\/rapid-interim.com\/index.php\/wp-json\/wp\/v2\/types\/post"}],"author":[{"embeddable":true,"href":"https:\/\/rapid-interim.com\/index.php\/wp-json\/wp\/v2\/users\/1"}],"replies":[{"embeddable":true,"href":"https:\/\/rapid-interim.com\/index.php\/wp-json\/wp\/v2\/comments?post=21828"}],"version-history":[{"count":2,"href":"https:\/\/rapid-interim.com\/index.php\/wp-json\/wp\/v2\/posts\/21828\/revisions"}],"predecessor-version":[{"id":22027,"href":"https:\/\/rapid-interim.com\/index.php\/wp-json\/wp\/v2\/posts\/21828\/revisions\/22027"}],"wp:featuredmedia":[{"embeddable":true,"href":"https:\/\/rapid-interim.com\/index.php\/wp-json\/wp\/v2\/media\/21652"}],"wp:attachment":[{"href":"https:\/\/rapid-interim.com\/index.php\/wp-json\/wp\/v2\/media?parent=21828"}],"wp:term":[{"taxonomy":"category","embeddable":true,"href":"https:\/\/rapid-interim.com\/index.php\/wp-json\/wp\/v2\/categories?post=21828"},{"taxonomy":"post_tag","embeddable":true,"href":"https:\/\/rapid-interim.com\/index.php\/wp-json\/wp\/v2\/tags?post=21828"}],"curies":[{"name":"wp","href":"https:\/\/api.w.org\/{rel}","templated":true}]}}