{"id":21826,"date":"2024-12-12T07:42:25","date_gmt":"2024-12-12T06:42:25","guid":{"rendered":"https:\/\/rapid-interim.com\/?p=21826"},"modified":"2024-12-09T17:49:21","modified_gmt":"2024-12-09T16:49:21","slug":"le-futur-de-linterim-detache-en-europe","status":"publish","type":"post","link":"https:\/\/rapid-interim.com\/index.php\/2024\/12\/12\/le-futur-de-linterim-detache-en-europe\/","title":{"rendered":"Le futur de l&rsquo;int\u00e9rim d\u00e9tach\u00e9 en Europe"},"content":{"rendered":"<p>L\u2019int\u00e9rim d\u00e9tach\u00e9, qui permet aux entreprises europ\u00e9ennes de b\u00e9n\u00e9ficier des comp\u00e9tences de travailleurs d\u2019autres pays membres de l\u2019Union europ\u00e9enne, joue un r\u00f4le cl\u00e9 dans le dynamisme du march\u00e9 du travail. Alors que l\u2019Europe traverse des transformations \u00e9conomiques et sociales majeures, l\u2019avenir de cette forme de travail \u00e9volue sous l\u2019influence de divers facteurs. Cet article explore les perspectives et d\u00e9fis qui fa\u00e7onnent le futur de l\u2019int\u00e9rim d\u00e9tach\u00e9 en Europe.<\/p>\n<hr \/>\n<h2><strong>Un mod\u00e8le en mutation<\/strong><\/h2>\n<h3><strong>1. Une demande croissante dans certains secteurs<\/strong><\/h3>\n<p>Avec la p\u00e9nurie de main-d\u2019\u0153uvre dans des domaines cl\u00e9s tels que la construction, les transports, l\u2019agriculture ou la sant\u00e9, l\u2019int\u00e9rim d\u00e9tach\u00e9 reste une solution privil\u00e9gi\u00e9e pour r\u00e9pondre aux besoins urgents des entreprises. Les travailleurs qualifi\u00e9s, notamment ceux venant de pays comme la Roumanie, deviennent indispensables pour soutenir ces secteurs.<\/p>\n<h3><strong>2. Une \u00e9volution vers des profils plus qualifi\u00e9s<\/strong><\/h3>\n<p>Alors que l\u2019\u00e9conomie europ\u00e9enne tend vers des industries \u00e0 plus forte valeur ajout\u00e9e, la demande pour des travailleurs qualifi\u00e9s augmente. Les <a href=\"https:\/\/rapid-interim.com\/\" data-internallinksmanager029f6b8e52c=\"47\" title=\"agences d\u2019int\u00e9rim\">agences d\u2019int\u00e9rim<\/a> se concentrent de plus en plus sur le <a href=\"https:\/\/rapid-interim.com\/\" data-internallinksmanager029f6b8e52c=\"44\" title=\"Accueil - Agence d&#039;interim roumaine\">recrutement<\/a> de comp\u00e9tences sp\u00e9cifiques, telles que les ing\u00e9nieurs, techniciens ou op\u00e9rateurs sp\u00e9cialis\u00e9s, pour r\u00e9pondre aux exigences du march\u00e9.<img fetchpriority=\"high\" decoding=\"async\" class=\"alignnone size-full wp-image-21791\" src=\"https:\/\/rapid-interim.com\/wp-content\/uploads\/2024\/11\/629-manutentionnaire.webp\" alt=\"\" width=\"1200\" height=\"731\" srcset=\"https:\/\/rapid-interim.com\/wp-content\/uploads\/2024\/11\/629-manutentionnaire.webp 1200w, https:\/\/rapid-interim.com\/wp-content\/uploads\/2024\/11\/629-manutentionnaire-300x183.webp 300w, https:\/\/rapid-interim.com\/wp-content\/uploads\/2024\/11\/629-manutentionnaire-1024x624.webp 1024w, https:\/\/rapid-interim.com\/wp-content\/uploads\/2024\/11\/629-manutentionnaire-768x468.webp 768w, https:\/\/rapid-interim.com\/wp-content\/uploads\/2024\/11\/629-manutentionnaire-600x366.webp 600w\" sizes=\"(max-width: 1200px) 100vw, 1200px\" \/><\/p>\n<hr \/>\n<h2><strong>Les d\u00e9fis \u00e0 relever<\/strong><\/h2>\n<h3><strong>1. Harmonisation des l\u00e9gislations europ\u00e9ennes<\/strong><\/h3>\n<p>L\u2019Union europ\u00e9enne cherche \u00e0 \u00e9tablir un \u00e9quilibre entre les avantages de l\u2019int\u00e9rim d\u00e9tach\u00e9 et la protection des travailleurs. La directive europ\u00e9enne r\u00e9vis\u00e9e sur le d\u00e9tachement des travailleurs impose d\u00e9sormais une \u00e9galit\u00e9 de r\u00e9mun\u00e9ration et de <a href=\"https:\/\/rapid-interim.com\/index.php\/2025\/01\/22\/les-conditions-de-travail-des-interimaires-roumains-dans-le-secteur-de-la-logistique\/\" data-internallinksmanager029f6b8e52c=\"46\" title=\"conditions de travail\">conditions de travail<\/a> entre les travailleurs d\u00e9tach\u00e9s et locaux. Cela peut repr\u00e9senter un d\u00e9fi pour certaines entreprises, mais garantit une concurrence loyale.<\/p>\n<h3><strong>2. Lutte contre les abus<\/strong><\/h3>\n<p>Des efforts sont d\u00e9ploy\u00e9s pour contrer le travail non d\u00e9clar\u00e9 et les abus li\u00e9s \u00e0 l\u2019int\u00e9rim d\u00e9tach\u00e9. Les \u00c9tats membres mettent en place des syst\u00e8mes de contr\u00f4le renforc\u00e9s pour garantir le respect des normes et la transparence dans les pratiques d\u2019embauche.<\/p>\n<h3><strong>3. Impact des tensions politiques et \u00e9conomiques<\/strong><\/h3>\n<p>Le contexte g\u00e9opolitique, notamment le Brexit ou encore les divergences sur les politiques migratoires, peut influencer la mobilit\u00e9 des travailleurs et le fonctionnement du d\u00e9tachement.<\/p>\n<hr \/>\n<h2><strong>Les opportunit\u00e9s de d\u00e9veloppement<\/strong><\/h2>\n<h3><strong>1. Digitalisation des processus de recrutement<\/strong><\/h3>\n<p>Les nouvelles technologies, telles que les plateformes en ligne et l\u2019intelligence artificielle, facilitent la mise en relation rapide et efficace entre les entreprises et les travailleurs d\u00e9tach\u00e9s qualifi\u00e9s.<\/p>\n<h3><strong>2. Un focus accru sur la formation<\/strong><\/h3>\n<p>Pour r\u00e9pondre aux besoins \u00e9volutifs du march\u00e9 du travail, les <a href=\"https:\/\/rapid-interim.com\/\" data-internallinksmanager029f6b8e52c=\"47\" title=\"agences d\u2019int\u00e9rim\">agences d\u2019int\u00e9rim<\/a> investissent dans la formation des travailleurs d\u00e9tach\u00e9s. Cela leur permet d\u2019acqu\u00e9rir les comp\u00e9tences n\u00e9cessaires pour des secteurs en pleine mutation, comme la transition \u00e9nerg\u00e9tique ou les technologies vertes.<\/p>\n<h3><strong>3. Collaboration renforc\u00e9e entre agences et entreprises<\/strong><\/h3>\n<p>Les <a href=\"https:\/\/rapid-interim.com\/\" data-internallinksmanager029f6b8e52c=\"47\" title=\"agences d\u2019int\u00e9rim\">agences d\u2019int\u00e9rim<\/a> jouent un r\u00f4le central dans la simplification des d\u00e9marches administratives et l\u2019accompagnement des entreprises pour garantir une conformit\u00e9 aux r\u00e9glementations.<\/p>\n<hr \/>\n<h2><strong>Une perspective prometteuse pour les travailleurs d\u00e9tach\u00e9s roumains<img decoding=\"async\" class=\"alignnone size-full wp-image-21702\" src=\"https:\/\/rapid-interim.com\/wp-content\/uploads\/2024\/10\/metier-apiculteur.jpg\" alt=\"\" width=\"600\" height=\"400\" srcset=\"https:\/\/rapid-interim.com\/wp-content\/uploads\/2024\/10\/metier-apiculteur.jpg 600w, https:\/\/rapid-interim.com\/wp-content\/uploads\/2024\/10\/metier-apiculteur-300x200.jpg 300w\" sizes=\"(max-width: 600px) 100vw, 600px\" \/><\/strong><\/h2>\n<p>La Roumanie, avec sa <a href=\"https:\/\/rapid-interim.com\/\" data-internallinksmanager029f6b8e52c=\"45\" title=\"Main-d\u2019\u0153uvre qualifi\u00e9e\">main-d\u2019\u0153uvre qualifi\u00e9e<\/a> et mobile, restera un acteur majeur du march\u00e9 de l\u2019int\u00e9rim d\u00e9tach\u00e9 en Europe. Les <a href=\"https:\/\/rapid-interim.com\/index.php\/2025\/02\/24\/reglementation-europeenne-et-detachement-des-travailleurs-roumains\/\" data-internallinksmanager029f6b8e52c=\"28\" title=\"Travailleurs roumains\">travailleurs roumains<\/a> apportent des comp\u00e9tences techniques et un savoir-faire appr\u00e9ci\u00e9 dans des secteurs comme la construction, la logistique et l\u2019industrie. Le futur de l\u2019int\u00e9rim d\u00e9tach\u00e9 pour ces professionnels repose sur :<\/p>\n<ul>\n<li><strong>Une meilleure reconnaissance de leurs qualifications \u00e0 l\u2019\u00e9chelle europ\u00e9enne.<\/strong><\/li>\n<li><strong>Des <a href=\"https:\/\/rapid-interim.com\/index.php\/2025\/01\/22\/les-conditions-de-travail-des-interimaires-roumains-dans-le-secteur-de-la-logistique\/\" data-internallinksmanager029f6b8e52c=\"46\" title=\"conditions de travail\">conditions de travail<\/a> am\u00e9lior\u00e9es gr\u00e2ce aux directives europ\u00e9ennes.<\/strong><\/li>\n<li><strong>Un soutien accru des <a href=\"https:\/\/rapid-interim.com\/\" data-internallinksmanager029f6b8e52c=\"47\" title=\"agences d\u2019int\u00e9rim\">agences d\u2019int\u00e9rim<\/a> pour leur int\u00e9gration professionnelle.<\/strong><\/li>\n<\/ul>\n<hr \/>\n<h2><strong>Conclusion<\/strong><\/h2>\n<p>L\u2019int\u00e9rim d\u00e9tach\u00e9 est une solution cl\u00e9 pour maintenir la comp\u00e9titivit\u00e9 des entreprises europ\u00e9ennes et r\u00e9pondre aux d\u00e9fis du march\u00e9 du travail. Si des ajustements l\u00e9gislatifs et organisationnels sont n\u00e9cessaires pour garantir un mod\u00e8le \u00e9quitable et durable, les opportunit\u00e9s pour les travailleurs et les employeurs restent nombreuses.<\/p>\n<p><strong>Pour en savoir plus sur nos solutions en int\u00e9rim d\u00e9tach\u00e9, contactez-nous :<\/strong><br \/>\n<strong>Email : <a href=\"mailto:info@rapid-interim.com\">info@rapid-interim.com<\/a><\/strong><br \/>\n<strong>Rapid Interim, votre partenaire pour une collaboration internationale efficace et en toute conformit\u00e9.<\/strong><\/p>\n","protected":false},"excerpt":{"rendered":"<p>L\u2019int\u00e9rim d\u00e9tach\u00e9, qui permet aux entreprises europ\u00e9ennes de b\u00e9n\u00e9ficier des comp\u00e9tences de travailleurs d\u2019autres pays membres de l\u2019Union europ\u00e9enne, joue un r\u00f4le cl\u00e9 dans le dynamisme du march\u00e9 du travail. Alors que l\u2019Europe traverse des transformations \u00e9conomiques et sociales majeures, l\u2019avenir de cette forme de travail \u00e9volue sous l\u2019influence de divers facteurs. Cet article explore [&hellip;]<\/p>\n","protected":false},"author":1,"featured_media":21669,"comment_status":"open","ping_status":"open","sticky":false,"template":"","format":"image","meta":{"_crdt_document":"","_jetpack_memberships_contains_paid_content":false,"footnotes":""},"categories":[1,133,102,101,117,100],"tags":[129,128,127,125,118,120,121,69,122,123,74,119,70,126,124],"class_list":["post-21826","post","type-post","status-publish","format-image","has-post-thumbnail","hentry","category-blog","category-distribution","category-hotellerie-et-restauration","category-logistique","category-sante","category-transport","tag-agence-de-recrutement-roumanie","tag-agence-interim-europeene","tag-agence-interim-travailleur-etranger","tag-detachement-roumain","tag-interim-detache","tag-interim-etranger","tag-interim-etranger-roumain","tag-interim-roumanie","tag-interimaire-etranger","tag-interimaires-roumains","tag-travail-detache","tag-travail-detache-roumain","tag-travailleur-roumain","tag-travailleur-temporaire-roumain","tag-travaillleur-detache-roumain","post_format-post-format-image","nd_cc_cpt_1_tax_1-agriculture","nd_cc_cpt_1_tax_1-construction","nd_cc_cpt_1_tax_1-distribution","nd_cc_cpt_1_tax_1-hotellerie-et-restauration","nd_cc_cpt_1_tax_1-industrie","nd_cc_cpt_1_tax_1-logistique","nd_cc_cpt_1_tax_1-sante","nd_cc_cpt_1_tax_1-transport","nd_cc_cpt_1_tax_1-travaux-publics"],"yoast_head":"<!-- This site is optimized with the Yoast SEO plugin v27.5 - https:\/\/yoast.com\/product\/yoast-seo-wordpress\/ -->\n<title>Le futur de l&#039;int\u00e9rim d\u00e9tach\u00e9 en Europe - rapid-interim<\/title>\n<meta name=\"robots\" content=\"index, follow, max-snippet:-1, max-image-preview:large, max-video-preview:-1\" \/>\n<link rel=\"canonical\" href=\"https:\/\/rapid-interim.com\/index.php\/2024\/12\/12\/le-futur-de-linterim-detache-en-europe\/\" \/>\n<meta property=\"og:locale\" content=\"fr_FR\" \/>\n<meta property=\"og:type\" content=\"article\" \/>\n<meta property=\"og:title\" content=\"Le futur de l&#039;int\u00e9rim d\u00e9tach\u00e9 en Europe - rapid-interim\" \/>\n<meta property=\"og:description\" content=\"L\u2019int\u00e9rim d\u00e9tach\u00e9, qui permet aux entreprises europ\u00e9ennes de b\u00e9n\u00e9ficier des comp\u00e9tences de travailleurs d\u2019autres pays membres de l\u2019Union europ\u00e9enne, joue un r\u00f4le cl\u00e9 dans le dynamisme du march\u00e9 du travail. Alors que l\u2019Europe traverse des transformations \u00e9conomiques et sociales majeures, l\u2019avenir de cette forme de travail \u00e9volue sous l\u2019influence de divers facteurs. Cet article explore [&hellip;]\" \/>\n<meta property=\"og:url\" content=\"https:\/\/rapid-interim.com\/index.php\/2024\/12\/12\/le-futur-de-linterim-detache-en-europe\/\" \/>\n<meta property=\"og:site_name\" content=\"rapid-interim\" \/>\n<meta property=\"article:published_time\" content=\"2024-12-12T06:42:25+00:00\" \/>\n<meta property=\"og:image\" content=\"https:\/\/rapid-interim.com\/wp-content\/uploads\/2024\/10\/Porteur-forestier-1510E-John-Deere-01.jpg\" \/>\n\t<meta property=\"og:image:width\" content=\"1024\" \/>\n\t<meta property=\"og:image:height\" content=\"768\" \/>\n\t<meta property=\"og:image:type\" content=\"image\/jpeg\" \/>\n<meta name=\"author\" content=\"Marie Dubois\" \/>\n<meta name=\"twitter:card\" content=\"summary_large_image\" \/>\n<meta name=\"twitter:label1\" content=\"\u00c9crit par\" \/>\n\t<meta name=\"twitter:data1\" content=\"Marie Dubois\" \/>\n\t<meta name=\"twitter:label2\" content=\"Dur\u00e9e de lecture estim\u00e9e\" \/>\n\t<meta name=\"twitter:data2\" content=\"4 minutes\" \/>\n<script type=\"application\/ld+json\" class=\"yoast-schema-graph\">{\"@context\":\"https:\\\/\\\/schema.org\",\"@graph\":[{\"@type\":\"Article\",\"@id\":\"https:\\\/\\\/rapid-interim.com\\\/index.php\\\/2024\\\/12\\\/12\\\/le-futur-de-linterim-detache-en-europe\\\/#article\",\"isPartOf\":{\"@id\":\"https:\\\/\\\/rapid-interim.com\\\/index.php\\\/2024\\\/12\\\/12\\\/le-futur-de-linterim-detache-en-europe\\\/\"},\"author\":{\"name\":\"Marie Dubois\",\"@id\":\"https:\\\/\\\/rapid-interim.com\\\/#\\\/schema\\\/person\\\/c80cf67768e43267c59b9c4095fac056\"},\"headline\":\"Le futur de l&rsquo;int\u00e9rim d\u00e9tach\u00e9 en Europe\",\"datePublished\":\"2024-12-12T06:42:25+00:00\",\"mainEntityOfPage\":{\"@id\":\"https:\\\/\\\/rapid-interim.com\\\/index.php\\\/2024\\\/12\\\/12\\\/le-futur-de-linterim-detache-en-europe\\\/\"},\"wordCount\":737,\"commentCount\":0,\"publisher\":{\"@id\":\"https:\\\/\\\/rapid-interim.com\\\/#organization\"},\"image\":{\"@id\":\"https:\\\/\\\/rapid-interim.com\\\/index.php\\\/2024\\\/12\\\/12\\\/le-futur-de-linterim-detache-en-europe\\\/#primaryimage\"},\"thumbnailUrl\":\"https:\\\/\\\/rapid-interim.com\\\/wp-content\\\/uploads\\\/2024\\\/10\\\/Porteur-forestier-1510E-John-Deere-01.jpg\",\"keywords\":[\"agence de recrutement roumanie\",\"agence interim europeene\",\"agence interim travailleur etranger\",\"detachement roumain\",\"interim d\u00e9tache\",\"interim etranger\",\"interim \u00e9tranger roumain\",\"INTERIM ROUMANIE\",\"interimaire etranger\",\"Interimaires roumains\",\"TRAVAIL DETACHE\",\"travail detache roumain\",\"TRAVAILLEUR ROUMAIN\",\"travailleur temporaire roumain\",\"travaillleur detache roumain\"],\"articleSection\":[\"Blog\",\"Distribution\",\"H\u00f4tellerie et restauration\",\"Logistique\",\"Sant\u00e9\",\"Transport\"],\"inLanguage\":\"fr-FR\",\"potentialAction\":[{\"@type\":\"CommentAction\",\"name\":\"Comment\",\"target\":[\"https:\\\/\\\/rapid-interim.com\\\/index.php\\\/2024\\\/12\\\/12\\\/le-futur-de-linterim-detache-en-europe\\\/#respond\"]}]},{\"@type\":\"WebPage\",\"@id\":\"https:\\\/\\\/rapid-interim.com\\\/index.php\\\/2024\\\/12\\\/12\\\/le-futur-de-linterim-detache-en-europe\\\/\",\"url\":\"https:\\\/\\\/rapid-interim.com\\\/index.php\\\/2024\\\/12\\\/12\\\/le-futur-de-linterim-detache-en-europe\\\/\",\"name\":\"Le futur de l'int\u00e9rim d\u00e9tach\u00e9 en Europe - rapid-interim\",\"isPartOf\":{\"@id\":\"https:\\\/\\\/rapid-interim.com\\\/#website\"},\"primaryImageOfPage\":{\"@id\":\"https:\\\/\\\/rapid-interim.com\\\/index.php\\\/2024\\\/12\\\/12\\\/le-futur-de-linterim-detache-en-europe\\\/#primaryimage\"},\"image\":{\"@id\":\"https:\\\/\\\/rapid-interim.com\\\/index.php\\\/2024\\\/12\\\/12\\\/le-futur-de-linterim-detache-en-europe\\\/#primaryimage\"},\"thumbnailUrl\":\"https:\\\/\\\/rapid-interim.com\\\/wp-content\\\/uploads\\\/2024\\\/10\\\/Porteur-forestier-1510E-John-Deere-01.jpg\",\"datePublished\":\"2024-12-12T06:42:25+00:00\",\"breadcrumb\":{\"@id\":\"https:\\\/\\\/rapid-interim.com\\\/index.php\\\/2024\\\/12\\\/12\\\/le-futur-de-linterim-detache-en-europe\\\/#breadcrumb\"},\"inLanguage\":\"fr-FR\",\"potentialAction\":[{\"@type\":\"ReadAction\",\"target\":[\"https:\\\/\\\/rapid-interim.com\\\/index.php\\\/2024\\\/12\\\/12\\\/le-futur-de-linterim-detache-en-europe\\\/\"]}]},{\"@type\":\"ImageObject\",\"inLanguage\":\"fr-FR\",\"@id\":\"https:\\\/\\\/rapid-interim.com\\\/index.php\\\/2024\\\/12\\\/12\\\/le-futur-de-linterim-detache-en-europe\\\/#primaryimage\",\"url\":\"https:\\\/\\\/rapid-interim.com\\\/wp-content\\\/uploads\\\/2024\\\/10\\\/Porteur-forestier-1510E-John-Deere-01.jpg\",\"contentUrl\":\"https:\\\/\\\/rapid-interim.com\\\/wp-content\\\/uploads\\\/2024\\\/10\\\/Porteur-forestier-1510E-John-Deere-01.jpg\",\"width\":1024,\"height\":768},{\"@type\":\"BreadcrumbList\",\"@id\":\"https:\\\/\\\/rapid-interim.com\\\/index.php\\\/2024\\\/12\\\/12\\\/le-futur-de-linterim-detache-en-europe\\\/#breadcrumb\",\"itemListElement\":[{\"@type\":\"ListItem\",\"position\":1,\"name\":\"Accueil\",\"item\":\"https:\\\/\\\/rapid-interim.com\\\/\"},{\"@type\":\"ListItem\",\"position\":2,\"name\":\"Le futur de l&rsquo;int\u00e9rim d\u00e9tach\u00e9 en Europe\"}]},{\"@type\":\"WebSite\",\"@id\":\"https:\\\/\\\/rapid-interim.com\\\/#website\",\"url\":\"https:\\\/\\\/rapid-interim.com\\\/\",\"name\":\"rapid-interim\",\"description\":\"Interim et travail temporaire\",\"publisher\":{\"@id\":\"https:\\\/\\\/rapid-interim.com\\\/#organization\"},\"potentialAction\":[{\"@type\":\"SearchAction\",\"target\":{\"@type\":\"EntryPoint\",\"urlTemplate\":\"https:\\\/\\\/rapid-interim.com\\\/?s={search_term_string}\"},\"query-input\":{\"@type\":\"PropertyValueSpecification\",\"valueRequired\":true,\"valueName\":\"search_term_string\"}}],\"inLanguage\":\"fr-FR\"},{\"@type\":\"Organization\",\"@id\":\"https:\\\/\\\/rapid-interim.com\\\/#organization\",\"name\":\"rapid-interim\",\"url\":\"https:\\\/\\\/rapid-interim.com\\\/\",\"logo\":{\"@type\":\"ImageObject\",\"inLanguage\":\"fr-FR\",\"@id\":\"https:\\\/\\\/rapid-interim.com\\\/#\\\/schema\\\/logo\\\/image\\\/\",\"url\":\"https:\\\/\\\/rapid-interim.com\\\/wp-content\\\/uploads\\\/2022\\\/06\\\/cropped-rapid-inetrim.png\",\"contentUrl\":\"https:\\\/\\\/rapid-interim.com\\\/wp-content\\\/uploads\\\/2022\\\/06\\\/cropped-rapid-inetrim.png\",\"width\":314,\"height\":137,\"caption\":\"rapid-interim\"},\"image\":{\"@id\":\"https:\\\/\\\/rapid-interim.com\\\/#\\\/schema\\\/logo\\\/image\\\/\"}},{\"@type\":\"Person\",\"@id\":\"https:\\\/\\\/rapid-interim.com\\\/#\\\/schema\\\/person\\\/c80cf67768e43267c59b9c4095fac056\",\"name\":\"Marie Dubois\",\"image\":{\"@type\":\"ImageObject\",\"inLanguage\":\"fr-FR\",\"@id\":\"https:\\\/\\\/secure.gravatar.com\\\/avatar\\\/c5d9a389371c49a3eb3d5c05c1bdb9d2124cabb2c990e1eb227c370b66139bfe?s=96&d=mm&r=g\",\"url\":\"https:\\\/\\\/secure.gravatar.com\\\/avatar\\\/c5d9a389371c49a3eb3d5c05c1bdb9d2124cabb2c990e1eb227c370b66139bfe?s=96&d=mm&r=g\",\"contentUrl\":\"https:\\\/\\\/secure.gravatar.com\\\/avatar\\\/c5d9a389371c49a3eb3d5c05c1bdb9d2124cabb2c990e1eb227c370b66139bfe?s=96&d=mm&r=g\",\"caption\":\"Marie Dubois\"},\"sameAs\":[\"http:\\\/\\\/rapid-interim.com\"],\"url\":\"https:\\\/\\\/rapid-interim.com\\\/index.php\\\/author\\\/rapid-interim-com\\\/\"}]}<\/script>\n<!-- \/ Yoast SEO plugin. -->","yoast_head_json":{"title":"Le futur de l'int\u00e9rim d\u00e9tach\u00e9 en Europe - rapid-interim","robots":{"index":"index","follow":"follow","max-snippet":"max-snippet:-1","max-image-preview":"max-image-preview:large","max-video-preview":"max-video-preview:-1"},"canonical":"https:\/\/rapid-interim.com\/index.php\/2024\/12\/12\/le-futur-de-linterim-detache-en-europe\/","og_locale":"fr_FR","og_type":"article","og_title":"Le futur de l'int\u00e9rim d\u00e9tach\u00e9 en Europe - rapid-interim","og_description":"L\u2019int\u00e9rim d\u00e9tach\u00e9, qui permet aux entreprises europ\u00e9ennes de b\u00e9n\u00e9ficier des comp\u00e9tences de travailleurs d\u2019autres pays membres de l\u2019Union europ\u00e9enne, joue un r\u00f4le cl\u00e9 dans le dynamisme du march\u00e9 du travail. Alors que l\u2019Europe traverse des transformations \u00e9conomiques et sociales majeures, l\u2019avenir de cette forme de travail \u00e9volue sous l\u2019influence de divers facteurs. Cet article explore [&hellip;]","og_url":"https:\/\/rapid-interim.com\/index.php\/2024\/12\/12\/le-futur-de-linterim-detache-en-europe\/","og_site_name":"rapid-interim","article_published_time":"2024-12-12T06:42:25+00:00","og_image":[{"width":1024,"height":768,"url":"https:\/\/rapid-interim.com\/wp-content\/uploads\/2024\/10\/Porteur-forestier-1510E-John-Deere-01.jpg","type":"image\/jpeg"}],"author":"Marie Dubois","twitter_card":"summary_large_image","twitter_misc":{"\u00c9crit par":"Marie Dubois","Dur\u00e9e de lecture estim\u00e9e":"4 minutes"},"schema":{"@context":"https:\/\/schema.org","@graph":[{"@type":"Article","@id":"https:\/\/rapid-interim.com\/index.php\/2024\/12\/12\/le-futur-de-linterim-detache-en-europe\/#article","isPartOf":{"@id":"https:\/\/rapid-interim.com\/index.php\/2024\/12\/12\/le-futur-de-linterim-detache-en-europe\/"},"author":{"name":"Marie Dubois","@id":"https:\/\/rapid-interim.com\/#\/schema\/person\/c80cf67768e43267c59b9c4095fac056"},"headline":"Le futur de l&rsquo;int\u00e9rim d\u00e9tach\u00e9 en Europe","datePublished":"2024-12-12T06:42:25+00:00","mainEntityOfPage":{"@id":"https:\/\/rapid-interim.com\/index.php\/2024\/12\/12\/le-futur-de-linterim-detache-en-europe\/"},"wordCount":737,"commentCount":0,"publisher":{"@id":"https:\/\/rapid-interim.com\/#organization"},"image":{"@id":"https:\/\/rapid-interim.com\/index.php\/2024\/12\/12\/le-futur-de-linterim-detache-en-europe\/#primaryimage"},"thumbnailUrl":"https:\/\/rapid-interim.com\/wp-content\/uploads\/2024\/10\/Porteur-forestier-1510E-John-Deere-01.jpg","keywords":["agence de recrutement roumanie","agence interim europeene","agence interim travailleur etranger","detachement roumain","interim d\u00e9tache","interim etranger","interim \u00e9tranger roumain","INTERIM ROUMANIE","interimaire etranger","Interimaires roumains","TRAVAIL DETACHE","travail detache roumain","TRAVAILLEUR ROUMAIN","travailleur temporaire roumain","travaillleur detache roumain"],"articleSection":["Blog","Distribution","H\u00f4tellerie et restauration","Logistique","Sant\u00e9","Transport"],"inLanguage":"fr-FR","potentialAction":[{"@type":"CommentAction","name":"Comment","target":["https:\/\/rapid-interim.com\/index.php\/2024\/12\/12\/le-futur-de-linterim-detache-en-europe\/#respond"]}]},{"@type":"WebPage","@id":"https:\/\/rapid-interim.com\/index.php\/2024\/12\/12\/le-futur-de-linterim-detache-en-europe\/","url":"https:\/\/rapid-interim.com\/index.php\/2024\/12\/12\/le-futur-de-linterim-detache-en-europe\/","name":"Le futur de l'int\u00e9rim d\u00e9tach\u00e9 en Europe - rapid-interim","isPartOf":{"@id":"https:\/\/rapid-interim.com\/#website"},"primaryImageOfPage":{"@id":"https:\/\/rapid-interim.com\/index.php\/2024\/12\/12\/le-futur-de-linterim-detache-en-europe\/#primaryimage"},"image":{"@id":"https:\/\/rapid-interim.com\/index.php\/2024\/12\/12\/le-futur-de-linterim-detache-en-europe\/#primaryimage"},"thumbnailUrl":"https:\/\/rapid-interim.com\/wp-content\/uploads\/2024\/10\/Porteur-forestier-1510E-John-Deere-01.jpg","datePublished":"2024-12-12T06:42:25+00:00","breadcrumb":{"@id":"https:\/\/rapid-interim.com\/index.php\/2024\/12\/12\/le-futur-de-linterim-detache-en-europe\/#breadcrumb"},"inLanguage":"fr-FR","potentialAction":[{"@type":"ReadAction","target":["https:\/\/rapid-interim.com\/index.php\/2024\/12\/12\/le-futur-de-linterim-detache-en-europe\/"]}]},{"@type":"ImageObject","inLanguage":"fr-FR","@id":"https:\/\/rapid-interim.com\/index.php\/2024\/12\/12\/le-futur-de-linterim-detache-en-europe\/#primaryimage","url":"https:\/\/rapid-interim.com\/wp-content\/uploads\/2024\/10\/Porteur-forestier-1510E-John-Deere-01.jpg","contentUrl":"https:\/\/rapid-interim.com\/wp-content\/uploads\/2024\/10\/Porteur-forestier-1510E-John-Deere-01.jpg","width":1024,"height":768},{"@type":"BreadcrumbList","@id":"https:\/\/rapid-interim.com\/index.php\/2024\/12\/12\/le-futur-de-linterim-detache-en-europe\/#breadcrumb","itemListElement":[{"@type":"ListItem","position":1,"name":"Accueil","item":"https:\/\/rapid-interim.com\/"},{"@type":"ListItem","position":2,"name":"Le futur de l&rsquo;int\u00e9rim d\u00e9tach\u00e9 en Europe"}]},{"@type":"WebSite","@id":"https:\/\/rapid-interim.com\/#website","url":"https:\/\/rapid-interim.com\/","name":"rapid-interim","description":"Interim et travail temporaire","publisher":{"@id":"https:\/\/rapid-interim.com\/#organization"},"potentialAction":[{"@type":"SearchAction","target":{"@type":"EntryPoint","urlTemplate":"https:\/\/rapid-interim.com\/?s={search_term_string}"},"query-input":{"@type":"PropertyValueSpecification","valueRequired":true,"valueName":"search_term_string"}}],"inLanguage":"fr-FR"},{"@type":"Organization","@id":"https:\/\/rapid-interim.com\/#organization","name":"rapid-interim","url":"https:\/\/rapid-interim.com\/","logo":{"@type":"ImageObject","inLanguage":"fr-FR","@id":"https:\/\/rapid-interim.com\/#\/schema\/logo\/image\/","url":"https:\/\/rapid-interim.com\/wp-content\/uploads\/2022\/06\/cropped-rapid-inetrim.png","contentUrl":"https:\/\/rapid-interim.com\/wp-content\/uploads\/2022\/06\/cropped-rapid-inetrim.png","width":314,"height":137,"caption":"rapid-interim"},"image":{"@id":"https:\/\/rapid-interim.com\/#\/schema\/logo\/image\/"}},{"@type":"Person","@id":"https:\/\/rapid-interim.com\/#\/schema\/person\/c80cf67768e43267c59b9c4095fac056","name":"Marie Dubois","image":{"@type":"ImageObject","inLanguage":"fr-FR","@id":"https:\/\/secure.gravatar.com\/avatar\/c5d9a389371c49a3eb3d5c05c1bdb9d2124cabb2c990e1eb227c370b66139bfe?s=96&d=mm&r=g","url":"https:\/\/secure.gravatar.com\/avatar\/c5d9a389371c49a3eb3d5c05c1bdb9d2124cabb2c990e1eb227c370b66139bfe?s=96&d=mm&r=g","contentUrl":"https:\/\/secure.gravatar.com\/avatar\/c5d9a389371c49a3eb3d5c05c1bdb9d2124cabb2c990e1eb227c370b66139bfe?s=96&d=mm&r=g","caption":"Marie Dubois"},"sameAs":["http:\/\/rapid-interim.com"],"url":"https:\/\/rapid-interim.com\/index.php\/author\/rapid-interim-com\/"}]}},"jetpack_featured_media_url":"https:\/\/rapid-interim.com\/wp-content\/uploads\/2024\/10\/Porteur-forestier-1510E-John-Deere-01.jpg","jetpack_sharing_enabled":true,"_links":{"self":[{"href":"https:\/\/rapid-interim.com\/index.php\/wp-json\/wp\/v2\/posts\/21826","targetHints":{"allow":["GET"]}}],"collection":[{"href":"https:\/\/rapid-interim.com\/index.php\/wp-json\/wp\/v2\/posts"}],"about":[{"href":"https:\/\/rapid-interim.com\/index.php\/wp-json\/wp\/v2\/types\/post"}],"author":[{"embeddable":true,"href":"https:\/\/rapid-interim.com\/index.php\/wp-json\/wp\/v2\/users\/1"}],"replies":[{"embeddable":true,"href":"https:\/\/rapid-interim.com\/index.php\/wp-json\/wp\/v2\/comments?post=21826"}],"version-history":[{"count":1,"href":"https:\/\/rapid-interim.com\/index.php\/wp-json\/wp\/v2\/posts\/21826\/revisions"}],"predecessor-version":[{"id":21827,"href":"https:\/\/rapid-interim.com\/index.php\/wp-json\/wp\/v2\/posts\/21826\/revisions\/21827"}],"wp:featuredmedia":[{"embeddable":true,"href":"https:\/\/rapid-interim.com\/index.php\/wp-json\/wp\/v2\/media\/21669"}],"wp:attachment":[{"href":"https:\/\/rapid-interim.com\/index.php\/wp-json\/wp\/v2\/media?parent=21826"}],"wp:term":[{"taxonomy":"category","embeddable":true,"href":"https:\/\/rapid-interim.com\/index.php\/wp-json\/wp\/v2\/categories?post=21826"},{"taxonomy":"post_tag","embeddable":true,"href":"https:\/\/rapid-interim.com\/index.php\/wp-json\/wp\/v2\/tags?post=21826"}],"curies":[{"name":"wp","href":"https:\/\/api.w.org\/{rel}","templated":true}]}}