{"id":21824,"date":"2024-12-07T17:33:31","date_gmt":"2024-12-07T16:33:31","guid":{"rendered":"https:\/\/rapid-interim.com\/?p=21824"},"modified":"2024-12-09T17:38:30","modified_gmt":"2024-12-09T16:38:30","slug":"travailleur-roumain-en-europe-droits-et-protections","status":"publish","type":"post","link":"https:\/\/rapid-interim.com\/index.php\/2024\/12\/07\/travailleur-roumain-en-europe-droits-et-protections\/","title":{"rendered":"Travailleur roumain en Europe : droits et protections"},"content":{"rendered":"<p>Depuis l\u2019int\u00e9gration de la Roumanie \u00e0 l\u2019Union europ\u00e9enne en 2007, les <a href=\"https:\/\/rapid-interim.com\/index.php\/2025\/02\/24\/reglementation-europeenne-et-detachement-des-travailleurs-roumains\/\" data-internallinksmanager029f6b8e52c=\"28\" title=\"Travailleurs roumains\">travailleurs roumains<\/a> ont gagn\u00e9 un acc\u00e8s \u00e9largi au march\u00e9 du travail europ\u00e9en. Cependant, leur statut particulier soul\u00e8ve des questions importantes sur leurs droits et leurs protections. Cet article met en lumi\u00e8re les principales dispositions l\u00e9gales et les m\u00e9canismes de protection destin\u00e9s \u00e0 ces travailleurs, garantissant leur bien-\u00eatre et leur \u00e9galit\u00e9 de traitement.<\/p>\n<hr \/>\n<h2><strong>Les droits fondamentaux des travailleurs roumains en Europe<\/strong><\/h2>\n<h3><strong>1. Libre circulation et acc\u00e8s \u00e0 l\u2019emploi<\/strong><\/h3>\n<p>En tant que citoyens de l\u2019UE, les Roumains b\u00e9n\u00e9ficient du droit \u00e0 la libre circulation et peuvent travailler dans n\u2019importe quel \u00c9tat membre sans avoir besoin de permis de travail. Ils ont \u00e9galement le droit de :<\/p>\n<ul>\n<li>R\u00e9sider dans un pays europ\u00e9en pour travailler ou chercher un emploi.<\/li>\n<li>B\u00e9n\u00e9ficier de conditions d\u2019emploi \u00e9quitables au m\u00eame titre que les citoyens locaux.<\/li>\n<\/ul>\n<h3><strong>2. \u00c9galit\u00e9 de traitement<\/strong><\/h3>\n<p>Les <a href=\"https:\/\/rapid-interim.com\/index.php\/2025\/02\/24\/reglementation-europeenne-et-detachement-des-travailleurs-roumains\/\" data-internallinksmanager029f6b8e52c=\"28\" title=\"Travailleurs roumains\">travailleurs roumains<\/a> doivent \u00eatre trait\u00e9s sur un pied d\u2019\u00e9galit\u00e9 avec les travailleurs nationaux en ce qui concerne :<\/p>\n<ul>\n<li>Les salaires et avantages sociaux.<\/li>\n<li>Les horaires de travail et conditions de s\u00e9curit\u00e9.<\/li>\n<li>L\u2019acc\u00e8s \u00e0 la s\u00e9curit\u00e9 sociale, comme les prestations de sant\u00e9 et de ch\u00f4mage.<\/li>\n<\/ul>\n<hr \/>\n<h2><strong>Les protections l\u00e9gales sp\u00e9cifiques<img fetchpriority=\"high\" decoding=\"async\" class=\"alignnone size-full wp-image-21741\" src=\"https:\/\/rapid-interim.com\/wp-content\/uploads\/2024\/10\/MjAyMjA0YmI3ZDVlMjczYzYwNjU4NmIxZDIzNTIzMjczODI1Mzk.avif\" alt=\"\" width=\"1260\" height=\"708\" srcset=\"https:\/\/rapid-interim.com\/wp-content\/uploads\/2024\/10\/MjAyMjA0YmI3ZDVlMjczYzYwNjU4NmIxZDIzNTIzMjczODI1Mzk.avif 1260w, https:\/\/rapid-interim.com\/wp-content\/uploads\/2024\/10\/MjAyMjA0YmI3ZDVlMjczYzYwNjU4NmIxZDIzNTIzMjczODI1Mzk-300x169.avif 300w, https:\/\/rapid-interim.com\/wp-content\/uploads\/2024\/10\/MjAyMjA0YmI3ZDVlMjczYzYwNjU4NmIxZDIzNTIzMjczODI1Mzk-1024x575.avif 1024w, https:\/\/rapid-interim.com\/wp-content\/uploads\/2024\/10\/MjAyMjA0YmI3ZDVlMjczYzYwNjU4NmIxZDIzNTIzMjczODI1Mzk-768x432.avif 768w, https:\/\/rapid-interim.com\/wp-content\/uploads\/2024\/10\/MjAyMjA0YmI3ZDVlMjczYzYwNjU4NmIxZDIzNTIzMjczODI1Mzk-600x337.avif 600w\" sizes=\"(max-width: 1260px) 100vw, 1260px\" \/><\/strong><\/h2>\n<h3><strong>1. Directive sur le d\u00e9tachement des travailleurs<\/strong><\/h3>\n<p>Dans le cadre du <a href=\"https:\/\/rapid-interim.com\/index.php\/2025\/02\/20\/travail-detache-en-france-impact-sur-leconomie-locale\/\" data-internallinksmanager029f6b8e52c=\"25\" title=\"Travail d\u00e9tach\u00e9\">travail d\u00e9tach\u00e9<\/a>, les <a href=\"https:\/\/rapid-interim.com\/index.php\/2025\/02\/24\/reglementation-europeenne-et-detachement-des-travailleurs-roumains\/\" data-internallinksmanager029f6b8e52c=\"28\" title=\"Travailleurs roumains\">travailleurs roumains<\/a> envoy\u00e9s temporairement dans un autre pays europ\u00e9en b\u00e9n\u00e9ficient des droits suivants :<\/p>\n<ul>\n<li>Le salaire minimum du pays d\u2019accueil.<\/li>\n<li>Le respect des <a href=\"https:\/\/rapid-interim.com\/index.php\/2025\/01\/22\/les-conditions-de-travail-des-interimaires-roumains-dans-le-secteur-de-la-logistique\/\" data-internallinksmanager029f6b8e52c=\"46\" title=\"conditions de travail\">conditions de travail<\/a> locales (temps de repos, cong\u00e9s, s\u00e9curit\u00e9 au travail).<\/li>\n<li>Une prise en charge des frais de d\u00e9placement et de logement, selon les termes du contrat.<\/li>\n<\/ul>\n<h3><strong>2. Acc\u00e8s \u00e0 la s\u00e9curit\u00e9 sociale europ\u00e9enne<\/strong><\/h3>\n<p>Le r\u00e8glement europ\u00e9en sur la coordination des syst\u00e8mes de s\u00e9curit\u00e9 sociale permet aux <a href=\"https:\/\/rapid-interim.com\/index.php\/2025\/02\/24\/reglementation-europeenne-et-detachement-des-travailleurs-roumains\/\" data-internallinksmanager029f6b8e52c=\"28\" title=\"Travailleurs roumains\">travailleurs roumains<\/a> de :<\/p>\n<ul>\n<li>Conserver leurs droits acquis dans leur pays d\u2019origine (retraite, ch\u00f4mage).<\/li>\n<li>B\u00e9n\u00e9ficier de soins de sant\u00e9 dans leur pays d\u2019accueil.<\/li>\n<\/ul>\n<h3><strong>3. Protection contre les discriminations<\/strong><\/h3>\n<p>Les lois europ\u00e9ennes interdisent toute forme de discrimination bas\u00e9e sur :<\/p>\n<ul>\n<li>La nationalit\u00e9.<\/li>\n<li>L\u2019origine ethnique ou culturelle.<\/li>\n<\/ul>\n<hr \/>\n<h2><strong>Les d\u00e9fis courants rencontr\u00e9s<img decoding=\"async\" class=\"alignnone size-full wp-image-21755\" src=\"https:\/\/rapid-interim.com\/wp-content\/uploads\/2024\/11\/infirmiers-infirmieres.jpeg\" alt=\"\" width=\"1920\" height=\"1280\" srcset=\"https:\/\/rapid-interim.com\/wp-content\/uploads\/2024\/11\/infirmiers-infirmieres.jpeg 1920w, https:\/\/rapid-interim.com\/wp-content\/uploads\/2024\/11\/infirmiers-infirmieres-300x200.jpeg 300w, https:\/\/rapid-interim.com\/wp-content\/uploads\/2024\/11\/infirmiers-infirmieres-1024x683.jpeg 1024w, https:\/\/rapid-interim.com\/wp-content\/uploads\/2024\/11\/infirmiers-infirmieres-768x512.jpeg 768w, https:\/\/rapid-interim.com\/wp-content\/uploads\/2024\/11\/infirmiers-infirmieres-1536x1024.jpeg 1536w, https:\/\/rapid-interim.com\/wp-content\/uploads\/2024\/11\/infirmiers-infirmieres-600x400.jpeg 600w\" sizes=\"(max-width: 1920px) 100vw, 1920px\" \/><\/strong><\/h2>\n<p>Malgr\u00e9 ces protections, les <a href=\"https:\/\/rapid-interim.com\/index.php\/2025\/02\/24\/reglementation-europeenne-et-detachement-des-travailleurs-roumains\/\" data-internallinksmanager029f6b8e52c=\"28\" title=\"Travailleurs roumains\">travailleurs roumains<\/a> en Europe font face \u00e0 plusieurs d\u00e9fis :<\/p>\n<ul>\n<li><strong>Travail non d\u00e9clar\u00e9<\/strong> : Certains employeurs exploitent des travailleurs vuln\u00e9rables sans respecter les normes l\u00e9gales.<\/li>\n<li><strong>Acc\u00e8s limit\u00e9 \u00e0 l\u2019information<\/strong> : Beaucoup de travailleurs ne connaissent pas leurs droits, ce qui les rend plus susceptibles d\u2019\u00eatre exploit\u00e9s.<\/li>\n<li><strong>Barri\u00e8res linguistiques et culturelles<\/strong> : Ces obstacles peuvent compliquer leur int\u00e9gration dans l\u2019environnement professionnel.<\/li>\n<\/ul>\n<hr \/>\n<h2><strong>Les recours disponibles pour les travailleurs roumains<\/strong><\/h2>\n<p>En cas de violation de leurs droits, les travailleurs peuvent :<\/p>\n<ul>\n<li><strong>S\u2019adresser aux autorit\u00e9s locales<\/strong> : Les inspections du travail et autres organismes de r\u00e9gulation peuvent intervenir.<\/li>\n<li><strong>Consulter des syndicats<\/strong> : Ils offrent un soutien juridique et administratif pour d\u00e9fendre les int\u00e9r\u00eats des employ\u00e9s.<\/li>\n<li><strong>Porter plainte aupr\u00e8s de la Commission europ\u00e9enne<\/strong> : En cas de non-respect des lois europ\u00e9ennes par un \u00c9tat membre.<\/li>\n<\/ul>\n<hr \/>\n<h2><strong>R\u00f4le des agences d\u2019int\u00e9rim dans la protection des travailleurs roumains<\/strong><\/h2>\n<p>Les <a href=\"https:\/\/rapid-interim.com\/\" data-internallinksmanager029f6b8e52c=\"47\" title=\"agences d\u2019int\u00e9rim\">agences d\u2019int\u00e9rim<\/a> jouent un r\u00f4le essentiel en garantissant :<\/p>\n<ul>\n<li><strong>La transparence contractuelle<\/strong> : Les travailleurs sont inform\u00e9s clairement des conditions de leur mission.<\/li>\n<li><strong>La conformit\u00e9 l\u00e9gale<\/strong> : Les agences veillent au respect des droits des travailleurs, notamment en mati\u00e8re de salaire et de s\u00e9curit\u00e9.<\/li>\n<li><strong>Un soutien logistique<\/strong> : Elles accompagnent les travailleurs pour leur int\u00e9gration, que ce soit pour le logement ou les d\u00e9marches administratives.<\/li>\n<\/ul>\n<hr \/>\n<h2><strong>Conclusion<\/strong><\/h2>\n<p>Les <a href=\"https:\/\/rapid-interim.com\/index.php\/2025\/02\/24\/reglementation-europeenne-et-detachement-des-travailleurs-roumains\/\" data-internallinksmanager029f6b8e52c=\"28\" title=\"Travailleurs roumains\">travailleurs roumains<\/a> en Europe disposent de nombreux droits et protections pour garantir une exp\u00e9rience professionnelle juste et \u00e9quitable. Toutefois, il reste crucial qu\u2019ils soient bien inform\u00e9s et accompagn\u00e9s afin de pr\u00e9venir les abus. Les entreprises et agences de <a href=\"https:\/\/rapid-interim.com\/\" data-internallinksmanager029f6b8e52c=\"44\" title=\"Accueil - Agence d&#039;interim roumaine\">recrutement<\/a>, comme celles sp\u00e9cialis\u00e9es dans l\u2019int\u00e9rim, ont un r\u00f4le majeur \u00e0 jouer pour assurer un environnement de travail respectueux et conforme aux normes europ\u00e9ennes.<\/p>\n<p><strong>Pour en savoir plus sur l\u2019int\u00e9rim des <a href=\"https:\/\/rapid-interim.com\/index.php\/2025\/02\/24\/reglementation-europeenne-et-detachement-des-travailleurs-roumains\/\" data-internallinksmanager029f6b8e52c=\"28\" title=\"Travailleurs roumains\">travailleurs roumains<\/a>, contactez-nous :<\/strong><br \/>\n<strong>Email : <a href=\"mailto:info@cap-interim.com\">info@rapid-interim.com<\/a><\/strong><br \/>\n<strong>Rapid Interim, votre partenaire pour un <a href=\"https:\/\/rapid-interim.com\/\" data-internallinksmanager029f6b8e52c=\"44\" title=\"Accueil - Agence d&#039;interim roumaine\">recrutement<\/a> international en toute s\u00e9r\u00e9nit\u00e9.<\/strong><\/p>\n","protected":false},"excerpt":{"rendered":"<p>Depuis l\u2019int\u00e9gration de la Roumanie \u00e0 l\u2019Union europ\u00e9enne en 2007, les travailleurs roumains ont gagn\u00e9 un acc\u00e8s \u00e9largi au march\u00e9 du travail europ\u00e9en. Cependant, leur statut particulier soul\u00e8ve des questions importantes sur leurs droits et leurs protections. Cet article met en lumi\u00e8re les principales dispositions l\u00e9gales et les m\u00e9canismes de protection destin\u00e9s \u00e0 ces travailleurs, [&hellip;]<\/p>\n","protected":false},"author":1,"featured_media":21667,"comment_status":"open","ping_status":"open","sticky":false,"template":"","format":"image","meta":{"_crdt_document":"","_jetpack_memberships_contains_paid_content":false,"footnotes":""},"categories":[1,133,102,101,117,100],"tags":[129,128,127,125,118,120,121,69,122,123,74,119,70,126,124],"class_list":["post-21824","post","type-post","status-publish","format-image","has-post-thumbnail","hentry","category-blog","category-distribution","category-hotellerie-et-restauration","category-logistique","category-sante","category-transport","tag-agence-de-recrutement-roumanie","tag-agence-interim-europeene","tag-agence-interim-travailleur-etranger","tag-detachement-roumain","tag-interim-detache","tag-interim-etranger","tag-interim-etranger-roumain","tag-interim-roumanie","tag-interimaire-etranger","tag-interimaires-roumains","tag-travail-detache","tag-travail-detache-roumain","tag-travailleur-roumain","tag-travailleur-temporaire-roumain","tag-travaillleur-detache-roumain","post_format-post-format-image","nd_cc_cpt_1_tax_1-agriculture","nd_cc_cpt_1_tax_1-construction","nd_cc_cpt_1_tax_1-distribution","nd_cc_cpt_1_tax_1-hotellerie-et-restauration","nd_cc_cpt_1_tax_1-industrie","nd_cc_cpt_1_tax_1-logistique","nd_cc_cpt_1_tax_1-sante","nd_cc_cpt_1_tax_1-services","nd_cc_cpt_1_tax_1-transport","nd_cc_cpt_1_tax_1-travaux-publics"],"yoast_head":"<!-- This site is optimized with the Yoast SEO plugin v27.4 - https:\/\/yoast.com\/product\/yoast-seo-wordpress\/ -->\n<title>Travailleur roumain en Europe : droits et protections - rapid-interim<\/title>\n<meta name=\"robots\" content=\"index, follow, max-snippet:-1, max-image-preview:large, max-video-preview:-1\" \/>\n<link rel=\"canonical\" href=\"https:\/\/rapid-interim.com\/index.php\/2024\/12\/07\/travailleur-roumain-en-europe-droits-et-protections\/\" \/>\n<meta property=\"og:locale\" content=\"fr_FR\" \/>\n<meta property=\"og:type\" content=\"article\" \/>\n<meta property=\"og:title\" content=\"Travailleur roumain en Europe : droits et protections - rapid-interim\" \/>\n<meta property=\"og:description\" content=\"Depuis l\u2019int\u00e9gration de la Roumanie \u00e0 l\u2019Union europ\u00e9enne en 2007, les travailleurs roumains ont gagn\u00e9 un acc\u00e8s \u00e9largi au march\u00e9 du travail europ\u00e9en. Cependant, leur statut particulier soul\u00e8ve des questions importantes sur leurs droits et leurs protections. Cet article met en lumi\u00e8re les principales dispositions l\u00e9gales et les m\u00e9canismes de protection destin\u00e9s \u00e0 ces travailleurs, [&hellip;]\" \/>\n<meta property=\"og:url\" content=\"https:\/\/rapid-interim.com\/index.php\/2024\/12\/07\/travailleur-roumain-en-europe-droits-et-protections\/\" \/>\n<meta property=\"og:site_name\" content=\"rapid-interim\" \/>\n<meta property=\"article:published_time\" content=\"2024-12-07T16:33:31+00:00\" \/>\n<meta property=\"article:modified_time\" content=\"2024-12-09T16:38:30+00:00\" \/>\n<meta property=\"og:image\" content=\"https:\/\/rapid-interim.com\/wp-content\/uploads\/2024\/10\/TJ_harvesteri.jpg\" \/>\n\t<meta property=\"og:image:width\" content=\"800\" \/>\n\t<meta property=\"og:image:height\" content=\"600\" \/>\n\t<meta property=\"og:image:type\" content=\"image\/jpeg\" \/>\n<meta name=\"author\" content=\"Marie Dubois\" \/>\n<meta name=\"twitter:card\" content=\"summary_large_image\" \/>\n<meta name=\"twitter:label1\" content=\"\u00c9crit par\" \/>\n\t<meta name=\"twitter:data1\" content=\"Marie Dubois\" \/>\n\t<meta name=\"twitter:label2\" content=\"Dur\u00e9e de lecture estim\u00e9e\" \/>\n\t<meta name=\"twitter:data2\" content=\"3 minutes\" \/>\n<script type=\"application\/ld+json\" class=\"yoast-schema-graph\">{\"@context\":\"https:\\\/\\\/schema.org\",\"@graph\":[{\"@type\":\"Article\",\"@id\":\"https:\\\/\\\/rapid-interim.com\\\/index.php\\\/2024\\\/12\\\/07\\\/travailleur-roumain-en-europe-droits-et-protections\\\/#article\",\"isPartOf\":{\"@id\":\"https:\\\/\\\/rapid-interim.com\\\/index.php\\\/2024\\\/12\\\/07\\\/travailleur-roumain-en-europe-droits-et-protections\\\/\"},\"author\":{\"name\":\"Marie Dubois\",\"@id\":\"https:\\\/\\\/rapid-interim.com\\\/#\\\/schema\\\/person\\\/c80cf67768e43267c59b9c4095fac056\"},\"headline\":\"Travailleur roumain en Europe : droits et protections\",\"datePublished\":\"2024-12-07T16:33:31+00:00\",\"dateModified\":\"2024-12-09T16:38:30+00:00\",\"mainEntityOfPage\":{\"@id\":\"https:\\\/\\\/rapid-interim.com\\\/index.php\\\/2024\\\/12\\\/07\\\/travailleur-roumain-en-europe-droits-et-protections\\\/\"},\"wordCount\":706,\"commentCount\":0,\"publisher\":{\"@id\":\"https:\\\/\\\/rapid-interim.com\\\/#organization\"},\"image\":{\"@id\":\"https:\\\/\\\/rapid-interim.com\\\/index.php\\\/2024\\\/12\\\/07\\\/travailleur-roumain-en-europe-droits-et-protections\\\/#primaryimage\"},\"thumbnailUrl\":\"https:\\\/\\\/rapid-interim.com\\\/wp-content\\\/uploads\\\/2024\\\/10\\\/TJ_harvesteri.jpg\",\"keywords\":[\"agence de recrutement roumanie\",\"agence interim europeene\",\"agence interim travailleur etranger\",\"detachement roumain\",\"interim d\u00e9tache\",\"interim etranger\",\"interim \u00e9tranger roumain\",\"INTERIM ROUMANIE\",\"interimaire etranger\",\"Interimaires roumains\",\"TRAVAIL DETACHE\",\"travail detache roumain\",\"TRAVAILLEUR ROUMAIN\",\"travailleur temporaire roumain\",\"travaillleur detache roumain\"],\"articleSection\":[\"Blog\",\"Distribution\",\"H\u00f4tellerie et restauration\",\"Logistique\",\"Sant\u00e9\",\"Transport\"],\"inLanguage\":\"fr-FR\",\"potentialAction\":[{\"@type\":\"CommentAction\",\"name\":\"Comment\",\"target\":[\"https:\\\/\\\/rapid-interim.com\\\/index.php\\\/2024\\\/12\\\/07\\\/travailleur-roumain-en-europe-droits-et-protections\\\/#respond\"]}]},{\"@type\":\"WebPage\",\"@id\":\"https:\\\/\\\/rapid-interim.com\\\/index.php\\\/2024\\\/12\\\/07\\\/travailleur-roumain-en-europe-droits-et-protections\\\/\",\"url\":\"https:\\\/\\\/rapid-interim.com\\\/index.php\\\/2024\\\/12\\\/07\\\/travailleur-roumain-en-europe-droits-et-protections\\\/\",\"name\":\"Travailleur roumain en Europe : droits et protections - rapid-interim\",\"isPartOf\":{\"@id\":\"https:\\\/\\\/rapid-interim.com\\\/#website\"},\"primaryImageOfPage\":{\"@id\":\"https:\\\/\\\/rapid-interim.com\\\/index.php\\\/2024\\\/12\\\/07\\\/travailleur-roumain-en-europe-droits-et-protections\\\/#primaryimage\"},\"image\":{\"@id\":\"https:\\\/\\\/rapid-interim.com\\\/index.php\\\/2024\\\/12\\\/07\\\/travailleur-roumain-en-europe-droits-et-protections\\\/#primaryimage\"},\"thumbnailUrl\":\"https:\\\/\\\/rapid-interim.com\\\/wp-content\\\/uploads\\\/2024\\\/10\\\/TJ_harvesteri.jpg\",\"datePublished\":\"2024-12-07T16:33:31+00:00\",\"dateModified\":\"2024-12-09T16:38:30+00:00\",\"breadcrumb\":{\"@id\":\"https:\\\/\\\/rapid-interim.com\\\/index.php\\\/2024\\\/12\\\/07\\\/travailleur-roumain-en-europe-droits-et-protections\\\/#breadcrumb\"},\"inLanguage\":\"fr-FR\",\"potentialAction\":[{\"@type\":\"ReadAction\",\"target\":[\"https:\\\/\\\/rapid-interim.com\\\/index.php\\\/2024\\\/12\\\/07\\\/travailleur-roumain-en-europe-droits-et-protections\\\/\"]}]},{\"@type\":\"ImageObject\",\"inLanguage\":\"fr-FR\",\"@id\":\"https:\\\/\\\/rapid-interim.com\\\/index.php\\\/2024\\\/12\\\/07\\\/travailleur-roumain-en-europe-droits-et-protections\\\/#primaryimage\",\"url\":\"https:\\\/\\\/rapid-interim.com\\\/wp-content\\\/uploads\\\/2024\\\/10\\\/TJ_harvesteri.jpg\",\"contentUrl\":\"https:\\\/\\\/rapid-interim.com\\\/wp-content\\\/uploads\\\/2024\\\/10\\\/TJ_harvesteri.jpg\",\"width\":800,\"height\":600},{\"@type\":\"BreadcrumbList\",\"@id\":\"https:\\\/\\\/rapid-interim.com\\\/index.php\\\/2024\\\/12\\\/07\\\/travailleur-roumain-en-europe-droits-et-protections\\\/#breadcrumb\",\"itemListElement\":[{\"@type\":\"ListItem\",\"position\":1,\"name\":\"Accueil\",\"item\":\"https:\\\/\\\/rapid-interim.com\\\/\"},{\"@type\":\"ListItem\",\"position\":2,\"name\":\"Travailleur roumain en Europe : droits et protections\"}]},{\"@type\":\"WebSite\",\"@id\":\"https:\\\/\\\/rapid-interim.com\\\/#website\",\"url\":\"https:\\\/\\\/rapid-interim.com\\\/\",\"name\":\"rapid-interim\",\"description\":\"Interim et travail temporaire\",\"publisher\":{\"@id\":\"https:\\\/\\\/rapid-interim.com\\\/#organization\"},\"potentialAction\":[{\"@type\":\"SearchAction\",\"target\":{\"@type\":\"EntryPoint\",\"urlTemplate\":\"https:\\\/\\\/rapid-interim.com\\\/?s={search_term_string}\"},\"query-input\":{\"@type\":\"PropertyValueSpecification\",\"valueRequired\":true,\"valueName\":\"search_term_string\"}}],\"inLanguage\":\"fr-FR\"},{\"@type\":\"Organization\",\"@id\":\"https:\\\/\\\/rapid-interim.com\\\/#organization\",\"name\":\"rapid-interim\",\"url\":\"https:\\\/\\\/rapid-interim.com\\\/\",\"logo\":{\"@type\":\"ImageObject\",\"inLanguage\":\"fr-FR\",\"@id\":\"https:\\\/\\\/rapid-interim.com\\\/#\\\/schema\\\/logo\\\/image\\\/\",\"url\":\"https:\\\/\\\/rapid-interim.com\\\/wp-content\\\/uploads\\\/2022\\\/06\\\/cropped-rapid-inetrim.png\",\"contentUrl\":\"https:\\\/\\\/rapid-interim.com\\\/wp-content\\\/uploads\\\/2022\\\/06\\\/cropped-rapid-inetrim.png\",\"width\":314,\"height\":137,\"caption\":\"rapid-interim\"},\"image\":{\"@id\":\"https:\\\/\\\/rapid-interim.com\\\/#\\\/schema\\\/logo\\\/image\\\/\"}},{\"@type\":\"Person\",\"@id\":\"https:\\\/\\\/rapid-interim.com\\\/#\\\/schema\\\/person\\\/c80cf67768e43267c59b9c4095fac056\",\"name\":\"Marie Dubois\",\"image\":{\"@type\":\"ImageObject\",\"inLanguage\":\"fr-FR\",\"@id\":\"https:\\\/\\\/secure.gravatar.com\\\/avatar\\\/c5d9a389371c49a3eb3d5c05c1bdb9d2124cabb2c990e1eb227c370b66139bfe?s=96&d=mm&r=g\",\"url\":\"https:\\\/\\\/secure.gravatar.com\\\/avatar\\\/c5d9a389371c49a3eb3d5c05c1bdb9d2124cabb2c990e1eb227c370b66139bfe?s=96&d=mm&r=g\",\"contentUrl\":\"https:\\\/\\\/secure.gravatar.com\\\/avatar\\\/c5d9a389371c49a3eb3d5c05c1bdb9d2124cabb2c990e1eb227c370b66139bfe?s=96&d=mm&r=g\",\"caption\":\"Marie Dubois\"},\"sameAs\":[\"http:\\\/\\\/rapid-interim.com\"],\"url\":\"https:\\\/\\\/rapid-interim.com\\\/index.php\\\/author\\\/rapid-interim-com\\\/\"}]}<\/script>\n<!-- \/ Yoast SEO plugin. -->","yoast_head_json":{"title":"Travailleur roumain en Europe : droits et protections - rapid-interim","robots":{"index":"index","follow":"follow","max-snippet":"max-snippet:-1","max-image-preview":"max-image-preview:large","max-video-preview":"max-video-preview:-1"},"canonical":"https:\/\/rapid-interim.com\/index.php\/2024\/12\/07\/travailleur-roumain-en-europe-droits-et-protections\/","og_locale":"fr_FR","og_type":"article","og_title":"Travailleur roumain en Europe : droits et protections - rapid-interim","og_description":"Depuis l\u2019int\u00e9gration de la Roumanie \u00e0 l\u2019Union europ\u00e9enne en 2007, les travailleurs roumains ont gagn\u00e9 un acc\u00e8s \u00e9largi au march\u00e9 du travail europ\u00e9en. Cependant, leur statut particulier soul\u00e8ve des questions importantes sur leurs droits et leurs protections. Cet article met en lumi\u00e8re les principales dispositions l\u00e9gales et les m\u00e9canismes de protection destin\u00e9s \u00e0 ces travailleurs, [&hellip;]","og_url":"https:\/\/rapid-interim.com\/index.php\/2024\/12\/07\/travailleur-roumain-en-europe-droits-et-protections\/","og_site_name":"rapid-interim","article_published_time":"2024-12-07T16:33:31+00:00","article_modified_time":"2024-12-09T16:38:30+00:00","og_image":[{"width":800,"height":600,"url":"https:\/\/rapid-interim.com\/wp-content\/uploads\/2024\/10\/TJ_harvesteri.jpg","type":"image\/jpeg"}],"author":"Marie Dubois","twitter_card":"summary_large_image","twitter_misc":{"\u00c9crit par":"Marie Dubois","Dur\u00e9e de lecture estim\u00e9e":"3 minutes"},"schema":{"@context":"https:\/\/schema.org","@graph":[{"@type":"Article","@id":"https:\/\/rapid-interim.com\/index.php\/2024\/12\/07\/travailleur-roumain-en-europe-droits-et-protections\/#article","isPartOf":{"@id":"https:\/\/rapid-interim.com\/index.php\/2024\/12\/07\/travailleur-roumain-en-europe-droits-et-protections\/"},"author":{"name":"Marie Dubois","@id":"https:\/\/rapid-interim.com\/#\/schema\/person\/c80cf67768e43267c59b9c4095fac056"},"headline":"Travailleur roumain en Europe : droits et protections","datePublished":"2024-12-07T16:33:31+00:00","dateModified":"2024-12-09T16:38:30+00:00","mainEntityOfPage":{"@id":"https:\/\/rapid-interim.com\/index.php\/2024\/12\/07\/travailleur-roumain-en-europe-droits-et-protections\/"},"wordCount":706,"commentCount":0,"publisher":{"@id":"https:\/\/rapid-interim.com\/#organization"},"image":{"@id":"https:\/\/rapid-interim.com\/index.php\/2024\/12\/07\/travailleur-roumain-en-europe-droits-et-protections\/#primaryimage"},"thumbnailUrl":"https:\/\/rapid-interim.com\/wp-content\/uploads\/2024\/10\/TJ_harvesteri.jpg","keywords":["agence de recrutement roumanie","agence interim europeene","agence interim travailleur etranger","detachement roumain","interim d\u00e9tache","interim etranger","interim \u00e9tranger roumain","INTERIM ROUMANIE","interimaire etranger","Interimaires roumains","TRAVAIL DETACHE","travail detache roumain","TRAVAILLEUR ROUMAIN","travailleur temporaire roumain","travaillleur detache roumain"],"articleSection":["Blog","Distribution","H\u00f4tellerie et restauration","Logistique","Sant\u00e9","Transport"],"inLanguage":"fr-FR","potentialAction":[{"@type":"CommentAction","name":"Comment","target":["https:\/\/rapid-interim.com\/index.php\/2024\/12\/07\/travailleur-roumain-en-europe-droits-et-protections\/#respond"]}]},{"@type":"WebPage","@id":"https:\/\/rapid-interim.com\/index.php\/2024\/12\/07\/travailleur-roumain-en-europe-droits-et-protections\/","url":"https:\/\/rapid-interim.com\/index.php\/2024\/12\/07\/travailleur-roumain-en-europe-droits-et-protections\/","name":"Travailleur roumain en Europe : droits et protections - rapid-interim","isPartOf":{"@id":"https:\/\/rapid-interim.com\/#website"},"primaryImageOfPage":{"@id":"https:\/\/rapid-interim.com\/index.php\/2024\/12\/07\/travailleur-roumain-en-europe-droits-et-protections\/#primaryimage"},"image":{"@id":"https:\/\/rapid-interim.com\/index.php\/2024\/12\/07\/travailleur-roumain-en-europe-droits-et-protections\/#primaryimage"},"thumbnailUrl":"https:\/\/rapid-interim.com\/wp-content\/uploads\/2024\/10\/TJ_harvesteri.jpg","datePublished":"2024-12-07T16:33:31+00:00","dateModified":"2024-12-09T16:38:30+00:00","breadcrumb":{"@id":"https:\/\/rapid-interim.com\/index.php\/2024\/12\/07\/travailleur-roumain-en-europe-droits-et-protections\/#breadcrumb"},"inLanguage":"fr-FR","potentialAction":[{"@type":"ReadAction","target":["https:\/\/rapid-interim.com\/index.php\/2024\/12\/07\/travailleur-roumain-en-europe-droits-et-protections\/"]}]},{"@type":"ImageObject","inLanguage":"fr-FR","@id":"https:\/\/rapid-interim.com\/index.php\/2024\/12\/07\/travailleur-roumain-en-europe-droits-et-protections\/#primaryimage","url":"https:\/\/rapid-interim.com\/wp-content\/uploads\/2024\/10\/TJ_harvesteri.jpg","contentUrl":"https:\/\/rapid-interim.com\/wp-content\/uploads\/2024\/10\/TJ_harvesteri.jpg","width":800,"height":600},{"@type":"BreadcrumbList","@id":"https:\/\/rapid-interim.com\/index.php\/2024\/12\/07\/travailleur-roumain-en-europe-droits-et-protections\/#breadcrumb","itemListElement":[{"@type":"ListItem","position":1,"name":"Accueil","item":"https:\/\/rapid-interim.com\/"},{"@type":"ListItem","position":2,"name":"Travailleur roumain en Europe : droits et protections"}]},{"@type":"WebSite","@id":"https:\/\/rapid-interim.com\/#website","url":"https:\/\/rapid-interim.com\/","name":"rapid-interim","description":"Interim et travail temporaire","publisher":{"@id":"https:\/\/rapid-interim.com\/#organization"},"potentialAction":[{"@type":"SearchAction","target":{"@type":"EntryPoint","urlTemplate":"https:\/\/rapid-interim.com\/?s={search_term_string}"},"query-input":{"@type":"PropertyValueSpecification","valueRequired":true,"valueName":"search_term_string"}}],"inLanguage":"fr-FR"},{"@type":"Organization","@id":"https:\/\/rapid-interim.com\/#organization","name":"rapid-interim","url":"https:\/\/rapid-interim.com\/","logo":{"@type":"ImageObject","inLanguage":"fr-FR","@id":"https:\/\/rapid-interim.com\/#\/schema\/logo\/image\/","url":"https:\/\/rapid-interim.com\/wp-content\/uploads\/2022\/06\/cropped-rapid-inetrim.png","contentUrl":"https:\/\/rapid-interim.com\/wp-content\/uploads\/2022\/06\/cropped-rapid-inetrim.png","width":314,"height":137,"caption":"rapid-interim"},"image":{"@id":"https:\/\/rapid-interim.com\/#\/schema\/logo\/image\/"}},{"@type":"Person","@id":"https:\/\/rapid-interim.com\/#\/schema\/person\/c80cf67768e43267c59b9c4095fac056","name":"Marie Dubois","image":{"@type":"ImageObject","inLanguage":"fr-FR","@id":"https:\/\/secure.gravatar.com\/avatar\/c5d9a389371c49a3eb3d5c05c1bdb9d2124cabb2c990e1eb227c370b66139bfe?s=96&d=mm&r=g","url":"https:\/\/secure.gravatar.com\/avatar\/c5d9a389371c49a3eb3d5c05c1bdb9d2124cabb2c990e1eb227c370b66139bfe?s=96&d=mm&r=g","contentUrl":"https:\/\/secure.gravatar.com\/avatar\/c5d9a389371c49a3eb3d5c05c1bdb9d2124cabb2c990e1eb227c370b66139bfe?s=96&d=mm&r=g","caption":"Marie Dubois"},"sameAs":["http:\/\/rapid-interim.com"],"url":"https:\/\/rapid-interim.com\/index.php\/author\/rapid-interim-com\/"}]}},"jetpack_featured_media_url":"https:\/\/rapid-interim.com\/wp-content\/uploads\/2024\/10\/TJ_harvesteri.jpg","jetpack_sharing_enabled":true,"_links":{"self":[{"href":"https:\/\/rapid-interim.com\/index.php\/wp-json\/wp\/v2\/posts\/21824","targetHints":{"allow":["GET"]}}],"collection":[{"href":"https:\/\/rapid-interim.com\/index.php\/wp-json\/wp\/v2\/posts"}],"about":[{"href":"https:\/\/rapid-interim.com\/index.php\/wp-json\/wp\/v2\/types\/post"}],"author":[{"embeddable":true,"href":"https:\/\/rapid-interim.com\/index.php\/wp-json\/wp\/v2\/users\/1"}],"replies":[{"embeddable":true,"href":"https:\/\/rapid-interim.com\/index.php\/wp-json\/wp\/v2\/comments?post=21824"}],"version-history":[{"count":1,"href":"https:\/\/rapid-interim.com\/index.php\/wp-json\/wp\/v2\/posts\/21824\/revisions"}],"predecessor-version":[{"id":21825,"href":"https:\/\/rapid-interim.com\/index.php\/wp-json\/wp\/v2\/posts\/21824\/revisions\/21825"}],"wp:featuredmedia":[{"embeddable":true,"href":"https:\/\/rapid-interim.com\/index.php\/wp-json\/wp\/v2\/media\/21667"}],"wp:attachment":[{"href":"https:\/\/rapid-interim.com\/index.php\/wp-json\/wp\/v2\/media?parent=21824"}],"wp:term":[{"taxonomy":"category","embeddable":true,"href":"https:\/\/rapid-interim.com\/index.php\/wp-json\/wp\/v2\/categories?post=21824"},{"taxonomy":"post_tag","embeddable":true,"href":"https:\/\/rapid-interim.com\/index.php\/wp-json\/wp\/v2\/tags?post=21824"}],"curies":[{"name":"wp","href":"https:\/\/api.w.org\/{rel}","templated":true}]}}