{"id":21813,"date":"2024-11-27T02:29:41","date_gmt":"2024-11-27T01:29:41","guid":{"rendered":"https:\/\/rapid-interim.com\/?p=21813"},"modified":"2024-11-26T12:35:58","modified_gmt":"2024-11-26T11:35:58","slug":"recrutement-de-magasiniers-roumains-en-interim-detache","status":"publish","type":"post","link":"https:\/\/rapid-interim.com\/index.php\/2024\/11\/27\/recrutement-de-magasiniers-roumains-en-interim-detache\/","title":{"rendered":"Recrutement de Magasiniers Roumains en Int\u00e9rim D\u00e9tach\u00e9"},"content":{"rendered":"<p>Dans un environnement de plus en plus exigeant, les entreprises du secteur logistique, industriel ou commercial doivent s\u2019appuyer sur des professionnels comp\u00e9tents pour optimiser leur gestion des stocks et des flux. Le <a href=\"https:\/\/rapid-interim.com\/\" data-internallinksmanager029f6b8e52c=\"44\" title=\"Accueil - Agence d&#039;interim roumaine\">recrutement<\/a> de magasiniers roumains en <a href=\"https:\/\/rapid-interim.com\/index.php\/2024\/12\/12\/le-futur-de-linterim-detache-en-europe\/\" data-internallinksmanager029f6b8e52c=\"32\" title=\"int\u00e9rim d\u00e9tach\u00e9\">int\u00e9rim d\u00e9tach\u00e9<\/a> constitue une solution flexible et rentable pour r\u00e9pondre \u00e0 ces besoins, tout en garantissant un service de qualit\u00e9.<\/p>\n<hr \/>\n<h3>Le R\u00f4le Cl\u00e9 du Magasinier<\/h3>\n<p>Le magasinier est un acteur indispensable au bon fonctionnement des activit\u00e9s logistiques et de stockage. Ses principales missions incluent :<\/p>\n<ul>\n<li><strong>R\u00e9ception et Contr\u00f4le des Marchandises<\/strong> : V\u00e9rification des quantit\u00e9s et des qualit\u00e9s des produits livr\u00e9s.<\/li>\n<li><strong>Gestion des Stocks<\/strong> : Organisation et rangement des articles dans l\u2019entrep\u00f4t pour une accessibilit\u00e9 optimale.<\/li>\n<li><strong>Pr\u00e9paration des Commandes<\/strong> : R\u00e9alisation des picking et emballages en vue des exp\u00e9ditions.<\/li>\n<li><strong>Utilisation des \u00c9quipements<\/strong> : Conduite d&rsquo;engins de manutention (transpalettes, chariots \u00e9l\u00e9vateurs).<\/li>\n<li><strong>Inventaires<\/strong> : Comptage et contr\u00f4le r\u00e9gulier des stocks.<\/li>\n<li><strong>Respect des Normes de S\u00e9curit\u00e9<\/strong> : Assurer un environnement de travail s\u00fbr et conforme aux r\u00e9glementations.<\/li>\n<\/ul>\n<p>Ces t\u00e2ches n\u00e9cessitent pr\u00e9cision, rapidit\u00e9, et une bonne ma\u00eetrise des outils logistiques, notamment informatiques.<\/p>\n<hr \/>\n<h3>Pourquoi Recruter des Magasiniers Roumains en Int\u00e9rim D\u00e9tach\u00e9 ?<img fetchpriority=\"high\" decoding=\"async\" class=\"alignnone size-full wp-image-21814\" src=\"https:\/\/rapid-interim.com\/wp-content\/uploads\/2024\/11\/Metier-Vendeur-magasinier_1920x1080.webp\" alt=\"\" width=\"1024\" height=\"768\" srcset=\"https:\/\/rapid-interim.com\/wp-content\/uploads\/2024\/11\/Metier-Vendeur-magasinier_1920x1080.webp 1024w, https:\/\/rapid-interim.com\/wp-content\/uploads\/2024\/11\/Metier-Vendeur-magasinier_1920x1080-300x225.webp 300w, https:\/\/rapid-interim.com\/wp-content\/uploads\/2024\/11\/Metier-Vendeur-magasinier_1920x1080-768x576.webp 768w, https:\/\/rapid-interim.com\/wp-content\/uploads\/2024\/11\/Metier-Vendeur-magasinier_1920x1080-600x450.webp 600w\" sizes=\"(max-width: 1024px) 100vw, 1024px\" \/><\/h3>\n<h4><strong>1. Comp\u00e9tences Solides<\/strong><\/h4>\n<p>Les magasiniers roumains b\u00e9n\u00e9ficient d\u2019une formation sp\u00e9cialis\u00e9e et d\u2019une exp\u00e9rience significative dans des environnements vari\u00e9s.<\/p>\n<h4><strong>2. Flexibilit\u00e9 pour R\u00e9pondre \u00e0 Vos Besoins<\/strong><\/h4>\n<p>Le <a href=\"https:\/\/rapid-interim.com\/index.php\/2025\/02\/20\/travail-detache-en-france-impact-sur-leconomie-locale\/\" data-internallinksmanager029f6b8e52c=\"25\" title=\"Travail d\u00e9tach\u00e9\">travail d\u00e9tach\u00e9<\/a> permet de <a href=\"https:\/\/rapid-interim.com\/\" data-internallinksmanager029f6b8e52c=\"44\" title=\"Accueil - Agence d&#039;interim roumaine\">recruter<\/a> du personnel temporaire qualifi\u00e9 pour des missions ponctuelles, des pics d\u2019activit\u00e9 ou des projets sp\u00e9cifiques.<\/p>\n<h4><strong>3. R\u00e9duction des Co\u00fbts<\/strong><\/h4>\n<p>Le d\u00e9tachement international est une alternative \u00e9conomique qui n\u2019impacte pas la qualit\u00e9 du service.<\/p>\n<h4><strong>4. Conformit\u00e9 Juridique Assur\u00e9e<\/strong><\/h4>\n<p>Gr\u00e2ce \u00e0 une gestion compl\u00e8te des formalit\u00e9s administratives et l\u00e9gales, vous pouvez vous concentrer sur votre activit\u00e9 principale en toute s\u00e9r\u00e9nit\u00e9.<\/p>\n<hr \/>\n<h3>Avantages pour Votre Entreprise<\/h3>\n<ul>\n<li><strong>Am\u00e9lioration de la Productivit\u00e9<\/strong> : Une gestion efficace des marchandises et une r\u00e9duction des erreurs dans les processus.<\/li>\n<li><strong>Adaptabilit\u00e9<\/strong> : Une capacit\u00e9 \u00e0 renforcer rapidement vos \u00e9quipes selon vos besoins.<\/li>\n<li><strong>Gain de Temps<\/strong> : <a href=\"https:\/\/rapid-interim.com\/\" data-internallinksmanager029f6b8e52c=\"44\" title=\"Accueil - Agence d&#039;interim roumaine\">Recrutement<\/a> rapide et prise en charge des d\u00e9marches administratives.<\/li>\n<li><strong>Rigueur et Professionnalisme<\/strong> : Des magasiniers comp\u00e9tents et exp\u00e9riment\u00e9s, pr\u00eats \u00e0 s\u2019int\u00e9grer imm\u00e9diatement \u00e0 vos \u00e9quipes.<\/li>\n<\/ul>\n<hr \/>\n<h3>B\u00e9n\u00e9fices pour les Magasiniers Roumains<img decoding=\"async\" class=\"alignnone size-full wp-image-21815\" src=\"https:\/\/rapid-interim.com\/wp-content\/uploads\/2024\/11\/wl_magasinier.jpg\" alt=\"\" width=\"840\" height=\"600\" srcset=\"https:\/\/rapid-interim.com\/wp-content\/uploads\/2024\/11\/wl_magasinier.jpg 840w, https:\/\/rapid-interim.com\/wp-content\/uploads\/2024\/11\/wl_magasinier-300x214.jpg 300w, https:\/\/rapid-interim.com\/wp-content\/uploads\/2024\/11\/wl_magasinier-768x549.jpg 768w, https:\/\/rapid-interim.com\/wp-content\/uploads\/2024\/11\/wl_magasinier-600x429.jpg 600w\" sizes=\"(max-width: 840px) 100vw, 840px\" \/><\/h3>\n<p>Le travail en <a href=\"https:\/\/rapid-interim.com\/index.php\/2024\/12\/12\/le-futur-de-linterim-detache-en-europe\/\" data-internallinksmanager029f6b8e52c=\"32\" title=\"int\u00e9rim d\u00e9tach\u00e9\">int\u00e9rim d\u00e9tach\u00e9<\/a> offre \u00e9galement de nombreuses opportunit\u00e9s aux magasiniers roumains :<\/p>\n<ul>\n<li><strong>Exp\u00e9rience Internationale<\/strong> : Travailler dans des environnements diversifi\u00e9s et d\u00e9velopper de nouvelles comp\u00e9tences.<\/li>\n<li><strong><a href=\"https:\/\/rapid-interim.com\/index.php\/2025\/01\/22\/les-conditions-de-travail-des-interimaires-roumains-dans-le-secteur-de-la-logistique\/\" data-internallinksmanager029f6b8e52c=\"46\" title=\"conditions de travail\">Conditions de Travail<\/a> Attractives<\/strong> : Respect des normes europ\u00e9ennes et opportunit\u00e9s d&rsquo;\u00e9volution professionnelle.<\/li>\n<li><strong>Formation et D\u00e9veloppement<\/strong> : Acc\u00e8s \u00e0 des formations sp\u00e9cifiques pour approfondir leurs comp\u00e9tences.<\/li>\n<li><strong>Soutien Personnalis\u00e9<\/strong> : Un accompagnement pour assurer leur int\u00e9gration et leur bien-\u00eatre sur le lieu de travail.<\/li>\n<\/ul>\n<hr \/>\n<h3>Notre Approche de Recrutement<\/h3>\n<p>Chez <strong>Rapid Interim<\/strong>, nous assurons un service complet et efficace pour r\u00e9pondre \u00e0 vos besoins :<\/p>\n<ol>\n<li><strong>Analyse des Besoins<\/strong> : \u00c9tude de vos attentes sp\u00e9cifiques pour trouver les meilleurs candidats.<\/li>\n<li><strong>S\u00e9lection des Magasiniers<\/strong> : Pr\u00e9sentation de profils qualifi\u00e9s, rigoureusement s\u00e9lectionn\u00e9s.<\/li>\n<li><strong>Prise en Charge Administrative<\/strong> : Gestion des d\u00e9marches li\u00e9es au d\u00e9tachement et au respect des r\u00e9glementations.<\/li>\n<li><strong>Suivi et Optimisation<\/strong> : Accompagnement tout au long de la mission pour garantir une collaboration r\u00e9ussie.<\/li>\n<\/ol>\n<hr \/>\n<h3>Pourquoi Choisir Rapid Interim ?<\/h3>\n<p>Avec <strong>Rapid Interim<\/strong>, vous b\u00e9n\u00e9ficiez d\u2019un partenaire fiable et exp\u00e9riment\u00e9 pour <a href=\"https:\/\/rapid-interim.com\/\" data-internallinksmanager029f6b8e52c=\"44\" title=\"Accueil - Agence d&#039;interim roumaine\">recruter<\/a> des magasiniers roumains en <a href=\"https:\/\/rapid-interim.com\/index.php\/2024\/12\/12\/le-futur-de-linterim-detache-en-europe\/\" data-internallinksmanager029f6b8e52c=\"32\" title=\"int\u00e9rim d\u00e9tach\u00e9\">int\u00e9rim d\u00e9tach\u00e9<\/a>.<\/p>\n<h4>Nos Atouts :<\/h4>\n<ul>\n<li><strong>Un R\u00e9seau \u00c9tendu<\/strong> : Acc\u00e8s \u00e0 un vivier de <a href=\"https:\/\/rapid-interim.com\/\" data-internallinksmanager029f6b8e52c=\"51\" title=\"professionnels qualifi\u00e9s\">professionnels qualifi\u00e9s<\/a> et disponibles rapidement.<\/li>\n<li><strong>Une Gestion Simplifi\u00e9e<\/strong> : Nous prenons en charge tous les aspects juridiques, administratifs et logistiques.<\/li>\n<li><strong>Un Service sur Mesure<\/strong> : Des solutions adapt\u00e9es \u00e0 vos besoins sp\u00e9cifiques.<\/li>\n<li><strong>Une R\u00e9activit\u00e9 Garantie<\/strong> : Des r\u00e9ponses rapides pour r\u00e9pondre \u00e0 vos urgences op\u00e9rationnelles.<\/li>\n<\/ul>\n<p><strong>Pour vos besoins en magasiniers comp\u00e9tents et fiables, contactez-nous \u00e0 <a rel=\"noopener\">info@rapid-interim.com<\/a>.<\/strong><\/p>\n<p>Avec <strong>Rapid Interim<\/strong>, optimisez vos activit\u00e9s logistiques gr\u00e2ce \u00e0 des collaborateurs exp\u00e9riment\u00e9s, motiv\u00e9s et pr\u00eats \u00e0 relever vos d\u00e9fis.<\/p>\n","protected":false},"excerpt":{"rendered":"<p>Dans un environnement de plus en plus exigeant, les entreprises du secteur logistique, industriel ou commercial doivent s\u2019appuyer sur des professionnels comp\u00e9tents pour optimiser leur gestion des stocks et des flux. Le recrutement de magasiniers roumains en int\u00e9rim d\u00e9tach\u00e9 constitue une solution flexible et rentable pour r\u00e9pondre \u00e0 ces besoins, tout en garantissant un service [&hellip;]<\/p>\n","protected":false},"author":1,"featured_media":21816,"comment_status":"open","ping_status":"open","sticky":false,"template":"","format":"image","meta":{"_crdt_document":"","_jetpack_memberships_contains_paid_content":false,"footnotes":""},"categories":[1,133],"tags":[129,128,127,125,118,120,121,69,122,123,136,74,119,70,126,124],"class_list":["post-21813","post","type-post","status-publish","format-image","has-post-thumbnail","hentry","category-blog","category-distribution","tag-agence-de-recrutement-roumanie","tag-agence-interim-europeene","tag-agence-interim-travailleur-etranger","tag-detachement-roumain","tag-interim-detache","tag-interim-etranger","tag-interim-etranger-roumain","tag-interim-roumanie","tag-interimaire-etranger","tag-interimaires-roumains","tag-magasiniers-roumains","tag-travail-detache","tag-travail-detache-roumain","tag-travailleur-roumain","tag-travailleur-temporaire-roumain","tag-travaillleur-detache-roumain","post_format-post-format-image","nd_cc_cpt_1_tax_1-distribution"],"yoast_head":"<!-- This site is optimized with the Yoast SEO plugin v27.5 - https:\/\/yoast.com\/product\/yoast-seo-wordpress\/ -->\n<title>Recrutement de Magasiniers Roumains en Int\u00e9rim D\u00e9tach\u00e9 - rapid-interim<\/title>\n<meta name=\"robots\" content=\"index, follow, max-snippet:-1, max-image-preview:large, max-video-preview:-1\" \/>\n<link rel=\"canonical\" href=\"https:\/\/rapid-interim.com\/index.php\/2024\/11\/27\/recrutement-de-magasiniers-roumains-en-interim-detache\/\" \/>\n<meta property=\"og:locale\" content=\"fr_FR\" \/>\n<meta property=\"og:type\" content=\"article\" \/>\n<meta property=\"og:title\" content=\"Recrutement de Magasiniers Roumains en Int\u00e9rim D\u00e9tach\u00e9 - rapid-interim\" \/>\n<meta property=\"og:description\" content=\"Dans un environnement de plus en plus exigeant, les entreprises du secteur logistique, industriel ou commercial doivent s\u2019appuyer sur des professionnels comp\u00e9tents pour optimiser leur gestion des stocks et des flux. Le recrutement de magasiniers roumains en int\u00e9rim d\u00e9tach\u00e9 constitue une solution flexible et rentable pour r\u00e9pondre \u00e0 ces besoins, tout en garantissant un service [&hellip;]\" \/>\n<meta property=\"og:url\" content=\"https:\/\/rapid-interim.com\/index.php\/2024\/11\/27\/recrutement-de-magasiniers-roumains-en-interim-detache\/\" \/>\n<meta property=\"og:site_name\" content=\"rapid-interim\" \/>\n<meta property=\"article:published_time\" content=\"2024-11-27T01:29:41+00:00\" \/>\n<meta property=\"og:image\" content=\"https:\/\/rapid-interim.com\/wp-content\/uploads\/2024\/11\/magasinier-cariste-1-min-compressed-scaled.jpg\" \/>\n\t<meta property=\"og:image:width\" content=\"2560\" \/>\n\t<meta property=\"og:image:height\" content=\"1914\" \/>\n\t<meta property=\"og:image:type\" content=\"image\/jpeg\" \/>\n<meta name=\"author\" content=\"Marie Dubois\" \/>\n<meta name=\"twitter:card\" content=\"summary_large_image\" \/>\n<meta name=\"twitter:label1\" content=\"\u00c9crit par\" \/>\n\t<meta name=\"twitter:data1\" content=\"Marie Dubois\" \/>\n\t<meta name=\"twitter:label2\" content=\"Dur\u00e9e de lecture estim\u00e9e\" \/>\n\t<meta name=\"twitter:data2\" content=\"3 minutes\" \/>\n<script type=\"application\/ld+json\" class=\"yoast-schema-graph\">{\"@context\":\"https:\\\/\\\/schema.org\",\"@graph\":[{\"@type\":\"Article\",\"@id\":\"https:\\\/\\\/rapid-interim.com\\\/index.php\\\/2024\\\/11\\\/27\\\/recrutement-de-magasiniers-roumains-en-interim-detache\\\/#article\",\"isPartOf\":{\"@id\":\"https:\\\/\\\/rapid-interim.com\\\/index.php\\\/2024\\\/11\\\/27\\\/recrutement-de-magasiniers-roumains-en-interim-detache\\\/\"},\"author\":{\"name\":\"Marie Dubois\",\"@id\":\"https:\\\/\\\/rapid-interim.com\\\/#\\\/schema\\\/person\\\/c80cf67768e43267c59b9c4095fac056\"},\"headline\":\"Recrutement de Magasiniers Roumains en Int\u00e9rim D\u00e9tach\u00e9\",\"datePublished\":\"2024-11-27T01:29:41+00:00\",\"mainEntityOfPage\":{\"@id\":\"https:\\\/\\\/rapid-interim.com\\\/index.php\\\/2024\\\/11\\\/27\\\/recrutement-de-magasiniers-roumains-en-interim-detache\\\/\"},\"wordCount\":680,\"commentCount\":0,\"publisher\":{\"@id\":\"https:\\\/\\\/rapid-interim.com\\\/#organization\"},\"image\":{\"@id\":\"https:\\\/\\\/rapid-interim.com\\\/index.php\\\/2024\\\/11\\\/27\\\/recrutement-de-magasiniers-roumains-en-interim-detache\\\/#primaryimage\"},\"thumbnailUrl\":\"https:\\\/\\\/rapid-interim.com\\\/wp-content\\\/uploads\\\/2024\\\/11\\\/magasinier-cariste-1-min-compressed-scaled.jpg\",\"keywords\":[\"agence de recrutement roumanie\",\"agence interim europeene\",\"agence interim travailleur etranger\",\"detachement roumain\",\"interim d\u00e9tache\",\"interim etranger\",\"interim \u00e9tranger roumain\",\"INTERIM ROUMANIE\",\"interimaire etranger\",\"Interimaires roumains\",\"Magasiniers Roumains\",\"TRAVAIL DETACHE\",\"travail detache roumain\",\"TRAVAILLEUR ROUMAIN\",\"travailleur temporaire roumain\",\"travaillleur detache roumain\"],\"articleSection\":[\"Blog\",\"Distribution\"],\"inLanguage\":\"fr-FR\",\"potentialAction\":[{\"@type\":\"CommentAction\",\"name\":\"Comment\",\"target\":[\"https:\\\/\\\/rapid-interim.com\\\/index.php\\\/2024\\\/11\\\/27\\\/recrutement-de-magasiniers-roumains-en-interim-detache\\\/#respond\"]}]},{\"@type\":\"WebPage\",\"@id\":\"https:\\\/\\\/rapid-interim.com\\\/index.php\\\/2024\\\/11\\\/27\\\/recrutement-de-magasiniers-roumains-en-interim-detache\\\/\",\"url\":\"https:\\\/\\\/rapid-interim.com\\\/index.php\\\/2024\\\/11\\\/27\\\/recrutement-de-magasiniers-roumains-en-interim-detache\\\/\",\"name\":\"Recrutement de Magasiniers Roumains en Int\u00e9rim D\u00e9tach\u00e9 - rapid-interim\",\"isPartOf\":{\"@id\":\"https:\\\/\\\/rapid-interim.com\\\/#website\"},\"primaryImageOfPage\":{\"@id\":\"https:\\\/\\\/rapid-interim.com\\\/index.php\\\/2024\\\/11\\\/27\\\/recrutement-de-magasiniers-roumains-en-interim-detache\\\/#primaryimage\"},\"image\":{\"@id\":\"https:\\\/\\\/rapid-interim.com\\\/index.php\\\/2024\\\/11\\\/27\\\/recrutement-de-magasiniers-roumains-en-interim-detache\\\/#primaryimage\"},\"thumbnailUrl\":\"https:\\\/\\\/rapid-interim.com\\\/wp-content\\\/uploads\\\/2024\\\/11\\\/magasinier-cariste-1-min-compressed-scaled.jpg\",\"datePublished\":\"2024-11-27T01:29:41+00:00\",\"breadcrumb\":{\"@id\":\"https:\\\/\\\/rapid-interim.com\\\/index.php\\\/2024\\\/11\\\/27\\\/recrutement-de-magasiniers-roumains-en-interim-detache\\\/#breadcrumb\"},\"inLanguage\":\"fr-FR\",\"potentialAction\":[{\"@type\":\"ReadAction\",\"target\":[\"https:\\\/\\\/rapid-interim.com\\\/index.php\\\/2024\\\/11\\\/27\\\/recrutement-de-magasiniers-roumains-en-interim-detache\\\/\"]}]},{\"@type\":\"ImageObject\",\"inLanguage\":\"fr-FR\",\"@id\":\"https:\\\/\\\/rapid-interim.com\\\/index.php\\\/2024\\\/11\\\/27\\\/recrutement-de-magasiniers-roumains-en-interim-detache\\\/#primaryimage\",\"url\":\"https:\\\/\\\/rapid-interim.com\\\/wp-content\\\/uploads\\\/2024\\\/11\\\/magasinier-cariste-1-min-compressed-scaled.jpg\",\"contentUrl\":\"https:\\\/\\\/rapid-interim.com\\\/wp-content\\\/uploads\\\/2024\\\/11\\\/magasinier-cariste-1-min-compressed-scaled.jpg\",\"width\":2560,\"height\":1914},{\"@type\":\"BreadcrumbList\",\"@id\":\"https:\\\/\\\/rapid-interim.com\\\/index.php\\\/2024\\\/11\\\/27\\\/recrutement-de-magasiniers-roumains-en-interim-detache\\\/#breadcrumb\",\"itemListElement\":[{\"@type\":\"ListItem\",\"position\":1,\"name\":\"Accueil\",\"item\":\"https:\\\/\\\/rapid-interim.com\\\/\"},{\"@type\":\"ListItem\",\"position\":2,\"name\":\"Recrutement de Magasiniers Roumains en Int\u00e9rim D\u00e9tach\u00e9\"}]},{\"@type\":\"WebSite\",\"@id\":\"https:\\\/\\\/rapid-interim.com\\\/#website\",\"url\":\"https:\\\/\\\/rapid-interim.com\\\/\",\"name\":\"rapid-interim\",\"description\":\"Interim et travail temporaire\",\"publisher\":{\"@id\":\"https:\\\/\\\/rapid-interim.com\\\/#organization\"},\"potentialAction\":[{\"@type\":\"SearchAction\",\"target\":{\"@type\":\"EntryPoint\",\"urlTemplate\":\"https:\\\/\\\/rapid-interim.com\\\/?s={search_term_string}\"},\"query-input\":{\"@type\":\"PropertyValueSpecification\",\"valueRequired\":true,\"valueName\":\"search_term_string\"}}],\"inLanguage\":\"fr-FR\"},{\"@type\":\"Organization\",\"@id\":\"https:\\\/\\\/rapid-interim.com\\\/#organization\",\"name\":\"rapid-interim\",\"url\":\"https:\\\/\\\/rapid-interim.com\\\/\",\"logo\":{\"@type\":\"ImageObject\",\"inLanguage\":\"fr-FR\",\"@id\":\"https:\\\/\\\/rapid-interim.com\\\/#\\\/schema\\\/logo\\\/image\\\/\",\"url\":\"https:\\\/\\\/rapid-interim.com\\\/wp-content\\\/uploads\\\/2022\\\/06\\\/cropped-rapid-inetrim.png\",\"contentUrl\":\"https:\\\/\\\/rapid-interim.com\\\/wp-content\\\/uploads\\\/2022\\\/06\\\/cropped-rapid-inetrim.png\",\"width\":314,\"height\":137,\"caption\":\"rapid-interim\"},\"image\":{\"@id\":\"https:\\\/\\\/rapid-interim.com\\\/#\\\/schema\\\/logo\\\/image\\\/\"}},{\"@type\":\"Person\",\"@id\":\"https:\\\/\\\/rapid-interim.com\\\/#\\\/schema\\\/person\\\/c80cf67768e43267c59b9c4095fac056\",\"name\":\"Marie Dubois\",\"image\":{\"@type\":\"ImageObject\",\"inLanguage\":\"fr-FR\",\"@id\":\"https:\\\/\\\/secure.gravatar.com\\\/avatar\\\/c5d9a389371c49a3eb3d5c05c1bdb9d2124cabb2c990e1eb227c370b66139bfe?s=96&d=mm&r=g\",\"url\":\"https:\\\/\\\/secure.gravatar.com\\\/avatar\\\/c5d9a389371c49a3eb3d5c05c1bdb9d2124cabb2c990e1eb227c370b66139bfe?s=96&d=mm&r=g\",\"contentUrl\":\"https:\\\/\\\/secure.gravatar.com\\\/avatar\\\/c5d9a389371c49a3eb3d5c05c1bdb9d2124cabb2c990e1eb227c370b66139bfe?s=96&d=mm&r=g\",\"caption\":\"Marie Dubois\"},\"sameAs\":[\"http:\\\/\\\/rapid-interim.com\"],\"url\":\"https:\\\/\\\/rapid-interim.com\\\/index.php\\\/author\\\/rapid-interim-com\\\/\"}]}<\/script>\n<!-- \/ Yoast SEO plugin. -->","yoast_head_json":{"title":"Recrutement de Magasiniers Roumains en Int\u00e9rim D\u00e9tach\u00e9 - rapid-interim","robots":{"index":"index","follow":"follow","max-snippet":"max-snippet:-1","max-image-preview":"max-image-preview:large","max-video-preview":"max-video-preview:-1"},"canonical":"https:\/\/rapid-interim.com\/index.php\/2024\/11\/27\/recrutement-de-magasiniers-roumains-en-interim-detache\/","og_locale":"fr_FR","og_type":"article","og_title":"Recrutement de Magasiniers Roumains en Int\u00e9rim D\u00e9tach\u00e9 - rapid-interim","og_description":"Dans un environnement de plus en plus exigeant, les entreprises du secteur logistique, industriel ou commercial doivent s\u2019appuyer sur des professionnels comp\u00e9tents pour optimiser leur gestion des stocks et des flux. Le recrutement de magasiniers roumains en int\u00e9rim d\u00e9tach\u00e9 constitue une solution flexible et rentable pour r\u00e9pondre \u00e0 ces besoins, tout en garantissant un service [&hellip;]","og_url":"https:\/\/rapid-interim.com\/index.php\/2024\/11\/27\/recrutement-de-magasiniers-roumains-en-interim-detache\/","og_site_name":"rapid-interim","article_published_time":"2024-11-27T01:29:41+00:00","og_image":[{"width":2560,"height":1914,"url":"https:\/\/rapid-interim.com\/wp-content\/uploads\/2024\/11\/magasinier-cariste-1-min-compressed-scaled.jpg","type":"image\/jpeg"}],"author":"Marie Dubois","twitter_card":"summary_large_image","twitter_misc":{"\u00c9crit par":"Marie Dubois","Dur\u00e9e de lecture estim\u00e9e":"3 minutes"},"schema":{"@context":"https:\/\/schema.org","@graph":[{"@type":"Article","@id":"https:\/\/rapid-interim.com\/index.php\/2024\/11\/27\/recrutement-de-magasiniers-roumains-en-interim-detache\/#article","isPartOf":{"@id":"https:\/\/rapid-interim.com\/index.php\/2024\/11\/27\/recrutement-de-magasiniers-roumains-en-interim-detache\/"},"author":{"name":"Marie Dubois","@id":"https:\/\/rapid-interim.com\/#\/schema\/person\/c80cf67768e43267c59b9c4095fac056"},"headline":"Recrutement de Magasiniers Roumains en Int\u00e9rim D\u00e9tach\u00e9","datePublished":"2024-11-27T01:29:41+00:00","mainEntityOfPage":{"@id":"https:\/\/rapid-interim.com\/index.php\/2024\/11\/27\/recrutement-de-magasiniers-roumains-en-interim-detache\/"},"wordCount":680,"commentCount":0,"publisher":{"@id":"https:\/\/rapid-interim.com\/#organization"},"image":{"@id":"https:\/\/rapid-interim.com\/index.php\/2024\/11\/27\/recrutement-de-magasiniers-roumains-en-interim-detache\/#primaryimage"},"thumbnailUrl":"https:\/\/rapid-interim.com\/wp-content\/uploads\/2024\/11\/magasinier-cariste-1-min-compressed-scaled.jpg","keywords":["agence de recrutement roumanie","agence interim europeene","agence interim travailleur etranger","detachement roumain","interim d\u00e9tache","interim etranger","interim \u00e9tranger roumain","INTERIM ROUMANIE","interimaire etranger","Interimaires roumains","Magasiniers Roumains","TRAVAIL DETACHE","travail detache roumain","TRAVAILLEUR ROUMAIN","travailleur temporaire roumain","travaillleur detache roumain"],"articleSection":["Blog","Distribution"],"inLanguage":"fr-FR","potentialAction":[{"@type":"CommentAction","name":"Comment","target":["https:\/\/rapid-interim.com\/index.php\/2024\/11\/27\/recrutement-de-magasiniers-roumains-en-interim-detache\/#respond"]}]},{"@type":"WebPage","@id":"https:\/\/rapid-interim.com\/index.php\/2024\/11\/27\/recrutement-de-magasiniers-roumains-en-interim-detache\/","url":"https:\/\/rapid-interim.com\/index.php\/2024\/11\/27\/recrutement-de-magasiniers-roumains-en-interim-detache\/","name":"Recrutement de Magasiniers Roumains en Int\u00e9rim D\u00e9tach\u00e9 - rapid-interim","isPartOf":{"@id":"https:\/\/rapid-interim.com\/#website"},"primaryImageOfPage":{"@id":"https:\/\/rapid-interim.com\/index.php\/2024\/11\/27\/recrutement-de-magasiniers-roumains-en-interim-detache\/#primaryimage"},"image":{"@id":"https:\/\/rapid-interim.com\/index.php\/2024\/11\/27\/recrutement-de-magasiniers-roumains-en-interim-detache\/#primaryimage"},"thumbnailUrl":"https:\/\/rapid-interim.com\/wp-content\/uploads\/2024\/11\/magasinier-cariste-1-min-compressed-scaled.jpg","datePublished":"2024-11-27T01:29:41+00:00","breadcrumb":{"@id":"https:\/\/rapid-interim.com\/index.php\/2024\/11\/27\/recrutement-de-magasiniers-roumains-en-interim-detache\/#breadcrumb"},"inLanguage":"fr-FR","potentialAction":[{"@type":"ReadAction","target":["https:\/\/rapid-interim.com\/index.php\/2024\/11\/27\/recrutement-de-magasiniers-roumains-en-interim-detache\/"]}]},{"@type":"ImageObject","inLanguage":"fr-FR","@id":"https:\/\/rapid-interim.com\/index.php\/2024\/11\/27\/recrutement-de-magasiniers-roumains-en-interim-detache\/#primaryimage","url":"https:\/\/rapid-interim.com\/wp-content\/uploads\/2024\/11\/magasinier-cariste-1-min-compressed-scaled.jpg","contentUrl":"https:\/\/rapid-interim.com\/wp-content\/uploads\/2024\/11\/magasinier-cariste-1-min-compressed-scaled.jpg","width":2560,"height":1914},{"@type":"BreadcrumbList","@id":"https:\/\/rapid-interim.com\/index.php\/2024\/11\/27\/recrutement-de-magasiniers-roumains-en-interim-detache\/#breadcrumb","itemListElement":[{"@type":"ListItem","position":1,"name":"Accueil","item":"https:\/\/rapid-interim.com\/"},{"@type":"ListItem","position":2,"name":"Recrutement de Magasiniers Roumains en Int\u00e9rim D\u00e9tach\u00e9"}]},{"@type":"WebSite","@id":"https:\/\/rapid-interim.com\/#website","url":"https:\/\/rapid-interim.com\/","name":"rapid-interim","description":"Interim et travail temporaire","publisher":{"@id":"https:\/\/rapid-interim.com\/#organization"},"potentialAction":[{"@type":"SearchAction","target":{"@type":"EntryPoint","urlTemplate":"https:\/\/rapid-interim.com\/?s={search_term_string}"},"query-input":{"@type":"PropertyValueSpecification","valueRequired":true,"valueName":"search_term_string"}}],"inLanguage":"fr-FR"},{"@type":"Organization","@id":"https:\/\/rapid-interim.com\/#organization","name":"rapid-interim","url":"https:\/\/rapid-interim.com\/","logo":{"@type":"ImageObject","inLanguage":"fr-FR","@id":"https:\/\/rapid-interim.com\/#\/schema\/logo\/image\/","url":"https:\/\/rapid-interim.com\/wp-content\/uploads\/2022\/06\/cropped-rapid-inetrim.png","contentUrl":"https:\/\/rapid-interim.com\/wp-content\/uploads\/2022\/06\/cropped-rapid-inetrim.png","width":314,"height":137,"caption":"rapid-interim"},"image":{"@id":"https:\/\/rapid-interim.com\/#\/schema\/logo\/image\/"}},{"@type":"Person","@id":"https:\/\/rapid-interim.com\/#\/schema\/person\/c80cf67768e43267c59b9c4095fac056","name":"Marie Dubois","image":{"@type":"ImageObject","inLanguage":"fr-FR","@id":"https:\/\/secure.gravatar.com\/avatar\/c5d9a389371c49a3eb3d5c05c1bdb9d2124cabb2c990e1eb227c370b66139bfe?s=96&d=mm&r=g","url":"https:\/\/secure.gravatar.com\/avatar\/c5d9a389371c49a3eb3d5c05c1bdb9d2124cabb2c990e1eb227c370b66139bfe?s=96&d=mm&r=g","contentUrl":"https:\/\/secure.gravatar.com\/avatar\/c5d9a389371c49a3eb3d5c05c1bdb9d2124cabb2c990e1eb227c370b66139bfe?s=96&d=mm&r=g","caption":"Marie Dubois"},"sameAs":["http:\/\/rapid-interim.com"],"url":"https:\/\/rapid-interim.com\/index.php\/author\/rapid-interim-com\/"}]}},"jetpack_featured_media_url":"https:\/\/rapid-interim.com\/wp-content\/uploads\/2024\/11\/magasinier-cariste-1-min-compressed-scaled.jpg","jetpack_sharing_enabled":true,"_links":{"self":[{"href":"https:\/\/rapid-interim.com\/index.php\/wp-json\/wp\/v2\/posts\/21813","targetHints":{"allow":["GET"]}}],"collection":[{"href":"https:\/\/rapid-interim.com\/index.php\/wp-json\/wp\/v2\/posts"}],"about":[{"href":"https:\/\/rapid-interim.com\/index.php\/wp-json\/wp\/v2\/types\/post"}],"author":[{"embeddable":true,"href":"https:\/\/rapid-interim.com\/index.php\/wp-json\/wp\/v2\/users\/1"}],"replies":[{"embeddable":true,"href":"https:\/\/rapid-interim.com\/index.php\/wp-json\/wp\/v2\/comments?post=21813"}],"version-history":[{"count":1,"href":"https:\/\/rapid-interim.com\/index.php\/wp-json\/wp\/v2\/posts\/21813\/revisions"}],"predecessor-version":[{"id":21817,"href":"https:\/\/rapid-interim.com\/index.php\/wp-json\/wp\/v2\/posts\/21813\/revisions\/21817"}],"wp:featuredmedia":[{"embeddable":true,"href":"https:\/\/rapid-interim.com\/index.php\/wp-json\/wp\/v2\/media\/21816"}],"wp:attachment":[{"href":"https:\/\/rapid-interim.com\/index.php\/wp-json\/wp\/v2\/media?parent=21813"}],"wp:term":[{"taxonomy":"category","embeddable":true,"href":"https:\/\/rapid-interim.com\/index.php\/wp-json\/wp\/v2\/categories?post=21813"},{"taxonomy":"post_tag","embeddable":true,"href":"https:\/\/rapid-interim.com\/index.php\/wp-json\/wp\/v2\/tags?post=21813"}],"curies":[{"name":"wp","href":"https:\/\/api.w.org\/{rel}","templated":true}]}}