{"id":21801,"date":"2024-11-26T09:37:12","date_gmt":"2024-11-26T08:37:12","guid":{"rendered":"https:\/\/rapid-interim.com\/?p=21801"},"modified":"2024-11-26T09:37:12","modified_gmt":"2024-11-26T08:37:12","slug":"recrutement-de-logisticiens-roumains-en-interim-detache","status":"publish","type":"post","link":"https:\/\/rapid-interim.com\/index.php\/2024\/11\/26\/recrutement-de-logisticiens-roumains-en-interim-detache\/","title":{"rendered":"Recrutement de Logisticiens Roumains en Int\u00e9rim D\u00e9tach\u00e9"},"content":{"rendered":"<p>Dans un contexte o\u00f9 la logistique joue un r\u00f4le cl\u00e9 dans la comp\u00e9titivit\u00e9 des entreprises, disposer de logisticiens comp\u00e9tents est une n\u00e9cessit\u00e9. Le recours \u00e0 des logisticiens roumains en <a href=\"https:\/\/rapid-interim.com\/index.php\/2024\/12\/12\/le-futur-de-linterim-detache-en-europe\/\" data-internallinksmanager029f6b8e52c=\"32\" title=\"int\u00e9rim d\u00e9tach\u00e9\">int\u00e9rim d\u00e9tach\u00e9<\/a> s\u2019impose comme une solution optimale pour renforcer vos \u00e9quipes, am\u00e9liorer vos processus, et r\u00e9pondre efficacement aux variations d\u2019activit\u00e9.<\/p>\n<hr \/>\n<h3>Le R\u00f4le Essentiel des Logisticiens<\/h3>\n<p>Les logisticiens assurent la gestion et l\u2019optimisation de la cha\u00eene d\u2019approvisionnement. Parmi leurs missions principales :<\/p>\n<ul>\n<li><strong>Planification des Flux<\/strong> : Organisation des livraisons pour r\u00e9duire les d\u00e9lais et optimiser les co\u00fbts.<\/li>\n<li><strong>Gestion des Stocks<\/strong> : Surveillance des niveaux de stock pour \u00e9viter les ruptures ou les surcharges.<\/li>\n<li><strong>Coordination des Transports<\/strong> : Mise en place des moyens de transport adapt\u00e9s aux besoins des clients.<\/li>\n<li><strong>Analyse de Performance<\/strong> : Suivi des indicateurs cl\u00e9s pour identifier et r\u00e9soudre les points de blocage.<\/li>\n<li><strong>Utilisation des Outils Num\u00e9riques<\/strong> : Ma\u00eetrise des logiciels de gestion (ERP, WMS) pour assurer un suivi pr\u00e9cis et en temps r\u00e9el.<\/li>\n<\/ul>\n<p>Ces responsabilit\u00e9s exigent rigueur, organisation et une excellente capacit\u00e9 \u00e0 r\u00e9soudre les probl\u00e8mes.<\/p>\n<hr \/>\n<h3>Les Atouts des Logisticiens Roumains en Int\u00e9rim D\u00e9tach\u00e9<img fetchpriority=\"high\" decoding=\"async\" class=\"alignnone size-full wp-image-21803\" src=\"https:\/\/rapid-interim.com\/wp-content\/uploads\/2024\/11\/5ab27a60b1b54.jpg\" alt=\"\" width=\"948\" height=\"633\" srcset=\"https:\/\/rapid-interim.com\/wp-content\/uploads\/2024\/11\/5ab27a60b1b54.jpg 948w, https:\/\/rapid-interim.com\/wp-content\/uploads\/2024\/11\/5ab27a60b1b54-300x200.jpg 300w, https:\/\/rapid-interim.com\/wp-content\/uploads\/2024\/11\/5ab27a60b1b54-768x513.jpg 768w, https:\/\/rapid-interim.com\/wp-content\/uploads\/2024\/11\/5ab27a60b1b54-600x401.jpg 600w\" sizes=\"(max-width: 948px) 100vw, 948px\" \/><\/h3>\n<h4><strong>1. Une Main-d\u2019\u0153uvre Qualifi\u00e9e<\/strong><\/h4>\n<p>Les logisticiens roumains poss\u00e8dent une solide formation et une exp\u00e9rience pratique dans des environnements logistiques complexes.<\/p>\n<h4><strong>2. Flexibilit\u00e9 et R\u00e9activit\u00e9<\/strong><\/h4>\n<p>Le d\u00e9tachement permet d\u2019ajuster vos effectifs en fonction de vos besoins, que ce soit pour des projets temporaires ou pour pallier un manque ponctuel de personnel.<\/p>\n<h4><strong>3. Ma\u00eetrise des Co\u00fbts<\/strong><\/h4>\n<p>Le recours \u00e0 des travailleurs d\u00e9tach\u00e9s offre une alternative \u00e9conomique tout en garantissant un haut niveau de comp\u00e9tence.<\/p>\n<h4><strong>4. Conformit\u00e9 Juridique et Administrative<\/strong><\/h4>\n<p>Gr\u00e2ce \u00e0 une prise en charge compl\u00e8te des formalit\u00e9s, vous b\u00e9n\u00e9ficiez d\u2019un service cl\u00e9 en main, sans contraintes administratives.<\/p>\n<hr \/>\n<h3>Les B\u00e9n\u00e9fices pour Votre Entreprise<\/h3>\n<ul>\n<li><strong>Am\u00e9lioration de la Productivit\u00e9<\/strong> : Des professionnels capables d\u2019optimiser vos flux logistiques.<\/li>\n<li><strong>Adaptabilit\u00e9<\/strong> : Une solution pour r\u00e9pondre rapidement aux pics d\u2019activit\u00e9 ou \u00e0 des projets sp\u00e9cifiques.<\/li>\n<li><strong>Conformit\u00e9 aux R\u00e9glementations<\/strong> : Une garantie de respect des lois europ\u00e9ennes sur le <a href=\"https:\/\/rapid-interim.com\/index.php\/2025\/02\/20\/travail-detache-en-france-impact-sur-leconomie-locale\/\" data-internallinksmanager029f6b8e52c=\"25\" title=\"Travail d\u00e9tach\u00e9\">travail d\u00e9tach\u00e9<\/a>.<\/li>\n<li><strong>R\u00e9duction des D\u00e9lais et des Co\u00fbts<\/strong> : Une gestion plus efficace de vos ressources et de vos processus.<\/li>\n<\/ul>\n<hr \/>\n<h3>Opportunit\u00e9s pour les Logisticiens Roumains<img decoding=\"async\" class=\"alignnone size-full wp-image-21804\" src=\"https:\/\/rapid-interim.com\/wp-content\/uploads\/2024\/11\/remuneration-chauffeur-livreur-1024x683-1.jpg\" alt=\"\" width=\"1024\" height=\"683\" srcset=\"https:\/\/rapid-interim.com\/wp-content\/uploads\/2024\/11\/remuneration-chauffeur-livreur-1024x683-1.jpg 1024w, https:\/\/rapid-interim.com\/wp-content\/uploads\/2024\/11\/remuneration-chauffeur-livreur-1024x683-1-300x200.jpg 300w, https:\/\/rapid-interim.com\/wp-content\/uploads\/2024\/11\/remuneration-chauffeur-livreur-1024x683-1-768x512.jpg 768w, https:\/\/rapid-interim.com\/wp-content\/uploads\/2024\/11\/remuneration-chauffeur-livreur-1024x683-1-600x400.jpg 600w\" sizes=\"(max-width: 1024px) 100vw, 1024px\" \/><\/h3>\n<p>Le travail en <a href=\"https:\/\/rapid-interim.com\/index.php\/2024\/12\/12\/le-futur-de-linterim-detache-en-europe\/\" data-internallinksmanager029f6b8e52c=\"32\" title=\"int\u00e9rim d\u00e9tach\u00e9\">int\u00e9rim d\u00e9tach\u00e9<\/a> offre de nombreux avantages aux logisticiens :<\/p>\n<ul>\n<li><strong>D\u00e9veloppement Professionnel<\/strong> : Une exp\u00e9rience internationale enrichissante dans des entreprises vari\u00e9es.<\/li>\n<li><strong><a href=\"https:\/\/rapid-interim.com\/index.php\/2025\/01\/22\/les-conditions-de-travail-des-interimaires-roumains-dans-le-secteur-de-la-logistique\/\" data-internallinksmanager029f6b8e52c=\"46\" title=\"conditions de travail\">Conditions de Travail<\/a> Attractives<\/strong> : Conformes aux standards europ\u00e9ens.<\/li>\n<li><strong>Formation Continue<\/strong> : Une opportunit\u00e9 de se perfectionner dans des domaines sp\u00e9cifiques.<\/li>\n<li><strong>Accompagnement<\/strong> : Un soutien personnalis\u00e9 pour une int\u00e9gration r\u00e9ussie.<\/li>\n<\/ul>\n<hr \/>\n<h3>Notre Processus de Recrutement<\/h3>\n<ol>\n<li><strong>\u00c9valuation des Besoins<\/strong> : Analyse de vos objectifs et sp\u00e9cificit\u00e9s.<\/li>\n<li><strong>Identification des Talents<\/strong> : S\u00e9lection des meilleurs profils de logisticiens pour vos projets.<\/li>\n<li><strong>Gestion Administrative<\/strong> : Prise en charge des d\u00e9marches li\u00e9es au <a href=\"https:\/\/rapid-interim.com\/index.php\/2025\/02\/20\/travail-detache-en-france-impact-sur-leconomie-locale\/\" data-internallinksmanager029f6b8e52c=\"25\" title=\"Travail d\u00e9tach\u00e9\">travail d\u00e9tach\u00e9<\/a>.<\/li>\n<li><strong>Suivi et Optimisation<\/strong> : Accompagnement tout au long de la mission pour garantir un service optimal.<\/li>\n<\/ol>\n<hr \/>\n<h3>Pourquoi Choisir Rapid Interim ?<\/h3>\n<p>Chez <strong>Rapid Interim<\/strong>, nous mettons notre expertise \u00e0 votre service pour r\u00e9pondre \u00e0 vos besoins en <a href=\"https:\/\/rapid-interim.com\/\" data-internallinksmanager029f6b8e52c=\"44\" title=\"Accueil - Agence d&#039;interim roumaine\">recrutement<\/a> de logisticiens roumains qualifi\u00e9s.<\/p>\n<h4>Nos Engagements :<\/h4>\n<ul>\n<li><strong>Un R\u00e9seau \u00c9tendu<\/strong> : Acc\u00e8s \u00e0 un vivier de professionnels exp\u00e9riment\u00e9s et comp\u00e9tents.<\/li>\n<li><strong>Une R\u00e9activit\u00e9 In\u00e9gal\u00e9e<\/strong> : Capacit\u00e9 \u00e0 mobiliser rapidement des talents pour vos projets.<\/li>\n<li><strong>Un Accompagnement Complet<\/strong> : Gestion des aspects juridiques, administratifs et logistiques.<\/li>\n<li><strong>Une Approche Personnalis\u00e9e<\/strong> : Solutions adapt\u00e9es \u00e0 vos sp\u00e9cificit\u00e9s op\u00e9rationnelles.<\/li>\n<\/ul>\n<p><strong>Contactez-nous d\u00e8s aujourd\u2019hui \u00e0 <a rel=\"noopener\">info@rapid-interim.com<\/a> pour vos besoins en logisticiens qualifi\u00e9s.<\/strong><\/p>\n<p>Avec <strong>Rapid Interim<\/strong>, transformez vos d\u00e9fis logistiques en opportunit\u00e9s gr\u00e2ce \u00e0 une main-d&rsquo;\u0153uvre experte et d\u00e9di\u00e9e.<\/p>\n","protected":false},"excerpt":{"rendered":"<p>Dans un contexte o\u00f9 la logistique joue un r\u00f4le cl\u00e9 dans la comp\u00e9titivit\u00e9 des entreprises, disposer de logisticiens comp\u00e9tents est une n\u00e9cessit\u00e9. Le recours \u00e0 des logisticiens roumains en int\u00e9rim d\u00e9tach\u00e9 s\u2019impose comme une solution optimale pour renforcer vos \u00e9quipes, am\u00e9liorer vos processus, et r\u00e9pondre efficacement aux variations d\u2019activit\u00e9. Le R\u00f4le Essentiel des Logisticiens Les [&hellip;]<\/p>\n","protected":false},"author":1,"featured_media":21802,"comment_status":"open","ping_status":"open","sticky":false,"template":"","format":"image","meta":{"_crdt_document":"","_jetpack_memberships_contains_paid_content":false,"footnotes":""},"categories":[1,133],"tags":[129,128,127,125,118,120,121,69,122,123,134,74,119,70,126,124],"class_list":["post-21801","post","type-post","status-publish","format-image","has-post-thumbnail","hentry","category-blog","category-distribution","tag-agence-de-recrutement-roumanie","tag-agence-interim-europeene","tag-agence-interim-travailleur-etranger","tag-detachement-roumain","tag-interim-detache","tag-interim-etranger","tag-interim-etranger-roumain","tag-interim-roumanie","tag-interimaire-etranger","tag-interimaires-roumains","tag-logisticiens-roumains","tag-travail-detache","tag-travail-detache-roumain","tag-travailleur-roumain","tag-travailleur-temporaire-roumain","tag-travaillleur-detache-roumain","post_format-post-format-image","nd_cc_cpt_1_tax_1-distribution"],"yoast_head":"<!-- This site is optimized with the Yoast SEO plugin v27.5 - https:\/\/yoast.com\/product\/yoast-seo-wordpress\/ -->\n<title>Recrutement de Logisticiens Roumains en Int\u00e9rim D\u00e9tach\u00e9 - rapid-interim<\/title>\n<meta name=\"robots\" content=\"index, follow, max-snippet:-1, max-image-preview:large, max-video-preview:-1\" \/>\n<link rel=\"canonical\" href=\"https:\/\/rapid-interim.com\/index.php\/2024\/11\/26\/recrutement-de-logisticiens-roumains-en-interim-detache\/\" \/>\n<meta property=\"og:locale\" content=\"fr_FR\" \/>\n<meta property=\"og:type\" content=\"article\" \/>\n<meta property=\"og:title\" content=\"Recrutement de Logisticiens Roumains en Int\u00e9rim D\u00e9tach\u00e9 - rapid-interim\" \/>\n<meta property=\"og:description\" content=\"Dans un contexte o\u00f9 la logistique joue un r\u00f4le cl\u00e9 dans la comp\u00e9titivit\u00e9 des entreprises, disposer de logisticiens comp\u00e9tents est une n\u00e9cessit\u00e9. Le recours \u00e0 des logisticiens roumains en int\u00e9rim d\u00e9tach\u00e9 s\u2019impose comme une solution optimale pour renforcer vos \u00e9quipes, am\u00e9liorer vos processus, et r\u00e9pondre efficacement aux variations d\u2019activit\u00e9. Le R\u00f4le Essentiel des Logisticiens Les [&hellip;]\" \/>\n<meta property=\"og:url\" content=\"https:\/\/rapid-interim.com\/index.php\/2024\/11\/26\/recrutement-de-logisticiens-roumains-en-interim-detache\/\" \/>\n<meta property=\"og:site_name\" content=\"rapid-interim\" \/>\n<meta property=\"article:published_time\" content=\"2024-11-26T08:37:12+00:00\" \/>\n<meta property=\"og:image\" content=\"https:\/\/rapid-interim.com\/wp-content\/uploads\/2024\/11\/623162cc8feae777069360.jpg\" \/>\n\t<meta property=\"og:image:width\" content=\"1024\" \/>\n\t<meta property=\"og:image:height\" content=\"682\" \/>\n\t<meta property=\"og:image:type\" content=\"image\/jpeg\" \/>\n<meta name=\"author\" content=\"Marie Dubois\" \/>\n<meta name=\"twitter:card\" content=\"summary_large_image\" \/>\n<meta name=\"twitter:label1\" content=\"\u00c9crit par\" \/>\n\t<meta name=\"twitter:data1\" content=\"Marie Dubois\" \/>\n\t<meta name=\"twitter:label2\" content=\"Dur\u00e9e de lecture estim\u00e9e\" \/>\n\t<meta name=\"twitter:data2\" content=\"3 minutes\" \/>\n<script type=\"application\/ld+json\" class=\"yoast-schema-graph\">{\"@context\":\"https:\\\/\\\/schema.org\",\"@graph\":[{\"@type\":\"Article\",\"@id\":\"https:\\\/\\\/rapid-interim.com\\\/index.php\\\/2024\\\/11\\\/26\\\/recrutement-de-logisticiens-roumains-en-interim-detache\\\/#article\",\"isPartOf\":{\"@id\":\"https:\\\/\\\/rapid-interim.com\\\/index.php\\\/2024\\\/11\\\/26\\\/recrutement-de-logisticiens-roumains-en-interim-detache\\\/\"},\"author\":{\"name\":\"Marie Dubois\",\"@id\":\"https:\\\/\\\/rapid-interim.com\\\/#\\\/schema\\\/person\\\/c80cf67768e43267c59b9c4095fac056\"},\"headline\":\"Recrutement de Logisticiens Roumains en Int\u00e9rim D\u00e9tach\u00e9\",\"datePublished\":\"2024-11-26T08:37:12+00:00\",\"mainEntityOfPage\":{\"@id\":\"https:\\\/\\\/rapid-interim.com\\\/index.php\\\/2024\\\/11\\\/26\\\/recrutement-de-logisticiens-roumains-en-interim-detache\\\/\"},\"wordCount\":622,\"commentCount\":0,\"publisher\":{\"@id\":\"https:\\\/\\\/rapid-interim.com\\\/#organization\"},\"image\":{\"@id\":\"https:\\\/\\\/rapid-interim.com\\\/index.php\\\/2024\\\/11\\\/26\\\/recrutement-de-logisticiens-roumains-en-interim-detache\\\/#primaryimage\"},\"thumbnailUrl\":\"https:\\\/\\\/rapid-interim.com\\\/wp-content\\\/uploads\\\/2024\\\/11\\\/623162cc8feae777069360.jpg\",\"keywords\":[\"agence de recrutement roumanie\",\"agence interim europeene\",\"agence interim travailleur etranger\",\"detachement roumain\",\"interim d\u00e9tache\",\"interim etranger\",\"interim \u00e9tranger roumain\",\"INTERIM ROUMANIE\",\"interimaire etranger\",\"Interimaires roumains\",\"Logisticiens Roumains\",\"TRAVAIL DETACHE\",\"travail detache roumain\",\"TRAVAILLEUR ROUMAIN\",\"travailleur temporaire roumain\",\"travaillleur detache roumain\"],\"articleSection\":[\"Blog\",\"Distribution\"],\"inLanguage\":\"fr-FR\",\"potentialAction\":[{\"@type\":\"CommentAction\",\"name\":\"Comment\",\"target\":[\"https:\\\/\\\/rapid-interim.com\\\/index.php\\\/2024\\\/11\\\/26\\\/recrutement-de-logisticiens-roumains-en-interim-detache\\\/#respond\"]}]},{\"@type\":\"WebPage\",\"@id\":\"https:\\\/\\\/rapid-interim.com\\\/index.php\\\/2024\\\/11\\\/26\\\/recrutement-de-logisticiens-roumains-en-interim-detache\\\/\",\"url\":\"https:\\\/\\\/rapid-interim.com\\\/index.php\\\/2024\\\/11\\\/26\\\/recrutement-de-logisticiens-roumains-en-interim-detache\\\/\",\"name\":\"Recrutement de Logisticiens Roumains en Int\u00e9rim D\u00e9tach\u00e9 - rapid-interim\",\"isPartOf\":{\"@id\":\"https:\\\/\\\/rapid-interim.com\\\/#website\"},\"primaryImageOfPage\":{\"@id\":\"https:\\\/\\\/rapid-interim.com\\\/index.php\\\/2024\\\/11\\\/26\\\/recrutement-de-logisticiens-roumains-en-interim-detache\\\/#primaryimage\"},\"image\":{\"@id\":\"https:\\\/\\\/rapid-interim.com\\\/index.php\\\/2024\\\/11\\\/26\\\/recrutement-de-logisticiens-roumains-en-interim-detache\\\/#primaryimage\"},\"thumbnailUrl\":\"https:\\\/\\\/rapid-interim.com\\\/wp-content\\\/uploads\\\/2024\\\/11\\\/623162cc8feae777069360.jpg\",\"datePublished\":\"2024-11-26T08:37:12+00:00\",\"breadcrumb\":{\"@id\":\"https:\\\/\\\/rapid-interim.com\\\/index.php\\\/2024\\\/11\\\/26\\\/recrutement-de-logisticiens-roumains-en-interim-detache\\\/#breadcrumb\"},\"inLanguage\":\"fr-FR\",\"potentialAction\":[{\"@type\":\"ReadAction\",\"target\":[\"https:\\\/\\\/rapid-interim.com\\\/index.php\\\/2024\\\/11\\\/26\\\/recrutement-de-logisticiens-roumains-en-interim-detache\\\/\"]}]},{\"@type\":\"ImageObject\",\"inLanguage\":\"fr-FR\",\"@id\":\"https:\\\/\\\/rapid-interim.com\\\/index.php\\\/2024\\\/11\\\/26\\\/recrutement-de-logisticiens-roumains-en-interim-detache\\\/#primaryimage\",\"url\":\"https:\\\/\\\/rapid-interim.com\\\/wp-content\\\/uploads\\\/2024\\\/11\\\/623162cc8feae777069360.jpg\",\"contentUrl\":\"https:\\\/\\\/rapid-interim.com\\\/wp-content\\\/uploads\\\/2024\\\/11\\\/623162cc8feae777069360.jpg\",\"width\":1024,\"height\":682,\"caption\":\"La photo Fiche m\u00e9tier - Logisticien - Gomatisme.jpg a \u00e9t\u00e9 r\u00e9duite de 99.34 % le Jeudi 05 Mars 2020 \u00e0 01:03 par Photo R\u00e9ducteur v4.10 \u00e0 t\u00e9l\u00e9charger sur https:\\\/\\\/www.emjysoft.com\\\/\"},{\"@type\":\"BreadcrumbList\",\"@id\":\"https:\\\/\\\/rapid-interim.com\\\/index.php\\\/2024\\\/11\\\/26\\\/recrutement-de-logisticiens-roumains-en-interim-detache\\\/#breadcrumb\",\"itemListElement\":[{\"@type\":\"ListItem\",\"position\":1,\"name\":\"Accueil\",\"item\":\"https:\\\/\\\/rapid-interim.com\\\/\"},{\"@type\":\"ListItem\",\"position\":2,\"name\":\"Recrutement de Logisticiens Roumains en Int\u00e9rim D\u00e9tach\u00e9\"}]},{\"@type\":\"WebSite\",\"@id\":\"https:\\\/\\\/rapid-interim.com\\\/#website\",\"url\":\"https:\\\/\\\/rapid-interim.com\\\/\",\"name\":\"rapid-interim\",\"description\":\"Interim et travail temporaire\",\"publisher\":{\"@id\":\"https:\\\/\\\/rapid-interim.com\\\/#organization\"},\"potentialAction\":[{\"@type\":\"SearchAction\",\"target\":{\"@type\":\"EntryPoint\",\"urlTemplate\":\"https:\\\/\\\/rapid-interim.com\\\/?s={search_term_string}\"},\"query-input\":{\"@type\":\"PropertyValueSpecification\",\"valueRequired\":true,\"valueName\":\"search_term_string\"}}],\"inLanguage\":\"fr-FR\"},{\"@type\":\"Organization\",\"@id\":\"https:\\\/\\\/rapid-interim.com\\\/#organization\",\"name\":\"rapid-interim\",\"url\":\"https:\\\/\\\/rapid-interim.com\\\/\",\"logo\":{\"@type\":\"ImageObject\",\"inLanguage\":\"fr-FR\",\"@id\":\"https:\\\/\\\/rapid-interim.com\\\/#\\\/schema\\\/logo\\\/image\\\/\",\"url\":\"https:\\\/\\\/rapid-interim.com\\\/wp-content\\\/uploads\\\/2022\\\/06\\\/cropped-rapid-inetrim.png\",\"contentUrl\":\"https:\\\/\\\/rapid-interim.com\\\/wp-content\\\/uploads\\\/2022\\\/06\\\/cropped-rapid-inetrim.png\",\"width\":314,\"height\":137,\"caption\":\"rapid-interim\"},\"image\":{\"@id\":\"https:\\\/\\\/rapid-interim.com\\\/#\\\/schema\\\/logo\\\/image\\\/\"}},{\"@type\":\"Person\",\"@id\":\"https:\\\/\\\/rapid-interim.com\\\/#\\\/schema\\\/person\\\/c80cf67768e43267c59b9c4095fac056\",\"name\":\"Marie Dubois\",\"image\":{\"@type\":\"ImageObject\",\"inLanguage\":\"fr-FR\",\"@id\":\"https:\\\/\\\/secure.gravatar.com\\\/avatar\\\/c5d9a389371c49a3eb3d5c05c1bdb9d2124cabb2c990e1eb227c370b66139bfe?s=96&d=mm&r=g\",\"url\":\"https:\\\/\\\/secure.gravatar.com\\\/avatar\\\/c5d9a389371c49a3eb3d5c05c1bdb9d2124cabb2c990e1eb227c370b66139bfe?s=96&d=mm&r=g\",\"contentUrl\":\"https:\\\/\\\/secure.gravatar.com\\\/avatar\\\/c5d9a389371c49a3eb3d5c05c1bdb9d2124cabb2c990e1eb227c370b66139bfe?s=96&d=mm&r=g\",\"caption\":\"Marie Dubois\"},\"sameAs\":[\"http:\\\/\\\/rapid-interim.com\"],\"url\":\"https:\\\/\\\/rapid-interim.com\\\/index.php\\\/author\\\/rapid-interim-com\\\/\"}]}<\/script>\n<!-- \/ Yoast SEO plugin. -->","yoast_head_json":{"title":"Recrutement de Logisticiens Roumains en Int\u00e9rim D\u00e9tach\u00e9 - rapid-interim","robots":{"index":"index","follow":"follow","max-snippet":"max-snippet:-1","max-image-preview":"max-image-preview:large","max-video-preview":"max-video-preview:-1"},"canonical":"https:\/\/rapid-interim.com\/index.php\/2024\/11\/26\/recrutement-de-logisticiens-roumains-en-interim-detache\/","og_locale":"fr_FR","og_type":"article","og_title":"Recrutement de Logisticiens Roumains en Int\u00e9rim D\u00e9tach\u00e9 - rapid-interim","og_description":"Dans un contexte o\u00f9 la logistique joue un r\u00f4le cl\u00e9 dans la comp\u00e9titivit\u00e9 des entreprises, disposer de logisticiens comp\u00e9tents est une n\u00e9cessit\u00e9. Le recours \u00e0 des logisticiens roumains en int\u00e9rim d\u00e9tach\u00e9 s\u2019impose comme une solution optimale pour renforcer vos \u00e9quipes, am\u00e9liorer vos processus, et r\u00e9pondre efficacement aux variations d\u2019activit\u00e9. Le R\u00f4le Essentiel des Logisticiens Les [&hellip;]","og_url":"https:\/\/rapid-interim.com\/index.php\/2024\/11\/26\/recrutement-de-logisticiens-roumains-en-interim-detache\/","og_site_name":"rapid-interim","article_published_time":"2024-11-26T08:37:12+00:00","og_image":[{"width":1024,"height":682,"url":"https:\/\/rapid-interim.com\/wp-content\/uploads\/2024\/11\/623162cc8feae777069360.jpg","type":"image\/jpeg"}],"author":"Marie Dubois","twitter_card":"summary_large_image","twitter_misc":{"\u00c9crit par":"Marie Dubois","Dur\u00e9e de lecture estim\u00e9e":"3 minutes"},"schema":{"@context":"https:\/\/schema.org","@graph":[{"@type":"Article","@id":"https:\/\/rapid-interim.com\/index.php\/2024\/11\/26\/recrutement-de-logisticiens-roumains-en-interim-detache\/#article","isPartOf":{"@id":"https:\/\/rapid-interim.com\/index.php\/2024\/11\/26\/recrutement-de-logisticiens-roumains-en-interim-detache\/"},"author":{"name":"Marie Dubois","@id":"https:\/\/rapid-interim.com\/#\/schema\/person\/c80cf67768e43267c59b9c4095fac056"},"headline":"Recrutement de Logisticiens Roumains en Int\u00e9rim D\u00e9tach\u00e9","datePublished":"2024-11-26T08:37:12+00:00","mainEntityOfPage":{"@id":"https:\/\/rapid-interim.com\/index.php\/2024\/11\/26\/recrutement-de-logisticiens-roumains-en-interim-detache\/"},"wordCount":622,"commentCount":0,"publisher":{"@id":"https:\/\/rapid-interim.com\/#organization"},"image":{"@id":"https:\/\/rapid-interim.com\/index.php\/2024\/11\/26\/recrutement-de-logisticiens-roumains-en-interim-detache\/#primaryimage"},"thumbnailUrl":"https:\/\/rapid-interim.com\/wp-content\/uploads\/2024\/11\/623162cc8feae777069360.jpg","keywords":["agence de recrutement roumanie","agence interim europeene","agence interim travailleur etranger","detachement roumain","interim d\u00e9tache","interim etranger","interim \u00e9tranger roumain","INTERIM ROUMANIE","interimaire etranger","Interimaires roumains","Logisticiens Roumains","TRAVAIL DETACHE","travail detache roumain","TRAVAILLEUR ROUMAIN","travailleur temporaire roumain","travaillleur detache roumain"],"articleSection":["Blog","Distribution"],"inLanguage":"fr-FR","potentialAction":[{"@type":"CommentAction","name":"Comment","target":["https:\/\/rapid-interim.com\/index.php\/2024\/11\/26\/recrutement-de-logisticiens-roumains-en-interim-detache\/#respond"]}]},{"@type":"WebPage","@id":"https:\/\/rapid-interim.com\/index.php\/2024\/11\/26\/recrutement-de-logisticiens-roumains-en-interim-detache\/","url":"https:\/\/rapid-interim.com\/index.php\/2024\/11\/26\/recrutement-de-logisticiens-roumains-en-interim-detache\/","name":"Recrutement de Logisticiens Roumains en Int\u00e9rim D\u00e9tach\u00e9 - rapid-interim","isPartOf":{"@id":"https:\/\/rapid-interim.com\/#website"},"primaryImageOfPage":{"@id":"https:\/\/rapid-interim.com\/index.php\/2024\/11\/26\/recrutement-de-logisticiens-roumains-en-interim-detache\/#primaryimage"},"image":{"@id":"https:\/\/rapid-interim.com\/index.php\/2024\/11\/26\/recrutement-de-logisticiens-roumains-en-interim-detache\/#primaryimage"},"thumbnailUrl":"https:\/\/rapid-interim.com\/wp-content\/uploads\/2024\/11\/623162cc8feae777069360.jpg","datePublished":"2024-11-26T08:37:12+00:00","breadcrumb":{"@id":"https:\/\/rapid-interim.com\/index.php\/2024\/11\/26\/recrutement-de-logisticiens-roumains-en-interim-detache\/#breadcrumb"},"inLanguage":"fr-FR","potentialAction":[{"@type":"ReadAction","target":["https:\/\/rapid-interim.com\/index.php\/2024\/11\/26\/recrutement-de-logisticiens-roumains-en-interim-detache\/"]}]},{"@type":"ImageObject","inLanguage":"fr-FR","@id":"https:\/\/rapid-interim.com\/index.php\/2024\/11\/26\/recrutement-de-logisticiens-roumains-en-interim-detache\/#primaryimage","url":"https:\/\/rapid-interim.com\/wp-content\/uploads\/2024\/11\/623162cc8feae777069360.jpg","contentUrl":"https:\/\/rapid-interim.com\/wp-content\/uploads\/2024\/11\/623162cc8feae777069360.jpg","width":1024,"height":682,"caption":"La photo Fiche m\u00e9tier - Logisticien - Gomatisme.jpg a \u00e9t\u00e9 r\u00e9duite de 99.34 % le Jeudi 05 Mars 2020 \u00e0 01:03 par Photo R\u00e9ducteur v4.10 \u00e0 t\u00e9l\u00e9charger sur https:\/\/www.emjysoft.com\/"},{"@type":"BreadcrumbList","@id":"https:\/\/rapid-interim.com\/index.php\/2024\/11\/26\/recrutement-de-logisticiens-roumains-en-interim-detache\/#breadcrumb","itemListElement":[{"@type":"ListItem","position":1,"name":"Accueil","item":"https:\/\/rapid-interim.com\/"},{"@type":"ListItem","position":2,"name":"Recrutement de Logisticiens Roumains en Int\u00e9rim D\u00e9tach\u00e9"}]},{"@type":"WebSite","@id":"https:\/\/rapid-interim.com\/#website","url":"https:\/\/rapid-interim.com\/","name":"rapid-interim","description":"Interim et travail temporaire","publisher":{"@id":"https:\/\/rapid-interim.com\/#organization"},"potentialAction":[{"@type":"SearchAction","target":{"@type":"EntryPoint","urlTemplate":"https:\/\/rapid-interim.com\/?s={search_term_string}"},"query-input":{"@type":"PropertyValueSpecification","valueRequired":true,"valueName":"search_term_string"}}],"inLanguage":"fr-FR"},{"@type":"Organization","@id":"https:\/\/rapid-interim.com\/#organization","name":"rapid-interim","url":"https:\/\/rapid-interim.com\/","logo":{"@type":"ImageObject","inLanguage":"fr-FR","@id":"https:\/\/rapid-interim.com\/#\/schema\/logo\/image\/","url":"https:\/\/rapid-interim.com\/wp-content\/uploads\/2022\/06\/cropped-rapid-inetrim.png","contentUrl":"https:\/\/rapid-interim.com\/wp-content\/uploads\/2022\/06\/cropped-rapid-inetrim.png","width":314,"height":137,"caption":"rapid-interim"},"image":{"@id":"https:\/\/rapid-interim.com\/#\/schema\/logo\/image\/"}},{"@type":"Person","@id":"https:\/\/rapid-interim.com\/#\/schema\/person\/c80cf67768e43267c59b9c4095fac056","name":"Marie Dubois","image":{"@type":"ImageObject","inLanguage":"fr-FR","@id":"https:\/\/secure.gravatar.com\/avatar\/c5d9a389371c49a3eb3d5c05c1bdb9d2124cabb2c990e1eb227c370b66139bfe?s=96&d=mm&r=g","url":"https:\/\/secure.gravatar.com\/avatar\/c5d9a389371c49a3eb3d5c05c1bdb9d2124cabb2c990e1eb227c370b66139bfe?s=96&d=mm&r=g","contentUrl":"https:\/\/secure.gravatar.com\/avatar\/c5d9a389371c49a3eb3d5c05c1bdb9d2124cabb2c990e1eb227c370b66139bfe?s=96&d=mm&r=g","caption":"Marie Dubois"},"sameAs":["http:\/\/rapid-interim.com"],"url":"https:\/\/rapid-interim.com\/index.php\/author\/rapid-interim-com\/"}]}},"jetpack_featured_media_url":"https:\/\/rapid-interim.com\/wp-content\/uploads\/2024\/11\/623162cc8feae777069360.jpg","jetpack_sharing_enabled":true,"_links":{"self":[{"href":"https:\/\/rapid-interim.com\/index.php\/wp-json\/wp\/v2\/posts\/21801","targetHints":{"allow":["GET"]}}],"collection":[{"href":"https:\/\/rapid-interim.com\/index.php\/wp-json\/wp\/v2\/posts"}],"about":[{"href":"https:\/\/rapid-interim.com\/index.php\/wp-json\/wp\/v2\/types\/post"}],"author":[{"embeddable":true,"href":"https:\/\/rapid-interim.com\/index.php\/wp-json\/wp\/v2\/users\/1"}],"replies":[{"embeddable":true,"href":"https:\/\/rapid-interim.com\/index.php\/wp-json\/wp\/v2\/comments?post=21801"}],"version-history":[{"count":1,"href":"https:\/\/rapid-interim.com\/index.php\/wp-json\/wp\/v2\/posts\/21801\/revisions"}],"predecessor-version":[{"id":21805,"href":"https:\/\/rapid-interim.com\/index.php\/wp-json\/wp\/v2\/posts\/21801\/revisions\/21805"}],"wp:featuredmedia":[{"embeddable":true,"href":"https:\/\/rapid-interim.com\/index.php\/wp-json\/wp\/v2\/media\/21802"}],"wp:attachment":[{"href":"https:\/\/rapid-interim.com\/index.php\/wp-json\/wp\/v2\/media?parent=21801"}],"wp:term":[{"taxonomy":"category","embeddable":true,"href":"https:\/\/rapid-interim.com\/index.php\/wp-json\/wp\/v2\/categories?post=21801"},{"taxonomy":"post_tag","embeddable":true,"href":"https:\/\/rapid-interim.com\/index.php\/wp-json\/wp\/v2\/tags?post=21801"}],"curies":[{"name":"wp","href":"https:\/\/api.w.org\/{rel}","templated":true}]}}