{"id":21794,"date":"2024-11-26T09:28:25","date_gmt":"2024-11-26T08:28:25","guid":{"rendered":"https:\/\/rapid-interim.com\/?p=21794"},"modified":"2024-11-26T09:28:25","modified_gmt":"2024-11-26T08:28:25","slug":"recrutement-de-preparateurs-de-commandes-roumains-en-interim-detache","status":"publish","type":"post","link":"https:\/\/rapid-interim.com\/index.php\/2024\/11\/26\/recrutement-de-preparateurs-de-commandes-roumains-en-interim-detache\/","title":{"rendered":"Recrutement de Pr\u00e9parateurs de Commandes Roumains en Int\u00e9rim D\u00e9tach\u00e9"},"content":{"rendered":"<p>Dans le domaine de la logistique et de la distribution, le r\u00f4le des pr\u00e9parateurs de commandes est fondamental. Ces professionnels veillent \u00e0 ce que chaque commande soit pr\u00e9par\u00e9e avec pr\u00e9cision et livr\u00e9e dans les d\u00e9lais impartis. Le <a href=\"https:\/\/rapid-interim.com\/\" data-internallinksmanager029f6b8e52c=\"44\" title=\"Accueil - Agence d&#039;interim roumaine\">recrutement<\/a> de pr\u00e9parateurs de commandes roumains en <a href=\"https:\/\/rapid-interim.com\/index.php\/2024\/12\/12\/le-futur-de-linterim-detache-en-europe\/\" data-internallinksmanager029f6b8e52c=\"32\" title=\"int\u00e9rim d\u00e9tach\u00e9\">int\u00e9rim d\u00e9tach\u00e9<\/a> offre une solution optimale pour r\u00e9pondre \u00e0 vos besoins en <a href=\"https:\/\/rapid-interim.com\/\" data-internallinksmanager029f6b8e52c=\"45\" title=\"Main-d\u2019\u0153uvre qualifi\u00e9e\">main-d&rsquo;\u0153uvre qualifi\u00e9e<\/a> et adaptable.<\/p>\n<hr \/>\n<h3>Les Missions d\u2019un Pr\u00e9parateur de Commandes<\/h3>\n<p>Le pr\u00e9parateur de commandes assure plusieurs t\u00e2ches essentielles dans la cha\u00eene logistique :<\/p>\n<ul>\n<li><strong>R\u00e9ception des Marchandises<\/strong> : V\u00e9rification des stocks entrants et organisation dans les zones de stockage.<\/li>\n<li><strong>Pr\u00e9paration des Commandes<\/strong> : Rassemblement des articles selon les bons de commande, respectant les sp\u00e9cifications client.<\/li>\n<li><strong>Gestion des \u00c9quipements<\/strong> : Utilisation de chariots \u00e9l\u00e9vateurs, transpalettes, et outils informatis\u00e9s pour le suivi des stocks.<\/li>\n<li><strong>Contr\u00f4le Qualit\u00e9<\/strong> : Inspection des produits avant l\u2019emballage et l\u2019exp\u00e9dition.<\/li>\n<li><strong>Optimisation des Flux<\/strong> : Respect des processus logistiques pour assurer efficacit\u00e9 et rapidit\u00e9.<\/li>\n<\/ul>\n<p>Ces missions n\u00e9cessitent rigueur, organisation, et une bonne capacit\u00e9 \u00e0 travailler en \u00e9quipe.<\/p>\n<hr \/>\n<h3>Pourquoi Faire Appel \u00e0 des Pr\u00e9parateurs de Commandes Roumains en Int\u00e9rim D\u00e9tach\u00e9 ?<img fetchpriority=\"high\" decoding=\"async\" class=\"alignnone size-full wp-image-21796\" src=\"https:\/\/rapid-interim.com\/wp-content\/uploads\/2024\/11\/1200x680_preparateur_commande_entrepot.jpg\" alt=\"\" width=\"1200\" height=\"680\" srcset=\"https:\/\/rapid-interim.com\/wp-content\/uploads\/2024\/11\/1200x680_preparateur_commande_entrepot.jpg 1200w, https:\/\/rapid-interim.com\/wp-content\/uploads\/2024\/11\/1200x680_preparateur_commande_entrepot-300x170.jpg 300w, https:\/\/rapid-interim.com\/wp-content\/uploads\/2024\/11\/1200x680_preparateur_commande_entrepot-1024x580.jpg 1024w, https:\/\/rapid-interim.com\/wp-content\/uploads\/2024\/11\/1200x680_preparateur_commande_entrepot-768x435.jpg 768w, https:\/\/rapid-interim.com\/wp-content\/uploads\/2024\/11\/1200x680_preparateur_commande_entrepot-600x340.jpg 600w\" sizes=\"(max-width: 1200px) 100vw, 1200px\" \/><\/h3>\n<h4><strong>1. Main-d\u2019\u0153uvre Qualifi\u00e9e et Exp\u00e9riment\u00e9e<\/strong><\/h4>\n<p>Les pr\u00e9parateurs de commandes roumains disposent d\u2019une formation solide et d\u2019une exp\u00e9rience significative dans le secteur logistique.<\/p>\n<h4><strong>2. Flexibilit\u00e9 Maximale<\/strong><\/h4>\n<p>Le recours \u00e0 des travailleurs d\u00e9tach\u00e9s permet de renforcer vos effectifs en fonction des besoins, notamment lors des p\u00e9riodes de forte activit\u00e9.<\/p>\n<h4><strong>3. R\u00e9duction des Co\u00fbts<\/strong><\/h4>\n<p>Le <a href=\"https:\/\/rapid-interim.com\/index.php\/2025\/02\/20\/travail-detache-en-france-impact-sur-leconomie-locale\/\" data-internallinksmanager029f6b8e52c=\"25\" title=\"Travail d\u00e9tach\u00e9\">travail d\u00e9tach\u00e9<\/a> garantit une gestion efficace des ressources humaines tout en ma\u00eetrisant vos d\u00e9penses.<\/p>\n<h4><strong>4. Gestion Simplifi\u00e9e<\/strong><\/h4>\n<p>Toutes les formalit\u00e9s administratives et l\u00e9gales li\u00e9es au d\u00e9tachement sont prises en charge par notre agence.<\/p>\n<hr \/>\n<h3>Les Avantages pour Votre Entreprise<\/h3>\n<ul>\n<li><strong>Adaptabilit\u00e9 et R\u00e9activit\u00e9<\/strong> : Une solution rapide pour r\u00e9pondre \u00e0 vos besoins imm\u00e9diats.<\/li>\n<li><strong>Respect des Normes Europ\u00e9ennes<\/strong> : Des professionnels qui travaillent dans le respect des r\u00e9glementations en vigueur.<\/li>\n<li><strong>Qualit\u00e9 et Efficacit\u00e9<\/strong> : Une pr\u00e9paration des commandes r\u00e9alis\u00e9e avec pr\u00e9cision et rapidit\u00e9.<\/li>\n<li><strong>R\u00e9duction de la Charge Administrative<\/strong> : Une prise en charge compl\u00e8te de la gestion des int\u00e9rimaires d\u00e9tach\u00e9s.<\/li>\n<\/ul>\n<hr \/>\n<h3>Opportunit\u00e9s pour les Pr\u00e9parateurs de Commandes Roumains<img decoding=\"async\" class=\"alignnone size-full wp-image-21797\" src=\"https:\/\/rapid-interim.com\/wp-content\/uploads\/2024\/11\/LOGISTIQUE_DE_DISTRIBUTION__2_.jpg\" alt=\"\" width=\"1900\" height=\"1268\" srcset=\"https:\/\/rapid-interim.com\/wp-content\/uploads\/2024\/11\/LOGISTIQUE_DE_DISTRIBUTION__2_.jpg 1900w, https:\/\/rapid-interim.com\/wp-content\/uploads\/2024\/11\/LOGISTIQUE_DE_DISTRIBUTION__2_-300x200.jpg 300w, https:\/\/rapid-interim.com\/wp-content\/uploads\/2024\/11\/LOGISTIQUE_DE_DISTRIBUTION__2_-1024x683.jpg 1024w, https:\/\/rapid-interim.com\/wp-content\/uploads\/2024\/11\/LOGISTIQUE_DE_DISTRIBUTION__2_-768x513.jpg 768w, https:\/\/rapid-interim.com\/wp-content\/uploads\/2024\/11\/LOGISTIQUE_DE_DISTRIBUTION__2_-1536x1025.jpg 1536w, https:\/\/rapid-interim.com\/wp-content\/uploads\/2024\/11\/LOGISTIQUE_DE_DISTRIBUTION__2_-600x400.jpg 600w\" sizes=\"(max-width: 1900px) 100vw, 1900px\" \/><\/h3>\n<p>Le travail en <a href=\"https:\/\/rapid-interim.com\/index.php\/2024\/12\/12\/le-futur-de-linterim-detache-en-europe\/\" data-internallinksmanager029f6b8e52c=\"32\" title=\"int\u00e9rim d\u00e9tach\u00e9\">int\u00e9rim d\u00e9tach\u00e9<\/a> leur offre plusieurs avantages :<\/p>\n<ul>\n<li><strong>Exp\u00e9rience Internationale<\/strong> : Enrichissement des comp\u00e9tences dans un environnement professionnel diversifi\u00e9.<\/li>\n<li><strong>Des <a href=\"https:\/\/rapid-interim.com\/index.php\/2025\/01\/22\/les-conditions-de-travail-des-interimaires-roumains-dans-le-secteur-de-la-logistique\/\" data-internallinksmanager029f6b8e52c=\"46\" title=\"conditions de travail\">Conditions de Travail<\/a> Respectueuses<\/strong> : Conformes aux standards europ\u00e9ens.<\/li>\n<li><strong>Acc\u00e8s \u00e0 des Formations<\/strong> : Pour perfectionner leur ma\u00eetrise des outils logistiques et technologiques.<\/li>\n<li><strong>Accompagnement Personnalis\u00e9<\/strong> : Un soutien pour une int\u00e9gration rapide et r\u00e9ussie.<\/li>\n<\/ul>\n<hr \/>\n<h3>Notre Processus de Recrutement<\/h3>\n<ol>\n<li><strong>Analyse de Vos Besoins<\/strong> : Identification des profils adapt\u00e9s \u00e0 vos exigences sp\u00e9cifiques.<\/li>\n<li><strong>S\u00e9lection Rigoureuse<\/strong> : Pr\u00e9sentation des meilleurs talents pour vos projets.<\/li>\n<li><strong>Gestion des Formalit\u00e9s<\/strong> : Organisation compl\u00e8te des d\u00e9marches administratives et l\u00e9gales.<\/li>\n<li><strong>Suivi des Missions<\/strong> : Assistance continue pour garantir la satisfaction des entreprises et des travailleurs.<\/li>\n<\/ol>\n<hr \/>\n<h3>Pourquoi Choisir Rapid Interim ?<\/h3>\n<p>Chez <strong>Rapid Interim<\/strong>, nous sommes sp\u00e9cialis\u00e9s dans le <a href=\"https:\/\/rapid-interim.com\/\" data-internallinksmanager029f6b8e52c=\"44\" title=\"Accueil - Agence d&#039;interim roumaine\">recrutement<\/a> et la <a href=\"https:\/\/rapid-interim.com\/\" data-internallinksmanager029f6b8e52c=\"44\" title=\"Accueil - Agence d&#039;interim roumaine\">mise \u00e0 disposition<\/a> de pr\u00e9parateurs de commandes roumains qualifi\u00e9s en <a href=\"https:\/\/rapid-interim.com\/index.php\/2024\/12\/12\/le-futur-de-linterim-detache-en-europe\/\" data-internallinksmanager029f6b8e52c=\"32\" title=\"int\u00e9rim d\u00e9tach\u00e9\">int\u00e9rim d\u00e9tach\u00e9<\/a>.<\/p>\n<h4>Nos Points Forts :<\/h4>\n<ul>\n<li><strong>Une Expertise Solide<\/strong> : Des ann\u00e9es d\u2019exp\u00e9rience dans le domaine de l\u2019int\u00e9rim et du d\u00e9tachement.<\/li>\n<li><strong>Un R\u00e9seau \u00c9tendu<\/strong> : Une base de candidats fiables et comp\u00e9tents.<\/li>\n<li><strong>Flexibilit\u00e9 et Rapidit\u00e9<\/strong> : Un service r\u00e9actif pour r\u00e9pondre \u00e0 vos besoins en temps r\u00e9el.<\/li>\n<li><strong>Accompagnement Global<\/strong> : Gestion compl\u00e8te, de la s\u00e9lection \u00e0 l\u2019int\u00e9gration.<\/li>\n<\/ul>\n<p><strong>Contactez-nous d\u00e8s maintenant \u00e0 <a rel=\"noopener\">info@rapid-interim.com<\/a> pour vos besoins en pr\u00e9parateurs de commandes.<\/strong><\/p>\n<p>Avec <strong>Rapid Interim<\/strong>, assurez-vous une solution performante et adapt\u00e9e pour vos op\u00e9rations logistiques gr\u00e2ce \u00e0 des professionnels d\u00e9vou\u00e9s et comp\u00e9tents.<\/p>\n","protected":false},"excerpt":{"rendered":"<p>Dans le domaine de la logistique et de la distribution, le r\u00f4le des pr\u00e9parateurs de commandes est fondamental. Ces professionnels veillent \u00e0 ce que chaque commande soit pr\u00e9par\u00e9e avec pr\u00e9cision et livr\u00e9e dans les d\u00e9lais impartis. Le recrutement de pr\u00e9parateurs de commandes roumains en int\u00e9rim d\u00e9tach\u00e9 offre une solution optimale pour r\u00e9pondre \u00e0 vos besoins [&hellip;]<\/p>\n","protected":false},"author":1,"featured_media":21795,"comment_status":"open","ping_status":"open","sticky":false,"template":"","format":"image","meta":{"_crdt_document":"","_jetpack_memberships_contains_paid_content":false,"footnotes":""},"categories":[1,133],"tags":[129,128,127,125,118,120,121,69,122,123,74,119,70,126,124],"class_list":["post-21794","post","type-post","status-publish","format-image","has-post-thumbnail","hentry","category-blog","category-distribution","tag-agence-de-recrutement-roumanie","tag-agence-interim-europeene","tag-agence-interim-travailleur-etranger","tag-detachement-roumain","tag-interim-detache","tag-interim-etranger","tag-interim-etranger-roumain","tag-interim-roumanie","tag-interimaire-etranger","tag-interimaires-roumains","tag-travail-detache","tag-travail-detache-roumain","tag-travailleur-roumain","tag-travailleur-temporaire-roumain","tag-travaillleur-detache-roumain","post_format-post-format-image","nd_cc_cpt_1_tax_1-distribution"],"yoast_head":"<!-- This site is optimized with the Yoast SEO plugin v27.5 - https:\/\/yoast.com\/product\/yoast-seo-wordpress\/ -->\n<title>Recrutement de Pr\u00e9parateurs de Commandes Roumains en Int\u00e9rim D\u00e9tach\u00e9 - rapid-interim<\/title>\n<meta name=\"robots\" content=\"index, follow, max-snippet:-1, max-image-preview:large, max-video-preview:-1\" \/>\n<link rel=\"canonical\" href=\"https:\/\/rapid-interim.com\/index.php\/2024\/11\/26\/recrutement-de-preparateurs-de-commandes-roumains-en-interim-detache\/\" \/>\n<meta property=\"og:locale\" content=\"fr_FR\" \/>\n<meta property=\"og:type\" content=\"article\" \/>\n<meta property=\"og:title\" content=\"Recrutement de Pr\u00e9parateurs de Commandes Roumains en Int\u00e9rim D\u00e9tach\u00e9 - rapid-interim\" \/>\n<meta property=\"og:description\" content=\"Dans le domaine de la logistique et de la distribution, le r\u00f4le des pr\u00e9parateurs de commandes est fondamental. Ces professionnels veillent \u00e0 ce que chaque commande soit pr\u00e9par\u00e9e avec pr\u00e9cision et livr\u00e9e dans les d\u00e9lais impartis. Le recrutement de pr\u00e9parateurs de commandes roumains en int\u00e9rim d\u00e9tach\u00e9 offre une solution optimale pour r\u00e9pondre \u00e0 vos besoins [&hellip;]\" \/>\n<meta property=\"og:url\" content=\"https:\/\/rapid-interim.com\/index.php\/2024\/11\/26\/recrutement-de-preparateurs-de-commandes-roumains-en-interim-detache\/\" \/>\n<meta property=\"og:site_name\" content=\"rapid-interim\" \/>\n<meta property=\"article:published_time\" content=\"2024-11-26T08:28:25+00:00\" \/>\n<meta property=\"og:image\" content=\"https:\/\/rapid-interim.com\/wp-content\/uploads\/2024\/11\/emploi-preparateur-commande-gers1-scaled-1.jpg\" \/>\n\t<meta property=\"og:image:width\" content=\"2560\" \/>\n\t<meta property=\"og:image:height\" content=\"1765\" \/>\n\t<meta property=\"og:image:type\" content=\"image\/jpeg\" \/>\n<meta name=\"author\" content=\"Marie Dubois\" \/>\n<meta name=\"twitter:card\" content=\"summary_large_image\" \/>\n<meta name=\"twitter:label1\" content=\"\u00c9crit par\" \/>\n\t<meta name=\"twitter:data1\" content=\"Marie Dubois\" \/>\n\t<meta name=\"twitter:label2\" content=\"Dur\u00e9e de lecture estim\u00e9e\" \/>\n\t<meta name=\"twitter:data2\" content=\"3 minutes\" \/>\n<script type=\"application\/ld+json\" class=\"yoast-schema-graph\">{\"@context\":\"https:\\\/\\\/schema.org\",\"@graph\":[{\"@type\":\"Article\",\"@id\":\"https:\\\/\\\/rapid-interim.com\\\/index.php\\\/2024\\\/11\\\/26\\\/recrutement-de-preparateurs-de-commandes-roumains-en-interim-detache\\\/#article\",\"isPartOf\":{\"@id\":\"https:\\\/\\\/rapid-interim.com\\\/index.php\\\/2024\\\/11\\\/26\\\/recrutement-de-preparateurs-de-commandes-roumains-en-interim-detache\\\/\"},\"author\":{\"name\":\"Marie Dubois\",\"@id\":\"https:\\\/\\\/rapid-interim.com\\\/#\\\/schema\\\/person\\\/c80cf67768e43267c59b9c4095fac056\"},\"headline\":\"Recrutement de Pr\u00e9parateurs de Commandes Roumains en Int\u00e9rim D\u00e9tach\u00e9\",\"datePublished\":\"2024-11-26T08:28:25+00:00\",\"mainEntityOfPage\":{\"@id\":\"https:\\\/\\\/rapid-interim.com\\\/index.php\\\/2024\\\/11\\\/26\\\/recrutement-de-preparateurs-de-commandes-roumains-en-interim-detache\\\/\"},\"wordCount\":642,\"commentCount\":0,\"publisher\":{\"@id\":\"https:\\\/\\\/rapid-interim.com\\\/#organization\"},\"image\":{\"@id\":\"https:\\\/\\\/rapid-interim.com\\\/index.php\\\/2024\\\/11\\\/26\\\/recrutement-de-preparateurs-de-commandes-roumains-en-interim-detache\\\/#primaryimage\"},\"thumbnailUrl\":\"https:\\\/\\\/rapid-interim.com\\\/wp-content\\\/uploads\\\/2024\\\/11\\\/emploi-preparateur-commande-gers1-scaled-1.jpg\",\"keywords\":[\"agence de recrutement roumanie\",\"agence interim europeene\",\"agence interim travailleur etranger\",\"detachement roumain\",\"interim d\u00e9tache\",\"interim etranger\",\"interim \u00e9tranger roumain\",\"INTERIM ROUMANIE\",\"interimaire etranger\",\"Interimaires roumains\",\"TRAVAIL DETACHE\",\"travail detache roumain\",\"TRAVAILLEUR ROUMAIN\",\"travailleur temporaire roumain\",\"travaillleur detache roumain\"],\"articleSection\":[\"Blog\",\"Distribution\"],\"inLanguage\":\"fr-FR\",\"potentialAction\":[{\"@type\":\"CommentAction\",\"name\":\"Comment\",\"target\":[\"https:\\\/\\\/rapid-interim.com\\\/index.php\\\/2024\\\/11\\\/26\\\/recrutement-de-preparateurs-de-commandes-roumains-en-interim-detache\\\/#respond\"]}]},{\"@type\":\"WebPage\",\"@id\":\"https:\\\/\\\/rapid-interim.com\\\/index.php\\\/2024\\\/11\\\/26\\\/recrutement-de-preparateurs-de-commandes-roumains-en-interim-detache\\\/\",\"url\":\"https:\\\/\\\/rapid-interim.com\\\/index.php\\\/2024\\\/11\\\/26\\\/recrutement-de-preparateurs-de-commandes-roumains-en-interim-detache\\\/\",\"name\":\"Recrutement de Pr\u00e9parateurs de Commandes Roumains en Int\u00e9rim D\u00e9tach\u00e9 - rapid-interim\",\"isPartOf\":{\"@id\":\"https:\\\/\\\/rapid-interim.com\\\/#website\"},\"primaryImageOfPage\":{\"@id\":\"https:\\\/\\\/rapid-interim.com\\\/index.php\\\/2024\\\/11\\\/26\\\/recrutement-de-preparateurs-de-commandes-roumains-en-interim-detache\\\/#primaryimage\"},\"image\":{\"@id\":\"https:\\\/\\\/rapid-interim.com\\\/index.php\\\/2024\\\/11\\\/26\\\/recrutement-de-preparateurs-de-commandes-roumains-en-interim-detache\\\/#primaryimage\"},\"thumbnailUrl\":\"https:\\\/\\\/rapid-interim.com\\\/wp-content\\\/uploads\\\/2024\\\/11\\\/emploi-preparateur-commande-gers1-scaled-1.jpg\",\"datePublished\":\"2024-11-26T08:28:25+00:00\",\"breadcrumb\":{\"@id\":\"https:\\\/\\\/rapid-interim.com\\\/index.php\\\/2024\\\/11\\\/26\\\/recrutement-de-preparateurs-de-commandes-roumains-en-interim-detache\\\/#breadcrumb\"},\"inLanguage\":\"fr-FR\",\"potentialAction\":[{\"@type\":\"ReadAction\",\"target\":[\"https:\\\/\\\/rapid-interim.com\\\/index.php\\\/2024\\\/11\\\/26\\\/recrutement-de-preparateurs-de-commandes-roumains-en-interim-detache\\\/\"]}]},{\"@type\":\"ImageObject\",\"inLanguage\":\"fr-FR\",\"@id\":\"https:\\\/\\\/rapid-interim.com\\\/index.php\\\/2024\\\/11\\\/26\\\/recrutement-de-preparateurs-de-commandes-roumains-en-interim-detache\\\/#primaryimage\",\"url\":\"https:\\\/\\\/rapid-interim.com\\\/wp-content\\\/uploads\\\/2024\\\/11\\\/emploi-preparateur-commande-gers1-scaled-1.jpg\",\"contentUrl\":\"https:\\\/\\\/rapid-interim.com\\\/wp-content\\\/uploads\\\/2024\\\/11\\\/emploi-preparateur-commande-gers1-scaled-1.jpg\",\"width\":2560,\"height\":1765},{\"@type\":\"BreadcrumbList\",\"@id\":\"https:\\\/\\\/rapid-interim.com\\\/index.php\\\/2024\\\/11\\\/26\\\/recrutement-de-preparateurs-de-commandes-roumains-en-interim-detache\\\/#breadcrumb\",\"itemListElement\":[{\"@type\":\"ListItem\",\"position\":1,\"name\":\"Accueil\",\"item\":\"https:\\\/\\\/rapid-interim.com\\\/\"},{\"@type\":\"ListItem\",\"position\":2,\"name\":\"Recrutement de Pr\u00e9parateurs de Commandes Roumains en Int\u00e9rim D\u00e9tach\u00e9\"}]},{\"@type\":\"WebSite\",\"@id\":\"https:\\\/\\\/rapid-interim.com\\\/#website\",\"url\":\"https:\\\/\\\/rapid-interim.com\\\/\",\"name\":\"rapid-interim\",\"description\":\"Interim et travail temporaire\",\"publisher\":{\"@id\":\"https:\\\/\\\/rapid-interim.com\\\/#organization\"},\"potentialAction\":[{\"@type\":\"SearchAction\",\"target\":{\"@type\":\"EntryPoint\",\"urlTemplate\":\"https:\\\/\\\/rapid-interim.com\\\/?s={search_term_string}\"},\"query-input\":{\"@type\":\"PropertyValueSpecification\",\"valueRequired\":true,\"valueName\":\"search_term_string\"}}],\"inLanguage\":\"fr-FR\"},{\"@type\":\"Organization\",\"@id\":\"https:\\\/\\\/rapid-interim.com\\\/#organization\",\"name\":\"rapid-interim\",\"url\":\"https:\\\/\\\/rapid-interim.com\\\/\",\"logo\":{\"@type\":\"ImageObject\",\"inLanguage\":\"fr-FR\",\"@id\":\"https:\\\/\\\/rapid-interim.com\\\/#\\\/schema\\\/logo\\\/image\\\/\",\"url\":\"https:\\\/\\\/rapid-interim.com\\\/wp-content\\\/uploads\\\/2022\\\/06\\\/cropped-rapid-inetrim.png\",\"contentUrl\":\"https:\\\/\\\/rapid-interim.com\\\/wp-content\\\/uploads\\\/2022\\\/06\\\/cropped-rapid-inetrim.png\",\"width\":314,\"height\":137,\"caption\":\"rapid-interim\"},\"image\":{\"@id\":\"https:\\\/\\\/rapid-interim.com\\\/#\\\/schema\\\/logo\\\/image\\\/\"}},{\"@type\":\"Person\",\"@id\":\"https:\\\/\\\/rapid-interim.com\\\/#\\\/schema\\\/person\\\/c80cf67768e43267c59b9c4095fac056\",\"name\":\"Marie Dubois\",\"image\":{\"@type\":\"ImageObject\",\"inLanguage\":\"fr-FR\",\"@id\":\"https:\\\/\\\/secure.gravatar.com\\\/avatar\\\/c5d9a389371c49a3eb3d5c05c1bdb9d2124cabb2c990e1eb227c370b66139bfe?s=96&d=mm&r=g\",\"url\":\"https:\\\/\\\/secure.gravatar.com\\\/avatar\\\/c5d9a389371c49a3eb3d5c05c1bdb9d2124cabb2c990e1eb227c370b66139bfe?s=96&d=mm&r=g\",\"contentUrl\":\"https:\\\/\\\/secure.gravatar.com\\\/avatar\\\/c5d9a389371c49a3eb3d5c05c1bdb9d2124cabb2c990e1eb227c370b66139bfe?s=96&d=mm&r=g\",\"caption\":\"Marie Dubois\"},\"sameAs\":[\"http:\\\/\\\/rapid-interim.com\"],\"url\":\"https:\\\/\\\/rapid-interim.com\\\/index.php\\\/author\\\/rapid-interim-com\\\/\"}]}<\/script>\n<!-- \/ Yoast SEO plugin. -->","yoast_head_json":{"title":"Recrutement de Pr\u00e9parateurs de Commandes Roumains en Int\u00e9rim D\u00e9tach\u00e9 - rapid-interim","robots":{"index":"index","follow":"follow","max-snippet":"max-snippet:-1","max-image-preview":"max-image-preview:large","max-video-preview":"max-video-preview:-1"},"canonical":"https:\/\/rapid-interim.com\/index.php\/2024\/11\/26\/recrutement-de-preparateurs-de-commandes-roumains-en-interim-detache\/","og_locale":"fr_FR","og_type":"article","og_title":"Recrutement de Pr\u00e9parateurs de Commandes Roumains en Int\u00e9rim D\u00e9tach\u00e9 - rapid-interim","og_description":"Dans le domaine de la logistique et de la distribution, le r\u00f4le des pr\u00e9parateurs de commandes est fondamental. Ces professionnels veillent \u00e0 ce que chaque commande soit pr\u00e9par\u00e9e avec pr\u00e9cision et livr\u00e9e dans les d\u00e9lais impartis. Le recrutement de pr\u00e9parateurs de commandes roumains en int\u00e9rim d\u00e9tach\u00e9 offre une solution optimale pour r\u00e9pondre \u00e0 vos besoins [&hellip;]","og_url":"https:\/\/rapid-interim.com\/index.php\/2024\/11\/26\/recrutement-de-preparateurs-de-commandes-roumains-en-interim-detache\/","og_site_name":"rapid-interim","article_published_time":"2024-11-26T08:28:25+00:00","og_image":[{"width":2560,"height":1765,"url":"https:\/\/rapid-interim.com\/wp-content\/uploads\/2024\/11\/emploi-preparateur-commande-gers1-scaled-1.jpg","type":"image\/jpeg"}],"author":"Marie Dubois","twitter_card":"summary_large_image","twitter_misc":{"\u00c9crit par":"Marie Dubois","Dur\u00e9e de lecture estim\u00e9e":"3 minutes"},"schema":{"@context":"https:\/\/schema.org","@graph":[{"@type":"Article","@id":"https:\/\/rapid-interim.com\/index.php\/2024\/11\/26\/recrutement-de-preparateurs-de-commandes-roumains-en-interim-detache\/#article","isPartOf":{"@id":"https:\/\/rapid-interim.com\/index.php\/2024\/11\/26\/recrutement-de-preparateurs-de-commandes-roumains-en-interim-detache\/"},"author":{"name":"Marie Dubois","@id":"https:\/\/rapid-interim.com\/#\/schema\/person\/c80cf67768e43267c59b9c4095fac056"},"headline":"Recrutement de Pr\u00e9parateurs de Commandes Roumains en Int\u00e9rim D\u00e9tach\u00e9","datePublished":"2024-11-26T08:28:25+00:00","mainEntityOfPage":{"@id":"https:\/\/rapid-interim.com\/index.php\/2024\/11\/26\/recrutement-de-preparateurs-de-commandes-roumains-en-interim-detache\/"},"wordCount":642,"commentCount":0,"publisher":{"@id":"https:\/\/rapid-interim.com\/#organization"},"image":{"@id":"https:\/\/rapid-interim.com\/index.php\/2024\/11\/26\/recrutement-de-preparateurs-de-commandes-roumains-en-interim-detache\/#primaryimage"},"thumbnailUrl":"https:\/\/rapid-interim.com\/wp-content\/uploads\/2024\/11\/emploi-preparateur-commande-gers1-scaled-1.jpg","keywords":["agence de recrutement roumanie","agence interim europeene","agence interim travailleur etranger","detachement roumain","interim d\u00e9tache","interim etranger","interim \u00e9tranger roumain","INTERIM ROUMANIE","interimaire etranger","Interimaires roumains","TRAVAIL DETACHE","travail detache roumain","TRAVAILLEUR ROUMAIN","travailleur temporaire roumain","travaillleur detache roumain"],"articleSection":["Blog","Distribution"],"inLanguage":"fr-FR","potentialAction":[{"@type":"CommentAction","name":"Comment","target":["https:\/\/rapid-interim.com\/index.php\/2024\/11\/26\/recrutement-de-preparateurs-de-commandes-roumains-en-interim-detache\/#respond"]}]},{"@type":"WebPage","@id":"https:\/\/rapid-interim.com\/index.php\/2024\/11\/26\/recrutement-de-preparateurs-de-commandes-roumains-en-interim-detache\/","url":"https:\/\/rapid-interim.com\/index.php\/2024\/11\/26\/recrutement-de-preparateurs-de-commandes-roumains-en-interim-detache\/","name":"Recrutement de Pr\u00e9parateurs de Commandes Roumains en Int\u00e9rim D\u00e9tach\u00e9 - rapid-interim","isPartOf":{"@id":"https:\/\/rapid-interim.com\/#website"},"primaryImageOfPage":{"@id":"https:\/\/rapid-interim.com\/index.php\/2024\/11\/26\/recrutement-de-preparateurs-de-commandes-roumains-en-interim-detache\/#primaryimage"},"image":{"@id":"https:\/\/rapid-interim.com\/index.php\/2024\/11\/26\/recrutement-de-preparateurs-de-commandes-roumains-en-interim-detache\/#primaryimage"},"thumbnailUrl":"https:\/\/rapid-interim.com\/wp-content\/uploads\/2024\/11\/emploi-preparateur-commande-gers1-scaled-1.jpg","datePublished":"2024-11-26T08:28:25+00:00","breadcrumb":{"@id":"https:\/\/rapid-interim.com\/index.php\/2024\/11\/26\/recrutement-de-preparateurs-de-commandes-roumains-en-interim-detache\/#breadcrumb"},"inLanguage":"fr-FR","potentialAction":[{"@type":"ReadAction","target":["https:\/\/rapid-interim.com\/index.php\/2024\/11\/26\/recrutement-de-preparateurs-de-commandes-roumains-en-interim-detache\/"]}]},{"@type":"ImageObject","inLanguage":"fr-FR","@id":"https:\/\/rapid-interim.com\/index.php\/2024\/11\/26\/recrutement-de-preparateurs-de-commandes-roumains-en-interim-detache\/#primaryimage","url":"https:\/\/rapid-interim.com\/wp-content\/uploads\/2024\/11\/emploi-preparateur-commande-gers1-scaled-1.jpg","contentUrl":"https:\/\/rapid-interim.com\/wp-content\/uploads\/2024\/11\/emploi-preparateur-commande-gers1-scaled-1.jpg","width":2560,"height":1765},{"@type":"BreadcrumbList","@id":"https:\/\/rapid-interim.com\/index.php\/2024\/11\/26\/recrutement-de-preparateurs-de-commandes-roumains-en-interim-detache\/#breadcrumb","itemListElement":[{"@type":"ListItem","position":1,"name":"Accueil","item":"https:\/\/rapid-interim.com\/"},{"@type":"ListItem","position":2,"name":"Recrutement de Pr\u00e9parateurs de Commandes Roumains en Int\u00e9rim D\u00e9tach\u00e9"}]},{"@type":"WebSite","@id":"https:\/\/rapid-interim.com\/#website","url":"https:\/\/rapid-interim.com\/","name":"rapid-interim","description":"Interim et travail temporaire","publisher":{"@id":"https:\/\/rapid-interim.com\/#organization"},"potentialAction":[{"@type":"SearchAction","target":{"@type":"EntryPoint","urlTemplate":"https:\/\/rapid-interim.com\/?s={search_term_string}"},"query-input":{"@type":"PropertyValueSpecification","valueRequired":true,"valueName":"search_term_string"}}],"inLanguage":"fr-FR"},{"@type":"Organization","@id":"https:\/\/rapid-interim.com\/#organization","name":"rapid-interim","url":"https:\/\/rapid-interim.com\/","logo":{"@type":"ImageObject","inLanguage":"fr-FR","@id":"https:\/\/rapid-interim.com\/#\/schema\/logo\/image\/","url":"https:\/\/rapid-interim.com\/wp-content\/uploads\/2022\/06\/cropped-rapid-inetrim.png","contentUrl":"https:\/\/rapid-interim.com\/wp-content\/uploads\/2022\/06\/cropped-rapid-inetrim.png","width":314,"height":137,"caption":"rapid-interim"},"image":{"@id":"https:\/\/rapid-interim.com\/#\/schema\/logo\/image\/"}},{"@type":"Person","@id":"https:\/\/rapid-interim.com\/#\/schema\/person\/c80cf67768e43267c59b9c4095fac056","name":"Marie Dubois","image":{"@type":"ImageObject","inLanguage":"fr-FR","@id":"https:\/\/secure.gravatar.com\/avatar\/c5d9a389371c49a3eb3d5c05c1bdb9d2124cabb2c990e1eb227c370b66139bfe?s=96&d=mm&r=g","url":"https:\/\/secure.gravatar.com\/avatar\/c5d9a389371c49a3eb3d5c05c1bdb9d2124cabb2c990e1eb227c370b66139bfe?s=96&d=mm&r=g","contentUrl":"https:\/\/secure.gravatar.com\/avatar\/c5d9a389371c49a3eb3d5c05c1bdb9d2124cabb2c990e1eb227c370b66139bfe?s=96&d=mm&r=g","caption":"Marie Dubois"},"sameAs":["http:\/\/rapid-interim.com"],"url":"https:\/\/rapid-interim.com\/index.php\/author\/rapid-interim-com\/"}]}},"jetpack_featured_media_url":"https:\/\/rapid-interim.com\/wp-content\/uploads\/2024\/11\/emploi-preparateur-commande-gers1-scaled-1.jpg","jetpack_sharing_enabled":true,"_links":{"self":[{"href":"https:\/\/rapid-interim.com\/index.php\/wp-json\/wp\/v2\/posts\/21794","targetHints":{"allow":["GET"]}}],"collection":[{"href":"https:\/\/rapid-interim.com\/index.php\/wp-json\/wp\/v2\/posts"}],"about":[{"href":"https:\/\/rapid-interim.com\/index.php\/wp-json\/wp\/v2\/types\/post"}],"author":[{"embeddable":true,"href":"https:\/\/rapid-interim.com\/index.php\/wp-json\/wp\/v2\/users\/1"}],"replies":[{"embeddable":true,"href":"https:\/\/rapid-interim.com\/index.php\/wp-json\/wp\/v2\/comments?post=21794"}],"version-history":[{"count":1,"href":"https:\/\/rapid-interim.com\/index.php\/wp-json\/wp\/v2\/posts\/21794\/revisions"}],"predecessor-version":[{"id":21799,"href":"https:\/\/rapid-interim.com\/index.php\/wp-json\/wp\/v2\/posts\/21794\/revisions\/21799"}],"wp:featuredmedia":[{"embeddable":true,"href":"https:\/\/rapid-interim.com\/index.php\/wp-json\/wp\/v2\/media\/21795"}],"wp:attachment":[{"href":"https:\/\/rapid-interim.com\/index.php\/wp-json\/wp\/v2\/media?parent=21794"}],"wp:term":[{"taxonomy":"category","embeddable":true,"href":"https:\/\/rapid-interim.com\/index.php\/wp-json\/wp\/v2\/categories?post=21794"},{"taxonomy":"post_tag","embeddable":true,"href":"https:\/\/rapid-interim.com\/index.php\/wp-json\/wp\/v2\/tags?post=21794"}],"curies":[{"name":"wp","href":"https:\/\/api.w.org\/{rel}","templated":true}]}}