{"id":21766,"date":"2024-11-11T11:38:05","date_gmt":"2024-11-11T10:38:05","guid":{"rendered":"https:\/\/rapid-interim.com\/?p=21766"},"modified":"2024-11-18T14:43:23","modified_gmt":"2024-11-18T13:43:23","slug":"recrutement-daides-soignants-roumains-en-interim-detache","status":"publish","type":"post","link":"https:\/\/rapid-interim.com\/index.php\/2024\/11\/11\/recrutement-daides-soignants-roumains-en-interim-detache\/","title":{"rendered":"Recrutement d\u2019Aides-Soignants Roumains en Int\u00e9rim D\u00e9tach\u00e9"},"content":{"rendered":"<div class=\"flex-1 overflow-hidden\">\n<div class=\"h-full\">\n<div class=\"react-scroll-to-bottom--css-feujv-79elbk h-full\">\n<div class=\"react-scroll-to-bottom--css-feujv-1n7m0yu\">\n<div class=\"flex flex-col text-sm md:pb-9\">\n<article class=\"w-full scroll-mb-[var(--thread-trailing-height,150px)] text-token-text-primary focus-visible:outline-2 focus-visible:outline-offset-[-4px]\" dir=\"auto\" data-testid=\"conversation-turn-37\" data-scroll-anchor=\"true\">\n<div class=\"m-auto text-base py-[18px] px-3 md:px-4 w-full md:px-5 lg:px-4 xl:px-5\">\n<div class=\"mx-auto flex flex-1 gap-4 text-base md:gap-5 lg:gap-6 md:max-w-3xl lg:max-w-[40rem] xl:max-w-[48rem]\">\n<div class=\"group\/conversation-turn relative flex w-full min-w-0 flex-col agent-turn\">\n<div class=\"flex-col gap-1 md:gap-3\">\n<div class=\"flex max-w-full flex-col flex-grow\">\n<div class=\"min-h-8 text-message flex w-full flex-col items-end gap-2 whitespace-normal break-words [.text-message+&amp;]:mt-5\" dir=\"auto\" data-message-author-role=\"assistant\" data-message-id=\"ade1ec7e-420c-4b50-a730-63de552c565d\" data-message-model-slug=\"gpt-4o\">\n<div class=\"flex w-full flex-col gap-1 empty:hidden first:pt-[3px]\">\n<div class=\"markdown prose w-full break-words dark:prose-invert dark\">\n<p><img fetchpriority=\"high\" decoding=\"async\" class=\"alignnone size-full wp-image-21767\" src=\"https:\/\/rapid-interim.com\/wp-content\/uploads\/2024\/11\/guide-aide-soignante-couv-min.jpeg\" alt=\"\" width=\"1920\" height=\"1270\" srcset=\"https:\/\/rapid-interim.com\/wp-content\/uploads\/2024\/11\/guide-aide-soignante-couv-min.jpeg 1920w, https:\/\/rapid-interim.com\/wp-content\/uploads\/2024\/11\/guide-aide-soignante-couv-min-300x198.jpeg 300w, https:\/\/rapid-interim.com\/wp-content\/uploads\/2024\/11\/guide-aide-soignante-couv-min-1024x677.jpeg 1024w, https:\/\/rapid-interim.com\/wp-content\/uploads\/2024\/11\/guide-aide-soignante-couv-min-768x508.jpeg 768w, https:\/\/rapid-interim.com\/wp-content\/uploads\/2024\/11\/guide-aide-soignante-couv-min-1536x1016.jpeg 1536w, https:\/\/rapid-interim.com\/wp-content\/uploads\/2024\/11\/guide-aide-soignante-couv-min-600x397.jpeg 600w\" sizes=\"(max-width: 1920px) 100vw, 1920px\" \/>Dans un contexte o\u00f9 les \u00e9tablissements de sant\u00e9 doivent faire face \u00e0 une demande croissante de soins et \u00e0 une p\u00e9nurie de <a href=\"https:\/\/rapid-interim.com\/\" data-internallinksmanager029f6b8e52c=\"43\" title=\"personnel qualifi\u00e9\">personnel qualifi\u00e9<\/a>, le <a href=\"https:\/\/rapid-interim.com\/\" data-internallinksmanager029f6b8e52c=\"44\" title=\"Accueil - Agence d&#039;interim roumaine\">recrutement<\/a> d\u2019aides-soignants roumains en <a href=\"https:\/\/rapid-interim.com\/index.php\/2024\/12\/12\/le-futur-de-linterim-detache-en-europe\/\" data-internallinksmanager029f6b8e52c=\"32\" title=\"int\u00e9rim d\u00e9tach\u00e9\">int\u00e9rim d\u00e9tach\u00e9<\/a> se r\u00e9v\u00e8le \u00eatre une solution strat\u00e9gique. Ces professionnels, dot\u00e9s de comp\u00e9tences solides et d\u2019un grand sens du d\u00e9vouement, jouent un r\u00f4le indispensable au sein des \u00e9quipes de sant\u00e9, assurant un accompagnement de qualit\u00e9 aupr\u00e8s des patients.<\/p>\n<hr \/>\n<h3>Le R\u00f4le des Aides-Soignants dans les Soins de Sant\u00e9<\/h3>\n<p>Les aides-soignants occupent une place essentielle dans le fonctionnement des structures m\u00e9dicales et sociales. Leurs principales missions incluent :<\/p>\n<ul>\n<li><strong>L\u2019accompagnement des patients<\/strong> : Aide \u00e0 la toilette, \u00e0 l\u2019habillage, \u00e0 la mobilit\u00e9 et \u00e0 l\u2019alimentation.<\/li>\n<li><strong>Le soutien psychologique<\/strong> : \u00c9coute active et bienveillance pour am\u00e9liorer le confort des patients.<\/li>\n<li><strong>La surveillance<\/strong> : Observation de l\u2019\u00e9tat g\u00e9n\u00e9ral des patients et remont\u00e9e des informations aux infirmiers ou m\u00e9decins.<\/li>\n<li><strong>La gestion de l\u2019environnement des soins<\/strong> : Entretien des espaces et \u00e9quipements pour garantir un cadre s\u00e9curis\u00e9 et hygi\u00e9nique.<\/li>\n<li><strong>L\u2019assistance technique<\/strong> : Participation aux soins sous la supervision des professionnels de sant\u00e9.<\/li>\n<\/ul>\n<p>Leur proximit\u00e9 avec les patients et leur r\u00f4le polyvalent en font des acteurs cl\u00e9s dans le processus de soin.<\/p>\n<hr \/>\n<h3>Pourquoi Faire Appel \u00e0 des Aides-Soignants Roumains en Int\u00e9rim D\u00e9tach\u00e9 ?<\/h3>\n<h4>1. <strong>Des Professionnels Bien Form\u00e9s<\/strong><\/h4>\n<p>En Roumanie, les aides-soignants b\u00e9n\u00e9ficient d\u2019une formation compl\u00e8te, combinant th\u00e9orie et stages pratiques. Ils sont pr\u00e9par\u00e9s \u00e0 intervenir dans divers contextes, des h\u00f4pitaux aux maisons de retraite, en passant par les soins \u00e0 domicile.<\/p>\n<h4>2. <strong>Adaptabilit\u00e9 et Comp\u00e9tences Linguistiques<\/strong><\/h4>\n<p>Beaucoup d\u2019aides-soignants roumains ma\u00eetrisent le fran\u00e7ais ou d\u2019autres langues europ\u00e9ennes, facilitant leur int\u00e9gration dans les \u00e9quipes et leur communication avec les patients.<\/p>\n<h4>3. <strong>Flexibilit\u00e9 et R\u00e9activit\u00e9<\/strong><\/h4>\n<p>Le recours \u00e0 des aides-soignants en <a href=\"https:\/\/rapid-interim.com\/index.php\/2024\/12\/12\/le-futur-de-linterim-detache-en-europe\/\" data-internallinksmanager029f6b8e52c=\"32\" title=\"int\u00e9rim d\u00e9tach\u00e9\">int\u00e9rim d\u00e9tach\u00e9<\/a> permet de combler rapidement les besoins temporaires :<\/p>\n<ul>\n<li>Renfort pendant les p\u00e9riodes de forte activit\u00e9.<\/li>\n<li>Remplacement du personnel absent.<\/li>\n<li>Missions sp\u00e9cifiques dans des zones sous-dot\u00e9es en professionnels de sant\u00e9.<\/li>\n<\/ul>\n<h4>4. <strong>Conformit\u00e9 Juridique et \u00c9conomique<\/strong><\/h4>\n<p>Les aides-soignants roumains en <a href=\"https:\/\/rapid-interim.com\/index.php\/2025\/02\/20\/travail-detache-en-france-impact-sur-leconomie-locale\/\" data-internallinksmanager029f6b8e52c=\"25\" title=\"Travail d\u00e9tach\u00e9\">travail d\u00e9tach\u00e9<\/a> sont recrut\u00e9s dans le respect des r\u00e9glementations europ\u00e9ennes, garantissant une transparence et une conformit\u00e9 l\u00e9gale. Ce mod\u00e8le permet \u00e9galement de r\u00e9duire les co\u00fbts li\u00e9s \u00e0 l\u2019embauche permanente.<\/p>\n<hr \/>\n<h3>Avantages pour les \u00c9tablissements de Sant\u00e9<\/h3>\n<h4><strong>Am\u00e9lioration de la Qualit\u00e9 des Soins<\/strong><\/h4>\n<p>L\u2019arriv\u00e9e d\u2019aides-soignants qualifi\u00e9s et motiv\u00e9s permet de maintenir un niveau \u00e9lev\u00e9 de prise en charge, m\u00eame en p\u00e9riode de tension.<\/p>\n<h4><strong>R\u00e9duction de la Charge de Travail<\/strong><\/h4>\n<p>En renfor\u00e7ant les \u00e9quipes locales, les aides-soignants roumains aident \u00e0 pr\u00e9venir le burn-out du personnel en poste.<\/p>\n<h4><strong>Gestion Optimis\u00e9e des Ressources Humaines<img decoding=\"async\" class=\"alignnone size-full wp-image-21768\" src=\"https:\/\/rapid-interim.com\/wp-content\/uploads\/2024\/11\/aides-soignants-referents-hopital-ehpad.png\" alt=\"\" width=\"800\" height=\"500\" srcset=\"https:\/\/rapid-interim.com\/wp-content\/uploads\/2024\/11\/aides-soignants-referents-hopital-ehpad.png 800w, https:\/\/rapid-interim.com\/wp-content\/uploads\/2024\/11\/aides-soignants-referents-hopital-ehpad-300x188.png 300w, https:\/\/rapid-interim.com\/wp-content\/uploads\/2024\/11\/aides-soignants-referents-hopital-ehpad-768x480.png 768w, https:\/\/rapid-interim.com\/wp-content\/uploads\/2024\/11\/aides-soignants-referents-hopital-ehpad-600x375.png 600w\" sizes=\"(max-width: 800px) 100vw, 800px\" \/><\/strong><\/h4>\n<p>Le recours \u00e0 l\u2019<a href=\"https:\/\/rapid-interim.com\/index.php\/2024\/12\/12\/le-futur-de-linterim-detache-en-europe\/\" data-internallinksmanager029f6b8e52c=\"32\" title=\"int\u00e9rim d\u00e9tach\u00e9\">int\u00e9rim d\u00e9tach\u00e9<\/a> offre une flexibilit\u00e9 dans la gestion des effectifs, s\u2019adaptant aux besoins sp\u00e9cifiques de chaque structure.<\/p>\n<h4><strong>Gain de Temps et Simplicit\u00e9<\/strong><\/h4>\n<p>Les agences sp\u00e9cialis\u00e9es prennent en charge les d\u00e9marches administratives et logistiques, permettant aux \u00e9tablissements de se concentrer sur leur mission principale.<\/p>\n<hr \/>\n<h3>Opportunit\u00e9s pour les Aides-Soignants Roumains<\/h3>\n<p>Pour les aides-soignants roumains, l\u2019<a href=\"https:\/\/rapid-interim.com\/index.php\/2024\/12\/12\/le-futur-de-linterim-detache-en-europe\/\" data-internallinksmanager029f6b8e52c=\"32\" title=\"int\u00e9rim d\u00e9tach\u00e9\">int\u00e9rim d\u00e9tach\u00e9<\/a> repr\u00e9sente une opportunit\u00e9 de :<\/p>\n<ul>\n<li><strong>Travailler dans des structures reconnues \u00e0 l\u2019international<\/strong>.<\/li>\n<li><strong>B\u00e9n\u00e9ficier de meilleures <a href=\"https:\/\/rapid-interim.com\/index.php\/2025\/01\/22\/les-conditions-de-travail-des-interimaires-roumains-dans-le-secteur-de-la-logistique\/\" data-internallinksmanager029f6b8e52c=\"46\" title=\"conditions de travail\">conditions de travail<\/a> et d\u2019une r\u00e9mun\u00e9ration attractive<\/strong>.<\/li>\n<li><strong>Acqu\u00e9rir une exp\u00e9rience internationale, enrichissant leur parcours professionnel<\/strong>.<\/li>\n<li><strong>D\u00e9couvrir de nouvelles cultures et syst\u00e8mes de sant\u00e9, avec un accompagnement \u00e0 chaque \u00e9tape de leur int\u00e9gration<\/strong>.<\/li>\n<\/ul>\n<hr \/>\n<h3>Processus de Recrutement<\/h3>\n<ol>\n<li><strong>\u00c9valuation des Besoins<\/strong><br \/>\nLes \u00e9tablissements d\u00e9finissent leurs attentes : nombre d\u2019aides-soignants, dur\u00e9e des missions, comp\u00e9tences sp\u00e9cifiques.<\/li>\n<li><strong>S\u00e9lection Rigoureuse<\/strong><br \/>\nLes candidats sont s\u00e9lectionn\u00e9s selon leurs qualifications, leur exp\u00e9rience et leur ma\u00eetrise des langues \u00e9trang\u00e8res.<\/li>\n<li><strong>Gestion des Formalit\u00e9s<\/strong><br \/>\nLes agences int\u00e9rimaires s\u2019occupent des autorisations de travail, des contrats et de la logistique (h\u00e9bergement, transport, etc.).<\/li>\n<li><strong>Int\u00e9gration et Suivi<\/strong><br \/>\nLes aides-soignants b\u00e9n\u00e9ficient d\u2019un accompagnement personnalis\u00e9 pour une int\u00e9gration r\u00e9ussie dans leur nouvel environnement de travail.<img decoding=\"async\" class=\"alignnone size-full wp-image-21769\" src=\"https:\/\/rapid-interim.com\/wp-content\/uploads\/2024\/11\/aides-soignantes.jpg\" alt=\"\" width=\"1200\" height=\"900\" srcset=\"https:\/\/rapid-interim.com\/wp-content\/uploads\/2024\/11\/aides-soignantes.jpg 1200w, https:\/\/rapid-interim.com\/wp-content\/uploads\/2024\/11\/aides-soignantes-300x225.jpg 300w, https:\/\/rapid-interim.com\/wp-content\/uploads\/2024\/11\/aides-soignantes-1024x768.jpg 1024w, https:\/\/rapid-interim.com\/wp-content\/uploads\/2024\/11\/aides-soignantes-768x576.jpg 768w, https:\/\/rapid-interim.com\/wp-content\/uploads\/2024\/11\/aides-soignantes-600x450.jpg 600w\" sizes=\"(max-width: 1200px) 100vw, 1200px\" \/><\/li>\n<\/ol>\n<hr \/>\n<h3>Pourquoi Choisir Rapid Interim pour le Recrutement ?<\/h3>\n<p>Chez <strong>Rapid\u00a0Interim<\/strong>, nous sommes sp\u00e9cialis\u00e9s dans le <a href=\"https:\/\/rapid-interim.com\/\" data-internallinksmanager029f6b8e52c=\"44\" title=\"Accueil - Agence d&#039;interim roumaine\">recrutement<\/a> d\u2019aides-soignants roumains en <a href=\"https:\/\/rapid-interim.com\/index.php\/2024\/12\/12\/le-futur-de-linterim-detache-en-europe\/\" data-internallinksmanager029f6b8e52c=\"32\" title=\"int\u00e9rim d\u00e9tach\u00e9\">int\u00e9rim d\u00e9tach\u00e9<\/a>. Notre expertise et notre r\u00e9seau nous permettent de r\u00e9pondre rapidement et efficacement aux besoins des \u00e9tablissements de sant\u00e9.<\/p>\n<h4>Nos Atouts :<\/h4>\n<ul>\n<li><strong>Une s\u00e9lection rigoureuse des professionnels de sant\u00e9<\/strong>.<\/li>\n<li><strong>Un accompagnement complet pour les employeurs et les travailleurs<\/strong>.<\/li>\n<li><strong>Une expertise reconnue dans le domaine du <a href=\"https:\/\/rapid-interim.com\/index.php\/2025\/02\/20\/travail-detache-en-france-impact-sur-leconomie-locale\/\" data-internallinksmanager029f6b8e52c=\"25\" title=\"Travail d\u00e9tach\u00e9\">travail d\u00e9tach\u00e9<\/a><\/strong>.<\/li>\n<li><strong>Une r\u00e9activit\u00e9 pour r\u00e9pondre aux urgences des structures de sant\u00e9<\/strong>.<\/li>\n<\/ul>\n<p><strong>Contactez-nous d\u00e8s aujourd\u2019hui \u00e0 <a rel=\"noopener\">info@rapid-interim.com<\/a> pour en savoir plus sur nos solutions adapt\u00e9es \u00e0 vos besoins.<\/strong><\/p>\n<p>Avec Rapid<strong>\u00a0Interim<\/strong>, vous avez l\u2019assurance de collaborer avec des professionnels comp\u00e9tents et engag\u00e9s, au service de la sant\u00e9 et du bien-\u00eatre des patients.<\/p>\n<\/div>\n<\/div>\n<\/div>\n<\/div>\n<\/div>\n<\/div>\n<\/div>\n<\/div>\n<\/article>\n<\/div>\n<\/div>\n<\/div>\n<\/div>\n<\/div>\n","protected":false},"excerpt":{"rendered":"<p>Dans un contexte o\u00f9 les \u00e9tablissements de sant\u00e9 doivent faire face \u00e0 une demande croissante de soins et \u00e0 une p\u00e9nurie de personnel qualifi\u00e9, le recrutement d\u2019aides-soignants roumains en int\u00e9rim d\u00e9tach\u00e9 se r\u00e9v\u00e8le \u00eatre une solution strat\u00e9gique. Ces professionnels, dot\u00e9s de comp\u00e9tences solides et d\u2019un grand sens du d\u00e9vouement, jouent un r\u00f4le indispensable au sein [&hellip;]<\/p>\n","protected":false},"author":1,"featured_media":21769,"comment_status":"open","ping_status":"open","sticky":false,"template":"","format":"image","meta":{"_crdt_document":"","_jetpack_memberships_contains_paid_content":false,"footnotes":""},"categories":[1,117],"tags":[129,128,127,125,118,120,121,69,122,123,74,119,70,126,124],"class_list":["post-21766","post","type-post","status-publish","format-image","has-post-thumbnail","hentry","category-blog","category-sante","tag-agence-de-recrutement-roumanie","tag-agence-interim-europeene","tag-agence-interim-travailleur-etranger","tag-detachement-roumain","tag-interim-detache","tag-interim-etranger","tag-interim-etranger-roumain","tag-interim-roumanie","tag-interimaire-etranger","tag-interimaires-roumains","tag-travail-detache","tag-travail-detache-roumain","tag-travailleur-roumain","tag-travailleur-temporaire-roumain","tag-travaillleur-detache-roumain","post_format-post-format-image","nd_cc_cpt_1_tax_1-sante"],"yoast_head":"<!-- This site is optimized with the Yoast SEO plugin v27.5 - https:\/\/yoast.com\/product\/yoast-seo-wordpress\/ -->\n<title>Recrutement d\u2019Aides-Soignants Roumains en Int\u00e9rim D\u00e9tach\u00e9 - rapid-interim<\/title>\n<meta name=\"robots\" content=\"index, follow, max-snippet:-1, max-image-preview:large, max-video-preview:-1\" \/>\n<link rel=\"canonical\" href=\"https:\/\/rapid-interim.com\/index.php\/2024\/11\/11\/recrutement-daides-soignants-roumains-en-interim-detache\/\" \/>\n<meta property=\"og:locale\" content=\"fr_FR\" \/>\n<meta property=\"og:type\" content=\"article\" \/>\n<meta property=\"og:title\" content=\"Recrutement d\u2019Aides-Soignants Roumains en Int\u00e9rim D\u00e9tach\u00e9 - rapid-interim\" \/>\n<meta property=\"og:description\" content=\"Dans un contexte o\u00f9 les \u00e9tablissements de sant\u00e9 doivent faire face \u00e0 une demande croissante de soins et \u00e0 une p\u00e9nurie de personnel qualifi\u00e9, le recrutement d\u2019aides-soignants roumains en int\u00e9rim d\u00e9tach\u00e9 se r\u00e9v\u00e8le \u00eatre une solution strat\u00e9gique. Ces professionnels, dot\u00e9s de comp\u00e9tences solides et d\u2019un grand sens du d\u00e9vouement, jouent un r\u00f4le indispensable au sein [&hellip;]\" \/>\n<meta property=\"og:url\" content=\"https:\/\/rapid-interim.com\/index.php\/2024\/11\/11\/recrutement-daides-soignants-roumains-en-interim-detache\/\" \/>\n<meta property=\"og:site_name\" content=\"rapid-interim\" \/>\n<meta property=\"article:published_time\" content=\"2024-11-11T10:38:05+00:00\" \/>\n<meta property=\"article:modified_time\" content=\"2024-11-18T13:43:23+00:00\" \/>\n<meta property=\"og:image\" content=\"https:\/\/rapid-interim.com\/wp-content\/uploads\/2024\/11\/aides-soignantes.jpg\" \/>\n\t<meta property=\"og:image:width\" content=\"1200\" \/>\n\t<meta property=\"og:image:height\" content=\"900\" \/>\n\t<meta property=\"og:image:type\" content=\"image\/jpeg\" \/>\n<meta name=\"author\" content=\"Marie Dubois\" \/>\n<meta name=\"twitter:card\" content=\"summary_large_image\" \/>\n<meta name=\"twitter:label1\" content=\"\u00c9crit par\" \/>\n\t<meta name=\"twitter:data1\" content=\"Marie Dubois\" \/>\n\t<meta name=\"twitter:label2\" content=\"Dur\u00e9e de lecture estim\u00e9e\" \/>\n\t<meta name=\"twitter:data2\" content=\"4 minutes\" \/>\n<script type=\"application\/ld+json\" class=\"yoast-schema-graph\">{\"@context\":\"https:\\\/\\\/schema.org\",\"@graph\":[{\"@type\":\"Article\",\"@id\":\"https:\\\/\\\/rapid-interim.com\\\/index.php\\\/2024\\\/11\\\/11\\\/recrutement-daides-soignants-roumains-en-interim-detache\\\/#article\",\"isPartOf\":{\"@id\":\"https:\\\/\\\/rapid-interim.com\\\/index.php\\\/2024\\\/11\\\/11\\\/recrutement-daides-soignants-roumains-en-interim-detache\\\/\"},\"author\":{\"name\":\"Marie Dubois\",\"@id\":\"https:\\\/\\\/rapid-interim.com\\\/#\\\/schema\\\/person\\\/c80cf67768e43267c59b9c4095fac056\"},\"headline\":\"Recrutement d\u2019Aides-Soignants Roumains en Int\u00e9rim D\u00e9tach\u00e9\",\"datePublished\":\"2024-11-11T10:38:05+00:00\",\"dateModified\":\"2024-11-18T13:43:23+00:00\",\"mainEntityOfPage\":{\"@id\":\"https:\\\/\\\/rapid-interim.com\\\/index.php\\\/2024\\\/11\\\/11\\\/recrutement-daides-soignants-roumains-en-interim-detache\\\/\"},\"wordCount\":823,\"commentCount\":0,\"publisher\":{\"@id\":\"https:\\\/\\\/rapid-interim.com\\\/#organization\"},\"image\":{\"@id\":\"https:\\\/\\\/rapid-interim.com\\\/index.php\\\/2024\\\/11\\\/11\\\/recrutement-daides-soignants-roumains-en-interim-detache\\\/#primaryimage\"},\"thumbnailUrl\":\"https:\\\/\\\/rapid-interim.com\\\/wp-content\\\/uploads\\\/2024\\\/11\\\/aides-soignantes.jpg\",\"keywords\":[\"agence de recrutement roumanie\",\"agence interim europeene\",\"agence interim travailleur etranger\",\"detachement roumain\",\"interim d\u00e9tache\",\"interim etranger\",\"interim \u00e9tranger roumain\",\"INTERIM ROUMANIE\",\"interimaire etranger\",\"Interimaires roumains\",\"TRAVAIL DETACHE\",\"travail detache roumain\",\"TRAVAILLEUR ROUMAIN\",\"travailleur temporaire roumain\",\"travaillleur detache roumain\"],\"articleSection\":[\"Blog\",\"Sant\u00e9\"],\"inLanguage\":\"fr-FR\",\"potentialAction\":[{\"@type\":\"CommentAction\",\"name\":\"Comment\",\"target\":[\"https:\\\/\\\/rapid-interim.com\\\/index.php\\\/2024\\\/11\\\/11\\\/recrutement-daides-soignants-roumains-en-interim-detache\\\/#respond\"]}]},{\"@type\":\"WebPage\",\"@id\":\"https:\\\/\\\/rapid-interim.com\\\/index.php\\\/2024\\\/11\\\/11\\\/recrutement-daides-soignants-roumains-en-interim-detache\\\/\",\"url\":\"https:\\\/\\\/rapid-interim.com\\\/index.php\\\/2024\\\/11\\\/11\\\/recrutement-daides-soignants-roumains-en-interim-detache\\\/\",\"name\":\"Recrutement d\u2019Aides-Soignants Roumains en Int\u00e9rim D\u00e9tach\u00e9 - rapid-interim\",\"isPartOf\":{\"@id\":\"https:\\\/\\\/rapid-interim.com\\\/#website\"},\"primaryImageOfPage\":{\"@id\":\"https:\\\/\\\/rapid-interim.com\\\/index.php\\\/2024\\\/11\\\/11\\\/recrutement-daides-soignants-roumains-en-interim-detache\\\/#primaryimage\"},\"image\":{\"@id\":\"https:\\\/\\\/rapid-interim.com\\\/index.php\\\/2024\\\/11\\\/11\\\/recrutement-daides-soignants-roumains-en-interim-detache\\\/#primaryimage\"},\"thumbnailUrl\":\"https:\\\/\\\/rapid-interim.com\\\/wp-content\\\/uploads\\\/2024\\\/11\\\/aides-soignantes.jpg\",\"datePublished\":\"2024-11-11T10:38:05+00:00\",\"dateModified\":\"2024-11-18T13:43:23+00:00\",\"breadcrumb\":{\"@id\":\"https:\\\/\\\/rapid-interim.com\\\/index.php\\\/2024\\\/11\\\/11\\\/recrutement-daides-soignants-roumains-en-interim-detache\\\/#breadcrumb\"},\"inLanguage\":\"fr-FR\",\"potentialAction\":[{\"@type\":\"ReadAction\",\"target\":[\"https:\\\/\\\/rapid-interim.com\\\/index.php\\\/2024\\\/11\\\/11\\\/recrutement-daides-soignants-roumains-en-interim-detache\\\/\"]}]},{\"@type\":\"ImageObject\",\"inLanguage\":\"fr-FR\",\"@id\":\"https:\\\/\\\/rapid-interim.com\\\/index.php\\\/2024\\\/11\\\/11\\\/recrutement-daides-soignants-roumains-en-interim-detache\\\/#primaryimage\",\"url\":\"https:\\\/\\\/rapid-interim.com\\\/wp-content\\\/uploads\\\/2024\\\/11\\\/aides-soignantes.jpg\",\"contentUrl\":\"https:\\\/\\\/rapid-interim.com\\\/wp-content\\\/uploads\\\/2024\\\/11\\\/aides-soignantes.jpg\",\"width\":1200,\"height\":900},{\"@type\":\"BreadcrumbList\",\"@id\":\"https:\\\/\\\/rapid-interim.com\\\/index.php\\\/2024\\\/11\\\/11\\\/recrutement-daides-soignants-roumains-en-interim-detache\\\/#breadcrumb\",\"itemListElement\":[{\"@type\":\"ListItem\",\"position\":1,\"name\":\"Accueil\",\"item\":\"https:\\\/\\\/rapid-interim.com\\\/\"},{\"@type\":\"ListItem\",\"position\":2,\"name\":\"Recrutement d\u2019Aides-Soignants Roumains en Int\u00e9rim D\u00e9tach\u00e9\"}]},{\"@type\":\"WebSite\",\"@id\":\"https:\\\/\\\/rapid-interim.com\\\/#website\",\"url\":\"https:\\\/\\\/rapid-interim.com\\\/\",\"name\":\"rapid-interim\",\"description\":\"Interim et travail temporaire\",\"publisher\":{\"@id\":\"https:\\\/\\\/rapid-interim.com\\\/#organization\"},\"potentialAction\":[{\"@type\":\"SearchAction\",\"target\":{\"@type\":\"EntryPoint\",\"urlTemplate\":\"https:\\\/\\\/rapid-interim.com\\\/?s={search_term_string}\"},\"query-input\":{\"@type\":\"PropertyValueSpecification\",\"valueRequired\":true,\"valueName\":\"search_term_string\"}}],\"inLanguage\":\"fr-FR\"},{\"@type\":\"Organization\",\"@id\":\"https:\\\/\\\/rapid-interim.com\\\/#organization\",\"name\":\"rapid-interim\",\"url\":\"https:\\\/\\\/rapid-interim.com\\\/\",\"logo\":{\"@type\":\"ImageObject\",\"inLanguage\":\"fr-FR\",\"@id\":\"https:\\\/\\\/rapid-interim.com\\\/#\\\/schema\\\/logo\\\/image\\\/\",\"url\":\"https:\\\/\\\/rapid-interim.com\\\/wp-content\\\/uploads\\\/2022\\\/06\\\/cropped-rapid-inetrim.png\",\"contentUrl\":\"https:\\\/\\\/rapid-interim.com\\\/wp-content\\\/uploads\\\/2022\\\/06\\\/cropped-rapid-inetrim.png\",\"width\":314,\"height\":137,\"caption\":\"rapid-interim\"},\"image\":{\"@id\":\"https:\\\/\\\/rapid-interim.com\\\/#\\\/schema\\\/logo\\\/image\\\/\"}},{\"@type\":\"Person\",\"@id\":\"https:\\\/\\\/rapid-interim.com\\\/#\\\/schema\\\/person\\\/c80cf67768e43267c59b9c4095fac056\",\"name\":\"Marie Dubois\",\"image\":{\"@type\":\"ImageObject\",\"inLanguage\":\"fr-FR\",\"@id\":\"https:\\\/\\\/secure.gravatar.com\\\/avatar\\\/c5d9a389371c49a3eb3d5c05c1bdb9d2124cabb2c990e1eb227c370b66139bfe?s=96&d=mm&r=g\",\"url\":\"https:\\\/\\\/secure.gravatar.com\\\/avatar\\\/c5d9a389371c49a3eb3d5c05c1bdb9d2124cabb2c990e1eb227c370b66139bfe?s=96&d=mm&r=g\",\"contentUrl\":\"https:\\\/\\\/secure.gravatar.com\\\/avatar\\\/c5d9a389371c49a3eb3d5c05c1bdb9d2124cabb2c990e1eb227c370b66139bfe?s=96&d=mm&r=g\",\"caption\":\"Marie Dubois\"},\"sameAs\":[\"http:\\\/\\\/rapid-interim.com\"],\"url\":\"https:\\\/\\\/rapid-interim.com\\\/index.php\\\/author\\\/rapid-interim-com\\\/\"}]}<\/script>\n<!-- \/ Yoast SEO plugin. -->","yoast_head_json":{"title":"Recrutement d\u2019Aides-Soignants Roumains en Int\u00e9rim D\u00e9tach\u00e9 - rapid-interim","robots":{"index":"index","follow":"follow","max-snippet":"max-snippet:-1","max-image-preview":"max-image-preview:large","max-video-preview":"max-video-preview:-1"},"canonical":"https:\/\/rapid-interim.com\/index.php\/2024\/11\/11\/recrutement-daides-soignants-roumains-en-interim-detache\/","og_locale":"fr_FR","og_type":"article","og_title":"Recrutement d\u2019Aides-Soignants Roumains en Int\u00e9rim D\u00e9tach\u00e9 - rapid-interim","og_description":"Dans un contexte o\u00f9 les \u00e9tablissements de sant\u00e9 doivent faire face \u00e0 une demande croissante de soins et \u00e0 une p\u00e9nurie de personnel qualifi\u00e9, le recrutement d\u2019aides-soignants roumains en int\u00e9rim d\u00e9tach\u00e9 se r\u00e9v\u00e8le \u00eatre une solution strat\u00e9gique. Ces professionnels, dot\u00e9s de comp\u00e9tences solides et d\u2019un grand sens du d\u00e9vouement, jouent un r\u00f4le indispensable au sein [&hellip;]","og_url":"https:\/\/rapid-interim.com\/index.php\/2024\/11\/11\/recrutement-daides-soignants-roumains-en-interim-detache\/","og_site_name":"rapid-interim","article_published_time":"2024-11-11T10:38:05+00:00","article_modified_time":"2024-11-18T13:43:23+00:00","og_image":[{"width":1200,"height":900,"url":"https:\/\/rapid-interim.com\/wp-content\/uploads\/2024\/11\/aides-soignantes.jpg","type":"image\/jpeg"}],"author":"Marie Dubois","twitter_card":"summary_large_image","twitter_misc":{"\u00c9crit par":"Marie Dubois","Dur\u00e9e de lecture estim\u00e9e":"4 minutes"},"schema":{"@context":"https:\/\/schema.org","@graph":[{"@type":"Article","@id":"https:\/\/rapid-interim.com\/index.php\/2024\/11\/11\/recrutement-daides-soignants-roumains-en-interim-detache\/#article","isPartOf":{"@id":"https:\/\/rapid-interim.com\/index.php\/2024\/11\/11\/recrutement-daides-soignants-roumains-en-interim-detache\/"},"author":{"name":"Marie Dubois","@id":"https:\/\/rapid-interim.com\/#\/schema\/person\/c80cf67768e43267c59b9c4095fac056"},"headline":"Recrutement d\u2019Aides-Soignants Roumains en Int\u00e9rim D\u00e9tach\u00e9","datePublished":"2024-11-11T10:38:05+00:00","dateModified":"2024-11-18T13:43:23+00:00","mainEntityOfPage":{"@id":"https:\/\/rapid-interim.com\/index.php\/2024\/11\/11\/recrutement-daides-soignants-roumains-en-interim-detache\/"},"wordCount":823,"commentCount":0,"publisher":{"@id":"https:\/\/rapid-interim.com\/#organization"},"image":{"@id":"https:\/\/rapid-interim.com\/index.php\/2024\/11\/11\/recrutement-daides-soignants-roumains-en-interim-detache\/#primaryimage"},"thumbnailUrl":"https:\/\/rapid-interim.com\/wp-content\/uploads\/2024\/11\/aides-soignantes.jpg","keywords":["agence de recrutement roumanie","agence interim europeene","agence interim travailleur etranger","detachement roumain","interim d\u00e9tache","interim etranger","interim \u00e9tranger roumain","INTERIM ROUMANIE","interimaire etranger","Interimaires roumains","TRAVAIL DETACHE","travail detache roumain","TRAVAILLEUR ROUMAIN","travailleur temporaire roumain","travaillleur detache roumain"],"articleSection":["Blog","Sant\u00e9"],"inLanguage":"fr-FR","potentialAction":[{"@type":"CommentAction","name":"Comment","target":["https:\/\/rapid-interim.com\/index.php\/2024\/11\/11\/recrutement-daides-soignants-roumains-en-interim-detache\/#respond"]}]},{"@type":"WebPage","@id":"https:\/\/rapid-interim.com\/index.php\/2024\/11\/11\/recrutement-daides-soignants-roumains-en-interim-detache\/","url":"https:\/\/rapid-interim.com\/index.php\/2024\/11\/11\/recrutement-daides-soignants-roumains-en-interim-detache\/","name":"Recrutement d\u2019Aides-Soignants Roumains en Int\u00e9rim D\u00e9tach\u00e9 - rapid-interim","isPartOf":{"@id":"https:\/\/rapid-interim.com\/#website"},"primaryImageOfPage":{"@id":"https:\/\/rapid-interim.com\/index.php\/2024\/11\/11\/recrutement-daides-soignants-roumains-en-interim-detache\/#primaryimage"},"image":{"@id":"https:\/\/rapid-interim.com\/index.php\/2024\/11\/11\/recrutement-daides-soignants-roumains-en-interim-detache\/#primaryimage"},"thumbnailUrl":"https:\/\/rapid-interim.com\/wp-content\/uploads\/2024\/11\/aides-soignantes.jpg","datePublished":"2024-11-11T10:38:05+00:00","dateModified":"2024-11-18T13:43:23+00:00","breadcrumb":{"@id":"https:\/\/rapid-interim.com\/index.php\/2024\/11\/11\/recrutement-daides-soignants-roumains-en-interim-detache\/#breadcrumb"},"inLanguage":"fr-FR","potentialAction":[{"@type":"ReadAction","target":["https:\/\/rapid-interim.com\/index.php\/2024\/11\/11\/recrutement-daides-soignants-roumains-en-interim-detache\/"]}]},{"@type":"ImageObject","inLanguage":"fr-FR","@id":"https:\/\/rapid-interim.com\/index.php\/2024\/11\/11\/recrutement-daides-soignants-roumains-en-interim-detache\/#primaryimage","url":"https:\/\/rapid-interim.com\/wp-content\/uploads\/2024\/11\/aides-soignantes.jpg","contentUrl":"https:\/\/rapid-interim.com\/wp-content\/uploads\/2024\/11\/aides-soignantes.jpg","width":1200,"height":900},{"@type":"BreadcrumbList","@id":"https:\/\/rapid-interim.com\/index.php\/2024\/11\/11\/recrutement-daides-soignants-roumains-en-interim-detache\/#breadcrumb","itemListElement":[{"@type":"ListItem","position":1,"name":"Accueil","item":"https:\/\/rapid-interim.com\/"},{"@type":"ListItem","position":2,"name":"Recrutement d\u2019Aides-Soignants Roumains en Int\u00e9rim D\u00e9tach\u00e9"}]},{"@type":"WebSite","@id":"https:\/\/rapid-interim.com\/#website","url":"https:\/\/rapid-interim.com\/","name":"rapid-interim","description":"Interim et travail temporaire","publisher":{"@id":"https:\/\/rapid-interim.com\/#organization"},"potentialAction":[{"@type":"SearchAction","target":{"@type":"EntryPoint","urlTemplate":"https:\/\/rapid-interim.com\/?s={search_term_string}"},"query-input":{"@type":"PropertyValueSpecification","valueRequired":true,"valueName":"search_term_string"}}],"inLanguage":"fr-FR"},{"@type":"Organization","@id":"https:\/\/rapid-interim.com\/#organization","name":"rapid-interim","url":"https:\/\/rapid-interim.com\/","logo":{"@type":"ImageObject","inLanguage":"fr-FR","@id":"https:\/\/rapid-interim.com\/#\/schema\/logo\/image\/","url":"https:\/\/rapid-interim.com\/wp-content\/uploads\/2022\/06\/cropped-rapid-inetrim.png","contentUrl":"https:\/\/rapid-interim.com\/wp-content\/uploads\/2022\/06\/cropped-rapid-inetrim.png","width":314,"height":137,"caption":"rapid-interim"},"image":{"@id":"https:\/\/rapid-interim.com\/#\/schema\/logo\/image\/"}},{"@type":"Person","@id":"https:\/\/rapid-interim.com\/#\/schema\/person\/c80cf67768e43267c59b9c4095fac056","name":"Marie Dubois","image":{"@type":"ImageObject","inLanguage":"fr-FR","@id":"https:\/\/secure.gravatar.com\/avatar\/c5d9a389371c49a3eb3d5c05c1bdb9d2124cabb2c990e1eb227c370b66139bfe?s=96&d=mm&r=g","url":"https:\/\/secure.gravatar.com\/avatar\/c5d9a389371c49a3eb3d5c05c1bdb9d2124cabb2c990e1eb227c370b66139bfe?s=96&d=mm&r=g","contentUrl":"https:\/\/secure.gravatar.com\/avatar\/c5d9a389371c49a3eb3d5c05c1bdb9d2124cabb2c990e1eb227c370b66139bfe?s=96&d=mm&r=g","caption":"Marie Dubois"},"sameAs":["http:\/\/rapid-interim.com"],"url":"https:\/\/rapid-interim.com\/index.php\/author\/rapid-interim-com\/"}]}},"jetpack_featured_media_url":"https:\/\/rapid-interim.com\/wp-content\/uploads\/2024\/11\/aides-soignantes.jpg","jetpack_sharing_enabled":true,"_links":{"self":[{"href":"https:\/\/rapid-interim.com\/index.php\/wp-json\/wp\/v2\/posts\/21766","targetHints":{"allow":["GET"]}}],"collection":[{"href":"https:\/\/rapid-interim.com\/index.php\/wp-json\/wp\/v2\/posts"}],"about":[{"href":"https:\/\/rapid-interim.com\/index.php\/wp-json\/wp\/v2\/types\/post"}],"author":[{"embeddable":true,"href":"https:\/\/rapid-interim.com\/index.php\/wp-json\/wp\/v2\/users\/1"}],"replies":[{"embeddable":true,"href":"https:\/\/rapid-interim.com\/index.php\/wp-json\/wp\/v2\/comments?post=21766"}],"version-history":[{"count":1,"href":"https:\/\/rapid-interim.com\/index.php\/wp-json\/wp\/v2\/posts\/21766\/revisions"}],"predecessor-version":[{"id":21770,"href":"https:\/\/rapid-interim.com\/index.php\/wp-json\/wp\/v2\/posts\/21766\/revisions\/21770"}],"wp:featuredmedia":[{"embeddable":true,"href":"https:\/\/rapid-interim.com\/index.php\/wp-json\/wp\/v2\/media\/21769"}],"wp:attachment":[{"href":"https:\/\/rapid-interim.com\/index.php\/wp-json\/wp\/v2\/media?parent=21766"}],"wp:term":[{"taxonomy":"category","embeddable":true,"href":"https:\/\/rapid-interim.com\/index.php\/wp-json\/wp\/v2\/categories?post=21766"},{"taxonomy":"post_tag","embeddable":true,"href":"https:\/\/rapid-interim.com\/index.php\/wp-json\/wp\/v2\/tags?post=21766"}],"curies":[{"name":"wp","href":"https:\/\/api.w.org\/{rel}","templated":true}]}}