{"id":21539,"date":"2024-07-12T18:11:03","date_gmt":"2024-07-12T16:11:03","guid":{"rendered":"https:\/\/rapid-interim.com\/?p=21539"},"modified":"2024-07-12T18:39:32","modified_gmt":"2024-07-12T16:39:32","slug":"linterim-en-roumanie-une-voie-vers-la-polyvalence-professionnelle","status":"publish","type":"post","link":"https:\/\/rapid-interim.com\/index.php\/2024\/07\/12\/linterim-en-roumanie-une-voie-vers-la-polyvalence-professionnelle\/","title":{"rendered":"L&rsquo;Int\u00e9rim en Roumanie : Une Voie Vers la Polyvalence Professionnelle"},"content":{"rendered":"<p>L&rsquo;int\u00e9rim en Roumanie permet aux <a href=\"https:\/\/rapid-interim.com\/index.php\/2025\/02\/24\/reglementation-europeenne-et-detachement-des-travailleurs-roumains\/\" data-internallinksmanager029f6b8e52c=\"28\" title=\"Travailleurs roumains\">travailleurs roumains<\/a> et \u00e9trangers d&rsquo;acqu\u00e9rir une polyvalence professionnelle gr\u00e2ce \u00e0 la diversit\u00e9 des missions propos\u00e9es. Chaque exp\u00e9rience int\u00e9rimaire est une occasion d&rsquo;apprendre de nouvelles comp\u00e9tences et de s&rsquo;adapter \u00e0 diff\u00e9rents environnements de travail.<\/p>\n<h3>Le Cadre de l&rsquo;Int\u00e9rim en Roumanie<\/h3>\n<p>Les <a href=\"https:\/\/rapid-interim.com\/\" data-internallinksmanager029f6b8e52c=\"47\" title=\"agences d\u2019int\u00e9rim\">agences d&rsquo;int\u00e9rim<\/a> en Roumanie jouent un r\u00f4le crucial en facilitant la mise en relation entre les travailleurs et les employeurs. Elles s&rsquo;assurent que les missions propos\u00e9es correspondent aux comp\u00e9tences et aux aspirations des int\u00e9rimaires, tout en respectant les r\u00e9glementations en vigueur.<\/p>\n<h3>Secteurs Cl\u00e9s<\/h3>\n<p>Les principaux secteurs offrant des missions int\u00e9rimaires en Roumanie incluent :<\/p>\n<ul>\n<li><strong>La construction<\/strong> : Projets de d\u00e9veloppement urbain et d&rsquo;infrastructure.<\/li>\n<li><strong>L&rsquo;industrie manufacturi\u00e8re<\/strong> : Production de biens et composants.<\/li>\n<li><strong>Les services<\/strong> : Secteur tertiaire, incluant l&rsquo;administration et la logistique.<\/li>\n<\/ul>\n<h3>Avantages et D\u00e9fis<\/h3>\n<p><strong>Avantages :<\/strong><\/p>\n<ul>\n<li><strong>Polyvalence<\/strong> : Travailler dans divers secteurs permet d&rsquo;acqu\u00e9rir une large gamme de comp\u00e9tences.<\/li>\n<li><strong>Adaptabilit\u00e9<\/strong> : Les missions temporaires n\u00e9cessitent une capacit\u00e9 d&rsquo;adaptation rapide \u00e0 de nouveaux environnements de travail.<\/li>\n<li><strong>Exp\u00e9rience professionnelle<\/strong> : Chaque mission enrichit le parcours professionnel et augmente l&#8217;employabilit\u00e9.<\/li>\n<\/ul>\n<p><strong>D\u00e9fis :<\/strong><\/p>\n<ul>\n<li><strong>S\u00e9curit\u00e9 de l&#8217;emploi<\/strong> : L&rsquo;int\u00e9rim peut offrir moins de stabilit\u00e9 compar\u00e9 \u00e0 un emploi permanent.<\/li>\n<li><strong><a href=\"https:\/\/rapid-interim.com\/index.php\/2025\/01\/22\/les-conditions-de-travail-des-interimaires-roumains-dans-le-secteur-de-la-logistique\/\" data-internallinksmanager029f6b8e52c=\"46\" title=\"conditions de travail\">Conditions de travail<\/a><\/strong> : Les missions peuvent varier en termes de <a href=\"https:\/\/rapid-interim.com\/index.php\/2025\/01\/22\/les-conditions-de-travail-des-interimaires-roumains-dans-le-secteur-de-la-logistique\/\" data-internallinksmanager029f6b8e52c=\"46\" title=\"conditions de travail\">conditions de travail<\/a> et de r\u00e9mun\u00e9ration.<\/li>\n<\/ul>\n<h3>T\u00e9moignage<\/h3>\n<p>Adrian, un <a href=\"https:\/\/rapid-interim.com\/index.php\/2024\/12\/07\/travailleur-roumain-en-europe-droits-et-protections\/\" data-internallinksmanager029f6b8e52c=\"31\" title=\"travailleur roumain\">travailleur roumain<\/a> en int\u00e9rim, partage son exp\u00e9rience : \u00ab\u00a0L&rsquo;int\u00e9rim m&rsquo;a permis de travailler dans plusieurs secteurs et de d\u00e9velopper une polyvalence qui est tr\u00e8s appr\u00e9ci\u00e9e par les employeurs.\u00a0\u00bb<\/p>\n<h3>Impact \u00c9conomique et Social<\/h3>\n<p>L&rsquo;int\u00e9rim contribue de mani\u00e8re significative \u00e0 l&rsquo;\u00e9conomie roumaine en offrant une solution flexible pour les besoins en main-d&rsquo;\u0153uvre des entreprises. Il est toutefois important de s&rsquo;assurer que les <a href=\"https:\/\/rapid-interim.com\/index.php\/2025\/02\/18\/travailleurs-interimaires-roumains-dans-lindustrie-laitiere-une-reponse-aux-besoins-en-main-doeuvre-qualifiee\/\" data-internallinksmanager029f6b8e52c=\"49\" title=\"Int\u00e9rimaires roumains : un atout pour l\u2019industrie laiti\u00e8re\">travailleurs int\u00e9rimaires<\/a> b\u00e9n\u00e9ficient de <a href=\"https:\/\/rapid-interim.com\/index.php\/2025\/01\/22\/les-conditions-de-travail-des-interimaires-roumains-dans-le-secteur-de-la-logistique\/\" data-internallinksmanager029f6b8e52c=\"46\" title=\"conditions de travail\">conditions de travail<\/a> \u00e9quitables et de perspectives de d\u00e9veloppement professionnel.<\/p>\n<h3>Conclusion<\/h3>\n<p>L&rsquo;int\u00e9rim en Roumanie offre une voie vers la polyvalence professionnelle, permettant aux travailleurs d&rsquo;acqu\u00e9rir de nouvelles comp\u00e9tences et de s&rsquo;adapter \u00e0 divers environnements de travail. Pour maximiser les b\u00e9n\u00e9fices de l&rsquo;int\u00e9rim, il est crucial de continuer \u00e0 am\u00e9liorer les <a href=\"https:\/\/rapid-interim.com\/index.php\/2025\/01\/22\/les-conditions-de-travail-des-interimaires-roumains-dans-le-secteur-de-la-logistique\/\" data-internallinksmanager029f6b8e52c=\"46\" title=\"conditions de travail\">conditions de travail<\/a> et de garantir des opportunit\u00e9s de d\u00e9veloppement professionnel.<\/p>\n","protected":false},"excerpt":{"rendered":"<p>L&rsquo;int\u00e9rim en Roumanie permet aux travailleurs roumains et \u00e9trangers d&rsquo;acqu\u00e9rir une polyvalence professionnelle gr\u00e2ce \u00e0 la diversit\u00e9 des missions propos\u00e9es. Chaque exp\u00e9rience int\u00e9rimaire est une occasion d&rsquo;apprendre de nouvelles comp\u00e9tences et de s&rsquo;adapter \u00e0 diff\u00e9rents environnements de travail. Le Cadre de l&rsquo;Int\u00e9rim en Roumanie Les agences d&rsquo;int\u00e9rim en Roumanie jouent un r\u00f4le crucial en facilitant [&hellip;]<\/p>\n","protected":false},"author":1,"featured_media":21540,"comment_status":"open","ping_status":"open","sticky":false,"template":"","format":"standard","meta":{"_crdt_document":"","_jetpack_memberships_contains_paid_content":false,"footnotes":""},"categories":[1],"tags":[],"class_list":["post-21539","post","type-post","status-publish","format-standard","has-post-thumbnail","hentry","category-blog","nd_cc_cpt_1_tax_1-construction","nd_cc_cpt_1_tax_1-distribution"],"yoast_head":"<!-- This site is optimized with the Yoast SEO plugin v27.5 - https:\/\/yoast.com\/product\/yoast-seo-wordpress\/ -->\n<title>L&#039;Int\u00e9rim en Roumanie : Une Voie Vers la Polyvalence Professionnelle - rapid-interim<\/title>\n<meta name=\"robots\" content=\"index, follow, max-snippet:-1, max-image-preview:large, max-video-preview:-1\" \/>\n<link rel=\"canonical\" href=\"https:\/\/rapid-interim.com\/index.php\/2024\/07\/12\/linterim-en-roumanie-une-voie-vers-la-polyvalence-professionnelle\/\" \/>\n<meta property=\"og:locale\" content=\"fr_FR\" \/>\n<meta property=\"og:type\" content=\"article\" \/>\n<meta property=\"og:title\" content=\"L&#039;Int\u00e9rim en Roumanie : Une Voie Vers la Polyvalence Professionnelle - rapid-interim\" \/>\n<meta property=\"og:description\" content=\"L&rsquo;int\u00e9rim en Roumanie permet aux travailleurs roumains et \u00e9trangers d&rsquo;acqu\u00e9rir une polyvalence professionnelle gr\u00e2ce \u00e0 la diversit\u00e9 des missions propos\u00e9es. Chaque exp\u00e9rience int\u00e9rimaire est une occasion d&rsquo;apprendre de nouvelles comp\u00e9tences et de s&rsquo;adapter \u00e0 diff\u00e9rents environnements de travail. Le Cadre de l&rsquo;Int\u00e9rim en Roumanie Les agences d&rsquo;int\u00e9rim en Roumanie jouent un r\u00f4le crucial en facilitant [&hellip;]\" \/>\n<meta property=\"og:url\" content=\"https:\/\/rapid-interim.com\/index.php\/2024\/07\/12\/linterim-en-roumanie-une-voie-vers-la-polyvalence-professionnelle\/\" \/>\n<meta property=\"og:site_name\" content=\"rapid-interim\" \/>\n<meta property=\"article:published_time\" content=\"2024-07-12T16:11:03+00:00\" \/>\n<meta property=\"article:modified_time\" content=\"2024-07-12T16:39:32+00:00\" \/>\n<meta property=\"og:image\" content=\"https:\/\/rapid-interim.com\/wp-content\/uploads\/2024\/07\/secteur-logistique.jpeg\" \/>\n\t<meta property=\"og:image:width\" content=\"1200\" \/>\n\t<meta property=\"og:image:height\" content=\"800\" \/>\n\t<meta property=\"og:image:type\" content=\"image\/jpeg\" \/>\n<meta name=\"author\" content=\"Marie Dubois\" \/>\n<meta name=\"twitter:card\" content=\"summary_large_image\" \/>\n<meta name=\"twitter:label1\" content=\"\u00c9crit par\" \/>\n\t<meta name=\"twitter:data1\" content=\"Marie Dubois\" \/>\n\t<meta name=\"twitter:label2\" content=\"Dur\u00e9e de lecture estim\u00e9e\" \/>\n\t<meta name=\"twitter:data2\" content=\"2 minutes\" \/>\n<script type=\"application\/ld+json\" class=\"yoast-schema-graph\">{\"@context\":\"https:\\\/\\\/schema.org\",\"@graph\":[{\"@type\":\"Article\",\"@id\":\"https:\\\/\\\/rapid-interim.com\\\/index.php\\\/2024\\\/07\\\/12\\\/linterim-en-roumanie-une-voie-vers-la-polyvalence-professionnelle\\\/#article\",\"isPartOf\":{\"@id\":\"https:\\\/\\\/rapid-interim.com\\\/index.php\\\/2024\\\/07\\\/12\\\/linterim-en-roumanie-une-voie-vers-la-polyvalence-professionnelle\\\/\"},\"author\":{\"name\":\"Marie Dubois\",\"@id\":\"https:\\\/\\\/rapid-interim.com\\\/#\\\/schema\\\/person\\\/c80cf67768e43267c59b9c4095fac056\"},\"headline\":\"L&rsquo;Int\u00e9rim en Roumanie : Une Voie Vers la Polyvalence Professionnelle\",\"datePublished\":\"2024-07-12T16:11:03+00:00\",\"dateModified\":\"2024-07-12T16:39:32+00:00\",\"mainEntityOfPage\":{\"@id\":\"https:\\\/\\\/rapid-interim.com\\\/index.php\\\/2024\\\/07\\\/12\\\/linterim-en-roumanie-une-voie-vers-la-polyvalence-professionnelle\\\/\"},\"wordCount\":403,\"commentCount\":13,\"publisher\":{\"@id\":\"https:\\\/\\\/rapid-interim.com\\\/#organization\"},\"image\":{\"@id\":\"https:\\\/\\\/rapid-interim.com\\\/index.php\\\/2024\\\/07\\\/12\\\/linterim-en-roumanie-une-voie-vers-la-polyvalence-professionnelle\\\/#primaryimage\"},\"thumbnailUrl\":\"https:\\\/\\\/rapid-interim.com\\\/wp-content\\\/uploads\\\/2024\\\/07\\\/secteur-logistique.jpeg\",\"articleSection\":[\"Blog\"],\"inLanguage\":\"fr-FR\",\"potentialAction\":[{\"@type\":\"CommentAction\",\"name\":\"Comment\",\"target\":[\"https:\\\/\\\/rapid-interim.com\\\/index.php\\\/2024\\\/07\\\/12\\\/linterim-en-roumanie-une-voie-vers-la-polyvalence-professionnelle\\\/#respond\"]}]},{\"@type\":\"WebPage\",\"@id\":\"https:\\\/\\\/rapid-interim.com\\\/index.php\\\/2024\\\/07\\\/12\\\/linterim-en-roumanie-une-voie-vers-la-polyvalence-professionnelle\\\/\",\"url\":\"https:\\\/\\\/rapid-interim.com\\\/index.php\\\/2024\\\/07\\\/12\\\/linterim-en-roumanie-une-voie-vers-la-polyvalence-professionnelle\\\/\",\"name\":\"L'Int\u00e9rim en Roumanie : Une Voie Vers la Polyvalence Professionnelle - rapid-interim\",\"isPartOf\":{\"@id\":\"https:\\\/\\\/rapid-interim.com\\\/#website\"},\"primaryImageOfPage\":{\"@id\":\"https:\\\/\\\/rapid-interim.com\\\/index.php\\\/2024\\\/07\\\/12\\\/linterim-en-roumanie-une-voie-vers-la-polyvalence-professionnelle\\\/#primaryimage\"},\"image\":{\"@id\":\"https:\\\/\\\/rapid-interim.com\\\/index.php\\\/2024\\\/07\\\/12\\\/linterim-en-roumanie-une-voie-vers-la-polyvalence-professionnelle\\\/#primaryimage\"},\"thumbnailUrl\":\"https:\\\/\\\/rapid-interim.com\\\/wp-content\\\/uploads\\\/2024\\\/07\\\/secteur-logistique.jpeg\",\"datePublished\":\"2024-07-12T16:11:03+00:00\",\"dateModified\":\"2024-07-12T16:39:32+00:00\",\"breadcrumb\":{\"@id\":\"https:\\\/\\\/rapid-interim.com\\\/index.php\\\/2024\\\/07\\\/12\\\/linterim-en-roumanie-une-voie-vers-la-polyvalence-professionnelle\\\/#breadcrumb\"},\"inLanguage\":\"fr-FR\",\"potentialAction\":[{\"@type\":\"ReadAction\",\"target\":[\"https:\\\/\\\/rapid-interim.com\\\/index.php\\\/2024\\\/07\\\/12\\\/linterim-en-roumanie-une-voie-vers-la-polyvalence-professionnelle\\\/\"]}]},{\"@type\":\"ImageObject\",\"inLanguage\":\"fr-FR\",\"@id\":\"https:\\\/\\\/rapid-interim.com\\\/index.php\\\/2024\\\/07\\\/12\\\/linterim-en-roumanie-une-voie-vers-la-polyvalence-professionnelle\\\/#primaryimage\",\"url\":\"https:\\\/\\\/rapid-interim.com\\\/wp-content\\\/uploads\\\/2024\\\/07\\\/secteur-logistique.jpeg\",\"contentUrl\":\"https:\\\/\\\/rapid-interim.com\\\/wp-content\\\/uploads\\\/2024\\\/07\\\/secteur-logistique.jpeg\",\"width\":1200,\"height\":800},{\"@type\":\"BreadcrumbList\",\"@id\":\"https:\\\/\\\/rapid-interim.com\\\/index.php\\\/2024\\\/07\\\/12\\\/linterim-en-roumanie-une-voie-vers-la-polyvalence-professionnelle\\\/#breadcrumb\",\"itemListElement\":[{\"@type\":\"ListItem\",\"position\":1,\"name\":\"Accueil\",\"item\":\"https:\\\/\\\/rapid-interim.com\\\/\"},{\"@type\":\"ListItem\",\"position\":2,\"name\":\"L&rsquo;Int\u00e9rim en Roumanie : Une Voie Vers la Polyvalence Professionnelle\"}]},{\"@type\":\"WebSite\",\"@id\":\"https:\\\/\\\/rapid-interim.com\\\/#website\",\"url\":\"https:\\\/\\\/rapid-interim.com\\\/\",\"name\":\"rapid-interim\",\"description\":\"Interim et travail temporaire\",\"publisher\":{\"@id\":\"https:\\\/\\\/rapid-interim.com\\\/#organization\"},\"potentialAction\":[{\"@type\":\"SearchAction\",\"target\":{\"@type\":\"EntryPoint\",\"urlTemplate\":\"https:\\\/\\\/rapid-interim.com\\\/?s={search_term_string}\"},\"query-input\":{\"@type\":\"PropertyValueSpecification\",\"valueRequired\":true,\"valueName\":\"search_term_string\"}}],\"inLanguage\":\"fr-FR\"},{\"@type\":\"Organization\",\"@id\":\"https:\\\/\\\/rapid-interim.com\\\/#organization\",\"name\":\"rapid-interim\",\"url\":\"https:\\\/\\\/rapid-interim.com\\\/\",\"logo\":{\"@type\":\"ImageObject\",\"inLanguage\":\"fr-FR\",\"@id\":\"https:\\\/\\\/rapid-interim.com\\\/#\\\/schema\\\/logo\\\/image\\\/\",\"url\":\"https:\\\/\\\/rapid-interim.com\\\/wp-content\\\/uploads\\\/2022\\\/06\\\/cropped-rapid-inetrim.png\",\"contentUrl\":\"https:\\\/\\\/rapid-interim.com\\\/wp-content\\\/uploads\\\/2022\\\/06\\\/cropped-rapid-inetrim.png\",\"width\":314,\"height\":137,\"caption\":\"rapid-interim\"},\"image\":{\"@id\":\"https:\\\/\\\/rapid-interim.com\\\/#\\\/schema\\\/logo\\\/image\\\/\"}},{\"@type\":\"Person\",\"@id\":\"https:\\\/\\\/rapid-interim.com\\\/#\\\/schema\\\/person\\\/c80cf67768e43267c59b9c4095fac056\",\"name\":\"Marie Dubois\",\"image\":{\"@type\":\"ImageObject\",\"inLanguage\":\"fr-FR\",\"@id\":\"https:\\\/\\\/secure.gravatar.com\\\/avatar\\\/c5d9a389371c49a3eb3d5c05c1bdb9d2124cabb2c990e1eb227c370b66139bfe?s=96&d=mm&r=g\",\"url\":\"https:\\\/\\\/secure.gravatar.com\\\/avatar\\\/c5d9a389371c49a3eb3d5c05c1bdb9d2124cabb2c990e1eb227c370b66139bfe?s=96&d=mm&r=g\",\"contentUrl\":\"https:\\\/\\\/secure.gravatar.com\\\/avatar\\\/c5d9a389371c49a3eb3d5c05c1bdb9d2124cabb2c990e1eb227c370b66139bfe?s=96&d=mm&r=g\",\"caption\":\"Marie Dubois\"},\"sameAs\":[\"http:\\\/\\\/rapid-interim.com\"],\"url\":\"https:\\\/\\\/rapid-interim.com\\\/index.php\\\/author\\\/rapid-interim-com\\\/\"}]}<\/script>\n<!-- \/ Yoast SEO plugin. -->","yoast_head_json":{"title":"L'Int\u00e9rim en Roumanie : Une Voie Vers la Polyvalence Professionnelle - rapid-interim","robots":{"index":"index","follow":"follow","max-snippet":"max-snippet:-1","max-image-preview":"max-image-preview:large","max-video-preview":"max-video-preview:-1"},"canonical":"https:\/\/rapid-interim.com\/index.php\/2024\/07\/12\/linterim-en-roumanie-une-voie-vers-la-polyvalence-professionnelle\/","og_locale":"fr_FR","og_type":"article","og_title":"L'Int\u00e9rim en Roumanie : Une Voie Vers la Polyvalence Professionnelle - rapid-interim","og_description":"L&rsquo;int\u00e9rim en Roumanie permet aux travailleurs roumains et \u00e9trangers d&rsquo;acqu\u00e9rir une polyvalence professionnelle gr\u00e2ce \u00e0 la diversit\u00e9 des missions propos\u00e9es. Chaque exp\u00e9rience int\u00e9rimaire est une occasion d&rsquo;apprendre de nouvelles comp\u00e9tences et de s&rsquo;adapter \u00e0 diff\u00e9rents environnements de travail. Le Cadre de l&rsquo;Int\u00e9rim en Roumanie Les agences d&rsquo;int\u00e9rim en Roumanie jouent un r\u00f4le crucial en facilitant [&hellip;]","og_url":"https:\/\/rapid-interim.com\/index.php\/2024\/07\/12\/linterim-en-roumanie-une-voie-vers-la-polyvalence-professionnelle\/","og_site_name":"rapid-interim","article_published_time":"2024-07-12T16:11:03+00:00","article_modified_time":"2024-07-12T16:39:32+00:00","og_image":[{"width":1200,"height":800,"url":"https:\/\/rapid-interim.com\/wp-content\/uploads\/2024\/07\/secteur-logistique.jpeg","type":"image\/jpeg"}],"author":"Marie Dubois","twitter_card":"summary_large_image","twitter_misc":{"\u00c9crit par":"Marie Dubois","Dur\u00e9e de lecture estim\u00e9e":"2 minutes"},"schema":{"@context":"https:\/\/schema.org","@graph":[{"@type":"Article","@id":"https:\/\/rapid-interim.com\/index.php\/2024\/07\/12\/linterim-en-roumanie-une-voie-vers-la-polyvalence-professionnelle\/#article","isPartOf":{"@id":"https:\/\/rapid-interim.com\/index.php\/2024\/07\/12\/linterim-en-roumanie-une-voie-vers-la-polyvalence-professionnelle\/"},"author":{"name":"Marie Dubois","@id":"https:\/\/rapid-interim.com\/#\/schema\/person\/c80cf67768e43267c59b9c4095fac056"},"headline":"L&rsquo;Int\u00e9rim en Roumanie : Une Voie Vers la Polyvalence Professionnelle","datePublished":"2024-07-12T16:11:03+00:00","dateModified":"2024-07-12T16:39:32+00:00","mainEntityOfPage":{"@id":"https:\/\/rapid-interim.com\/index.php\/2024\/07\/12\/linterim-en-roumanie-une-voie-vers-la-polyvalence-professionnelle\/"},"wordCount":403,"commentCount":13,"publisher":{"@id":"https:\/\/rapid-interim.com\/#organization"},"image":{"@id":"https:\/\/rapid-interim.com\/index.php\/2024\/07\/12\/linterim-en-roumanie-une-voie-vers-la-polyvalence-professionnelle\/#primaryimage"},"thumbnailUrl":"https:\/\/rapid-interim.com\/wp-content\/uploads\/2024\/07\/secteur-logistique.jpeg","articleSection":["Blog"],"inLanguage":"fr-FR","potentialAction":[{"@type":"CommentAction","name":"Comment","target":["https:\/\/rapid-interim.com\/index.php\/2024\/07\/12\/linterim-en-roumanie-une-voie-vers-la-polyvalence-professionnelle\/#respond"]}]},{"@type":"WebPage","@id":"https:\/\/rapid-interim.com\/index.php\/2024\/07\/12\/linterim-en-roumanie-une-voie-vers-la-polyvalence-professionnelle\/","url":"https:\/\/rapid-interim.com\/index.php\/2024\/07\/12\/linterim-en-roumanie-une-voie-vers-la-polyvalence-professionnelle\/","name":"L'Int\u00e9rim en Roumanie : Une Voie Vers la Polyvalence Professionnelle - rapid-interim","isPartOf":{"@id":"https:\/\/rapid-interim.com\/#website"},"primaryImageOfPage":{"@id":"https:\/\/rapid-interim.com\/index.php\/2024\/07\/12\/linterim-en-roumanie-une-voie-vers-la-polyvalence-professionnelle\/#primaryimage"},"image":{"@id":"https:\/\/rapid-interim.com\/index.php\/2024\/07\/12\/linterim-en-roumanie-une-voie-vers-la-polyvalence-professionnelle\/#primaryimage"},"thumbnailUrl":"https:\/\/rapid-interim.com\/wp-content\/uploads\/2024\/07\/secteur-logistique.jpeg","datePublished":"2024-07-12T16:11:03+00:00","dateModified":"2024-07-12T16:39:32+00:00","breadcrumb":{"@id":"https:\/\/rapid-interim.com\/index.php\/2024\/07\/12\/linterim-en-roumanie-une-voie-vers-la-polyvalence-professionnelle\/#breadcrumb"},"inLanguage":"fr-FR","potentialAction":[{"@type":"ReadAction","target":["https:\/\/rapid-interim.com\/index.php\/2024\/07\/12\/linterim-en-roumanie-une-voie-vers-la-polyvalence-professionnelle\/"]}]},{"@type":"ImageObject","inLanguage":"fr-FR","@id":"https:\/\/rapid-interim.com\/index.php\/2024\/07\/12\/linterim-en-roumanie-une-voie-vers-la-polyvalence-professionnelle\/#primaryimage","url":"https:\/\/rapid-interim.com\/wp-content\/uploads\/2024\/07\/secteur-logistique.jpeg","contentUrl":"https:\/\/rapid-interim.com\/wp-content\/uploads\/2024\/07\/secteur-logistique.jpeg","width":1200,"height":800},{"@type":"BreadcrumbList","@id":"https:\/\/rapid-interim.com\/index.php\/2024\/07\/12\/linterim-en-roumanie-une-voie-vers-la-polyvalence-professionnelle\/#breadcrumb","itemListElement":[{"@type":"ListItem","position":1,"name":"Accueil","item":"https:\/\/rapid-interim.com\/"},{"@type":"ListItem","position":2,"name":"L&rsquo;Int\u00e9rim en Roumanie : Une Voie Vers la Polyvalence Professionnelle"}]},{"@type":"WebSite","@id":"https:\/\/rapid-interim.com\/#website","url":"https:\/\/rapid-interim.com\/","name":"rapid-interim","description":"Interim et travail temporaire","publisher":{"@id":"https:\/\/rapid-interim.com\/#organization"},"potentialAction":[{"@type":"SearchAction","target":{"@type":"EntryPoint","urlTemplate":"https:\/\/rapid-interim.com\/?s={search_term_string}"},"query-input":{"@type":"PropertyValueSpecification","valueRequired":true,"valueName":"search_term_string"}}],"inLanguage":"fr-FR"},{"@type":"Organization","@id":"https:\/\/rapid-interim.com\/#organization","name":"rapid-interim","url":"https:\/\/rapid-interim.com\/","logo":{"@type":"ImageObject","inLanguage":"fr-FR","@id":"https:\/\/rapid-interim.com\/#\/schema\/logo\/image\/","url":"https:\/\/rapid-interim.com\/wp-content\/uploads\/2022\/06\/cropped-rapid-inetrim.png","contentUrl":"https:\/\/rapid-interim.com\/wp-content\/uploads\/2022\/06\/cropped-rapid-inetrim.png","width":314,"height":137,"caption":"rapid-interim"},"image":{"@id":"https:\/\/rapid-interim.com\/#\/schema\/logo\/image\/"}},{"@type":"Person","@id":"https:\/\/rapid-interim.com\/#\/schema\/person\/c80cf67768e43267c59b9c4095fac056","name":"Marie Dubois","image":{"@type":"ImageObject","inLanguage":"fr-FR","@id":"https:\/\/secure.gravatar.com\/avatar\/c5d9a389371c49a3eb3d5c05c1bdb9d2124cabb2c990e1eb227c370b66139bfe?s=96&d=mm&r=g","url":"https:\/\/secure.gravatar.com\/avatar\/c5d9a389371c49a3eb3d5c05c1bdb9d2124cabb2c990e1eb227c370b66139bfe?s=96&d=mm&r=g","contentUrl":"https:\/\/secure.gravatar.com\/avatar\/c5d9a389371c49a3eb3d5c05c1bdb9d2124cabb2c990e1eb227c370b66139bfe?s=96&d=mm&r=g","caption":"Marie Dubois"},"sameAs":["http:\/\/rapid-interim.com"],"url":"https:\/\/rapid-interim.com\/index.php\/author\/rapid-interim-com\/"}]}},"jetpack_featured_media_url":"https:\/\/rapid-interim.com\/wp-content\/uploads\/2024\/07\/secteur-logistique.jpeg","jetpack_sharing_enabled":true,"_links":{"self":[{"href":"https:\/\/rapid-interim.com\/index.php\/wp-json\/wp\/v2\/posts\/21539","targetHints":{"allow":["GET"]}}],"collection":[{"href":"https:\/\/rapid-interim.com\/index.php\/wp-json\/wp\/v2\/posts"}],"about":[{"href":"https:\/\/rapid-interim.com\/index.php\/wp-json\/wp\/v2\/types\/post"}],"author":[{"embeddable":true,"href":"https:\/\/rapid-interim.com\/index.php\/wp-json\/wp\/v2\/users\/1"}],"replies":[{"embeddable":true,"href":"https:\/\/rapid-interim.com\/index.php\/wp-json\/wp\/v2\/comments?post=21539"}],"version-history":[{"count":1,"href":"https:\/\/rapid-interim.com\/index.php\/wp-json\/wp\/v2\/posts\/21539\/revisions"}],"predecessor-version":[{"id":21541,"href":"https:\/\/rapid-interim.com\/index.php\/wp-json\/wp\/v2\/posts\/21539\/revisions\/21541"}],"wp:featuredmedia":[{"embeddable":true,"href":"https:\/\/rapid-interim.com\/index.php\/wp-json\/wp\/v2\/media\/21540"}],"wp:attachment":[{"href":"https:\/\/rapid-interim.com\/index.php\/wp-json\/wp\/v2\/media?parent=21539"}],"wp:term":[{"taxonomy":"category","embeddable":true,"href":"https:\/\/rapid-interim.com\/index.php\/wp-json\/wp\/v2\/categories?post=21539"},{"taxonomy":"post_tag","embeddable":true,"href":"https:\/\/rapid-interim.com\/index.php\/wp-json\/wp\/v2\/tags?post=21539"}],"curies":[{"name":"wp","href":"https:\/\/api.w.org\/{rel}","templated":true}]}}